{"id":908,"date":"2025-10-22T18:58:26","date_gmt":"2025-10-22T18:58:26","guid":{"rendered":"https:\/\/nordiccab.lt\/index.php\/2025\/10\/22\/m5-apple-vision-pro-dabar-isleistas-taciau-m2-modeliu-negalima-prekiauti\/"},"modified":"2025-10-22T18:58:26","modified_gmt":"2025-10-22T18:58:26","slug":"m5-apple-vision-pro-dabar-isleistas-taciau-m2-modeliu-negalima-prekiauti","status":"publish","type":"post","link":"https:\/\/nordiccab.lt\/index.php\/2025\/10\/22\/m5-apple-vision-pro-dabar-isleistas-taciau-m2-modeliu-negalima-prekiauti\/","title":{"rendered":"M5 Apple Vision Pro dabar i\u0161leistas, ta\u010diau M2 modeliu negalima prekiauti"},"content":{"rendered":"<p><\/p>\n<div id=\"\">\n<p>\u201eM5 Vision Pro\u201c dabar pristatomas ir parduodamas \u201eApple\u201c parduotuv\u0117se, ta\u010diau bendrov\u0117 patvirtino, kad M2 modeliu negalima prekiauti.<\/p>\n<p>Pra\u0117jusi\u0105 savait\u0119 \u201eApple\u201c paskelb\u0117 ir prad\u0117jo i\u0161ankstinius ausini\u0173 u\u017esakymus. Bendrov\u0117 apib\u016bdina patobulint\u0105 mikroschem\u0173 rinkinio procesori\u0173 kaip u\u017etikrinant\u012f \u201egreitesn\u012f program\u0173 ir valdikli\u0173 \u012fk\u0117limo laik\u0105 ir grei\u010diau reaguojant\u012f nar\u0161ym\u0105 internete\u201c, o GPU pagal numatytuosius nustatymus atvaizduoja 10 % didesn\u0119 skiriam\u0105j\u0105 geb\u0105, palaiko 120 Hz atnaujinimo da\u017en\u012f, \u201ekad naudotojai \u017evelgt\u0173 \u012f savo fizin\u0119 aplink\u0105 suma\u017e\u0117t\u0173 judesio susiliejimas\u201c, ir suteikia aparatin\u0117s \u012frangos pagreitint\u0105 sekim\u0105 ir sekim\u0105.<\/p>\n<p>Tuo tarpu M5 patobulintas neuroninis variklis leid\u017eia 50 % grei\u010diau atlikti dirbtinio intelekto funkcijas, pvz., \u201ePersona\u201c nustatym\u0105 arba erdvini\u0173 scen\u0173 generavim\u0105, o tre\u010di\u0173j\u0173 \u0161ali\u0173 programose \u2013 iki 2 kart\u0173 grei\u010diau atlikti dirbtinio intelekto u\u017eduotis.<\/p>\n<p>Naujojo Vision Pro akumuliatoriaus veikimo laikas yra iki 2,5 valandos bendro naudojimo arba 3 valandos vaizdo \u012fra\u0161\u0173 atk\u016brimo, 30 minu\u010di\u0173 ilgiau nei Apple \u012fvertino original\u0105. Atsi\u017evelgiant \u012f tai, kad baterija yra ta pati, tai rodo, kad \u201eApple\u201c sukonfig\u016bravo M5 lust\u0105, kad b\u016bt\u0173 subalansuotas efektyvumas, o ne maksimalus na\u0161umas.<\/p>\n<figure class=\"kg-card kg-video-card kg-width-regular\" data-kg-thumbnail=\"https:\/\/www.uploadvr.com\/content\/media\/2025\/10\/M5-Apple-Vision-Pro_thumb.jpg\" data-kg-custom-thumbnail=\"\">\n<\/figure>\n<p>Nors originalus Apple Vision Pro buvo su dviem dir\u017eeliais d\u0117\u017eut\u0117je, i\u0161 anksto pritvirtinta tampria 3D megzta Solo Knit Band be vir\u0161utin\u0117s atramos ir pasirenkama labiau tradicine dvigubos kilpos juosta su vir\u0161utine atrama, M5 Vision Pro yra su viena dviguba mezgimo juosta, derinanti abiej\u0173 privalumus.<\/p>\n<p>\u201eDual Knit Band\u201c vir\u0161utin\u0117 ir apatin\u0117 dir\u017eeli\u0173 dalys yra 3D megztos kaip viena dalis ir yra atskirai reguliuojamos vienu i\u0161\u0161okan\u010diu ratuku. Jis yra ma\u017e\u0173, vidutini\u0173 ir dideli\u0173 dyd\u017ei\u0173, kaip ir ankstesn\u0117s juostos.<\/p>\n<figure class=\"kg-card kg-bookmark-card\">\n<div class=\"kg-bookmark-content\">\n<p>\u201eApple Vision Pro Dual Knit Band\u201c Pirmieji \u012fsp\u016bd\u017eiai: geresnis balansas<\/p>\n<p>Pirmieji praktiniai \u012fsp\u016bd\u017eiai su \u201eApple Vision Pro\u201c skirta dviguba mezgimo juosta.<\/p>\n<\/div>\n<div class=\"kg-bookmark-thumbnail\"><\/div>\n<\/figure>\n<p>Galin\u0117je juostos dalyje \u012fterpti volframo \u012fd\u0117klai \u2013 med\u017eiaga, kuri yra daugiau nei dvigubai tankesn\u0117 u\u017e ner\u016bdijant\u012f plien\u0105, suteikianti didesn\u0119 atsvar\u0105 pa\u010dios ausin\u0117s svoriui. Ties\u0105 sakant, \u201eDual Knit Band\u201c yra 150 gram\u0173 sunkesnis nei \u201eSolo Knit Band\u201c, rodo \u201eApple\u201c specifikacijos.<\/p>\n<p>\u201eDual Knit Band\u201c taip pat yra suderinama su originaliu \u201eApple Vision Pro\u201c kaip 99 USD priedu, kur\u012f galima \u012fsigyti dabar, bet \u0161iuo metu u\u017esakoma i\u0161 anksto.<\/p>\n<figure class=\"kg-card kg-video-card kg-width-regular kg-card-hascaption\" data-kg-thumbnail=\"https:\/\/www.uploadvr.com\/content\/media\/2025\/10\/Apple-Dual-Knit-Band_thumb.jpg\" data-kg-custom-thumbnail=\"\"><figcaption>\n<p><span style=\"white-space: pre-wrap;\">\u201eApple\u201c \u201eDual Knit Band\u201c, skirta \u201eVision Pro\u201c ausin\u0117ms.<\/span><\/p>\n<\/figcaption><\/figure>\n<p>M5 Apple Vision Pro dabar galima \u012fsigyti JAV, JK, Kanadoje, Australijoje, Vokietijoje, Pranc\u016bzijoje, Japonijoje, Honkonge, JAE, Singap\u016bre ir Kinijoje. Piet\u0173 Kor\u0117joje ir Taivane j\u012f bus galima \u012fsigyti \u201ev\u0117liau\u201c.<\/p>\n<p>Originalus \u201eVision Pro\u201c buvo nutrauktas pra\u0117jusi\u0105 savait\u0119, o naujojo modelio kaina yra tokia pati: 3500 USD u\u017e 256 GB atminties parinkt\u012f, 3 700 USD u\u017e 512 GB arba 3 900 USD u\u017e 1 TB.<\/p>\n<p>Kaip ir originalaus \u201eVision Pro\u201c, ZEISS receptini\u0173 \u012fd\u0117kl\u0173 kaina yra 150 USD, o oficialus kelion\u0117s d\u0117klas \u2013 200 USD. Jis taip pat suderinamas su tais pa\u010diais priedais kaip ir originalas, nes turi t\u0105 pat\u012f fizin\u012f dizain\u0105.<\/p>\n<p>\u0160iandien \u201eApple\u201c patvirtino, kad \u201eM2 Vision Pro\u201c negalima pakeisti, tod\u0117l esami savininkai, norintys atnaujinti, tur\u0117s sumok\u0117ti vis\u0105 kain\u0105, kuri\u0105 jie gali kompensuoti parduodami ausines tokioje rinkoje kaip \u201eeBay\u201c.<\/p>\n<figure class=\"kg-card kg-bookmark-card\">\n<div class=\"kg-bookmark-content\">\n<p>\u201eSamsung Galaxy XR\u201c su \u201eAndroid XR Out\u201c dabar u\u017e 1800 USD, valdikliai 250 USD<\/p>\n<p>\u201eSamsung Galaxy XR\u201c su \u201eGoogle Android XR\u201c dabar galima \u012fsigyti JAV ir Piet\u0173 Kor\u0117joje u\u017e 1800 USD, o jo valdikliai kainuoja 250 USD. Visas specifikacijas ir detales skaitykite \u010dia.<\/p>\n<\/div>\n<div class=\"kg-bookmark-thumbnail\"><img decoding=\"async\" src=\"https:\/\/www.uploadvr.com\/content\/images\/thumbnail\/Samsung-Galaxy-XR-hero-image-3.png\" alt=\"\" onerror=\"this.style.display = 'none'\"\/><\/div>\n<\/figure>\n<p>Paleid\u017eiama pra\u0117jus vos kelioms valandoms po to, kai \u201eSamsung\u201c i\u0161leido \u201eGalaxy XR\u201c \u2013 pirm\u0105sias ausines su nauja \u201eGoogle\u201c Android XR platforma u\u017e ma\u017edaug pus\u0119 kainos.<\/p>\n<\/p><\/div>\n<p><a href=\"https:\/\/www.uploadvr.com\/m5-apple-vision-pro-out-now-but-no-trade-in\/\" target=\"_blank\" rel=\"noopener\"> Nuoroda \u012f informacijos \u0161altin\u012f <\/a><\/p>\n","protected":false},"excerpt":{"rendered":"<p>\u201eM5 Vision Pro\u201c dabar pristatomas ir parduodamas \u201eApple\u201c parduotuv\u0117se, ta\u010diau bendrov\u0117 patvirtino, kad M2 modeliu negalima prekiauti. Pra\u0117jusi\u0105 savait\u0119 \u201eApple\u201c&hellip;<\/p>\n","protected":false},"author":1,"featured_media":909,"comment_status":"open","ping_status":"open","sticky":false,"template":"","format":"standard","meta":{"footnotes":""},"categories":[7],"tags":[],"class_list":["post-908","post","type-post","status-publish","format-standard","has-post-thumbnail","hentry","category-virtualioji-realybe"],"yoast_head":"<!-- This site is optimized with the Yoast SEO plugin v27.5 - https:\/\/yoast.com\/product\/yoast-seo-wordpress\/ -->\n<title>M5 Apple Vision Pro dabar i\u0161leistas, ta\u010diau M2 modeliu negalima prekiauti - NORDICCAB.LT<\/title>\n<meta name=\"robots\" content=\"index, follow, max-snippet:-1, max-image-preview:large, max-video-preview:-1\" \/>\n<link rel=\"canonical\" href=\"https:\/\/nordiccab.lt\/index.php\/2025\/10\/22\/m5-apple-vision-pro-dabar-isleistas-taciau-m2-modeliu-negalima-prekiauti\/\" \/>\n<meta property=\"og:locale\" content=\"lt_LT\" \/>\n<meta property=\"og:type\" content=\"article\" \/>\n<meta property=\"og:title\" content=\"M5 Apple Vision Pro dabar i\u0161leistas, ta\u010diau M2 modeliu negalima prekiauti - NORDICCAB.LT\" \/>\n<meta property=\"og:description\" content=\"\u201eM5 Vision Pro\u201c dabar pristatomas ir parduodamas \u201eApple\u201c parduotuv\u0117se, ta\u010diau bendrov\u0117 patvirtino, kad M2 modeliu negalima prekiauti. Pra\u0117jusi\u0105 savait\u0119 \u201eApple\u201c&hellip;\" \/>\n<meta property=\"og:url\" content=\"https:\/\/nordiccab.lt\/index.php\/2025\/10\/22\/m5-apple-vision-pro-dabar-isleistas-taciau-m2-modeliu-negalima-prekiauti\/\" \/>\n<meta property=\"og:site_name\" content=\"NORDICCAB.LT\" \/>\n<meta property=\"article:published_time\" content=\"2025-10-22T18:58:26+00:00\" \/>\n<meta property=\"og:image\" content=\"https:\/\/www.uploadvr.com\/content\/images\/thumbnail\/dual-knit-band-.jpg\" \/>\n<meta name=\"author\" content=\"admin\" \/>\n<meta name=\"twitter:card\" content=\"summary_large_image\" \/>\n<meta name=\"twitter:label1\" content=\"Written by\" \/>\n\t<meta name=\"twitter:data1\" content=\"admin\" \/>\n\t<meta name=\"twitter:label2\" content=\"Est. reading time\" \/>\n\t<meta name=\"twitter:data2\" content=\"3 minut\u0117s\" \/>\n<script type=\"application\/ld+json\" class=\"yoast-schema-graph\">{\"@context\":\"https:\\\/\\\/schema.org\",\"@graph\":[{\"@type\":\"Article\",\"@id\":\"https:\\\/\\\/nordiccab.lt\\\/index.php\\\/2025\\\/10\\\/22\\\/m5-apple-vision-pro-dabar-isleistas-taciau-m2-modeliu-negalima-prekiauti\\\/#article\",\"isPartOf\":{\"@id\":\"https:\\\/\\\/nordiccab.lt\\\/index.php\\\/2025\\\/10\\\/22\\\/m5-apple-vision-pro-dabar-isleistas-taciau-m2-modeliu-negalima-prekiauti\\\/\"},\"author\":{\"name\":\"admin\",\"@id\":\"https:\\\/\\\/nordiccab.lt\\\/#\\\/schema\\\/person\\\/1e06879215dcf15255113d53ae73289b\"},\"headline\":\"M5 Apple Vision Pro dabar i\u0161leistas, ta\u010diau M2 modeliu negalima prekiauti\",\"datePublished\":\"2025-10-22T18:58:26+00:00\",\"mainEntityOfPage\":{\"@id\":\"https:\\\/\\\/nordiccab.lt\\\/index.php\\\/2025\\\/10\\\/22\\\/m5-apple-vision-pro-dabar-isleistas-taciau-m2-modeliu-negalima-prekiauti\\\/\"},\"wordCount\":579,\"commentCount\":0,\"image\":{\"@id\":\"https:\\\/\\\/nordiccab.lt\\\/index.php\\\/2025\\\/10\\\/22\\\/m5-apple-vision-pro-dabar-isleistas-taciau-m2-modeliu-negalima-prekiauti\\\/#primaryimage\"},\"thumbnailUrl\":\"https:\\\/\\\/nordiccab.lt\\\/wp-content\\\/uploads\\\/2025\\\/10\\\/M5-Apple-Vision-Pro-dabar-isleistas-taciau-M2-modeliu-negalima.jpg\",\"articleSection\":[\"VIRTUALIOJI REALYBE\"],\"inLanguage\":\"lt-LT\",\"potentialAction\":[{\"@type\":\"CommentAction\",\"name\":\"Comment\",\"target\":[\"https:\\\/\\\/nordiccab.lt\\\/index.php\\\/2025\\\/10\\\/22\\\/m5-apple-vision-pro-dabar-isleistas-taciau-m2-modeliu-negalima-prekiauti\\\/#respond\"]}]},{\"@type\":\"WebPage\",\"@id\":\"https:\\\/\\\/nordiccab.lt\\\/index.php\\\/2025\\\/10\\\/22\\\/m5-apple-vision-pro-dabar-isleistas-taciau-m2-modeliu-negalima-prekiauti\\\/\",\"url\":\"https:\\\/\\\/nordiccab.lt\\\/index.php\\\/2025\\\/10\\\/22\\\/m5-apple-vision-pro-dabar-isleistas-taciau-m2-modeliu-negalima-prekiauti\\\/\",\"name\":\"M5 Apple Vision Pro dabar i\u0161leistas, ta\u010diau M2 modeliu negalima prekiauti - NORDICCAB.LT\",\"isPartOf\":{\"@id\":\"https:\\\/\\\/nordiccab.lt\\\/#website\"},\"primaryImageOfPage\":{\"@id\":\"https:\\\/\\\/nordiccab.lt\\\/index.php\\\/2025\\\/10\\\/22\\\/m5-apple-vision-pro-dabar-isleistas-taciau-m2-modeliu-negalima-prekiauti\\\/#primaryimage\"},\"image\":{\"@id\":\"https:\\\/\\\/nordiccab.lt\\\/index.php\\\/2025\\\/10\\\/22\\\/m5-apple-vision-pro-dabar-isleistas-taciau-m2-modeliu-negalima-prekiauti\\\/#primaryimage\"},\"thumbnailUrl\":\"https:\\\/\\\/nordiccab.lt\\\/wp-content\\\/uploads\\\/2025\\\/10\\\/M5-Apple-Vision-Pro-dabar-isleistas-taciau-M2-modeliu-negalima.jpg\",\"datePublished\":\"2025-10-22T18:58:26+00:00\",\"author\":{\"@id\":\"https:\\\/\\\/nordiccab.lt\\\/#\\\/schema\\\/person\\\/1e06879215dcf15255113d53ae73289b\"},\"breadcrumb\":{\"@id\":\"https:\\\/\\\/nordiccab.lt\\\/index.php\\\/2025\\\/10\\\/22\\\/m5-apple-vision-pro-dabar-isleistas-taciau-m2-modeliu-negalima-prekiauti\\\/#breadcrumb\"},\"inLanguage\":\"lt-LT\",\"potentialAction\":[{\"@type\":\"ReadAction\",\"target\":[\"https:\\\/\\\/nordiccab.lt\\\/index.php\\\/2025\\\/10\\\/22\\\/m5-apple-vision-pro-dabar-isleistas-taciau-m2-modeliu-negalima-prekiauti\\\/\"]}]},{\"@type\":\"ImageObject\",\"inLanguage\":\"lt-LT\",\"@id\":\"https:\\\/\\\/nordiccab.lt\\\/index.php\\\/2025\\\/10\\\/22\\\/m5-apple-vision-pro-dabar-isleistas-taciau-m2-modeliu-negalima-prekiauti\\\/#primaryimage\",\"url\":\"https:\\\/\\\/nordiccab.lt\\\/wp-content\\\/uploads\\\/2025\\\/10\\\/M5-Apple-Vision-Pro-dabar-isleistas-taciau-M2-modeliu-negalima.jpg\",\"contentUrl\":\"https:\\\/\\\/nordiccab.lt\\\/wp-content\\\/uploads\\\/2025\\\/10\\\/M5-Apple-Vision-Pro-dabar-isleistas-taciau-M2-modeliu-negalima.jpg\",\"width\":1200,\"height\":841},{\"@type\":\"BreadcrumbList\",\"@id\":\"https:\\\/\\\/nordiccab.lt\\\/index.php\\\/2025\\\/10\\\/22\\\/m5-apple-vision-pro-dabar-isleistas-taciau-m2-modeliu-negalima-prekiauti\\\/#breadcrumb\",\"itemListElement\":[{\"@type\":\"ListItem\",\"position\":1,\"name\":\"Home\",\"item\":\"https:\\\/\\\/nordiccab.lt\\\/\"},{\"@type\":\"ListItem\",\"position\":2,\"name\":\"M5 Apple Vision Pro dabar i\u0161leistas, ta\u010diau M2 modeliu negalima prekiauti\"}]},{\"@type\":\"WebSite\",\"@id\":\"https:\\\/\\\/nordiccab.lt\\\/#website\",\"url\":\"https:\\\/\\\/nordiccab.lt\\\/\",\"name\":\"NORDICCAB.LT\",\"description\":\"Pasaulio naujienos, technologijos, automobiliai\",\"potentialAction\":[{\"@type\":\"SearchAction\",\"target\":{\"@type\":\"EntryPoint\",\"urlTemplate\":\"https:\\\/\\\/nordiccab.lt\\\/?s={search_term_string}\"},\"query-input\":{\"@type\":\"PropertyValueSpecification\",\"valueRequired\":true,\"valueName\":\"search_term_string\"}}],\"inLanguage\":\"lt-LT\"},{\"@type\":\"Person\",\"@id\":\"https:\\\/\\\/nordiccab.lt\\\/#\\\/schema\\\/person\\\/1e06879215dcf15255113d53ae73289b\",\"name\":\"admin\",\"image\":{\"@type\":\"ImageObject\",\"inLanguage\":\"lt-LT\",\"@id\":\"https:\\\/\\\/secure.gravatar.com\\\/avatar\\\/f37349f777250847d2fca2ada474f5a6aadffa79d5284e8ad354a5c410a691ec?s=96&d=mm&r=g\",\"url\":\"https:\\\/\\\/secure.gravatar.com\\\/avatar\\\/f37349f777250847d2fca2ada474f5a6aadffa79d5284e8ad354a5c410a691ec?s=96&d=mm&r=g\",\"contentUrl\":\"https:\\\/\\\/secure.gravatar.com\\\/avatar\\\/f37349f777250847d2fca2ada474f5a6aadffa79d5284e8ad354a5c410a691ec?s=96&d=mm&r=g\",\"caption\":\"admin\"},\"sameAs\":[\"https:\\\/\\\/nordiccab.lt\"],\"url\":\"https:\\\/\\\/nordiccab.lt\\\/author\\\/admin\\\/\"}]}<\/script>\n<!-- \/ Yoast SEO plugin. -->","yoast_head_json":{"title":"M5 Apple Vision Pro dabar i\u0161leistas, ta\u010diau M2 modeliu negalima prekiauti - NORDICCAB.LT","robots":{"index":"index","follow":"follow","max-snippet":"max-snippet:-1","max-image-preview":"max-image-preview:large","max-video-preview":"max-video-preview:-1"},"canonical":"https:\/\/nordiccab.lt\/index.php\/2025\/10\/22\/m5-apple-vision-pro-dabar-isleistas-taciau-m2-modeliu-negalima-prekiauti\/","og_locale":"lt_LT","og_type":"article","og_title":"M5 Apple Vision Pro dabar i\u0161leistas, ta\u010diau M2 modeliu negalima prekiauti - NORDICCAB.LT","og_description":"\u201eM5 Vision Pro\u201c dabar pristatomas ir parduodamas \u201eApple\u201c parduotuv\u0117se, ta\u010diau bendrov\u0117 patvirtino, kad M2 modeliu negalima prekiauti. Pra\u0117jusi\u0105 savait\u0119 \u201eApple\u201c&hellip;","og_url":"https:\/\/nordiccab.lt\/index.php\/2025\/10\/22\/m5-apple-vision-pro-dabar-isleistas-taciau-m2-modeliu-negalima-prekiauti\/","og_site_name":"NORDICCAB.LT","article_published_time":"2025-10-22T18:58:26+00:00","og_image":[{"url":"https:\/\/www.uploadvr.com\/content\/images\/thumbnail\/dual-knit-band-.jpg","type":"","width":"","height":""}],"author":"admin","twitter_card":"summary_large_image","twitter_misc":{"Written by":"admin","Est. reading time":"3 minut\u0117s"},"schema":{"@context":"https:\/\/schema.org","@graph":[{"@type":"Article","@id":"https:\/\/nordiccab.lt\/index.php\/2025\/10\/22\/m5-apple-vision-pro-dabar-isleistas-taciau-m2-modeliu-negalima-prekiauti\/#article","isPartOf":{"@id":"https:\/\/nordiccab.lt\/index.php\/2025\/10\/22\/m5-apple-vision-pro-dabar-isleistas-taciau-m2-modeliu-negalima-prekiauti\/"},"author":{"name":"admin","@id":"https:\/\/nordiccab.lt\/#\/schema\/person\/1e06879215dcf15255113d53ae73289b"},"headline":"M5 Apple Vision Pro dabar i\u0161leistas, ta\u010diau M2 modeliu negalima prekiauti","datePublished":"2025-10-22T18:58:26+00:00","mainEntityOfPage":{"@id":"https:\/\/nordiccab.lt\/index.php\/2025\/10\/22\/m5-apple-vision-pro-dabar-isleistas-taciau-m2-modeliu-negalima-prekiauti\/"},"wordCount":579,"commentCount":0,"image":{"@id":"https:\/\/nordiccab.lt\/index.php\/2025\/10\/22\/m5-apple-vision-pro-dabar-isleistas-taciau-m2-modeliu-negalima-prekiauti\/#primaryimage"},"thumbnailUrl":"https:\/\/nordiccab.lt\/wp-content\/uploads\/2025\/10\/M5-Apple-Vision-Pro-dabar-isleistas-taciau-M2-modeliu-negalima.jpg","articleSection":["VIRTUALIOJI REALYBE"],"inLanguage":"lt-LT","potentialAction":[{"@type":"CommentAction","name":"Comment","target":["https:\/\/nordiccab.lt\/index.php\/2025\/10\/22\/m5-apple-vision-pro-dabar-isleistas-taciau-m2-modeliu-negalima-prekiauti\/#respond"]}]},{"@type":"WebPage","@id":"https:\/\/nordiccab.lt\/index.php\/2025\/10\/22\/m5-apple-vision-pro-dabar-isleistas-taciau-m2-modeliu-negalima-prekiauti\/","url":"https:\/\/nordiccab.lt\/index.php\/2025\/10\/22\/m5-apple-vision-pro-dabar-isleistas-taciau-m2-modeliu-negalima-prekiauti\/","name":"M5 Apple Vision Pro dabar i\u0161leistas, ta\u010diau M2 modeliu negalima prekiauti - NORDICCAB.LT","isPartOf":{"@id":"https:\/\/nordiccab.lt\/#website"},"primaryImageOfPage":{"@id":"https:\/\/nordiccab.lt\/index.php\/2025\/10\/22\/m5-apple-vision-pro-dabar-isleistas-taciau-m2-modeliu-negalima-prekiauti\/#primaryimage"},"image":{"@id":"https:\/\/nordiccab.lt\/index.php\/2025\/10\/22\/m5-apple-vision-pro-dabar-isleistas-taciau-m2-modeliu-negalima-prekiauti\/#primaryimage"},"thumbnailUrl":"https:\/\/nordiccab.lt\/wp-content\/uploads\/2025\/10\/M5-Apple-Vision-Pro-dabar-isleistas-taciau-M2-modeliu-negalima.jpg","datePublished":"2025-10-22T18:58:26+00:00","author":{"@id":"https:\/\/nordiccab.lt\/#\/schema\/person\/1e06879215dcf15255113d53ae73289b"},"breadcrumb":{"@id":"https:\/\/nordiccab.lt\/index.php\/2025\/10\/22\/m5-apple-vision-pro-dabar-isleistas-taciau-m2-modeliu-negalima-prekiauti\/#breadcrumb"},"inLanguage":"lt-LT","potentialAction":[{"@type":"ReadAction","target":["https:\/\/nordiccab.lt\/index.php\/2025\/10\/22\/m5-apple-vision-pro-dabar-isleistas-taciau-m2-modeliu-negalima-prekiauti\/"]}]},{"@type":"ImageObject","inLanguage":"lt-LT","@id":"https:\/\/nordiccab.lt\/index.php\/2025\/10\/22\/m5-apple-vision-pro-dabar-isleistas-taciau-m2-modeliu-negalima-prekiauti\/#primaryimage","url":"https:\/\/nordiccab.lt\/wp-content\/uploads\/2025\/10\/M5-Apple-Vision-Pro-dabar-isleistas-taciau-M2-modeliu-negalima.jpg","contentUrl":"https:\/\/nordiccab.lt\/wp-content\/uploads\/2025\/10\/M5-Apple-Vision-Pro-dabar-isleistas-taciau-M2-modeliu-negalima.jpg","width":1200,"height":841},{"@type":"BreadcrumbList","@id":"https:\/\/nordiccab.lt\/index.php\/2025\/10\/22\/m5-apple-vision-pro-dabar-isleistas-taciau-m2-modeliu-negalima-prekiauti\/#breadcrumb","itemListElement":[{"@type":"ListItem","position":1,"name":"Home","item":"https:\/\/nordiccab.lt\/"},{"@type":"ListItem","position":2,"name":"M5 Apple Vision Pro dabar i\u0161leistas, ta\u010diau M2 modeliu negalima prekiauti"}]},{"@type":"WebSite","@id":"https:\/\/nordiccab.lt\/#website","url":"https:\/\/nordiccab.lt\/","name":"NORDICCAB.LT","description":"Pasaulio naujienos, technologijos, automobiliai","potentialAction":[{"@type":"SearchAction","target":{"@type":"EntryPoint","urlTemplate":"https:\/\/nordiccab.lt\/?s={search_term_string}"},"query-input":{"@type":"PropertyValueSpecification","valueRequired":true,"valueName":"search_term_string"}}],"inLanguage":"lt-LT"},{"@type":"Person","@id":"https:\/\/nordiccab.lt\/#\/schema\/person\/1e06879215dcf15255113d53ae73289b","name":"admin","image":{"@type":"ImageObject","inLanguage":"lt-LT","@id":"https:\/\/secure.gravatar.com\/avatar\/f37349f777250847d2fca2ada474f5a6aadffa79d5284e8ad354a5c410a691ec?s=96&d=mm&r=g","url":"https:\/\/secure.gravatar.com\/avatar\/f37349f777250847d2fca2ada474f5a6aadffa79d5284e8ad354a5c410a691ec?s=96&d=mm&r=g","contentUrl":"https:\/\/secure.gravatar.com\/avatar\/f37349f777250847d2fca2ada474f5a6aadffa79d5284e8ad354a5c410a691ec?s=96&d=mm&r=g","caption":"admin"},"sameAs":["https:\/\/nordiccab.lt"],"url":"https:\/\/nordiccab.lt\/author\/admin\/"}]}},"_links":{"self":[{"href":"https:\/\/nordiccab.lt\/index.php\/wp-json\/wp\/v2\/posts\/908","targetHints":{"allow":["GET"]}}],"collection":[{"href":"https:\/\/nordiccab.lt\/index.php\/wp-json\/wp\/v2\/posts"}],"about":[{"href":"https:\/\/nordiccab.lt\/index.php\/wp-json\/wp\/v2\/types\/post"}],"author":[{"embeddable":true,"href":"https:\/\/nordiccab.lt\/index.php\/wp-json\/wp\/v2\/users\/1"}],"replies":[{"embeddable":true,"href":"https:\/\/nordiccab.lt\/index.php\/wp-json\/wp\/v2\/comments?post=908"}],"version-history":[{"count":0,"href":"https:\/\/nordiccab.lt\/index.php\/wp-json\/wp\/v2\/posts\/908\/revisions"}],"wp:featuredmedia":[{"embeddable":true,"href":"https:\/\/nordiccab.lt\/index.php\/wp-json\/wp\/v2\/media\/909"}],"wp:attachment":[{"href":"https:\/\/nordiccab.lt\/index.php\/wp-json\/wp\/v2\/media?parent=908"}],"wp:term":[{"taxonomy":"category","embeddable":true,"href":"https:\/\/nordiccab.lt\/index.php\/wp-json\/wp\/v2\/categories?post=908"},{"taxonomy":"post_tag","embeddable":true,"href":"https:\/\/nordiccab.lt\/index.php\/wp-json\/wp\/v2\/tags?post=908"}],"curies":[{"name":"wp","href":"https:\/\/api.w.org\/{rel}","templated":true}]}}