{"id":845,"date":"2025-10-08T18:02:42","date_gmt":"2025-10-08T18:02:42","guid":{"rendered":"https:\/\/nordiccab.lt\/index.php\/2025\/10\/08\/dolly-parton-sesuo-praso-maldu-susijusiu-su-sveikatos-zvaigzdes-sveikatos-baimemis\/"},"modified":"2025-10-08T18:02:42","modified_gmt":"2025-10-08T18:02:42","slug":"dolly-parton-sesuo-praso-maldu-susijusiu-su-sveikatos-zvaigzdes-sveikatos-baimemis","status":"publish","type":"post","link":"https:\/\/nordiccab.lt\/index.php\/2025\/10\/08\/dolly-parton-sesuo-praso-maldu-susijusiu-su-sveikatos-zvaigzdes-sveikatos-baimemis\/","title":{"rendered":"Dolly Parton sesuo pra\u0161o mald\u0173, susijusi\u0173 su sveikatos \u017evaig\u017ed\u0117s sveikatos baim\u0117mis"},"content":{"rendered":"<p><\/p>\n<div>\n<p id=\"anchor-2db78a\" class=\"body-graf\">Dolly Parton kalba po to, kai jos sesuo paskatino pla\u010diai susir\u016bpinti legendin\u0117s daininink\u0117s sveikata, atid\u0117j\u0119 tiesiogini\u0173 pasirodym\u0173 eilut\u0119 &#8211; reikalaudama, kad ji \u201edar negyva!\u201c<\/p>\n<p id=\"anchor-55cf53\" class=\"body-graf\">Tre\u010diadien\u012f \u201eInstagram\u201c paskelbtame vaizdo \u012fra\u0161e Partonas paai\u0161kino, kad ji dirba prie \u201eGrand Ole Opry\u201c reklamos ir nor\u0117jo palengvinti \u017emoni\u0173 mintis, suteikdama gerb\u0117jams atnaujinti savo sveikat\u0105. <\/p>\n<p id=\"anchor-a77695\" class=\"body-graf\">&#8222;Visi mano, kad a\u0161 esu silpnesnis nei a\u0161. Ar a\u0161 tau atrodau serganti? A\u0161 \u010dia sunkiai dirbu!&#8221; 79-eri\u0173 dainininkas prid\u016br\u0117 vaizdo \u012fra\u0161e u\u017era\u0161ytame vaizdo \u012fra\u0161e &#8222;A\u0161 dar nesu mir\u0119s!&#8221;<\/p>\n<section id=\"anchor-c0ebfb\" class=\"embed-widget embedWidget embed-widget--medium\" data-testid=\"embed-widget\"\/>\n<p id=\"anchor-afb2f9\" class=\"body-graf\">Visuomen\u0117s susir\u016bpinimas i\u0161augo antradienio popiet\u0119, kai jos jaunesnioji sesuo Freida Parton paskelb\u0117, kad ji vis\u0105 nakt\u012f meld\u0117si u\u017e mano seser\u012f Dolly. <\/p>\n<p id=\"anchor-635ea9\" class=\"body-graf\">\u201eJi stipri, mylima ir, kai visos maldos buvo pakeltos u\u017e j\u0105, a\u0161 savo \u0161irdyje \u017einau, kad jai viskas bus gerai\u201c, &#8211; prid\u016br\u0117 Freida Parton.<\/p>\n<p id=\"anchor-86792a\" class=\"body-graf\">\u0160is prane\u0161imas suk\u016br\u0117 naujienas ir sulauk\u0117 beveik 4000 komentar\u0173 ir 19 000 \u201eFacebook\u201c akcij\u0173, daugiausia i\u0161 susir\u016bpinusi\u0173 79-eri\u0173 \u0161alies karalien\u0117s gerb\u0117j\u0173, kurie v\u0117liau paskatino Freida Parton\u0105 paai\u0161kinti savo pastabas antradienio vakar\u0105.<\/p>\n<p id=\"anchor-f86317\" class=\"body-graf\">&#8222;A\u0161 noriu k\u0105 nors i\u0161valyti. A\u0161 neketinau nieko g\u0105sdinti ar padaryti j\u012f taip rimtai, kai pra\u0161au mald\u0173 u\u017e Dolly&#8221;, &#8211; sak\u0117 ji.<\/p>\n<p id=\"anchor-b00c25\" class=\"body-graf\">&#8222;Ji buvo \u0161iek tiek po oro, ir a\u0161 tiesiog papra\u0161iau mald\u0173, nes a\u0161 taip stipriai tikiu maldos galia. Tai buvo ne kas kita, kaip ma\u017ea sesuo, pra\u0161anti mald\u0173 u\u017e savo didel\u0119 seser\u012f. A\u010di\u016b jums visiems, kad j\u0105 pak\u0117l\u0117te. Tavo meil\u0117 tikrai daro \u012ftak\u0105.&#8221;<\/p>\n<p id=\"anchor-3ca460\" class=\"body-graf\">Tre\u010diadienio vaizdo \u012fra\u0161e Partonas teig\u0117, kad vertina susir\u016bpinim\u0105 ir maldas bei pa\u017eym\u0117jo, kad turi \u201ekelet\u0105 problem\u0173, kaip jau min\u0117jau\u201c. Partonas paai\u0161kino, kad po to, kai gegu\u017e\u0119 mir\u0117 jos vyras Carlas, ji nesir\u016bpino savimi ir \u201epaleisk daugyb\u0119 dalyk\u0173, kuriais tur\u0117jau pasir\u016bpinti\u201c.<\/p>\n<p id=\"anchor-bc17b8\" class=\"body-graf\">\u201eKai a\u0161 prie to pri\u0117miau, gydytojas sak\u0117, kad turime tuo pasir\u016bpinti, turime tuo pasir\u016bpinti\u201c, &#8211; vaizdo \u012fra\u0161e paai\u0161kino Partonas. \u201eNieko didesnio, bet a\u0161 tur\u0117jau at\u0161aukti kai kuriuos dalykus, kad gal\u0117\u010diau b\u016bti ar\u010diau nam\u0173 ir ar\u010diau Vanderbilto, \u017einote, kur a\u0161 turiu kelet\u0105 gydymo b\u016bd\u0173 \u010dia ir ten.<\/p>\n<p id=\"anchor-60464b\" class=\"body-graf\">Pra\u0117jus\u012f m\u0117nes\u012f Partonas paskelb\u0117, kad atideda savo Las Vegaso rezidencij\u0105 rugs\u0117jo 29 d. D\u0117l \u201ekai kuri\u0173 sveikatos i\u0161\u0161\u016bki\u0173\u201c, kuriems reik\u0117s \u201ekeli\u0173 proced\u016br\u0173\u201c.<\/p>\n<p id=\"anchor-32df91\" class=\"body-graf\">&#8222;Kai a\u0161 juokavau su jais, tai turi b\u016bti laikas mano 100 000 myli\u0173 patikrinimui, nors tai n\u0117ra \u012fprasta kelion\u0117 pamatyti mano plastikos chirurg\u0105!&#8221; Partonas prid\u016br\u0117.<\/p>\n<p id=\"anchor-bd2c3b\" class=\"body-graf\">Buvo numatyta, kad Vegaso pasirodymai vyks Koliziejaus teatre Cezario r\u016bmuose nuo gruod\u017eio 4 d. Iki gruod\u017eio 13 d. Jie buvo pertvarkyti kit\u0173 met\u0173 rugs\u0117j\u012f, o jau \u012fsigyti bilietai galios tiems pasirodymams.<\/p>\n<p id=\"anchor-0c598c\" class=\"body-graf\">Tuo metu Partonas teig\u0117, kad gal\u0117s dirbti prie Ne\u0161vilio projekt\u0173, ta\u010diau negal\u0117s repetuoti tiesiogini\u0173 pasirodym\u0173. Ji pabr\u0117\u017e\u0117, kad n\u0117ra jokios galimyb\u0117s mesti muzik\u0105, nes Dievas dar nieko nesak\u0117 apie mane sustojus \u201c.<\/p>\n<p id=\"anchor-b93763\" class=\"endmark body-graf\">&#8222;A\u0161 dar nesu pasireng\u0119s mirti. Nemanau, kad Dievas i\u0161gyvena su manimi, ir a\u0161 nedarau darbo&#8221;, &#8211; u\u017ebaig\u0117 Partonas. <\/p>\n<\/div>\n<p><script async src=\"\/\/www.instagram.com\/embed.js\"><\/script><a href=\"https:\/\/www.nbcnews.com\/pop-culture\/pop-culture-news\/dolly-parton-health-update-sister-rcna236309\" target=\"_blank\" rel=\"noopener\"> Nuoroda \u012f informacijos \u0161altin\u012f <\/a><\/p>\n","protected":false},"excerpt":{"rendered":"<p>Dolly Parton kalba po to, kai jos sesuo paskatino pla\u010diai susir\u016bpinti legendin\u0117s daininink\u0117s sveikata, atid\u0117j\u0119 tiesiogini\u0173 pasirodym\u0173 eilut\u0119 &#8211; reikalaudama,&hellip;<\/p>\n","protected":false},"author":1,"featured_media":846,"comment_status":"open","ping_status":"open","sticky":false,"template":"","format":"standard","meta":{"footnotes":""},"categories":[4],"tags":[],"class_list":["post-845","post","type-post","status-publish","format-standard","has-post-thumbnail","hentry","category-pasaulio-naujienos"],"yoast_head":"<!-- This site is optimized with the Yoast SEO plugin v27.5 - https:\/\/yoast.com\/product\/yoast-seo-wordpress\/ -->\n<title>Dolly Parton sesuo pra\u0161o mald\u0173, susijusi\u0173 su sveikatos \u017evaig\u017ed\u0117s sveikatos baim\u0117mis - NORDICCAB.LT<\/title>\n<meta name=\"robots\" content=\"index, follow, max-snippet:-1, max-image-preview:large, max-video-preview:-1\" \/>\n<link rel=\"canonical\" href=\"https:\/\/nordiccab.lt\/index.php\/2025\/10\/08\/dolly-parton-sesuo-praso-maldu-susijusiu-su-sveikatos-zvaigzdes-sveikatos-baimemis\/\" \/>\n<meta property=\"og:locale\" content=\"lt_LT\" \/>\n<meta property=\"og:type\" content=\"article\" \/>\n<meta property=\"og:title\" content=\"Dolly Parton sesuo pra\u0161o mald\u0173, susijusi\u0173 su sveikatos \u017evaig\u017ed\u0117s sveikatos baim\u0117mis - NORDICCAB.LT\" \/>\n<meta property=\"og:description\" content=\"Dolly Parton kalba po to, kai jos sesuo paskatino pla\u010diai susir\u016bpinti legendin\u0117s daininink\u0117s sveikata, atid\u0117j\u0119 tiesiogini\u0173 pasirodym\u0173 eilut\u0119 &#8211; reikalaudama,&hellip;\" \/>\n<meta property=\"og:url\" content=\"https:\/\/nordiccab.lt\/index.php\/2025\/10\/08\/dolly-parton-sesuo-praso-maldu-susijusiu-su-sveikatos-zvaigzdes-sveikatos-baimemis\/\" \/>\n<meta property=\"og:site_name\" content=\"NORDICCAB.LT\" \/>\n<meta property=\"article:published_time\" content=\"2025-10-08T18:02:42+00:00\" \/>\n<meta property=\"og:image\" content=\"https:\/\/media-cldnry.s-nbcnews.com\/image\/upload\/t_fit_1500w\/rockcms\/2025-10\/251008-dolly-rs-38f929.jpg\" \/>\n<meta name=\"author\" content=\"admin\" \/>\n<meta name=\"twitter:card\" content=\"summary_large_image\" \/>\n<meta name=\"twitter:label1\" content=\"Written by\" \/>\n\t<meta name=\"twitter:data1\" content=\"admin\" \/>\n\t<meta name=\"twitter:label2\" content=\"Est. reading time\" \/>\n\t<meta name=\"twitter:data2\" content=\"3 minut\u0117s\" \/>\n<script type=\"application\/ld+json\" class=\"yoast-schema-graph\">{\"@context\":\"https:\\\/\\\/schema.org\",\"@graph\":[{\"@type\":\"Article\",\"@id\":\"https:\\\/\\\/nordiccab.lt\\\/index.php\\\/2025\\\/10\\\/08\\\/dolly-parton-sesuo-praso-maldu-susijusiu-su-sveikatos-zvaigzdes-sveikatos-baimemis\\\/#article\",\"isPartOf\":{\"@id\":\"https:\\\/\\\/nordiccab.lt\\\/index.php\\\/2025\\\/10\\\/08\\\/dolly-parton-sesuo-praso-maldu-susijusiu-su-sveikatos-zvaigzdes-sveikatos-baimemis\\\/\"},\"author\":{\"name\":\"admin\",\"@id\":\"https:\\\/\\\/nordiccab.lt\\\/#\\\/schema\\\/person\\\/1e06879215dcf15255113d53ae73289b\"},\"headline\":\"Dolly Parton sesuo pra\u0161o mald\u0173, susijusi\u0173 su sveikatos \u017evaig\u017ed\u0117s sveikatos baim\u0117mis\",\"datePublished\":\"2025-10-08T18:02:42+00:00\",\"mainEntityOfPage\":{\"@id\":\"https:\\\/\\\/nordiccab.lt\\\/index.php\\\/2025\\\/10\\\/08\\\/dolly-parton-sesuo-praso-maldu-susijusiu-su-sveikatos-zvaigzdes-sveikatos-baimemis\\\/\"},\"wordCount\":524,\"commentCount\":0,\"image\":{\"@id\":\"https:\\\/\\\/nordiccab.lt\\\/index.php\\\/2025\\\/10\\\/08\\\/dolly-parton-sesuo-praso-maldu-susijusiu-su-sveikatos-zvaigzdes-sveikatos-baimemis\\\/#primaryimage\"},\"thumbnailUrl\":\"https:\\\/\\\/nordiccab.lt\\\/wp-content\\\/uploads\\\/2025\\\/10\\\/Dolly-Parton-sesuo-praso-maldu-susijusiu-su-sveikatos-zvaigzdes-sveikatos.jpg\",\"articleSection\":[\"PASAULIO NAUJIENOS\"],\"inLanguage\":\"lt-LT\",\"potentialAction\":[{\"@type\":\"CommentAction\",\"name\":\"Comment\",\"target\":[\"https:\\\/\\\/nordiccab.lt\\\/index.php\\\/2025\\\/10\\\/08\\\/dolly-parton-sesuo-praso-maldu-susijusiu-su-sveikatos-zvaigzdes-sveikatos-baimemis\\\/#respond\"]}]},{\"@type\":\"WebPage\",\"@id\":\"https:\\\/\\\/nordiccab.lt\\\/index.php\\\/2025\\\/10\\\/08\\\/dolly-parton-sesuo-praso-maldu-susijusiu-su-sveikatos-zvaigzdes-sveikatos-baimemis\\\/\",\"url\":\"https:\\\/\\\/nordiccab.lt\\\/index.php\\\/2025\\\/10\\\/08\\\/dolly-parton-sesuo-praso-maldu-susijusiu-su-sveikatos-zvaigzdes-sveikatos-baimemis\\\/\",\"name\":\"Dolly Parton sesuo pra\u0161o mald\u0173, susijusi\u0173 su sveikatos \u017evaig\u017ed\u0117s sveikatos baim\u0117mis - NORDICCAB.LT\",\"isPartOf\":{\"@id\":\"https:\\\/\\\/nordiccab.lt\\\/#website\"},\"primaryImageOfPage\":{\"@id\":\"https:\\\/\\\/nordiccab.lt\\\/index.php\\\/2025\\\/10\\\/08\\\/dolly-parton-sesuo-praso-maldu-susijusiu-su-sveikatos-zvaigzdes-sveikatos-baimemis\\\/#primaryimage\"},\"image\":{\"@id\":\"https:\\\/\\\/nordiccab.lt\\\/index.php\\\/2025\\\/10\\\/08\\\/dolly-parton-sesuo-praso-maldu-susijusiu-su-sveikatos-zvaigzdes-sveikatos-baimemis\\\/#primaryimage\"},\"thumbnailUrl\":\"https:\\\/\\\/nordiccab.lt\\\/wp-content\\\/uploads\\\/2025\\\/10\\\/Dolly-Parton-sesuo-praso-maldu-susijusiu-su-sveikatos-zvaigzdes-sveikatos.jpg\",\"datePublished\":\"2025-10-08T18:02:42+00:00\",\"author\":{\"@id\":\"https:\\\/\\\/nordiccab.lt\\\/#\\\/schema\\\/person\\\/1e06879215dcf15255113d53ae73289b\"},\"breadcrumb\":{\"@id\":\"https:\\\/\\\/nordiccab.lt\\\/index.php\\\/2025\\\/10\\\/08\\\/dolly-parton-sesuo-praso-maldu-susijusiu-su-sveikatos-zvaigzdes-sveikatos-baimemis\\\/#breadcrumb\"},\"inLanguage\":\"lt-LT\",\"potentialAction\":[{\"@type\":\"ReadAction\",\"target\":[\"https:\\\/\\\/nordiccab.lt\\\/index.php\\\/2025\\\/10\\\/08\\\/dolly-parton-sesuo-praso-maldu-susijusiu-su-sveikatos-zvaigzdes-sveikatos-baimemis\\\/\"]}]},{\"@type\":\"ImageObject\",\"inLanguage\":\"lt-LT\",\"@id\":\"https:\\\/\\\/nordiccab.lt\\\/index.php\\\/2025\\\/10\\\/08\\\/dolly-parton-sesuo-praso-maldu-susijusiu-su-sveikatos-zvaigzdes-sveikatos-baimemis\\\/#primaryimage\",\"url\":\"https:\\\/\\\/nordiccab.lt\\\/wp-content\\\/uploads\\\/2025\\\/10\\\/Dolly-Parton-sesuo-praso-maldu-susijusiu-su-sveikatos-zvaigzdes-sveikatos.jpg\",\"contentUrl\":\"https:\\\/\\\/nordiccab.lt\\\/wp-content\\\/uploads\\\/2025\\\/10\\\/Dolly-Parton-sesuo-praso-maldu-susijusiu-su-sveikatos-zvaigzdes-sveikatos.jpg\",\"width\":1200,\"height\":630},{\"@type\":\"BreadcrumbList\",\"@id\":\"https:\\\/\\\/nordiccab.lt\\\/index.php\\\/2025\\\/10\\\/08\\\/dolly-parton-sesuo-praso-maldu-susijusiu-su-sveikatos-zvaigzdes-sveikatos-baimemis\\\/#breadcrumb\",\"itemListElement\":[{\"@type\":\"ListItem\",\"position\":1,\"name\":\"Home\",\"item\":\"https:\\\/\\\/nordiccab.lt\\\/\"},{\"@type\":\"ListItem\",\"position\":2,\"name\":\"Dolly Parton sesuo pra\u0161o mald\u0173, susijusi\u0173 su sveikatos \u017evaig\u017ed\u0117s sveikatos baim\u0117mis\"}]},{\"@type\":\"WebSite\",\"@id\":\"https:\\\/\\\/nordiccab.lt\\\/#website\",\"url\":\"https:\\\/\\\/nordiccab.lt\\\/\",\"name\":\"NORDICCAB.LT\",\"description\":\"Pasaulio naujienos, technologijos, automobiliai\",\"potentialAction\":[{\"@type\":\"SearchAction\",\"target\":{\"@type\":\"EntryPoint\",\"urlTemplate\":\"https:\\\/\\\/nordiccab.lt\\\/?s={search_term_string}\"},\"query-input\":{\"@type\":\"PropertyValueSpecification\",\"valueRequired\":true,\"valueName\":\"search_term_string\"}}],\"inLanguage\":\"lt-LT\"},{\"@type\":\"Person\",\"@id\":\"https:\\\/\\\/nordiccab.lt\\\/#\\\/schema\\\/person\\\/1e06879215dcf15255113d53ae73289b\",\"name\":\"admin\",\"image\":{\"@type\":\"ImageObject\",\"inLanguage\":\"lt-LT\",\"@id\":\"https:\\\/\\\/secure.gravatar.com\\\/avatar\\\/f37349f777250847d2fca2ada474f5a6aadffa79d5284e8ad354a5c410a691ec?s=96&d=mm&r=g\",\"url\":\"https:\\\/\\\/secure.gravatar.com\\\/avatar\\\/f37349f777250847d2fca2ada474f5a6aadffa79d5284e8ad354a5c410a691ec?s=96&d=mm&r=g\",\"contentUrl\":\"https:\\\/\\\/secure.gravatar.com\\\/avatar\\\/f37349f777250847d2fca2ada474f5a6aadffa79d5284e8ad354a5c410a691ec?s=96&d=mm&r=g\",\"caption\":\"admin\"},\"sameAs\":[\"https:\\\/\\\/nordiccab.lt\"],\"url\":\"https:\\\/\\\/nordiccab.lt\\\/author\\\/admin\\\/\"}]}<\/script>\n<!-- \/ Yoast SEO plugin. -->","yoast_head_json":{"title":"Dolly Parton sesuo pra\u0161o mald\u0173, susijusi\u0173 su sveikatos \u017evaig\u017ed\u0117s sveikatos baim\u0117mis - NORDICCAB.LT","robots":{"index":"index","follow":"follow","max-snippet":"max-snippet:-1","max-image-preview":"max-image-preview:large","max-video-preview":"max-video-preview:-1"},"canonical":"https:\/\/nordiccab.lt\/index.php\/2025\/10\/08\/dolly-parton-sesuo-praso-maldu-susijusiu-su-sveikatos-zvaigzdes-sveikatos-baimemis\/","og_locale":"lt_LT","og_type":"article","og_title":"Dolly Parton sesuo pra\u0161o mald\u0173, susijusi\u0173 su sveikatos \u017evaig\u017ed\u0117s sveikatos baim\u0117mis - NORDICCAB.LT","og_description":"Dolly Parton kalba po to, kai jos sesuo paskatino pla\u010diai susir\u016bpinti legendin\u0117s daininink\u0117s sveikata, atid\u0117j\u0119 tiesiogini\u0173 pasirodym\u0173 eilut\u0119 &#8211; reikalaudama,&hellip;","og_url":"https:\/\/nordiccab.lt\/index.php\/2025\/10\/08\/dolly-parton-sesuo-praso-maldu-susijusiu-su-sveikatos-zvaigzdes-sveikatos-baimemis\/","og_site_name":"NORDICCAB.LT","article_published_time":"2025-10-08T18:02:42+00:00","og_image":[{"url":"https:\/\/media-cldnry.s-nbcnews.com\/image\/upload\/t_fit_1500w\/rockcms\/2025-10\/251008-dolly-rs-38f929.jpg","type":"","width":"","height":""}],"author":"admin","twitter_card":"summary_large_image","twitter_misc":{"Written by":"admin","Est. reading time":"3 minut\u0117s"},"schema":{"@context":"https:\/\/schema.org","@graph":[{"@type":"Article","@id":"https:\/\/nordiccab.lt\/index.php\/2025\/10\/08\/dolly-parton-sesuo-praso-maldu-susijusiu-su-sveikatos-zvaigzdes-sveikatos-baimemis\/#article","isPartOf":{"@id":"https:\/\/nordiccab.lt\/index.php\/2025\/10\/08\/dolly-parton-sesuo-praso-maldu-susijusiu-su-sveikatos-zvaigzdes-sveikatos-baimemis\/"},"author":{"name":"admin","@id":"https:\/\/nordiccab.lt\/#\/schema\/person\/1e06879215dcf15255113d53ae73289b"},"headline":"Dolly Parton sesuo pra\u0161o mald\u0173, susijusi\u0173 su sveikatos \u017evaig\u017ed\u0117s sveikatos baim\u0117mis","datePublished":"2025-10-08T18:02:42+00:00","mainEntityOfPage":{"@id":"https:\/\/nordiccab.lt\/index.php\/2025\/10\/08\/dolly-parton-sesuo-praso-maldu-susijusiu-su-sveikatos-zvaigzdes-sveikatos-baimemis\/"},"wordCount":524,"commentCount":0,"image":{"@id":"https:\/\/nordiccab.lt\/index.php\/2025\/10\/08\/dolly-parton-sesuo-praso-maldu-susijusiu-su-sveikatos-zvaigzdes-sveikatos-baimemis\/#primaryimage"},"thumbnailUrl":"https:\/\/nordiccab.lt\/wp-content\/uploads\/2025\/10\/Dolly-Parton-sesuo-praso-maldu-susijusiu-su-sveikatos-zvaigzdes-sveikatos.jpg","articleSection":["PASAULIO NAUJIENOS"],"inLanguage":"lt-LT","potentialAction":[{"@type":"CommentAction","name":"Comment","target":["https:\/\/nordiccab.lt\/index.php\/2025\/10\/08\/dolly-parton-sesuo-praso-maldu-susijusiu-su-sveikatos-zvaigzdes-sveikatos-baimemis\/#respond"]}]},{"@type":"WebPage","@id":"https:\/\/nordiccab.lt\/index.php\/2025\/10\/08\/dolly-parton-sesuo-praso-maldu-susijusiu-su-sveikatos-zvaigzdes-sveikatos-baimemis\/","url":"https:\/\/nordiccab.lt\/index.php\/2025\/10\/08\/dolly-parton-sesuo-praso-maldu-susijusiu-su-sveikatos-zvaigzdes-sveikatos-baimemis\/","name":"Dolly Parton sesuo pra\u0161o mald\u0173, susijusi\u0173 su sveikatos \u017evaig\u017ed\u0117s sveikatos baim\u0117mis - NORDICCAB.LT","isPartOf":{"@id":"https:\/\/nordiccab.lt\/#website"},"primaryImageOfPage":{"@id":"https:\/\/nordiccab.lt\/index.php\/2025\/10\/08\/dolly-parton-sesuo-praso-maldu-susijusiu-su-sveikatos-zvaigzdes-sveikatos-baimemis\/#primaryimage"},"image":{"@id":"https:\/\/nordiccab.lt\/index.php\/2025\/10\/08\/dolly-parton-sesuo-praso-maldu-susijusiu-su-sveikatos-zvaigzdes-sveikatos-baimemis\/#primaryimage"},"thumbnailUrl":"https:\/\/nordiccab.lt\/wp-content\/uploads\/2025\/10\/Dolly-Parton-sesuo-praso-maldu-susijusiu-su-sveikatos-zvaigzdes-sveikatos.jpg","datePublished":"2025-10-08T18:02:42+00:00","author":{"@id":"https:\/\/nordiccab.lt\/#\/schema\/person\/1e06879215dcf15255113d53ae73289b"},"breadcrumb":{"@id":"https:\/\/nordiccab.lt\/index.php\/2025\/10\/08\/dolly-parton-sesuo-praso-maldu-susijusiu-su-sveikatos-zvaigzdes-sveikatos-baimemis\/#breadcrumb"},"inLanguage":"lt-LT","potentialAction":[{"@type":"ReadAction","target":["https:\/\/nordiccab.lt\/index.php\/2025\/10\/08\/dolly-parton-sesuo-praso-maldu-susijusiu-su-sveikatos-zvaigzdes-sveikatos-baimemis\/"]}]},{"@type":"ImageObject","inLanguage":"lt-LT","@id":"https:\/\/nordiccab.lt\/index.php\/2025\/10\/08\/dolly-parton-sesuo-praso-maldu-susijusiu-su-sveikatos-zvaigzdes-sveikatos-baimemis\/#primaryimage","url":"https:\/\/nordiccab.lt\/wp-content\/uploads\/2025\/10\/Dolly-Parton-sesuo-praso-maldu-susijusiu-su-sveikatos-zvaigzdes-sveikatos.jpg","contentUrl":"https:\/\/nordiccab.lt\/wp-content\/uploads\/2025\/10\/Dolly-Parton-sesuo-praso-maldu-susijusiu-su-sveikatos-zvaigzdes-sveikatos.jpg","width":1200,"height":630},{"@type":"BreadcrumbList","@id":"https:\/\/nordiccab.lt\/index.php\/2025\/10\/08\/dolly-parton-sesuo-praso-maldu-susijusiu-su-sveikatos-zvaigzdes-sveikatos-baimemis\/#breadcrumb","itemListElement":[{"@type":"ListItem","position":1,"name":"Home","item":"https:\/\/nordiccab.lt\/"},{"@type":"ListItem","position":2,"name":"Dolly Parton sesuo pra\u0161o mald\u0173, susijusi\u0173 su sveikatos \u017evaig\u017ed\u0117s sveikatos baim\u0117mis"}]},{"@type":"WebSite","@id":"https:\/\/nordiccab.lt\/#website","url":"https:\/\/nordiccab.lt\/","name":"NORDICCAB.LT","description":"Pasaulio naujienos, technologijos, automobiliai","potentialAction":[{"@type":"SearchAction","target":{"@type":"EntryPoint","urlTemplate":"https:\/\/nordiccab.lt\/?s={search_term_string}"},"query-input":{"@type":"PropertyValueSpecification","valueRequired":true,"valueName":"search_term_string"}}],"inLanguage":"lt-LT"},{"@type":"Person","@id":"https:\/\/nordiccab.lt\/#\/schema\/person\/1e06879215dcf15255113d53ae73289b","name":"admin","image":{"@type":"ImageObject","inLanguage":"lt-LT","@id":"https:\/\/secure.gravatar.com\/avatar\/f37349f777250847d2fca2ada474f5a6aadffa79d5284e8ad354a5c410a691ec?s=96&d=mm&r=g","url":"https:\/\/secure.gravatar.com\/avatar\/f37349f777250847d2fca2ada474f5a6aadffa79d5284e8ad354a5c410a691ec?s=96&d=mm&r=g","contentUrl":"https:\/\/secure.gravatar.com\/avatar\/f37349f777250847d2fca2ada474f5a6aadffa79d5284e8ad354a5c410a691ec?s=96&d=mm&r=g","caption":"admin"},"sameAs":["https:\/\/nordiccab.lt"],"url":"https:\/\/nordiccab.lt\/author\/admin\/"}]}},"_links":{"self":[{"href":"https:\/\/nordiccab.lt\/index.php\/wp-json\/wp\/v2\/posts\/845","targetHints":{"allow":["GET"]}}],"collection":[{"href":"https:\/\/nordiccab.lt\/index.php\/wp-json\/wp\/v2\/posts"}],"about":[{"href":"https:\/\/nordiccab.lt\/index.php\/wp-json\/wp\/v2\/types\/post"}],"author":[{"embeddable":true,"href":"https:\/\/nordiccab.lt\/index.php\/wp-json\/wp\/v2\/users\/1"}],"replies":[{"embeddable":true,"href":"https:\/\/nordiccab.lt\/index.php\/wp-json\/wp\/v2\/comments?post=845"}],"version-history":[{"count":0,"href":"https:\/\/nordiccab.lt\/index.php\/wp-json\/wp\/v2\/posts\/845\/revisions"}],"wp:featuredmedia":[{"embeddable":true,"href":"https:\/\/nordiccab.lt\/index.php\/wp-json\/wp\/v2\/media\/846"}],"wp:attachment":[{"href":"https:\/\/nordiccab.lt\/index.php\/wp-json\/wp\/v2\/media?parent=845"}],"wp:term":[{"taxonomy":"category","embeddable":true,"href":"https:\/\/nordiccab.lt\/index.php\/wp-json\/wp\/v2\/categories?post=845"},{"taxonomy":"post_tag","embeddable":true,"href":"https:\/\/nordiccab.lt\/index.php\/wp-json\/wp\/v2\/tags?post=845"}],"curies":[{"name":"wp","href":"https:\/\/api.w.org\/{rel}","templated":true}]}}