{"id":804,"date":"2025-09-28T17:10:00","date_gmt":"2025-09-28T17:10:00","guid":{"rendered":"https:\/\/nordiccab.lt\/index.php\/2025\/09\/28\/trumpas-sako-kad-jis-dalyvaus-peteo-hegsetho-generolu-susiburime-kad-pasakytu-jiems-kaip-mums-sekasi-kariskai\/"},"modified":"2025-09-28T17:10:00","modified_gmt":"2025-09-28T17:10:00","slug":"trumpas-sako-kad-jis-dalyvaus-peteo-hegsetho-generolu-susiburime-kad-pasakytu-jiems-kaip-mums-sekasi-kariskai","status":"publish","type":"post","link":"https:\/\/nordiccab.lt\/index.php\/2025\/09\/28\/trumpas-sako-kad-jis-dalyvaus-peteo-hegsetho-generolu-susiburime-kad-pasakytu-jiems-kaip-mums-sekasi-kariskai\/","title":{"rendered":"Trumpas sako, kad jis dalyvaus Pete&#8217;o Hegsetho generol\u0173 susib\u016brime, kad pasakyt\u0173 jiems: \u201eKaip mums sekasi kari\u0161kai\u201c"},"content":{"rendered":"<p><\/p>\n<div>\n<p id=\"anchor-5be84e\" class=\"body-graf\">Va\u0161ingtonas &#8211; prezidentas Donaldas Trumpas<strong> <\/strong>Interviu \u201eNBC News\u201c sekmadien\u012f patvirtino, kad jis planuoja dalyvauti ne\u012fprastame gynybos sekretoriaus Pete&#8217;o Hegsetho surengtame susitikime, kuris antradien\u012f surinks \u0161imtus vyresni\u0173j\u0173 karinink\u0173 netoli Va\u0161ingtono.<\/p>\n<p id=\"anchor-65c4b4\" class=\"body-graf\">\u201eTai tikrai labai gra\u017eus susitikimas, kalbantis apie tai, kaip gerai sekasi kari\u0161kai, kalb\u0117dami apie puikios formos, kalbant apie daug ger\u0173, teigiam\u0173 dalyk\u0173. Tai tik gera \u017einia\u201c, &#8211; telefono skambu\u010dio metu Trumpas pasakojo Trumpas \u201eNBC News\u201c. \u201eTurime puiki\u0173 \u017emoni\u0173, kurie atvyksta, ir tai tik\u201e esprit de korpusas \u201c. J\u016bs \u017einote \u201eEsprit de Corps\u201c?<\/p>\n<p id=\"anchor-b706ce\" class=\"body-graf\">Pra\u0117jusi\u0105 savait\u0119 Hegsethas sukviet\u0117 \u0161imtus vyresni\u0173j\u0173 karini\u0173 lyderi\u0173, kurie yra dislokuoti visame pasaulyje, \u012f Va\u0161ington\u0105 \u012f Pentagono auk\u0161\u010diausio lygio \u017ealvario susitikim\u0105.<\/p>\n<p id=\"anchor-136feb\" class=\"body-graf\">Renginys vyks \u201eQuantico Marine Corps\u201c baz\u0117je Vird\u017einijoje, ma\u017edaug 30 minu\u010di\u0173 \u012f pietus nuo Va\u0161ingtono. Baz\u0117je gali b\u016bti t\u016bkstan\u010diai karini\u0173 nari\u0173, \u012fskaitant auk\u0161\u010diausi\u0105 \u017ealvaris, j\u0173 pagalbininkai ir saugumas.<\/p>\n<p id=\"anchor-0db439\" class=\"body-graf\">Vyresnieji admirolai ir generolai i\u0161 anksto nebuvo informuoti apie susitikimo tiksl\u0105.<\/p>\n<p id=\"anchor-b877c4\" class=\"body-graf\">Vienas pareig\u016bnas, susipa\u017ein\u0119s su susitikimo planais, pra\u0117jusi\u0105 savait\u0119 \u201eNBC News\u201c teig\u0117, kad susitikimo tikslas yra Hegsethas pabr\u0117\u017eti karinius pasiekimus ir aptarti Gynybos departamento ateit\u012f jam vadovaujant. Tokie prane\u0161imai paprastai perduodami auk\u0161\u010diausio lygio kariniam \u017ealvariui per memorandum\u0105 arba saugi\u0105 telekonferencij\u0105.<\/p>\n<p id=\"anchor-cacb47\" class=\"body-graf\">Trumpas taip pat gyr\u0117 Hegsetho planus ketvirtadien\u012f, sakydamas Balt\u0173j\u0173 r\u016bm\u0173 \u017eurnalistams: \u201eA\u0161 \u017einau, a\u0161 tai myliu, turiu omenyje, kad manau, kad tai puiku\u201c.<\/p>\n<p id=\"anchor-adc1ed\" class=\"body-graf\">\u201eLeisk jam b\u016bti draugi\u0161kam su generolais ir admirolais i\u0161 viso pasaulio\u201c, &#8211; prid\u016br\u0117 jis. &#8222;J\u016bs elgiat\u0117s taip, kad tai yra blogas dalykas. Argi n\u0117ra malonu, kad \u017emon\u0117s i\u0161 viso pasaulio atvyksta b\u016bti su mumis?&#8221;<\/p>\n<p id=\"anchor-34beb9\" class=\"body-graf\">Hegsethas taip pat neseniai dirbo su prezidentu, nor\u0117damas perrengti Gynybos departament\u0105 kaip \u201ekaro departament\u0105\u201c ir \u012fsak\u0117 darbuotoj\u0173 ma\u017einim\u0105 tarp auk\u0161to rango karini\u0173 pareig\u016bn\u0173.<\/p>\n<p id=\"anchor-d424c0\" class=\"body-graf\">Susitikime prie\u0161 kit\u0105 savait\u0119 \u012fvyks galimas vyriausyb\u0117s u\u017edarymas. Pra\u0117jusi\u0105 savait\u0119 D.Trumpo administracija persp\u0117jo, kad ji gali atlikti masinius federalini\u0173 darbuotoj\u0173 atleidimus, kurie da\u017eniausiai b\u016bna u\u017eklupti arba laikinai atleisti i\u0161 darbo, jei vyriausyb\u0117 i\u0161sijungs.<\/p>\n<p id=\"anchor-900974\" class=\"endmark body-graf\">Kongreso respublikon\u0173 ir demokrat\u0173 lyderiai \u0161iuo metu yra aklaviet\u0117 prie\u0161 rugs\u0117jo 30 d. Vyriausyb\u0117s finansavimo termin\u0105, ta\u010diau Trumpas planuoja susitikti su auk\u0161\u010diausiais Kongreso lyderiais abiejose pra\u0117jimo pus\u0117se Baltuosiuose r\u016bmuose pirmadien\u012f.<\/p>\n<\/div>\n<p><a href=\"https:\/\/www.nbcnews.com\/politics\/donald-trump\/trump-pete-hegseth-generals-military-meeting-rcna234216\" target=\"_blank\" rel=\"noopener\"> Nuoroda \u012f informacijos \u0161altin\u012f <\/a><\/p>\n","protected":false},"excerpt":{"rendered":"<p>Va\u0161ingtonas &#8211; prezidentas Donaldas Trumpas Interviu \u201eNBC News\u201c sekmadien\u012f patvirtino, kad jis planuoja dalyvauti ne\u012fprastame gynybos sekretoriaus Pete&#8217;o Hegsetho surengtame&hellip;<\/p>\n","protected":false},"author":1,"featured_media":805,"comment_status":"open","ping_status":"open","sticky":false,"template":"","format":"standard","meta":{"footnotes":""},"categories":[4],"tags":[],"class_list":["post-804","post","type-post","status-publish","format-standard","has-post-thumbnail","hentry","category-pasaulio-naujienos"],"yoast_head":"<!-- This site is optimized with the Yoast SEO plugin v27.5 - https:\/\/yoast.com\/product\/yoast-seo-wordpress\/ -->\n<title>Trumpas sako, kad jis dalyvaus Pete&#039;o Hegsetho generol\u0173 susib\u016brime, kad pasakyt\u0173 jiems: \u201eKaip mums sekasi kari\u0161kai\u201c - NORDICCAB.LT<\/title>\n<meta name=\"robots\" content=\"index, follow, max-snippet:-1, max-image-preview:large, max-video-preview:-1\" \/>\n<link rel=\"canonical\" href=\"https:\/\/nordiccab.lt\/index.php\/2025\/09\/28\/trumpas-sako-kad-jis-dalyvaus-peteo-hegsetho-generolu-susiburime-kad-pasakytu-jiems-kaip-mums-sekasi-kariskai\/\" \/>\n<meta property=\"og:locale\" content=\"lt_LT\" \/>\n<meta property=\"og:type\" content=\"article\" \/>\n<meta property=\"og:title\" content=\"Trumpas sako, kad jis dalyvaus Pete&#039;o Hegsetho generol\u0173 susib\u016brime, kad pasakyt\u0173 jiems: \u201eKaip mums sekasi kari\u0161kai\u201c - NORDICCAB.LT\" \/>\n<meta property=\"og:description\" content=\"Va\u0161ingtonas &#8211; prezidentas Donaldas Trumpas Interviu \u201eNBC News\u201c sekmadien\u012f patvirtino, kad jis planuoja dalyvauti ne\u012fprastame gynybos sekretoriaus Pete&#8217;o Hegsetho surengtame&hellip;\" \/>\n<meta property=\"og:url\" content=\"https:\/\/nordiccab.lt\/index.php\/2025\/09\/28\/trumpas-sako-kad-jis-dalyvaus-peteo-hegsetho-generolu-susiburime-kad-pasakytu-jiems-kaip-mums-sekasi-kariskai\/\" \/>\n<meta property=\"og:site_name\" content=\"NORDICCAB.LT\" \/>\n<meta property=\"article:published_time\" content=\"2025-09-28T17:10:00+00:00\" \/>\n<meta property=\"og:image\" content=\"https:\/\/media-cldnry.s-nbcnews.com\/image\/upload\/t_fit_1500w\/rockcms\/2025-07\/250708-trump-ch-1203-036758.jpg\" \/>\n<meta name=\"author\" content=\"admin\" \/>\n<meta name=\"twitter:card\" content=\"summary_large_image\" \/>\n<meta name=\"twitter:label1\" content=\"Written by\" \/>\n\t<meta name=\"twitter:data1\" content=\"admin\" \/>\n\t<meta name=\"twitter:label2\" content=\"Est. reading time\" \/>\n\t<meta name=\"twitter:data2\" content=\"2 minut\u0117s\" \/>\n<script type=\"application\/ld+json\" class=\"yoast-schema-graph\">{\"@context\":\"https:\\\/\\\/schema.org\",\"@graph\":[{\"@type\":\"Article\",\"@id\":\"https:\\\/\\\/nordiccab.lt\\\/index.php\\\/2025\\\/09\\\/28\\\/trumpas-sako-kad-jis-dalyvaus-peteo-hegsetho-generolu-susiburime-kad-pasakytu-jiems-kaip-mums-sekasi-kariskai\\\/#article\",\"isPartOf\":{\"@id\":\"https:\\\/\\\/nordiccab.lt\\\/index.php\\\/2025\\\/09\\\/28\\\/trumpas-sako-kad-jis-dalyvaus-peteo-hegsetho-generolu-susiburime-kad-pasakytu-jiems-kaip-mums-sekasi-kariskai\\\/\"},\"author\":{\"name\":\"admin\",\"@id\":\"https:\\\/\\\/nordiccab.lt\\\/#\\\/schema\\\/person\\\/1e06879215dcf15255113d53ae73289b\"},\"headline\":\"Trumpas sako, kad jis dalyvaus Pete&#8217;o Hegsetho generol\u0173 susib\u016brime, kad pasakyt\u0173 jiems: \u201eKaip mums sekasi kari\u0161kai\u201c\",\"datePublished\":\"2025-09-28T17:10:00+00:00\",\"mainEntityOfPage\":{\"@id\":\"https:\\\/\\\/nordiccab.lt\\\/index.php\\\/2025\\\/09\\\/28\\\/trumpas-sako-kad-jis-dalyvaus-peteo-hegsetho-generolu-susiburime-kad-pasakytu-jiems-kaip-mums-sekasi-kariskai\\\/\"},\"wordCount\":399,\"commentCount\":0,\"image\":{\"@id\":\"https:\\\/\\\/nordiccab.lt\\\/index.php\\\/2025\\\/09\\\/28\\\/trumpas-sako-kad-jis-dalyvaus-peteo-hegsetho-generolu-susiburime-kad-pasakytu-jiems-kaip-mums-sekasi-kariskai\\\/#primaryimage\"},\"thumbnailUrl\":\"https:\\\/\\\/nordiccab.lt\\\/wp-content\\\/uploads\\\/2025\\\/09\\\/Trumpas-sako-kad-jis-dalyvaus-Peteo-Hegsetho-generolu-susiburime-kad.jpg\",\"articleSection\":[\"PASAULIO NAUJIENOS\"],\"inLanguage\":\"lt-LT\",\"potentialAction\":[{\"@type\":\"CommentAction\",\"name\":\"Comment\",\"target\":[\"https:\\\/\\\/nordiccab.lt\\\/index.php\\\/2025\\\/09\\\/28\\\/trumpas-sako-kad-jis-dalyvaus-peteo-hegsetho-generolu-susiburime-kad-pasakytu-jiems-kaip-mums-sekasi-kariskai\\\/#respond\"]}]},{\"@type\":\"WebPage\",\"@id\":\"https:\\\/\\\/nordiccab.lt\\\/index.php\\\/2025\\\/09\\\/28\\\/trumpas-sako-kad-jis-dalyvaus-peteo-hegsetho-generolu-susiburime-kad-pasakytu-jiems-kaip-mums-sekasi-kariskai\\\/\",\"url\":\"https:\\\/\\\/nordiccab.lt\\\/index.php\\\/2025\\\/09\\\/28\\\/trumpas-sako-kad-jis-dalyvaus-peteo-hegsetho-generolu-susiburime-kad-pasakytu-jiems-kaip-mums-sekasi-kariskai\\\/\",\"name\":\"Trumpas sako, kad jis dalyvaus Pete'o Hegsetho generol\u0173 susib\u016brime, kad pasakyt\u0173 jiems: \u201eKaip mums sekasi kari\u0161kai\u201c - NORDICCAB.LT\",\"isPartOf\":{\"@id\":\"https:\\\/\\\/nordiccab.lt\\\/#website\"},\"primaryImageOfPage\":{\"@id\":\"https:\\\/\\\/nordiccab.lt\\\/index.php\\\/2025\\\/09\\\/28\\\/trumpas-sako-kad-jis-dalyvaus-peteo-hegsetho-generolu-susiburime-kad-pasakytu-jiems-kaip-mums-sekasi-kariskai\\\/#primaryimage\"},\"image\":{\"@id\":\"https:\\\/\\\/nordiccab.lt\\\/index.php\\\/2025\\\/09\\\/28\\\/trumpas-sako-kad-jis-dalyvaus-peteo-hegsetho-generolu-susiburime-kad-pasakytu-jiems-kaip-mums-sekasi-kariskai\\\/#primaryimage\"},\"thumbnailUrl\":\"https:\\\/\\\/nordiccab.lt\\\/wp-content\\\/uploads\\\/2025\\\/09\\\/Trumpas-sako-kad-jis-dalyvaus-Peteo-Hegsetho-generolu-susiburime-kad.jpg\",\"datePublished\":\"2025-09-28T17:10:00+00:00\",\"author\":{\"@id\":\"https:\\\/\\\/nordiccab.lt\\\/#\\\/schema\\\/person\\\/1e06879215dcf15255113d53ae73289b\"},\"breadcrumb\":{\"@id\":\"https:\\\/\\\/nordiccab.lt\\\/index.php\\\/2025\\\/09\\\/28\\\/trumpas-sako-kad-jis-dalyvaus-peteo-hegsetho-generolu-susiburime-kad-pasakytu-jiems-kaip-mums-sekasi-kariskai\\\/#breadcrumb\"},\"inLanguage\":\"lt-LT\",\"potentialAction\":[{\"@type\":\"ReadAction\",\"target\":[\"https:\\\/\\\/nordiccab.lt\\\/index.php\\\/2025\\\/09\\\/28\\\/trumpas-sako-kad-jis-dalyvaus-peteo-hegsetho-generolu-susiburime-kad-pasakytu-jiems-kaip-mums-sekasi-kariskai\\\/\"]}]},{\"@type\":\"ImageObject\",\"inLanguage\":\"lt-LT\",\"@id\":\"https:\\\/\\\/nordiccab.lt\\\/index.php\\\/2025\\\/09\\\/28\\\/trumpas-sako-kad-jis-dalyvaus-peteo-hegsetho-generolu-susiburime-kad-pasakytu-jiems-kaip-mums-sekasi-kariskai\\\/#primaryimage\",\"url\":\"https:\\\/\\\/nordiccab.lt\\\/wp-content\\\/uploads\\\/2025\\\/09\\\/Trumpas-sako-kad-jis-dalyvaus-Peteo-Hegsetho-generolu-susiburime-kad.jpg\",\"contentUrl\":\"https:\\\/\\\/nordiccab.lt\\\/wp-content\\\/uploads\\\/2025\\\/09\\\/Trumpas-sako-kad-jis-dalyvaus-Peteo-Hegsetho-generolu-susiburime-kad.jpg\",\"width\":1200,\"height\":630},{\"@type\":\"BreadcrumbList\",\"@id\":\"https:\\\/\\\/nordiccab.lt\\\/index.php\\\/2025\\\/09\\\/28\\\/trumpas-sako-kad-jis-dalyvaus-peteo-hegsetho-generolu-susiburime-kad-pasakytu-jiems-kaip-mums-sekasi-kariskai\\\/#breadcrumb\",\"itemListElement\":[{\"@type\":\"ListItem\",\"position\":1,\"name\":\"Home\",\"item\":\"https:\\\/\\\/nordiccab.lt\\\/\"},{\"@type\":\"ListItem\",\"position\":2,\"name\":\"Trumpas sako, kad jis dalyvaus Pete&#8217;o Hegsetho generol\u0173 susib\u016brime, kad pasakyt\u0173 jiems: \u201eKaip mums sekasi kari\u0161kai\u201c\"}]},{\"@type\":\"WebSite\",\"@id\":\"https:\\\/\\\/nordiccab.lt\\\/#website\",\"url\":\"https:\\\/\\\/nordiccab.lt\\\/\",\"name\":\"NORDICCAB.LT\",\"description\":\"Pasaulio naujienos, technologijos, automobiliai\",\"potentialAction\":[{\"@type\":\"SearchAction\",\"target\":{\"@type\":\"EntryPoint\",\"urlTemplate\":\"https:\\\/\\\/nordiccab.lt\\\/?s={search_term_string}\"},\"query-input\":{\"@type\":\"PropertyValueSpecification\",\"valueRequired\":true,\"valueName\":\"search_term_string\"}}],\"inLanguage\":\"lt-LT\"},{\"@type\":\"Person\",\"@id\":\"https:\\\/\\\/nordiccab.lt\\\/#\\\/schema\\\/person\\\/1e06879215dcf15255113d53ae73289b\",\"name\":\"admin\",\"image\":{\"@type\":\"ImageObject\",\"inLanguage\":\"lt-LT\",\"@id\":\"https:\\\/\\\/secure.gravatar.com\\\/avatar\\\/f37349f777250847d2fca2ada474f5a6aadffa79d5284e8ad354a5c410a691ec?s=96&d=mm&r=g\",\"url\":\"https:\\\/\\\/secure.gravatar.com\\\/avatar\\\/f37349f777250847d2fca2ada474f5a6aadffa79d5284e8ad354a5c410a691ec?s=96&d=mm&r=g\",\"contentUrl\":\"https:\\\/\\\/secure.gravatar.com\\\/avatar\\\/f37349f777250847d2fca2ada474f5a6aadffa79d5284e8ad354a5c410a691ec?s=96&d=mm&r=g\",\"caption\":\"admin\"},\"sameAs\":[\"https:\\\/\\\/nordiccab.lt\"],\"url\":\"https:\\\/\\\/nordiccab.lt\\\/author\\\/admin\\\/\"}]}<\/script>\n<!-- \/ Yoast SEO plugin. -->","yoast_head_json":{"title":"Trumpas sako, kad jis dalyvaus Pete'o Hegsetho generol\u0173 susib\u016brime, kad pasakyt\u0173 jiems: \u201eKaip mums sekasi kari\u0161kai\u201c - NORDICCAB.LT","robots":{"index":"index","follow":"follow","max-snippet":"max-snippet:-1","max-image-preview":"max-image-preview:large","max-video-preview":"max-video-preview:-1"},"canonical":"https:\/\/nordiccab.lt\/index.php\/2025\/09\/28\/trumpas-sako-kad-jis-dalyvaus-peteo-hegsetho-generolu-susiburime-kad-pasakytu-jiems-kaip-mums-sekasi-kariskai\/","og_locale":"lt_LT","og_type":"article","og_title":"Trumpas sako, kad jis dalyvaus Pete'o Hegsetho generol\u0173 susib\u016brime, kad pasakyt\u0173 jiems: \u201eKaip mums sekasi kari\u0161kai\u201c - NORDICCAB.LT","og_description":"Va\u0161ingtonas &#8211; prezidentas Donaldas Trumpas Interviu \u201eNBC News\u201c sekmadien\u012f patvirtino, kad jis planuoja dalyvauti ne\u012fprastame gynybos sekretoriaus Pete&#8217;o Hegsetho surengtame&hellip;","og_url":"https:\/\/nordiccab.lt\/index.php\/2025\/09\/28\/trumpas-sako-kad-jis-dalyvaus-peteo-hegsetho-generolu-susiburime-kad-pasakytu-jiems-kaip-mums-sekasi-kariskai\/","og_site_name":"NORDICCAB.LT","article_published_time":"2025-09-28T17:10:00+00:00","og_image":[{"url":"https:\/\/media-cldnry.s-nbcnews.com\/image\/upload\/t_fit_1500w\/rockcms\/2025-07\/250708-trump-ch-1203-036758.jpg","type":"","width":"","height":""}],"author":"admin","twitter_card":"summary_large_image","twitter_misc":{"Written by":"admin","Est. reading time":"2 minut\u0117s"},"schema":{"@context":"https:\/\/schema.org","@graph":[{"@type":"Article","@id":"https:\/\/nordiccab.lt\/index.php\/2025\/09\/28\/trumpas-sako-kad-jis-dalyvaus-peteo-hegsetho-generolu-susiburime-kad-pasakytu-jiems-kaip-mums-sekasi-kariskai\/#article","isPartOf":{"@id":"https:\/\/nordiccab.lt\/index.php\/2025\/09\/28\/trumpas-sako-kad-jis-dalyvaus-peteo-hegsetho-generolu-susiburime-kad-pasakytu-jiems-kaip-mums-sekasi-kariskai\/"},"author":{"name":"admin","@id":"https:\/\/nordiccab.lt\/#\/schema\/person\/1e06879215dcf15255113d53ae73289b"},"headline":"Trumpas sako, kad jis dalyvaus Pete&#8217;o Hegsetho generol\u0173 susib\u016brime, kad pasakyt\u0173 jiems: \u201eKaip mums sekasi kari\u0161kai\u201c","datePublished":"2025-09-28T17:10:00+00:00","mainEntityOfPage":{"@id":"https:\/\/nordiccab.lt\/index.php\/2025\/09\/28\/trumpas-sako-kad-jis-dalyvaus-peteo-hegsetho-generolu-susiburime-kad-pasakytu-jiems-kaip-mums-sekasi-kariskai\/"},"wordCount":399,"commentCount":0,"image":{"@id":"https:\/\/nordiccab.lt\/index.php\/2025\/09\/28\/trumpas-sako-kad-jis-dalyvaus-peteo-hegsetho-generolu-susiburime-kad-pasakytu-jiems-kaip-mums-sekasi-kariskai\/#primaryimage"},"thumbnailUrl":"https:\/\/nordiccab.lt\/wp-content\/uploads\/2025\/09\/Trumpas-sako-kad-jis-dalyvaus-Peteo-Hegsetho-generolu-susiburime-kad.jpg","articleSection":["PASAULIO NAUJIENOS"],"inLanguage":"lt-LT","potentialAction":[{"@type":"CommentAction","name":"Comment","target":["https:\/\/nordiccab.lt\/index.php\/2025\/09\/28\/trumpas-sako-kad-jis-dalyvaus-peteo-hegsetho-generolu-susiburime-kad-pasakytu-jiems-kaip-mums-sekasi-kariskai\/#respond"]}]},{"@type":"WebPage","@id":"https:\/\/nordiccab.lt\/index.php\/2025\/09\/28\/trumpas-sako-kad-jis-dalyvaus-peteo-hegsetho-generolu-susiburime-kad-pasakytu-jiems-kaip-mums-sekasi-kariskai\/","url":"https:\/\/nordiccab.lt\/index.php\/2025\/09\/28\/trumpas-sako-kad-jis-dalyvaus-peteo-hegsetho-generolu-susiburime-kad-pasakytu-jiems-kaip-mums-sekasi-kariskai\/","name":"Trumpas sako, kad jis dalyvaus Pete'o Hegsetho generol\u0173 susib\u016brime, kad pasakyt\u0173 jiems: \u201eKaip mums sekasi kari\u0161kai\u201c - NORDICCAB.LT","isPartOf":{"@id":"https:\/\/nordiccab.lt\/#website"},"primaryImageOfPage":{"@id":"https:\/\/nordiccab.lt\/index.php\/2025\/09\/28\/trumpas-sako-kad-jis-dalyvaus-peteo-hegsetho-generolu-susiburime-kad-pasakytu-jiems-kaip-mums-sekasi-kariskai\/#primaryimage"},"image":{"@id":"https:\/\/nordiccab.lt\/index.php\/2025\/09\/28\/trumpas-sako-kad-jis-dalyvaus-peteo-hegsetho-generolu-susiburime-kad-pasakytu-jiems-kaip-mums-sekasi-kariskai\/#primaryimage"},"thumbnailUrl":"https:\/\/nordiccab.lt\/wp-content\/uploads\/2025\/09\/Trumpas-sako-kad-jis-dalyvaus-Peteo-Hegsetho-generolu-susiburime-kad.jpg","datePublished":"2025-09-28T17:10:00+00:00","author":{"@id":"https:\/\/nordiccab.lt\/#\/schema\/person\/1e06879215dcf15255113d53ae73289b"},"breadcrumb":{"@id":"https:\/\/nordiccab.lt\/index.php\/2025\/09\/28\/trumpas-sako-kad-jis-dalyvaus-peteo-hegsetho-generolu-susiburime-kad-pasakytu-jiems-kaip-mums-sekasi-kariskai\/#breadcrumb"},"inLanguage":"lt-LT","potentialAction":[{"@type":"ReadAction","target":["https:\/\/nordiccab.lt\/index.php\/2025\/09\/28\/trumpas-sako-kad-jis-dalyvaus-peteo-hegsetho-generolu-susiburime-kad-pasakytu-jiems-kaip-mums-sekasi-kariskai\/"]}]},{"@type":"ImageObject","inLanguage":"lt-LT","@id":"https:\/\/nordiccab.lt\/index.php\/2025\/09\/28\/trumpas-sako-kad-jis-dalyvaus-peteo-hegsetho-generolu-susiburime-kad-pasakytu-jiems-kaip-mums-sekasi-kariskai\/#primaryimage","url":"https:\/\/nordiccab.lt\/wp-content\/uploads\/2025\/09\/Trumpas-sako-kad-jis-dalyvaus-Peteo-Hegsetho-generolu-susiburime-kad.jpg","contentUrl":"https:\/\/nordiccab.lt\/wp-content\/uploads\/2025\/09\/Trumpas-sako-kad-jis-dalyvaus-Peteo-Hegsetho-generolu-susiburime-kad.jpg","width":1200,"height":630},{"@type":"BreadcrumbList","@id":"https:\/\/nordiccab.lt\/index.php\/2025\/09\/28\/trumpas-sako-kad-jis-dalyvaus-peteo-hegsetho-generolu-susiburime-kad-pasakytu-jiems-kaip-mums-sekasi-kariskai\/#breadcrumb","itemListElement":[{"@type":"ListItem","position":1,"name":"Home","item":"https:\/\/nordiccab.lt\/"},{"@type":"ListItem","position":2,"name":"Trumpas sako, kad jis dalyvaus Pete&#8217;o Hegsetho generol\u0173 susib\u016brime, kad pasakyt\u0173 jiems: \u201eKaip mums sekasi kari\u0161kai\u201c"}]},{"@type":"WebSite","@id":"https:\/\/nordiccab.lt\/#website","url":"https:\/\/nordiccab.lt\/","name":"NORDICCAB.LT","description":"Pasaulio naujienos, technologijos, automobiliai","potentialAction":[{"@type":"SearchAction","target":{"@type":"EntryPoint","urlTemplate":"https:\/\/nordiccab.lt\/?s={search_term_string}"},"query-input":{"@type":"PropertyValueSpecification","valueRequired":true,"valueName":"search_term_string"}}],"inLanguage":"lt-LT"},{"@type":"Person","@id":"https:\/\/nordiccab.lt\/#\/schema\/person\/1e06879215dcf15255113d53ae73289b","name":"admin","image":{"@type":"ImageObject","inLanguage":"lt-LT","@id":"https:\/\/secure.gravatar.com\/avatar\/f37349f777250847d2fca2ada474f5a6aadffa79d5284e8ad354a5c410a691ec?s=96&d=mm&r=g","url":"https:\/\/secure.gravatar.com\/avatar\/f37349f777250847d2fca2ada474f5a6aadffa79d5284e8ad354a5c410a691ec?s=96&d=mm&r=g","contentUrl":"https:\/\/secure.gravatar.com\/avatar\/f37349f777250847d2fca2ada474f5a6aadffa79d5284e8ad354a5c410a691ec?s=96&d=mm&r=g","caption":"admin"},"sameAs":["https:\/\/nordiccab.lt"],"url":"https:\/\/nordiccab.lt\/author\/admin\/"}]}},"_links":{"self":[{"href":"https:\/\/nordiccab.lt\/index.php\/wp-json\/wp\/v2\/posts\/804","targetHints":{"allow":["GET"]}}],"collection":[{"href":"https:\/\/nordiccab.lt\/index.php\/wp-json\/wp\/v2\/posts"}],"about":[{"href":"https:\/\/nordiccab.lt\/index.php\/wp-json\/wp\/v2\/types\/post"}],"author":[{"embeddable":true,"href":"https:\/\/nordiccab.lt\/index.php\/wp-json\/wp\/v2\/users\/1"}],"replies":[{"embeddable":true,"href":"https:\/\/nordiccab.lt\/index.php\/wp-json\/wp\/v2\/comments?post=804"}],"version-history":[{"count":0,"href":"https:\/\/nordiccab.lt\/index.php\/wp-json\/wp\/v2\/posts\/804\/revisions"}],"wp:featuredmedia":[{"embeddable":true,"href":"https:\/\/nordiccab.lt\/index.php\/wp-json\/wp\/v2\/media\/805"}],"wp:attachment":[{"href":"https:\/\/nordiccab.lt\/index.php\/wp-json\/wp\/v2\/media?parent=804"}],"wp:term":[{"taxonomy":"category","embeddable":true,"href":"https:\/\/nordiccab.lt\/index.php\/wp-json\/wp\/v2\/categories?post=804"},{"taxonomy":"post_tag","embeddable":true,"href":"https:\/\/nordiccab.lt\/index.php\/wp-json\/wp\/v2\/tags?post=804"}],"curies":[{"name":"wp","href":"https:\/\/api.w.org\/{rel}","templated":true}]}}