{"id":800,"date":"2025-09-27T16:51:40","date_gmt":"2025-09-27T16:51:40","guid":{"rendered":"https:\/\/nordiccab.lt\/index.php\/2025\/09\/27\/trumpas-nurodo-gynybos-sekretoriui-dislokuoti-karius-i-portlanda\/"},"modified":"2025-09-27T16:51:40","modified_gmt":"2025-09-27T16:51:40","slug":"trumpas-nurodo-gynybos-sekretoriui-dislokuoti-karius-i-portlanda","status":"publish","type":"post","link":"https:\/\/nordiccab.lt\/index.php\/2025\/09\/27\/trumpas-nurodo-gynybos-sekretoriui-dislokuoti-karius-i-portlanda\/","title":{"rendered":"Trumpas nurodo gynybos sekretoriui dislokuoti karius \u012f Portland\u0105"},"content":{"rendered":"<p><\/p>\n<div>\n<p id=\"anchor-7eba4e\" class=\"body-graf\">Prezidentas Donaldas Trumpas \u0161e\u0161tadien\u012f parei\u0161k\u0117, kad jis vadovauja gynybos sekretoriui Pete&#8217;ui Hegsethui \u201eapr\u016bpinti visus b\u016btinus karius\u201c \u012f Portland\u0105, Oregon\u0105.<\/p>\n<p id=\"anchor-0feb39\" class=\"body-graf\">\u012era\u0161e apie \u201eTruth Social\u201c prezidentas ra\u0161\u0117, kad kariai \u201eapsaugos kar\u0105 nuniokot\u0105 Portland\u0105\u201c ir apsaugos imigracijos ir muitin\u0117s vykdymo \u012fstaigas, kurios, jo teigimu, yra \u201eapgultas nuo antifa ir kit\u0173 vidaus terorist\u0173 u\u017epuolimo\u201c.<\/p>\n<p id=\"anchor-e62ab9\" class=\"body-graf\">Trumpas prid\u016br\u0117, kad jis \u201eprireikus \u012fgalioja vis\u0105 j\u0117g\u0105\u201c, ta\u010diau nepaai\u0161kino, k\u0105 tai rei\u0161kia.<\/p>\n<p id=\"anchor-a12a05\" class=\"body-graf\">Balt\u0173j\u0173 r\u016bm\u0173 atstovas i\u0161 karto neatsak\u0117 \u012f paai\u0161kinimus klausimus, kuriems kariuomen\u0117s \u0161akai dislokuos Portlande.<\/p>\n<p id=\"anchor-4817a1\" class=\"body-graf\">Prezidentas ne kart\u0105 neigiamai kalb\u0117jo apie Portland\u0105, \u012fskaitant ketvirtadien\u012f sakydamas, kad \u201eAnarchija\u201c vyksta Vakar\u0173 pakrant\u0117s mieste.<\/p>\n<p id=\"anchor-be11b6\" class=\"body-graf\">&#8222;J\u016bs i\u0161einate \u012f Portland\u0105, \u017emon\u0117s mir\u0161ta. Daug \u017emoni\u0173 per daugel\u012f met\u0173 mir\u0117 Portlande. Portlandas yra, a\u0161 ne\u017einau, kaip ten gyvena kas nors. Tai nuostabu, bet tai yra, tai yra anarchija. \u0160tai ko jie nori. Jie nori anarchijos&#8221;, &#8211; sak\u0117 Trumpas per pastabas Ovalo biure ketvirtadien\u012f.<\/p>\n<p id=\"anchor-eb091a\" class=\"body-graf\">Pra\u0117jusi\u0105 savait\u0119 atskiruose komentaruose Ovalo biure prezidentas teig\u0117, kad Portlando \u017emon\u0117s yra \u201enekontroliuojami\u201c.<\/p>\n<p id=\"anchor-5018b4\" class=\"body-graf\">&#8222;Ar j\u016bs i\u0161vis mat\u0117te Portland\u0105? Jei pa\u017evelgsite \u012f tai, kas vyksta Portlande. Tai yra, tai t\u0119siasi daugel\u012f met\u0173. Tiesiog \u017emon\u0117s nekontroliuojami, beproti\u0161ki. Mes tai labai greitai sustabdysime&#8221;, &#8211; teig\u0117 Trumpas.<\/p>\n<figure class=\"styles_inlineImage__FvnTh styles_medium__MEKii\" id=\"anchor-b82832\"><picture class=\"styles_image__i32F7\" data-testid=\"picture\" data-flavor=\"fit\" data-original-height=\"1011\" data-original-width=\"1800\"><source media=\"(min-width: 1000px)\" srcset=\"https:\/\/media-cldnry.s-nbcnews.com\/image\/upload\/t_fit-560w,f_avif,q_auto:eco,dpr_2\/rockcms\/2025-09\/250927-portland-skyline-mn-1235-e7842c.jpg 2x, https:\/\/media-cldnry.s-nbcnews.com\/image\/upload\/t_fit-560w,f_auto,q_auto:best\/rockcms\/2025-09\/250927-portland-skyline-mn-1235-e7842c.jpg 1x\"\/><source media=\"(min-width: 320px)\" srcset=\"https:\/\/media-cldnry.s-nbcnews.com\/image\/upload\/t_fit-760w,f_avif,q_auto:eco,dpr_2\/rockcms\/2025-09\/250927-portland-skyline-mn-1235-e7842c.jpg 2x, https:\/\/media-cldnry.s-nbcnews.com\/image\/upload\/t_fit-760w,f_auto,q_auto:best\/rockcms\/2025-09\/250927-portland-skyline-mn-1235-e7842c.jpg 1x\"\/><\/picture><figcaption class=\"caption styles_caption__TCewG\" data-testid=\"caption\"><span class=\"caption__container\" data-testid=\"caption__container\">2024 m. Portlando, Ore., Skylina.<\/span><span class=\"caption__source\" data-testid=\"caption__source\">Jenny Kane \/ AP failas<\/span><\/figcaption><\/figure>\n<p id=\"anchor-51fbf8\" class=\"body-graf\">\u0160is \u017eingsnis taip pat \u012fvyksta po to, kai ginklane\u0161ys tre\u010diadien\u012f atidar\u0117 ugn\u012f Agent\u016bros lauko biure Dalase, su\u017eeid\u0119s du sulaikytuosius ir nu\u017eudydamas vien\u0105 sulaikyt\u0105j\u012f.<\/p>\n<p id=\"anchor-af648d\" class=\"body-graf\">Portlando lyderiai penktadien\u012f paragino gyventojus i\u0161likti ramiems prie\u0161 tai, kas, j\u0173 teigimu, buvo tikimasi federalin\u0117s teis\u0117saugos padid\u0117jimo \u012f ledo \u012fstaig\u0105 rajone.<\/p>\n<p id=\"anchor-897660\" class=\"body-graf\">\u201eTai nuvilia naujien\u0105\u201c, &#8211; penktadien\u012f spaudos konferencijoje sak\u0117 miesto meras Keithas Wilsonas. &#8222;Mes nepra\u0161\u0117me j\u0173 atvykti. Jie yra \u010dia be precedento ar tikslo. Mes mat\u0117me, kaip j\u0173 buvimas kenkia komercijai, gerovei ir galimyb\u0117ms kituose miestuose, tokiuose kaip Va\u0161ingtonas, DC&#8221;.<\/p>\n<p id=\"anchor-2a978a\" class=\"body-graf\">Senatorius Jeffas Merkley, D-ORE., Taip pat dalyvavo spaudos konferencijoje ir paragino gyventojus vengti konfrontacijos su federaliniais teis\u0117saugos pareig\u016bnais.<\/p>\n<p id=\"anchor-84b822\" class=\"body-graf\">\u201eMes neketiname imtis masalo\u201c, &#8211; \u017eurnalistams sak\u0117 Merkley. Senatorius teig\u0117, kad buvo gerai i\u0161reik\u0161ti nuomones ir protestuoti, ta\u010diau tai \u201egeriausia padaryti per atstum\u0105 nuo \u0161i\u0173 federalini\u0173 kari\u0173\u201c.<\/p>\n<p id=\"anchor-e443b5\" class=\"body-graf\">Wilsonas ir Oregono gubernatorius Tina Kotek, taip pat demokrat\u0117, i\u0161 karto neatsak\u0117 \u012f \u201eNBC News\u201c pra\u0161ymus komentuoti \u0161e\u0161tadien\u012f.<\/p>\n<p id=\"anchor-edade1\" class=\"body-graf\">Prezidentas jau seniai kalb\u0117jo apie savo neigiam\u0105 po\u017ei\u016br\u012f \u012f Portland\u0105 &#8211; miest\u0105, kur\u012f savo pirm\u0105j\u0105 kadencij\u0105 paskelb\u0117 \u201eanarchistine jurisdikcija\u201c.<\/p>\n<p id=\"anchor-f4c2b4\" class=\"body-graf\">Trumpas i\u0161tisus m\u0117nesius pasirei\u0161k\u0117 prie\u0161 nusikalstamum\u0105 Amerikos miestuose, grasindamas padidinti federalin\u0119 teis\u0117saug\u0105 ir kariuomen\u0119 keliuose miestuose, kuriuos valdo demokrat\u0173 merai, \u012fskaitant \u010cikag\u0105, Baltimor\u0119 ir Nauj\u0105j\u012f Orlean\u0105. Gr\u0117sm\u0117s suk\u0117l\u0117 demokratini\u0173 mer\u0173 ir valdytoj\u0173 Ilinojaus, Merilando ir kit\u0173 valstij\u0173 gubernatori\u0173 sm\u016bg\u012f.<\/p>\n<p id=\"anchor-fc98c4\" class=\"body-graf\">Anks\u010diau \u0161\u012f m\u0117nes\u012f prezidentas taip pat pasira\u0161\u0117 memorandum\u0105, kuriame \u012fsteigta darbo grup\u0117, skirta sutelkti Nacionalin\u0117s gvardijos karius ir federalin\u0119 teis\u0117saug\u0105 \u012f Memf\u012f, Tenesis. \u0160\u012f \u017eingsn\u012f r\u0117m\u0117 Tenesio gubernatorius Billas Lee, respublikonas.<\/p>\n<p id=\"anchor-1043d5\" class=\"body-graf\">Trumpas taip pat leido dislokuoti Nacionalin\u0117s gvardijos kariuomen\u0119 ir rugpj\u016b\u010dio m\u0117n. Tautos sostin\u0119 federalin\u0117s teis\u0117saugos padid\u0117jim\u0105. Nors Va\u0161ingtone meras Murielas Bowseris padidino miest\u0105 ma\u017e\u0117jant\u012f nusikalstamum\u0105, ji taip pat sak\u0117, kad rugpj\u016b\u010dio pabaigoje ji taip pat sak\u0117, kad nuolatinis imigracijos agent\u0173 ir kari\u0173 buvimas Va\u0161ingtone \u201eneveikia\u201c.<\/p>\n<p id=\"anchor-3de93c\" class=\"body-graf\">Anks\u010diau \u0161\u012f m\u0117nes\u012f Va\u0161ingtonas pateik\u0117 ie\u0161kin\u012f Trumpo administracijai, tvirtindamas, kad \u012f miest\u0105 \u201eneteis\u0117tai dislokavo\u201c Nacionalin\u0117s gvardijos kariuomen\u0117s b\u016brius.<\/p>\n<p id=\"anchor-21a806\" class=\"endmark body-graf\">\u0160is ie\u0161kinys \u012fvyko pra\u0117jus kelioms dienoms po to, kai federalinis Kalifornijos teis\u0117jas nutar\u0117, kad D.Trumpo administracija pa\u017eeid\u0117 \u012fstatym\u0105, kuris u\u017edraud\u017eia kareivi\u0173 naudojim\u0105 civilinei teis\u0117saugos veiklai. Bir\u017eelio m\u0117n. Prezidentas sutelk\u0117 4000 Nacionalin\u0117s gvardijos kariuomen\u0117s ir 700 j\u016br\u0173 p\u0117stinink\u0173 Los And\u017eele, kad numal\u0161int\u0173 protestus prie\u0161 imigracij\u0105 ir muitin\u0117s vykdymo reidus.<\/p>\n<\/div>\n<p><a href=\"https:\/\/www.nbcnews.com\/politics\/trump-administration\/trump-portland-troops-hegseth-ice-defense-secretary-rcna234082\" target=\"_blank\" rel=\"noopener\"> Nuoroda \u012f informacijos \u0161altin\u012f <\/a><\/p>\n","protected":false},"excerpt":{"rendered":"<p>Prezidentas Donaldas Trumpas \u0161e\u0161tadien\u012f parei\u0161k\u0117, kad jis vadovauja gynybos sekretoriui Pete&#8217;ui Hegsethui \u201eapr\u016bpinti visus b\u016btinus karius\u201c \u012f Portland\u0105, Oregon\u0105. \u012era\u0161e&hellip;<\/p>\n","protected":false},"author":1,"featured_media":801,"comment_status":"open","ping_status":"open","sticky":false,"template":"","format":"standard","meta":{"footnotes":""},"categories":[4],"tags":[],"class_list":["post-800","post","type-post","status-publish","format-standard","has-post-thumbnail","hentry","category-pasaulio-naujienos"],"yoast_head":"<!-- This site is optimized with the Yoast SEO plugin v27.5 - https:\/\/yoast.com\/product\/yoast-seo-wordpress\/ -->\n<title>Trumpas nurodo gynybos sekretoriui dislokuoti karius \u012f Portland\u0105 - NORDICCAB.LT<\/title>\n<meta name=\"robots\" content=\"index, follow, max-snippet:-1, max-image-preview:large, max-video-preview:-1\" \/>\n<link rel=\"canonical\" href=\"https:\/\/nordiccab.lt\/index.php\/2025\/09\/27\/trumpas-nurodo-gynybos-sekretoriui-dislokuoti-karius-i-portlanda\/\" \/>\n<meta property=\"og:locale\" content=\"lt_LT\" \/>\n<meta property=\"og:type\" content=\"article\" \/>\n<meta property=\"og:title\" content=\"Trumpas nurodo gynybos sekretoriui dislokuoti karius \u012f Portland\u0105 - NORDICCAB.LT\" \/>\n<meta property=\"og:description\" content=\"Prezidentas Donaldas Trumpas \u0161e\u0161tadien\u012f parei\u0161k\u0117, kad jis vadovauja gynybos sekretoriui Pete&#8217;ui Hegsethui \u201eapr\u016bpinti visus b\u016btinus karius\u201c \u012f Portland\u0105, Oregon\u0105. \u012era\u0161e&hellip;\" \/>\n<meta property=\"og:url\" content=\"https:\/\/nordiccab.lt\/index.php\/2025\/09\/27\/trumpas-nurodo-gynybos-sekretoriui-dislokuoti-karius-i-portlanda\/\" \/>\n<meta property=\"og:site_name\" content=\"NORDICCAB.LT\" \/>\n<meta property=\"article:published_time\" content=\"2025-09-27T16:51:40+00:00\" \/>\n<meta property=\"og:image\" content=\"https:\/\/media-cldnry.s-nbcnews.com\/image\/upload\/t_fit-760w,f_auto,q_auto:best\/rockcms\/2025-09\/250927-portland-skyline-mn-1235-e7842c.jpg\" \/>\n<meta name=\"author\" content=\"admin\" \/>\n<meta name=\"twitter:card\" content=\"summary_large_image\" \/>\n<meta name=\"twitter:label1\" content=\"Written by\" \/>\n\t<meta name=\"twitter:data1\" content=\"admin\" \/>\n\t<meta name=\"twitter:label2\" content=\"Est. reading time\" \/>\n\t<meta name=\"twitter:data2\" content=\"3 minut\u0117s\" \/>\n<script type=\"application\/ld+json\" class=\"yoast-schema-graph\">{\"@context\":\"https:\\\/\\\/schema.org\",\"@graph\":[{\"@type\":\"Article\",\"@id\":\"https:\\\/\\\/nordiccab.lt\\\/index.php\\\/2025\\\/09\\\/27\\\/trumpas-nurodo-gynybos-sekretoriui-dislokuoti-karius-i-portlanda\\\/#article\",\"isPartOf\":{\"@id\":\"https:\\\/\\\/nordiccab.lt\\\/index.php\\\/2025\\\/09\\\/27\\\/trumpas-nurodo-gynybos-sekretoriui-dislokuoti-karius-i-portlanda\\\/\"},\"author\":{\"name\":\"admin\",\"@id\":\"https:\\\/\\\/nordiccab.lt\\\/#\\\/schema\\\/person\\\/1e06879215dcf15255113d53ae73289b\"},\"headline\":\"Trumpas nurodo gynybos sekretoriui dislokuoti karius \u012f Portland\u0105\",\"datePublished\":\"2025-09-27T16:51:40+00:00\",\"mainEntityOfPage\":{\"@id\":\"https:\\\/\\\/nordiccab.lt\\\/index.php\\\/2025\\\/09\\\/27\\\/trumpas-nurodo-gynybos-sekretoriui-dislokuoti-karius-i-portlanda\\\/\"},\"wordCount\":639,\"commentCount\":0,\"image\":{\"@id\":\"https:\\\/\\\/nordiccab.lt\\\/index.php\\\/2025\\\/09\\\/27\\\/trumpas-nurodo-gynybos-sekretoriui-dislokuoti-karius-i-portlanda\\\/#primaryimage\"},\"thumbnailUrl\":\"https:\\\/\\\/nordiccab.lt\\\/wp-content\\\/uploads\\\/2025\\\/09\\\/Trumpas-nurodo-gynybos-sekretoriui-dislokuoti-karius-i-Portlanda.jpg\",\"articleSection\":[\"PASAULIO NAUJIENOS\"],\"inLanguage\":\"lt-LT\",\"potentialAction\":[{\"@type\":\"CommentAction\",\"name\":\"Comment\",\"target\":[\"https:\\\/\\\/nordiccab.lt\\\/index.php\\\/2025\\\/09\\\/27\\\/trumpas-nurodo-gynybos-sekretoriui-dislokuoti-karius-i-portlanda\\\/#respond\"]}]},{\"@type\":\"WebPage\",\"@id\":\"https:\\\/\\\/nordiccab.lt\\\/index.php\\\/2025\\\/09\\\/27\\\/trumpas-nurodo-gynybos-sekretoriui-dislokuoti-karius-i-portlanda\\\/\",\"url\":\"https:\\\/\\\/nordiccab.lt\\\/index.php\\\/2025\\\/09\\\/27\\\/trumpas-nurodo-gynybos-sekretoriui-dislokuoti-karius-i-portlanda\\\/\",\"name\":\"Trumpas nurodo gynybos sekretoriui dislokuoti karius \u012f Portland\u0105 - NORDICCAB.LT\",\"isPartOf\":{\"@id\":\"https:\\\/\\\/nordiccab.lt\\\/#website\"},\"primaryImageOfPage\":{\"@id\":\"https:\\\/\\\/nordiccab.lt\\\/index.php\\\/2025\\\/09\\\/27\\\/trumpas-nurodo-gynybos-sekretoriui-dislokuoti-karius-i-portlanda\\\/#primaryimage\"},\"image\":{\"@id\":\"https:\\\/\\\/nordiccab.lt\\\/index.php\\\/2025\\\/09\\\/27\\\/trumpas-nurodo-gynybos-sekretoriui-dislokuoti-karius-i-portlanda\\\/#primaryimage\"},\"thumbnailUrl\":\"https:\\\/\\\/nordiccab.lt\\\/wp-content\\\/uploads\\\/2025\\\/09\\\/Trumpas-nurodo-gynybos-sekretoriui-dislokuoti-karius-i-Portlanda.jpg\",\"datePublished\":\"2025-09-27T16:51:40+00:00\",\"author\":{\"@id\":\"https:\\\/\\\/nordiccab.lt\\\/#\\\/schema\\\/person\\\/1e06879215dcf15255113d53ae73289b\"},\"breadcrumb\":{\"@id\":\"https:\\\/\\\/nordiccab.lt\\\/index.php\\\/2025\\\/09\\\/27\\\/trumpas-nurodo-gynybos-sekretoriui-dislokuoti-karius-i-portlanda\\\/#breadcrumb\"},\"inLanguage\":\"lt-LT\",\"potentialAction\":[{\"@type\":\"ReadAction\",\"target\":[\"https:\\\/\\\/nordiccab.lt\\\/index.php\\\/2025\\\/09\\\/27\\\/trumpas-nurodo-gynybos-sekretoriui-dislokuoti-karius-i-portlanda\\\/\"]}]},{\"@type\":\"ImageObject\",\"inLanguage\":\"lt-LT\",\"@id\":\"https:\\\/\\\/nordiccab.lt\\\/index.php\\\/2025\\\/09\\\/27\\\/trumpas-nurodo-gynybos-sekretoriui-dislokuoti-karius-i-portlanda\\\/#primaryimage\",\"url\":\"https:\\\/\\\/nordiccab.lt\\\/wp-content\\\/uploads\\\/2025\\\/09\\\/Trumpas-nurodo-gynybos-sekretoriui-dislokuoti-karius-i-Portlanda.jpg\",\"contentUrl\":\"https:\\\/\\\/nordiccab.lt\\\/wp-content\\\/uploads\\\/2025\\\/09\\\/Trumpas-nurodo-gynybos-sekretoriui-dislokuoti-karius-i-Portlanda.jpg\",\"width\":1200,\"height\":630},{\"@type\":\"BreadcrumbList\",\"@id\":\"https:\\\/\\\/nordiccab.lt\\\/index.php\\\/2025\\\/09\\\/27\\\/trumpas-nurodo-gynybos-sekretoriui-dislokuoti-karius-i-portlanda\\\/#breadcrumb\",\"itemListElement\":[{\"@type\":\"ListItem\",\"position\":1,\"name\":\"Home\",\"item\":\"https:\\\/\\\/nordiccab.lt\\\/\"},{\"@type\":\"ListItem\",\"position\":2,\"name\":\"Trumpas nurodo gynybos sekretoriui dislokuoti karius \u012f Portland\u0105\"}]},{\"@type\":\"WebSite\",\"@id\":\"https:\\\/\\\/nordiccab.lt\\\/#website\",\"url\":\"https:\\\/\\\/nordiccab.lt\\\/\",\"name\":\"NORDICCAB.LT\",\"description\":\"Pasaulio naujienos, technologijos, automobiliai\",\"potentialAction\":[{\"@type\":\"SearchAction\",\"target\":{\"@type\":\"EntryPoint\",\"urlTemplate\":\"https:\\\/\\\/nordiccab.lt\\\/?s={search_term_string}\"},\"query-input\":{\"@type\":\"PropertyValueSpecification\",\"valueRequired\":true,\"valueName\":\"search_term_string\"}}],\"inLanguage\":\"lt-LT\"},{\"@type\":\"Person\",\"@id\":\"https:\\\/\\\/nordiccab.lt\\\/#\\\/schema\\\/person\\\/1e06879215dcf15255113d53ae73289b\",\"name\":\"admin\",\"image\":{\"@type\":\"ImageObject\",\"inLanguage\":\"lt-LT\",\"@id\":\"https:\\\/\\\/secure.gravatar.com\\\/avatar\\\/f37349f777250847d2fca2ada474f5a6aadffa79d5284e8ad354a5c410a691ec?s=96&d=mm&r=g\",\"url\":\"https:\\\/\\\/secure.gravatar.com\\\/avatar\\\/f37349f777250847d2fca2ada474f5a6aadffa79d5284e8ad354a5c410a691ec?s=96&d=mm&r=g\",\"contentUrl\":\"https:\\\/\\\/secure.gravatar.com\\\/avatar\\\/f37349f777250847d2fca2ada474f5a6aadffa79d5284e8ad354a5c410a691ec?s=96&d=mm&r=g\",\"caption\":\"admin\"},\"sameAs\":[\"https:\\\/\\\/nordiccab.lt\"],\"url\":\"https:\\\/\\\/nordiccab.lt\\\/author\\\/admin\\\/\"}]}<\/script>\n<!-- \/ Yoast SEO plugin. -->","yoast_head_json":{"title":"Trumpas nurodo gynybos sekretoriui dislokuoti karius \u012f Portland\u0105 - NORDICCAB.LT","robots":{"index":"index","follow":"follow","max-snippet":"max-snippet:-1","max-image-preview":"max-image-preview:large","max-video-preview":"max-video-preview:-1"},"canonical":"https:\/\/nordiccab.lt\/index.php\/2025\/09\/27\/trumpas-nurodo-gynybos-sekretoriui-dislokuoti-karius-i-portlanda\/","og_locale":"lt_LT","og_type":"article","og_title":"Trumpas nurodo gynybos sekretoriui dislokuoti karius \u012f Portland\u0105 - NORDICCAB.LT","og_description":"Prezidentas Donaldas Trumpas \u0161e\u0161tadien\u012f parei\u0161k\u0117, kad jis vadovauja gynybos sekretoriui Pete&#8217;ui Hegsethui \u201eapr\u016bpinti visus b\u016btinus karius\u201c \u012f Portland\u0105, Oregon\u0105. \u012era\u0161e&hellip;","og_url":"https:\/\/nordiccab.lt\/index.php\/2025\/09\/27\/trumpas-nurodo-gynybos-sekretoriui-dislokuoti-karius-i-portlanda\/","og_site_name":"NORDICCAB.LT","article_published_time":"2025-09-27T16:51:40+00:00","og_image":[{"url":"https:\/\/media-cldnry.s-nbcnews.com\/image\/upload\/t_fit-760w,f_auto,q_auto:best\/rockcms\/2025-09\/250927-portland-skyline-mn-1235-e7842c.jpg","type":"","width":"","height":""}],"author":"admin","twitter_card":"summary_large_image","twitter_misc":{"Written by":"admin","Est. reading time":"3 minut\u0117s"},"schema":{"@context":"https:\/\/schema.org","@graph":[{"@type":"Article","@id":"https:\/\/nordiccab.lt\/index.php\/2025\/09\/27\/trumpas-nurodo-gynybos-sekretoriui-dislokuoti-karius-i-portlanda\/#article","isPartOf":{"@id":"https:\/\/nordiccab.lt\/index.php\/2025\/09\/27\/trumpas-nurodo-gynybos-sekretoriui-dislokuoti-karius-i-portlanda\/"},"author":{"name":"admin","@id":"https:\/\/nordiccab.lt\/#\/schema\/person\/1e06879215dcf15255113d53ae73289b"},"headline":"Trumpas nurodo gynybos sekretoriui dislokuoti karius \u012f Portland\u0105","datePublished":"2025-09-27T16:51:40+00:00","mainEntityOfPage":{"@id":"https:\/\/nordiccab.lt\/index.php\/2025\/09\/27\/trumpas-nurodo-gynybos-sekretoriui-dislokuoti-karius-i-portlanda\/"},"wordCount":639,"commentCount":0,"image":{"@id":"https:\/\/nordiccab.lt\/index.php\/2025\/09\/27\/trumpas-nurodo-gynybos-sekretoriui-dislokuoti-karius-i-portlanda\/#primaryimage"},"thumbnailUrl":"https:\/\/nordiccab.lt\/wp-content\/uploads\/2025\/09\/Trumpas-nurodo-gynybos-sekretoriui-dislokuoti-karius-i-Portlanda.jpg","articleSection":["PASAULIO NAUJIENOS"],"inLanguage":"lt-LT","potentialAction":[{"@type":"CommentAction","name":"Comment","target":["https:\/\/nordiccab.lt\/index.php\/2025\/09\/27\/trumpas-nurodo-gynybos-sekretoriui-dislokuoti-karius-i-portlanda\/#respond"]}]},{"@type":"WebPage","@id":"https:\/\/nordiccab.lt\/index.php\/2025\/09\/27\/trumpas-nurodo-gynybos-sekretoriui-dislokuoti-karius-i-portlanda\/","url":"https:\/\/nordiccab.lt\/index.php\/2025\/09\/27\/trumpas-nurodo-gynybos-sekretoriui-dislokuoti-karius-i-portlanda\/","name":"Trumpas nurodo gynybos sekretoriui dislokuoti karius \u012f Portland\u0105 - NORDICCAB.LT","isPartOf":{"@id":"https:\/\/nordiccab.lt\/#website"},"primaryImageOfPage":{"@id":"https:\/\/nordiccab.lt\/index.php\/2025\/09\/27\/trumpas-nurodo-gynybos-sekretoriui-dislokuoti-karius-i-portlanda\/#primaryimage"},"image":{"@id":"https:\/\/nordiccab.lt\/index.php\/2025\/09\/27\/trumpas-nurodo-gynybos-sekretoriui-dislokuoti-karius-i-portlanda\/#primaryimage"},"thumbnailUrl":"https:\/\/nordiccab.lt\/wp-content\/uploads\/2025\/09\/Trumpas-nurodo-gynybos-sekretoriui-dislokuoti-karius-i-Portlanda.jpg","datePublished":"2025-09-27T16:51:40+00:00","author":{"@id":"https:\/\/nordiccab.lt\/#\/schema\/person\/1e06879215dcf15255113d53ae73289b"},"breadcrumb":{"@id":"https:\/\/nordiccab.lt\/index.php\/2025\/09\/27\/trumpas-nurodo-gynybos-sekretoriui-dislokuoti-karius-i-portlanda\/#breadcrumb"},"inLanguage":"lt-LT","potentialAction":[{"@type":"ReadAction","target":["https:\/\/nordiccab.lt\/index.php\/2025\/09\/27\/trumpas-nurodo-gynybos-sekretoriui-dislokuoti-karius-i-portlanda\/"]}]},{"@type":"ImageObject","inLanguage":"lt-LT","@id":"https:\/\/nordiccab.lt\/index.php\/2025\/09\/27\/trumpas-nurodo-gynybos-sekretoriui-dislokuoti-karius-i-portlanda\/#primaryimage","url":"https:\/\/nordiccab.lt\/wp-content\/uploads\/2025\/09\/Trumpas-nurodo-gynybos-sekretoriui-dislokuoti-karius-i-Portlanda.jpg","contentUrl":"https:\/\/nordiccab.lt\/wp-content\/uploads\/2025\/09\/Trumpas-nurodo-gynybos-sekretoriui-dislokuoti-karius-i-Portlanda.jpg","width":1200,"height":630},{"@type":"BreadcrumbList","@id":"https:\/\/nordiccab.lt\/index.php\/2025\/09\/27\/trumpas-nurodo-gynybos-sekretoriui-dislokuoti-karius-i-portlanda\/#breadcrumb","itemListElement":[{"@type":"ListItem","position":1,"name":"Home","item":"https:\/\/nordiccab.lt\/"},{"@type":"ListItem","position":2,"name":"Trumpas nurodo gynybos sekretoriui dislokuoti karius \u012f Portland\u0105"}]},{"@type":"WebSite","@id":"https:\/\/nordiccab.lt\/#website","url":"https:\/\/nordiccab.lt\/","name":"NORDICCAB.LT","description":"Pasaulio naujienos, technologijos, automobiliai","potentialAction":[{"@type":"SearchAction","target":{"@type":"EntryPoint","urlTemplate":"https:\/\/nordiccab.lt\/?s={search_term_string}"},"query-input":{"@type":"PropertyValueSpecification","valueRequired":true,"valueName":"search_term_string"}}],"inLanguage":"lt-LT"},{"@type":"Person","@id":"https:\/\/nordiccab.lt\/#\/schema\/person\/1e06879215dcf15255113d53ae73289b","name":"admin","image":{"@type":"ImageObject","inLanguage":"lt-LT","@id":"https:\/\/secure.gravatar.com\/avatar\/f37349f777250847d2fca2ada474f5a6aadffa79d5284e8ad354a5c410a691ec?s=96&d=mm&r=g","url":"https:\/\/secure.gravatar.com\/avatar\/f37349f777250847d2fca2ada474f5a6aadffa79d5284e8ad354a5c410a691ec?s=96&d=mm&r=g","contentUrl":"https:\/\/secure.gravatar.com\/avatar\/f37349f777250847d2fca2ada474f5a6aadffa79d5284e8ad354a5c410a691ec?s=96&d=mm&r=g","caption":"admin"},"sameAs":["https:\/\/nordiccab.lt"],"url":"https:\/\/nordiccab.lt\/author\/admin\/"}]}},"_links":{"self":[{"href":"https:\/\/nordiccab.lt\/index.php\/wp-json\/wp\/v2\/posts\/800","targetHints":{"allow":["GET"]}}],"collection":[{"href":"https:\/\/nordiccab.lt\/index.php\/wp-json\/wp\/v2\/posts"}],"about":[{"href":"https:\/\/nordiccab.lt\/index.php\/wp-json\/wp\/v2\/types\/post"}],"author":[{"embeddable":true,"href":"https:\/\/nordiccab.lt\/index.php\/wp-json\/wp\/v2\/users\/1"}],"replies":[{"embeddable":true,"href":"https:\/\/nordiccab.lt\/index.php\/wp-json\/wp\/v2\/comments?post=800"}],"version-history":[{"count":0,"href":"https:\/\/nordiccab.lt\/index.php\/wp-json\/wp\/v2\/posts\/800\/revisions"}],"wp:featuredmedia":[{"embeddable":true,"href":"https:\/\/nordiccab.lt\/index.php\/wp-json\/wp\/v2\/media\/801"}],"wp:attachment":[{"href":"https:\/\/nordiccab.lt\/index.php\/wp-json\/wp\/v2\/media?parent=800"}],"wp:term":[{"taxonomy":"category","embeddable":true,"href":"https:\/\/nordiccab.lt\/index.php\/wp-json\/wp\/v2\/categories?post=800"},{"taxonomy":"post_tag","embeddable":true,"href":"https:\/\/nordiccab.lt\/index.php\/wp-json\/wp\/v2\/tags?post=800"}],"curies":[{"name":"wp","href":"https:\/\/api.w.org\/{rel}","templated":true}]}}