{"id":777,"date":"2025-09-22T16:30:39","date_gmt":"2025-09-22T16:30:39","guid":{"rendered":"https:\/\/nordiccab.lt\/index.php\/2025\/09\/22\/motogp-tour-de-force-vietas-trackside-su-apple-svaiginanciomis-blackmagic-kameromis\/"},"modified":"2025-09-22T16:30:39","modified_gmt":"2025-09-22T16:30:39","slug":"motogp-tour-de-force-vietas-trackside-su-apple-svaiginanciomis-blackmagic-kameromis","status":"publish","type":"post","link":"https:\/\/nordiccab.lt\/index.php\/2025\/09\/22\/motogp-tour-de-force-vietas-trackside-su-apple-svaiginanciomis-blackmagic-kameromis\/","title":{"rendered":"\u201eMotoGP Tour de Force\u201c vietas \u201eTrackside\u201c su \u201eApple\u201c svaiginan\u010diomis \u201eBlackmagic\u201c kameromis"},"content":{"rendered":"<p><\/p>\n<div id=\"\">\n<p>Per 1 minut\u0119 ir 30 sekund\u017ei\u0173 \u012f 30 minu\u010di\u0173 trukm\u0117s svaiginant\u012f dokumentin\u012f \u201eTour de\u201c-\u201eMotoGP\u201c dvira\u010di\u0173 parkas lenktyniauja nuo pradini\u0173 pozicij\u0173.<\/p>\n<p>Tai v\u0117su sukeliantis momentas, liudijantis ne\u012fsivaizduojam\u0105 pagreit\u012f lieting\u0105 dien\u0105 Pranc\u016bzijoje. J\u016bs tiesiog niekada anks\u010diau nemat\u0117te grei\u010dio. Artimiausias palyginimas b\u016bt\u0173 stov\u0117j\u0119s ant tinklelio, kad prad\u0117t\u0173 \u201eTron Light Cycle\u201c lenktynes. \u201eApple Vision Pro VR\u201c akimirkoje yra kvap\u0105 gniau\u017eiantis ir \u012ftikinamas kabliuko \u012f likus\u012f \u0161\u012f kruop\u0161\u010diai tempo sporto dokumentin\u012f film\u0105.<\/p>\n<h2 id=\"first-of-its-kind-immersive-sports-documentary\">Pirmasis tokio tipo svaiginantis sporto dokumentinis filmas<\/h2>\n<p>\u201eTour de Force\u201c yra naujos r\u016b\u0161ies sporto dokumentinis filmas, nufilmuotas ant keturi\u0173 \u201eBlackmagic Ursa Cine\u201c svaiginan\u010di\u0173 kamer\u0173, u\u017efiksuot\u0173 \u201eApple\u201c svaiginan\u010diame formate, tai rei\u0161kia, kad kiekviena \u201eHuling\u201c dvigub\u0173 objektyvo sistema u\u017efiksuoja 180 laipsni\u0173 stereoskopin\u0119 VR pagal \u201eApple\u201c specifikacijas.<\/p>\n<p>Filmas seka motociklinink\u0105 Johann\u0105 Zarco per pavojing\u0105 lietaus dien\u0105 per Pranc\u016bzijos Grand Prix prie Le Mans \u0161iais metais. \u201eApple\u201c pa\u017eymi, kad \u0161iam projektui film\u0173 k\u016br\u0117jai \u012fdieg\u0117 \u201eApple Vision Pro\u201c ausini\u0173 tras\u0105, kad gal\u0117t\u0173 nedelsdami per\u017ei\u016br\u0117ti filmuot\u0105 med\u017eiag\u0105 ir \u201eu\u017etikrinti tiksl\u0173 kadr\u0173 aparat\u0105 kontekste\u201c.<\/p>\n<p>Etiket\u0119 \u201eFirst to r\u016b\u0161ies\u201c galima pritaikyti daugeliui stereoskopini\u0173 projekt\u0173, vykstan\u010di\u0173 de\u0161imtme\u010diais. A\u0161 j\u012f naudoju, nes, atrodo, kad d\u0117v\u0117ti atskiras VR ausines, kad i\u0161 karto per\u017ei\u016br\u0117t\u0173 fotoaparato filmuot\u0105 med\u017eiag\u0105 \u012ftemptame redagavimo sraute, atrodo, kad film\u0173 k\u016br\u0117jai i\u0161 esm\u0117s pad\u0117jo \u010dia, pasak pasakojimo efektyvumo ir poveikio.<\/p>\n<p>Ankstesniuose i\u0161skirtiniuose leidiniuose \u201eApple\u201c formatu apima scenarij\u0173 panardint\u0105 film\u0105 ir kruop\u0161\u010diai pagamint\u0105 vaizd\u0105 apie supam\u0119 \u201eMetallica\u201c koncert\u0105. \u010cia, Pranc\u016bzijoje, pilk\u0173 debesys vir\u0161 galvos kelia gr\u0117sm\u0119 film\u0173 k\u016brimo pastangoms, kaip ir \u201eZarco\u201c padang\u0173 pasirinkimui, nes jis kenkia \u0161imtams kilometr\u0173 per valand\u0105. Taigi galb\u016bt tod\u0117l, net jei fotoaparatas ne\u0161amas ant \u201eSteadicam\u201c, m\u016bs\u0173 pirmasis takelio momentas jau\u010diasi \u0161iek tiek banguotas, kai art\u0117jame prie \u201eZarco\u201c, kai ma\u017edaug 300 000 gerb\u0117j\u0173.<\/p>\n<p>Filmo k\u016br\u0117jai tik nustato statymus. Kiti fotoaparatai yra ant pjedestal\u0173 ir tvirtos ant \u017eem\u0117s, \u012fskaitant t\u0105 \u012fsp\u016bding\u0105 moment\u0105 pradin\u0117je linijoje, kurios man pasirod\u0117 toks galingas, kad pereinu \u012f antr\u0105 \u0161altkr\u0117\u010di\u0173 bang\u0105.<\/p>\n<p>Viena pastebima \u201eTour de Force\u201c savyb\u0117 yra ta, kad skys\u010diai \u012fvairiais laikais smog\u0117 l\u0119\u0161iams. Did\u017ei\u0105j\u0105 laiko dal\u012f tai yra tik la\u0161as ar du lietaus vienoje akyje, ta\u010diau vienu metu \u0161alia filmo pabaigos i\u0161 esm\u0117s j\u016bs esate skystas. Lietus gal\u0117jo padaryti nepageidaujam\u0105 vis\u0173 filmuot\u0105 med\u017eiag\u0105. Vietoj to, la\u0161as u\u017eklumpa jums galv\u0105 tarsi pasakyti: \u201eO ne, lenktyn\u0117s tiesiog tapo pavojingesn\u0117s\u201c. Ar a\u0161 k\u0105 tik liudijau 180 laipsni\u0173 VR vaizdo \u012fra\u0161o krik\u0161t\u0105?<\/p>\n<p>Prie\u0161 \u017ei\u016br\u0117damas \u201eTour de Force\u201c, visi\u0161kai nieko ne\u017einojau apie \u201eMotoGP Racing\u201c. Dabar esu pranc\u016bz\u0173 motociklo motociklininko, vardu Johannas Zarco, gerb\u0117jas. Niekada nema\u010diau jo per televizori\u0173, niekada neskai\u010diau apie j\u012f naujien\u0173 straipsnyje, niekada negird\u0117jau apie j\u012f per radij\u0105 ir niekas apie mane niekada nekalb\u0117jo. Bet dabar jau\u010diu, kaip a\u0161 j\u012f \u0161iek tiek pa\u017e\u012fstu, nes steb\u0117jau, kaip jis VR, nutraukia motocikl\u0105 ir nusileid\u017eia ant jo koj\u0173 ant \u017eem\u0117s. Steb\u0117jau, kaip jis tai daro anksti \u0161iame dokumentiniame filme \u201eFront and Center\u201c, o v\u0117liau \u0161iek tiek v\u0117liau steb\u0117jau j\u012f atgal, \u0161\u012f kart\u0105 nuo takelio u\u017etvaros prie\u0161ais gerb\u0117jus.<\/p>\n<p>\u201eTour de Force\u201c yra puikus b\u016bdas praleisti pusvaland\u012f VR. Filmo k\u016br\u0117jams tai yra \u201eBlackmagic\u201c kamer\u0173 demonstravimas tokiuose scenarijuose, skirtuose svaiginan\u010diam pasakojimui. \u0160\u016bviai, esantys \u0161alia \u0161io projekto pabaigos, pasi\u017eymi \u201eZarco\u201c, kertan\u010diu tolumoje esant\u012f p\u0117s\u010di\u0173j\u0173 tak\u0105, \u017emon\u0117s, esantys prie\u0161akyje, mojuodami \u012f j\u012f. Sluoksniuoto gylio jausmas sukuria ry\u0161ki\u0105 atmint\u012f, papildan\u010di\u0105 t\u0105 akimirk\u0105, kai prasideda lenktyn\u0117s. Ankstesni \u201eApple\u201c svaiginantys projektai buvo tiriami ir malon\u016bs, ta\u010diau \u201eTour de Force\u201c pradeda prid\u0117ti nauj\u0105 \u017eodyn\u0105 kino kalbai i\u0161 tikr\u0173j\u0173 auk\u0161to i\u0161tikimyb\u0117s 3D.<\/p>\n<p>Jis prieinamas \u201eApple Vision Pro\u201c vartotojams Pranc\u016bzijoje su \u201eCanal+\u201c prenumerata ir \u201eApple TV\u201c programa kitur.<\/p>\n<\/p><\/div>\n<p><a href=\"https:\/\/www.uploadvr.com\/tour-de-force-apple-immersive-review\/\" target=\"_blank\" rel=\"noopener\"> Nuoroda \u012f informacijos \u0161altin\u012f <\/a><\/p>\n","protected":false},"excerpt":{"rendered":"<p>Per 1 minut\u0119 ir 30 sekund\u017ei\u0173 \u012f 30 minu\u010di\u0173 trukm\u0117s svaiginant\u012f dokumentin\u012f \u201eTour de\u201c-\u201eMotoGP\u201c dvira\u010di\u0173 parkas lenktyniauja nuo pradini\u0173 pozicij\u0173.&hellip;<\/p>\n","protected":false},"author":1,"featured_media":778,"comment_status":"open","ping_status":"open","sticky":false,"template":"","format":"standard","meta":{"footnotes":""},"categories":[7],"tags":[],"class_list":["post-777","post","type-post","status-publish","format-standard","has-post-thumbnail","hentry","category-virtualioji-realybe"],"yoast_head":"<!-- This site is optimized with the Yoast SEO plugin v27.5 - https:\/\/yoast.com\/product\/yoast-seo-wordpress\/ -->\n<title>\u201eMotoGP Tour de Force\u201c vietas \u201eTrackside\u201c su \u201eApple\u201c svaiginan\u010diomis \u201eBlackmagic\u201c kameromis - NORDICCAB.LT<\/title>\n<meta name=\"robots\" content=\"index, follow, max-snippet:-1, max-image-preview:large, max-video-preview:-1\" \/>\n<link rel=\"canonical\" href=\"https:\/\/nordiccab.lt\/index.php\/2025\/09\/22\/motogp-tour-de-force-vietas-trackside-su-apple-svaiginanciomis-blackmagic-kameromis\/\" \/>\n<meta property=\"og:locale\" content=\"lt_LT\" \/>\n<meta property=\"og:type\" content=\"article\" \/>\n<meta property=\"og:title\" content=\"\u201eMotoGP Tour de Force\u201c vietas \u201eTrackside\u201c su \u201eApple\u201c svaiginan\u010diomis \u201eBlackmagic\u201c kameromis - NORDICCAB.LT\" \/>\n<meta property=\"og:description\" content=\"Per 1 minut\u0119 ir 30 sekund\u017ei\u0173 \u012f 30 minu\u010di\u0173 trukm\u0117s svaiginant\u012f dokumentin\u012f \u201eTour de\u201c-\u201eMotoGP\u201c dvira\u010di\u0173 parkas lenktyniauja nuo pradini\u0173 pozicij\u0173.&hellip;\" \/>\n<meta property=\"og:url\" content=\"https:\/\/nordiccab.lt\/index.php\/2025\/09\/22\/motogp-tour-de-force-vietas-trackside-su-apple-svaiginanciomis-blackmagic-kameromis\/\" \/>\n<meta property=\"og:site_name\" content=\"NORDICCAB.LT\" \/>\n<meta property=\"article:published_time\" content=\"2025-09-22T16:30:39+00:00\" \/>\n<meta name=\"author\" content=\"admin\" \/>\n<meta name=\"twitter:card\" content=\"summary_large_image\" \/>\n<meta name=\"twitter:label1\" content=\"Written by\" \/>\n\t<meta name=\"twitter:data1\" content=\"admin\" \/>\n\t<meta name=\"twitter:label2\" content=\"Est. reading time\" \/>\n\t<meta name=\"twitter:data2\" content=\"3 minut\u0117s\" \/>\n<script type=\"application\/ld+json\" class=\"yoast-schema-graph\">{\"@context\":\"https:\\\/\\\/schema.org\",\"@graph\":[{\"@type\":\"Article\",\"@id\":\"https:\\\/\\\/nordiccab.lt\\\/index.php\\\/2025\\\/09\\\/22\\\/motogp-tour-de-force-vietas-trackside-su-apple-svaiginanciomis-blackmagic-kameromis\\\/#article\",\"isPartOf\":{\"@id\":\"https:\\\/\\\/nordiccab.lt\\\/index.php\\\/2025\\\/09\\\/22\\\/motogp-tour-de-force-vietas-trackside-su-apple-svaiginanciomis-blackmagic-kameromis\\\/\"},\"author\":{\"name\":\"admin\",\"@id\":\"https:\\\/\\\/nordiccab.lt\\\/#\\\/schema\\\/person\\\/1e06879215dcf15255113d53ae73289b\"},\"headline\":\"\u201eMotoGP Tour de Force\u201c vietas \u201eTrackside\u201c su \u201eApple\u201c svaiginan\u010diomis \u201eBlackmagic\u201c kameromis\",\"datePublished\":\"2025-09-22T16:30:39+00:00\",\"mainEntityOfPage\":{\"@id\":\"https:\\\/\\\/nordiccab.lt\\\/index.php\\\/2025\\\/09\\\/22\\\/motogp-tour-de-force-vietas-trackside-su-apple-svaiginanciomis-blackmagic-kameromis\\\/\"},\"wordCount\":677,\"commentCount\":0,\"image\":{\"@id\":\"https:\\\/\\\/nordiccab.lt\\\/index.php\\\/2025\\\/09\\\/22\\\/motogp-tour-de-force-vietas-trackside-su-apple-svaiginanciomis-blackmagic-kameromis\\\/#primaryimage\"},\"thumbnailUrl\":\"https:\\\/\\\/nordiccab.lt\\\/wp-content\\\/uploads\\\/2025\\\/09\\\/\u201eMotoGP-Tour-de-Force-vietas-\u201eTrackside-su-\u201eApple-svaiginanciomis-\u201eBlackmagic.jpg\",\"articleSection\":[\"VIRTUALIOJI REALYBE\"],\"inLanguage\":\"lt-LT\",\"potentialAction\":[{\"@type\":\"CommentAction\",\"name\":\"Comment\",\"target\":[\"https:\\\/\\\/nordiccab.lt\\\/index.php\\\/2025\\\/09\\\/22\\\/motogp-tour-de-force-vietas-trackside-su-apple-svaiginanciomis-blackmagic-kameromis\\\/#respond\"]}]},{\"@type\":\"WebPage\",\"@id\":\"https:\\\/\\\/nordiccab.lt\\\/index.php\\\/2025\\\/09\\\/22\\\/motogp-tour-de-force-vietas-trackside-su-apple-svaiginanciomis-blackmagic-kameromis\\\/\",\"url\":\"https:\\\/\\\/nordiccab.lt\\\/index.php\\\/2025\\\/09\\\/22\\\/motogp-tour-de-force-vietas-trackside-su-apple-svaiginanciomis-blackmagic-kameromis\\\/\",\"name\":\"\u201eMotoGP Tour de Force\u201c vietas \u201eTrackside\u201c su \u201eApple\u201c svaiginan\u010diomis \u201eBlackmagic\u201c kameromis - NORDICCAB.LT\",\"isPartOf\":{\"@id\":\"https:\\\/\\\/nordiccab.lt\\\/#website\"},\"primaryImageOfPage\":{\"@id\":\"https:\\\/\\\/nordiccab.lt\\\/index.php\\\/2025\\\/09\\\/22\\\/motogp-tour-de-force-vietas-trackside-su-apple-svaiginanciomis-blackmagic-kameromis\\\/#primaryimage\"},\"image\":{\"@id\":\"https:\\\/\\\/nordiccab.lt\\\/index.php\\\/2025\\\/09\\\/22\\\/motogp-tour-de-force-vietas-trackside-su-apple-svaiginanciomis-blackmagic-kameromis\\\/#primaryimage\"},\"thumbnailUrl\":\"https:\\\/\\\/nordiccab.lt\\\/wp-content\\\/uploads\\\/2025\\\/09\\\/\u201eMotoGP-Tour-de-Force-vietas-\u201eTrackside-su-\u201eApple-svaiginanciomis-\u201eBlackmagic.jpg\",\"datePublished\":\"2025-09-22T16:30:39+00:00\",\"author\":{\"@id\":\"https:\\\/\\\/nordiccab.lt\\\/#\\\/schema\\\/person\\\/1e06879215dcf15255113d53ae73289b\"},\"breadcrumb\":{\"@id\":\"https:\\\/\\\/nordiccab.lt\\\/index.php\\\/2025\\\/09\\\/22\\\/motogp-tour-de-force-vietas-trackside-su-apple-svaiginanciomis-blackmagic-kameromis\\\/#breadcrumb\"},\"inLanguage\":\"lt-LT\",\"potentialAction\":[{\"@type\":\"ReadAction\",\"target\":[\"https:\\\/\\\/nordiccab.lt\\\/index.php\\\/2025\\\/09\\\/22\\\/motogp-tour-de-force-vietas-trackside-su-apple-svaiginanciomis-blackmagic-kameromis\\\/\"]}]},{\"@type\":\"ImageObject\",\"inLanguage\":\"lt-LT\",\"@id\":\"https:\\\/\\\/nordiccab.lt\\\/index.php\\\/2025\\\/09\\\/22\\\/motogp-tour-de-force-vietas-trackside-su-apple-svaiginanciomis-blackmagic-kameromis\\\/#primaryimage\",\"url\":\"https:\\\/\\\/nordiccab.lt\\\/wp-content\\\/uploads\\\/2025\\\/09\\\/\u201eMotoGP-Tour-de-Force-vietas-\u201eTrackside-su-\u201eApple-svaiginanciomis-\u201eBlackmagic.jpg\",\"contentUrl\":\"https:\\\/\\\/nordiccab.lt\\\/wp-content\\\/uploads\\\/2025\\\/09\\\/\u201eMotoGP-Tour-de-Force-vietas-\u201eTrackside-su-\u201eApple-svaiginanciomis-\u201eBlackmagic.jpg\",\"width\":1200,\"height\":675},{\"@type\":\"BreadcrumbList\",\"@id\":\"https:\\\/\\\/nordiccab.lt\\\/index.php\\\/2025\\\/09\\\/22\\\/motogp-tour-de-force-vietas-trackside-su-apple-svaiginanciomis-blackmagic-kameromis\\\/#breadcrumb\",\"itemListElement\":[{\"@type\":\"ListItem\",\"position\":1,\"name\":\"Home\",\"item\":\"https:\\\/\\\/nordiccab.lt\\\/\"},{\"@type\":\"ListItem\",\"position\":2,\"name\":\"\u201eMotoGP Tour de Force\u201c vietas \u201eTrackside\u201c su \u201eApple\u201c svaiginan\u010diomis \u201eBlackmagic\u201c kameromis\"}]},{\"@type\":\"WebSite\",\"@id\":\"https:\\\/\\\/nordiccab.lt\\\/#website\",\"url\":\"https:\\\/\\\/nordiccab.lt\\\/\",\"name\":\"NORDICCAB.LT\",\"description\":\"Pasaulio naujienos, technologijos, automobiliai\",\"potentialAction\":[{\"@type\":\"SearchAction\",\"target\":{\"@type\":\"EntryPoint\",\"urlTemplate\":\"https:\\\/\\\/nordiccab.lt\\\/?s={search_term_string}\"},\"query-input\":{\"@type\":\"PropertyValueSpecification\",\"valueRequired\":true,\"valueName\":\"search_term_string\"}}],\"inLanguage\":\"lt-LT\"},{\"@type\":\"Person\",\"@id\":\"https:\\\/\\\/nordiccab.lt\\\/#\\\/schema\\\/person\\\/1e06879215dcf15255113d53ae73289b\",\"name\":\"admin\",\"image\":{\"@type\":\"ImageObject\",\"inLanguage\":\"lt-LT\",\"@id\":\"https:\\\/\\\/secure.gravatar.com\\\/avatar\\\/f37349f777250847d2fca2ada474f5a6aadffa79d5284e8ad354a5c410a691ec?s=96&d=mm&r=g\",\"url\":\"https:\\\/\\\/secure.gravatar.com\\\/avatar\\\/f37349f777250847d2fca2ada474f5a6aadffa79d5284e8ad354a5c410a691ec?s=96&d=mm&r=g\",\"contentUrl\":\"https:\\\/\\\/secure.gravatar.com\\\/avatar\\\/f37349f777250847d2fca2ada474f5a6aadffa79d5284e8ad354a5c410a691ec?s=96&d=mm&r=g\",\"caption\":\"admin\"},\"sameAs\":[\"https:\\\/\\\/nordiccab.lt\"],\"url\":\"https:\\\/\\\/nordiccab.lt\\\/author\\\/admin\\\/\"}]}<\/script>\n<!-- \/ Yoast SEO plugin. -->","yoast_head_json":{"title":"\u201eMotoGP Tour de Force\u201c vietas \u201eTrackside\u201c su \u201eApple\u201c svaiginan\u010diomis \u201eBlackmagic\u201c kameromis - NORDICCAB.LT","robots":{"index":"index","follow":"follow","max-snippet":"max-snippet:-1","max-image-preview":"max-image-preview:large","max-video-preview":"max-video-preview:-1"},"canonical":"https:\/\/nordiccab.lt\/index.php\/2025\/09\/22\/motogp-tour-de-force-vietas-trackside-su-apple-svaiginanciomis-blackmagic-kameromis\/","og_locale":"lt_LT","og_type":"article","og_title":"\u201eMotoGP Tour de Force\u201c vietas \u201eTrackside\u201c su \u201eApple\u201c svaiginan\u010diomis \u201eBlackmagic\u201c kameromis - NORDICCAB.LT","og_description":"Per 1 minut\u0119 ir 30 sekund\u017ei\u0173 \u012f 30 minu\u010di\u0173 trukm\u0117s svaiginant\u012f dokumentin\u012f \u201eTour de\u201c-\u201eMotoGP\u201c dvira\u010di\u0173 parkas lenktyniauja nuo pradini\u0173 pozicij\u0173.&hellip;","og_url":"https:\/\/nordiccab.lt\/index.php\/2025\/09\/22\/motogp-tour-de-force-vietas-trackside-su-apple-svaiginanciomis-blackmagic-kameromis\/","og_site_name":"NORDICCAB.LT","article_published_time":"2025-09-22T16:30:39+00:00","author":"admin","twitter_card":"summary_large_image","twitter_misc":{"Written by":"admin","Est. reading time":"3 minut\u0117s"},"schema":{"@context":"https:\/\/schema.org","@graph":[{"@type":"Article","@id":"https:\/\/nordiccab.lt\/index.php\/2025\/09\/22\/motogp-tour-de-force-vietas-trackside-su-apple-svaiginanciomis-blackmagic-kameromis\/#article","isPartOf":{"@id":"https:\/\/nordiccab.lt\/index.php\/2025\/09\/22\/motogp-tour-de-force-vietas-trackside-su-apple-svaiginanciomis-blackmagic-kameromis\/"},"author":{"name":"admin","@id":"https:\/\/nordiccab.lt\/#\/schema\/person\/1e06879215dcf15255113d53ae73289b"},"headline":"\u201eMotoGP Tour de Force\u201c vietas \u201eTrackside\u201c su \u201eApple\u201c svaiginan\u010diomis \u201eBlackmagic\u201c kameromis","datePublished":"2025-09-22T16:30:39+00:00","mainEntityOfPage":{"@id":"https:\/\/nordiccab.lt\/index.php\/2025\/09\/22\/motogp-tour-de-force-vietas-trackside-su-apple-svaiginanciomis-blackmagic-kameromis\/"},"wordCount":677,"commentCount":0,"image":{"@id":"https:\/\/nordiccab.lt\/index.php\/2025\/09\/22\/motogp-tour-de-force-vietas-trackside-su-apple-svaiginanciomis-blackmagic-kameromis\/#primaryimage"},"thumbnailUrl":"https:\/\/nordiccab.lt\/wp-content\/uploads\/2025\/09\/\u201eMotoGP-Tour-de-Force-vietas-\u201eTrackside-su-\u201eApple-svaiginanciomis-\u201eBlackmagic.jpg","articleSection":["VIRTUALIOJI REALYBE"],"inLanguage":"lt-LT","potentialAction":[{"@type":"CommentAction","name":"Comment","target":["https:\/\/nordiccab.lt\/index.php\/2025\/09\/22\/motogp-tour-de-force-vietas-trackside-su-apple-svaiginanciomis-blackmagic-kameromis\/#respond"]}]},{"@type":"WebPage","@id":"https:\/\/nordiccab.lt\/index.php\/2025\/09\/22\/motogp-tour-de-force-vietas-trackside-su-apple-svaiginanciomis-blackmagic-kameromis\/","url":"https:\/\/nordiccab.lt\/index.php\/2025\/09\/22\/motogp-tour-de-force-vietas-trackside-su-apple-svaiginanciomis-blackmagic-kameromis\/","name":"\u201eMotoGP Tour de Force\u201c vietas \u201eTrackside\u201c su \u201eApple\u201c svaiginan\u010diomis \u201eBlackmagic\u201c kameromis - NORDICCAB.LT","isPartOf":{"@id":"https:\/\/nordiccab.lt\/#website"},"primaryImageOfPage":{"@id":"https:\/\/nordiccab.lt\/index.php\/2025\/09\/22\/motogp-tour-de-force-vietas-trackside-su-apple-svaiginanciomis-blackmagic-kameromis\/#primaryimage"},"image":{"@id":"https:\/\/nordiccab.lt\/index.php\/2025\/09\/22\/motogp-tour-de-force-vietas-trackside-su-apple-svaiginanciomis-blackmagic-kameromis\/#primaryimage"},"thumbnailUrl":"https:\/\/nordiccab.lt\/wp-content\/uploads\/2025\/09\/\u201eMotoGP-Tour-de-Force-vietas-\u201eTrackside-su-\u201eApple-svaiginanciomis-\u201eBlackmagic.jpg","datePublished":"2025-09-22T16:30:39+00:00","author":{"@id":"https:\/\/nordiccab.lt\/#\/schema\/person\/1e06879215dcf15255113d53ae73289b"},"breadcrumb":{"@id":"https:\/\/nordiccab.lt\/index.php\/2025\/09\/22\/motogp-tour-de-force-vietas-trackside-su-apple-svaiginanciomis-blackmagic-kameromis\/#breadcrumb"},"inLanguage":"lt-LT","potentialAction":[{"@type":"ReadAction","target":["https:\/\/nordiccab.lt\/index.php\/2025\/09\/22\/motogp-tour-de-force-vietas-trackside-su-apple-svaiginanciomis-blackmagic-kameromis\/"]}]},{"@type":"ImageObject","inLanguage":"lt-LT","@id":"https:\/\/nordiccab.lt\/index.php\/2025\/09\/22\/motogp-tour-de-force-vietas-trackside-su-apple-svaiginanciomis-blackmagic-kameromis\/#primaryimage","url":"https:\/\/nordiccab.lt\/wp-content\/uploads\/2025\/09\/\u201eMotoGP-Tour-de-Force-vietas-\u201eTrackside-su-\u201eApple-svaiginanciomis-\u201eBlackmagic.jpg","contentUrl":"https:\/\/nordiccab.lt\/wp-content\/uploads\/2025\/09\/\u201eMotoGP-Tour-de-Force-vietas-\u201eTrackside-su-\u201eApple-svaiginanciomis-\u201eBlackmagic.jpg","width":1200,"height":675},{"@type":"BreadcrumbList","@id":"https:\/\/nordiccab.lt\/index.php\/2025\/09\/22\/motogp-tour-de-force-vietas-trackside-su-apple-svaiginanciomis-blackmagic-kameromis\/#breadcrumb","itemListElement":[{"@type":"ListItem","position":1,"name":"Home","item":"https:\/\/nordiccab.lt\/"},{"@type":"ListItem","position":2,"name":"\u201eMotoGP Tour de Force\u201c vietas \u201eTrackside\u201c su \u201eApple\u201c svaiginan\u010diomis \u201eBlackmagic\u201c kameromis"}]},{"@type":"WebSite","@id":"https:\/\/nordiccab.lt\/#website","url":"https:\/\/nordiccab.lt\/","name":"NORDICCAB.LT","description":"Pasaulio naujienos, technologijos, automobiliai","potentialAction":[{"@type":"SearchAction","target":{"@type":"EntryPoint","urlTemplate":"https:\/\/nordiccab.lt\/?s={search_term_string}"},"query-input":{"@type":"PropertyValueSpecification","valueRequired":true,"valueName":"search_term_string"}}],"inLanguage":"lt-LT"},{"@type":"Person","@id":"https:\/\/nordiccab.lt\/#\/schema\/person\/1e06879215dcf15255113d53ae73289b","name":"admin","image":{"@type":"ImageObject","inLanguage":"lt-LT","@id":"https:\/\/secure.gravatar.com\/avatar\/f37349f777250847d2fca2ada474f5a6aadffa79d5284e8ad354a5c410a691ec?s=96&d=mm&r=g","url":"https:\/\/secure.gravatar.com\/avatar\/f37349f777250847d2fca2ada474f5a6aadffa79d5284e8ad354a5c410a691ec?s=96&d=mm&r=g","contentUrl":"https:\/\/secure.gravatar.com\/avatar\/f37349f777250847d2fca2ada474f5a6aadffa79d5284e8ad354a5c410a691ec?s=96&d=mm&r=g","caption":"admin"},"sameAs":["https:\/\/nordiccab.lt"],"url":"https:\/\/nordiccab.lt\/author\/admin\/"}]}},"_links":{"self":[{"href":"https:\/\/nordiccab.lt\/index.php\/wp-json\/wp\/v2\/posts\/777","targetHints":{"allow":["GET"]}}],"collection":[{"href":"https:\/\/nordiccab.lt\/index.php\/wp-json\/wp\/v2\/posts"}],"about":[{"href":"https:\/\/nordiccab.lt\/index.php\/wp-json\/wp\/v2\/types\/post"}],"author":[{"embeddable":true,"href":"https:\/\/nordiccab.lt\/index.php\/wp-json\/wp\/v2\/users\/1"}],"replies":[{"embeddable":true,"href":"https:\/\/nordiccab.lt\/index.php\/wp-json\/wp\/v2\/comments?post=777"}],"version-history":[{"count":0,"href":"https:\/\/nordiccab.lt\/index.php\/wp-json\/wp\/v2\/posts\/777\/revisions"}],"wp:featuredmedia":[{"embeddable":true,"href":"https:\/\/nordiccab.lt\/index.php\/wp-json\/wp\/v2\/media\/778"}],"wp:attachment":[{"href":"https:\/\/nordiccab.lt\/index.php\/wp-json\/wp\/v2\/media?parent=777"}],"wp:term":[{"taxonomy":"category","embeddable":true,"href":"https:\/\/nordiccab.lt\/index.php\/wp-json\/wp\/v2\/categories?post=777"},{"taxonomy":"post_tag","embeddable":true,"href":"https:\/\/nordiccab.lt\/index.php\/wp-json\/wp\/v2\/tags?post=777"}],"curies":[{"name":"wp","href":"https:\/\/api.w.org\/{rel}","templated":true}]}}