{"id":723,"date":"2025-09-09T14:26:23","date_gmt":"2025-09-09T14:26:23","guid":{"rendered":"https:\/\/nordiccab.lt\/index.php\/2025\/09\/09\/porsche-naudojo-colocated-apple-vision-pro-ausines-kad-parodytu-savo-nauja-pavara\/"},"modified":"2025-09-09T14:26:23","modified_gmt":"2025-09-09T14:26:23","slug":"porsche-naudojo-colocated-apple-vision-pro-ausines-kad-parodytu-savo-nauja-pavara","status":"publish","type":"post","link":"https:\/\/nordiccab.lt\/index.php\/2025\/09\/09\/porsche-naudojo-colocated-apple-vision-pro-ausines-kad-parodytu-savo-nauja-pavara\/","title":{"rendered":"\u201ePorsche\u201c naudojo \u201eColocated Apple Vision Pro\u201c ausines, kad parodyt\u0173 savo nauj\u0105 pavar\u0105"},"content":{"rendered":"<p><\/p>\n<div id=\"\">\n<p>Per naujojo \u201e911 Turbo S\u201c atskleidimo \u012fvyk\u012f \u201ePorsche\u201c vaik\u0161\u010diojo Patrick Dempsey per \u201eDrivetrain\u201c naudodamas \u201eColocated Apple Vision Pro\u201c ausines.<\/p>\n<p>Demonstracija pamat\u0117 \u201ePorsche\u201c 911 \u201ePowertrain\u201c direktori\u0173 ir transporto priemoni\u0173 \u201eDynamics Systems\u201c direktori\u0173 parodo \u201eDempsey\u201c \u201eE-Turbo\u201c didesniu nei gyvenimo mastu, po to tikrojo skal\u0117s, o po to vis\u0105 pavar\u0105 ir va\u017eiuokl\u0119 tikrojo masto. Jie taip pat parod\u0117 tikr\u0105 vaizdo \u012fra\u0161\u0105 apie varikl\u012f, veikiant\u012f dideliame virtualiame ekrane, kur\u012f gal\u0117jo pamatyti visi sesijos metu.<\/p>\n<figure class=\"kg-card kg-video-card kg-width-regular kg-card-hascaption\" data-kg-thumbnail=\"https:\/\/www.uploadvr.com\/content\/media\/2025\/09\/Porsche-new-911-turbo-Apple-Vision-Pro-local-SharePlay-segment_thumb.jpg\" data-kg-custom-thumbnail=\"\"><figcaption>\n<p><span style=\"white-space: pre-wrap;\">\u201ePorsche\u201c vaik\u0161to Patrick Dempsey per nauj\u0105 \u201e911 Turbo\u201c pavar\u0105.<\/span><\/p>\n<\/figcaption><\/figure>\n<p>\u201eApple\u201c prideda automatinio bendros kosmin\u0117s kolokacijos palaikymo palaikym\u0105, \u201eVisionOS 26\u201c, derindama vietin\u012f akcij\u0173 paket\u0105 su bendrais \u201eArkit\u201c erdviniais inkarais. Naujoji operacin\u0117s sistemos versija \u0161iuo metu yra beta versija ir tikimasi, kad ji bus i\u0161leista ka\u017ekada \u0161\u012f m\u0117nes\u012f.<\/p>\n<p>Neai\u0161ku, ar \u201ePorsche\u201c \u0161iuo metu naudoja \u201eLocal Sharesplay\u201c, \u201eVisionos 26 Beta\u201c naudoja, ar naudoja rankin\u0117s kolokacijos kalibravimo \u017eingsn\u012f.<\/p>\n<p>Ateityje \u201ePorsche\u201c planuoja derinti vietin\u012f ir nuotolin\u012f akcij\u0173 paket\u0105 spaudai, pasinaudodama \u201eApple\u201c asmenyb\u0117mis, kad \u017eurnalistai gal\u0117t\u0173 prisijungti i\u0161 bet kurios pasaulio vietos, i\u0161laikant buvimo jausm\u0105.<\/p>\n<p>Anks\u010diau \u0161iais metais \u012fmon\u0117 taip pat i\u0161leido \u201eApple Vision Pro\u201c patirt\u012f namuose, leid\u017eian\u010dias jums pritaikyti 911 spirito 70 mi\u0161rioje realyb\u0117je-ir u\u017esisakykite j\u0105, jei turite 250 000 USD.<\/p>\n<figure class=\"kg-card kg-image-card kg-width-full kg-card-hascaption\"><figcaption><span style=\"white-space: pre-wrap;\">\u201ePorsche\u201c planuoja vykdyti instrukta\u017eus kartu su vietini\u0173 ir nuotolini\u0173 \u201eApple Vision Pro\u201c d\u0117v\u0117toj\u0173 deriniu.<\/span><\/figcaption><\/figure>\n<p>Bendradarbiavimo 3D CAD vizualizacija yra vienas i\u0161 pagrindini\u0173 VR naudojimo atvej\u0173 ir mi\u0161rios realyb\u0117s \u012fmon\u0117je ir yra jau kelerius metus. Ta\u010diau iki \u201eApple Vision Pro\u201c \u012fmon\u0117s tur\u0117jo pasirinkti tarp priri\u0161t\u0173 kompiuteri\u0173 pagr\u012fst\u0173 sprendim\u0173, toki\u0173 kaip \u201eVarjo\u201c, i\u0161tikimyb\u0117s ir savaranki\u0161k\u0173 ausini\u0173 perkeliamumo ir belaid\u017eio laisv\u0117s, tokios kaip \u201eQuest\u201c.<\/p>\n<p>\u201eApple Vision Pro\u201c ne\u0161iojamojo kompiuterio pakopos \u201eM2\u201c mikroschem\u0173 rinkinys ir 4K mikro-opos ekranai \u012fgalina j\u012f pasi\u016blyti geriausius i\u0161 abiej\u0173 pasauli\u0173, palyginti auk\u0161t\u0105 3D modeli\u0173 i\u0161tikimyb\u0119, ta\u010diau nereikia priri\u0161ti prie kompiuterio.<\/p>\n<figure class=\"kg-card kg-bookmark-card\">\n<div class=\"kg-bookmark-content\">\n<p>\u201eNew Vision Pro\u201c su \u201eM5 Chip\u201c, pasteb\u0117tu \u201eApple\u201c kode<\/p>\n<p>\u201eMacRumors\u201c sako, kad \u201eApple\u201c kode jie rado nuorod\u0105 \u012f \u201eM5 Vision Pro\u201c, dar vien\u0105 gand\u0173 mal\u016bno pos\u016bk\u012f apie tai, koki\u0105 lust\u0105 bus rodoma laisv\u0173 rank\u0173 \u012franga.<\/p>\n<\/div>\n<div class=\"kg-bookmark-thumbnail\"><img decoding=\"async\" src=\"https:\/\/www.uploadvr.com\/content\/images\/thumbnail\/1000032333-1.png\" alt=\"\" onerror=\"this.style.display = 'none'\"\/><\/div>\n<\/figure>\n<p>Kelios ataskaitos rodo, kad \u201eApple\u201c planuoja netrukus paleisti patobulint\u0105 \u201eVision Pro\u201c su M4 arba M5 lustu, kuris dar labiau u\u017epildyt\u0173 sprag\u0105 \u012f PC pagr\u012fst\u0105 VR ir mi\u0161ri\u0105 realyb\u0119, pateikdama i\u0161samesnius virtualius objektus ir aplink\u0105 vartotojams ir \u012fmonei.<\/p>\n<\/p><\/div>\n<p><a href=\"https:\/\/www.uploadvr.com\/porsche-apple-vision-pro-visualize-new-911-turbos-drivetrain\/\" target=\"_blank\" rel=\"noopener\"> Nuoroda \u012f informacijos \u0161altin\u012f <\/a><\/p>\n","protected":false},"excerpt":{"rendered":"<p>Per naujojo \u201e911 Turbo S\u201c atskleidimo \u012fvyk\u012f \u201ePorsche\u201c vaik\u0161\u010diojo Patrick Dempsey per \u201eDrivetrain\u201c naudodamas \u201eColocated Apple Vision Pro\u201c ausines. Demonstracija&hellip;<\/p>\n","protected":false},"author":1,"featured_media":724,"comment_status":"open","ping_status":"open","sticky":false,"template":"","format":"standard","meta":{"footnotes":""},"categories":[7],"tags":[],"class_list":["post-723","post","type-post","status-publish","format-standard","has-post-thumbnail","hentry","category-virtualioji-realybe"],"yoast_head":"<!-- This site is optimized with the Yoast SEO plugin v27.5 - https:\/\/yoast.com\/product\/yoast-seo-wordpress\/ -->\n<title>\u201ePorsche\u201c naudojo \u201eColocated Apple Vision Pro\u201c ausines, kad parodyt\u0173 savo nauj\u0105 pavar\u0105 - NORDICCAB.LT<\/title>\n<meta name=\"robots\" content=\"index, follow, max-snippet:-1, max-image-preview:large, max-video-preview:-1\" \/>\n<link rel=\"canonical\" href=\"https:\/\/nordiccab.lt\/index.php\/2025\/09\/09\/porsche-naudojo-colocated-apple-vision-pro-ausines-kad-parodytu-savo-nauja-pavara\/\" \/>\n<meta property=\"og:locale\" content=\"lt_LT\" \/>\n<meta property=\"og:type\" content=\"article\" \/>\n<meta property=\"og:title\" content=\"\u201ePorsche\u201c naudojo \u201eColocated Apple Vision Pro\u201c ausines, kad parodyt\u0173 savo nauj\u0105 pavar\u0105 - NORDICCAB.LT\" \/>\n<meta property=\"og:description\" content=\"Per naujojo \u201e911 Turbo S\u201c atskleidimo \u012fvyk\u012f \u201ePorsche\u201c vaik\u0161\u010diojo Patrick Dempsey per \u201eDrivetrain\u201c naudodamas \u201eColocated Apple Vision Pro\u201c ausines. Demonstracija&hellip;\" \/>\n<meta property=\"og:url\" content=\"https:\/\/nordiccab.lt\/index.php\/2025\/09\/09\/porsche-naudojo-colocated-apple-vision-pro-ausines-kad-parodytu-savo-nauja-pavara\/\" \/>\n<meta property=\"og:site_name\" content=\"NORDICCAB.LT\" \/>\n<meta property=\"article:published_time\" content=\"2025-09-09T14:26:23+00:00\" \/>\n<meta property=\"og:image\" content=\"https:\/\/www.uploadvr.com\/content\/images\/2025\/09\/Porsche-media-briefings-Apple-Vision-Pro-SharePlay.jpeg\" \/>\n<meta name=\"author\" content=\"admin\" \/>\n<meta name=\"twitter:card\" content=\"summary_large_image\" \/>\n<meta name=\"twitter:label1\" content=\"Written by\" \/>\n\t<meta name=\"twitter:data1\" content=\"admin\" \/>\n\t<meta name=\"twitter:label2\" content=\"Est. reading time\" \/>\n\t<meta name=\"twitter:data2\" content=\"2 minut\u0117s\" \/>\n<script type=\"application\/ld+json\" class=\"yoast-schema-graph\">{\"@context\":\"https:\\\/\\\/schema.org\",\"@graph\":[{\"@type\":\"Article\",\"@id\":\"https:\\\/\\\/nordiccab.lt\\\/index.php\\\/2025\\\/09\\\/09\\\/porsche-naudojo-colocated-apple-vision-pro-ausines-kad-parodytu-savo-nauja-pavara\\\/#article\",\"isPartOf\":{\"@id\":\"https:\\\/\\\/nordiccab.lt\\\/index.php\\\/2025\\\/09\\\/09\\\/porsche-naudojo-colocated-apple-vision-pro-ausines-kad-parodytu-savo-nauja-pavara\\\/\"},\"author\":{\"name\":\"admin\",\"@id\":\"https:\\\/\\\/nordiccab.lt\\\/#\\\/schema\\\/person\\\/1e06879215dcf15255113d53ae73289b\"},\"headline\":\"\u201ePorsche\u201c naudojo \u201eColocated Apple Vision Pro\u201c ausines, kad parodyt\u0173 savo nauj\u0105 pavar\u0105\",\"datePublished\":\"2025-09-09T14:26:23+00:00\",\"mainEntityOfPage\":{\"@id\":\"https:\\\/\\\/nordiccab.lt\\\/index.php\\\/2025\\\/09\\\/09\\\/porsche-naudojo-colocated-apple-vision-pro-ausines-kad-parodytu-savo-nauja-pavara\\\/\"},\"wordCount\":403,\"commentCount\":0,\"image\":{\"@id\":\"https:\\\/\\\/nordiccab.lt\\\/index.php\\\/2025\\\/09\\\/09\\\/porsche-naudojo-colocated-apple-vision-pro-ausines-kad-parodytu-savo-nauja-pavara\\\/#primaryimage\"},\"thumbnailUrl\":\"https:\\\/\\\/nordiccab.lt\\\/wp-content\\\/uploads\\\/2025\\\/09\\\/\u201ePorsche-naudojo-\u201eColocated-Apple-Vision-Pro-ausines-kad-parodytu-savo.jpeg\",\"articleSection\":[\"VIRTUALIOJI REALYBE\"],\"inLanguage\":\"lt-LT\",\"potentialAction\":[{\"@type\":\"CommentAction\",\"name\":\"Comment\",\"target\":[\"https:\\\/\\\/nordiccab.lt\\\/index.php\\\/2025\\\/09\\\/09\\\/porsche-naudojo-colocated-apple-vision-pro-ausines-kad-parodytu-savo-nauja-pavara\\\/#respond\"]}]},{\"@type\":\"WebPage\",\"@id\":\"https:\\\/\\\/nordiccab.lt\\\/index.php\\\/2025\\\/09\\\/09\\\/porsche-naudojo-colocated-apple-vision-pro-ausines-kad-parodytu-savo-nauja-pavara\\\/\",\"url\":\"https:\\\/\\\/nordiccab.lt\\\/index.php\\\/2025\\\/09\\\/09\\\/porsche-naudojo-colocated-apple-vision-pro-ausines-kad-parodytu-savo-nauja-pavara\\\/\",\"name\":\"\u201ePorsche\u201c naudojo \u201eColocated Apple Vision Pro\u201c ausines, kad parodyt\u0173 savo nauj\u0105 pavar\u0105 - NORDICCAB.LT\",\"isPartOf\":{\"@id\":\"https:\\\/\\\/nordiccab.lt\\\/#website\"},\"primaryImageOfPage\":{\"@id\":\"https:\\\/\\\/nordiccab.lt\\\/index.php\\\/2025\\\/09\\\/09\\\/porsche-naudojo-colocated-apple-vision-pro-ausines-kad-parodytu-savo-nauja-pavara\\\/#primaryimage\"},\"image\":{\"@id\":\"https:\\\/\\\/nordiccab.lt\\\/index.php\\\/2025\\\/09\\\/09\\\/porsche-naudojo-colocated-apple-vision-pro-ausines-kad-parodytu-savo-nauja-pavara\\\/#primaryimage\"},\"thumbnailUrl\":\"https:\\\/\\\/nordiccab.lt\\\/wp-content\\\/uploads\\\/2025\\\/09\\\/\u201ePorsche-naudojo-\u201eColocated-Apple-Vision-Pro-ausines-kad-parodytu-savo.jpeg\",\"datePublished\":\"2025-09-09T14:26:23+00:00\",\"author\":{\"@id\":\"https:\\\/\\\/nordiccab.lt\\\/#\\\/schema\\\/person\\\/1e06879215dcf15255113d53ae73289b\"},\"breadcrumb\":{\"@id\":\"https:\\\/\\\/nordiccab.lt\\\/index.php\\\/2025\\\/09\\\/09\\\/porsche-naudojo-colocated-apple-vision-pro-ausines-kad-parodytu-savo-nauja-pavara\\\/#breadcrumb\"},\"inLanguage\":\"lt-LT\",\"potentialAction\":[{\"@type\":\"ReadAction\",\"target\":[\"https:\\\/\\\/nordiccab.lt\\\/index.php\\\/2025\\\/09\\\/09\\\/porsche-naudojo-colocated-apple-vision-pro-ausines-kad-parodytu-savo-nauja-pavara\\\/\"]}]},{\"@type\":\"ImageObject\",\"inLanguage\":\"lt-LT\",\"@id\":\"https:\\\/\\\/nordiccab.lt\\\/index.php\\\/2025\\\/09\\\/09\\\/porsche-naudojo-colocated-apple-vision-pro-ausines-kad-parodytu-savo-nauja-pavara\\\/#primaryimage\",\"url\":\"https:\\\/\\\/nordiccab.lt\\\/wp-content\\\/uploads\\\/2025\\\/09\\\/\u201ePorsche-naudojo-\u201eColocated-Apple-Vision-Pro-ausines-kad-parodytu-savo.jpeg\",\"contentUrl\":\"https:\\\/\\\/nordiccab.lt\\\/wp-content\\\/uploads\\\/2025\\\/09\\\/\u201ePorsche-naudojo-\u201eColocated-Apple-Vision-Pro-ausines-kad-parodytu-savo.jpeg\",\"width\":1200,\"height\":675},{\"@type\":\"BreadcrumbList\",\"@id\":\"https:\\\/\\\/nordiccab.lt\\\/index.php\\\/2025\\\/09\\\/09\\\/porsche-naudojo-colocated-apple-vision-pro-ausines-kad-parodytu-savo-nauja-pavara\\\/#breadcrumb\",\"itemListElement\":[{\"@type\":\"ListItem\",\"position\":1,\"name\":\"Home\",\"item\":\"https:\\\/\\\/nordiccab.lt\\\/\"},{\"@type\":\"ListItem\",\"position\":2,\"name\":\"\u201ePorsche\u201c naudojo \u201eColocated Apple Vision Pro\u201c ausines, kad parodyt\u0173 savo nauj\u0105 pavar\u0105\"}]},{\"@type\":\"WebSite\",\"@id\":\"https:\\\/\\\/nordiccab.lt\\\/#website\",\"url\":\"https:\\\/\\\/nordiccab.lt\\\/\",\"name\":\"NORDICCAB.LT\",\"description\":\"Pasaulio naujienos, technologijos, automobiliai\",\"potentialAction\":[{\"@type\":\"SearchAction\",\"target\":{\"@type\":\"EntryPoint\",\"urlTemplate\":\"https:\\\/\\\/nordiccab.lt\\\/?s={search_term_string}\"},\"query-input\":{\"@type\":\"PropertyValueSpecification\",\"valueRequired\":true,\"valueName\":\"search_term_string\"}}],\"inLanguage\":\"lt-LT\"},{\"@type\":\"Person\",\"@id\":\"https:\\\/\\\/nordiccab.lt\\\/#\\\/schema\\\/person\\\/1e06879215dcf15255113d53ae73289b\",\"name\":\"admin\",\"image\":{\"@type\":\"ImageObject\",\"inLanguage\":\"lt-LT\",\"@id\":\"https:\\\/\\\/secure.gravatar.com\\\/avatar\\\/f37349f777250847d2fca2ada474f5a6aadffa79d5284e8ad354a5c410a691ec?s=96&d=mm&r=g\",\"url\":\"https:\\\/\\\/secure.gravatar.com\\\/avatar\\\/f37349f777250847d2fca2ada474f5a6aadffa79d5284e8ad354a5c410a691ec?s=96&d=mm&r=g\",\"contentUrl\":\"https:\\\/\\\/secure.gravatar.com\\\/avatar\\\/f37349f777250847d2fca2ada474f5a6aadffa79d5284e8ad354a5c410a691ec?s=96&d=mm&r=g\",\"caption\":\"admin\"},\"sameAs\":[\"https:\\\/\\\/nordiccab.lt\"],\"url\":\"https:\\\/\\\/nordiccab.lt\\\/author\\\/admin\\\/\"}]}<\/script>\n<!-- \/ Yoast SEO plugin. -->","yoast_head_json":{"title":"\u201ePorsche\u201c naudojo \u201eColocated Apple Vision Pro\u201c ausines, kad parodyt\u0173 savo nauj\u0105 pavar\u0105 - NORDICCAB.LT","robots":{"index":"index","follow":"follow","max-snippet":"max-snippet:-1","max-image-preview":"max-image-preview:large","max-video-preview":"max-video-preview:-1"},"canonical":"https:\/\/nordiccab.lt\/index.php\/2025\/09\/09\/porsche-naudojo-colocated-apple-vision-pro-ausines-kad-parodytu-savo-nauja-pavara\/","og_locale":"lt_LT","og_type":"article","og_title":"\u201ePorsche\u201c naudojo \u201eColocated Apple Vision Pro\u201c ausines, kad parodyt\u0173 savo nauj\u0105 pavar\u0105 - NORDICCAB.LT","og_description":"Per naujojo \u201e911 Turbo S\u201c atskleidimo \u012fvyk\u012f \u201ePorsche\u201c vaik\u0161\u010diojo Patrick Dempsey per \u201eDrivetrain\u201c naudodamas \u201eColocated Apple Vision Pro\u201c ausines. Demonstracija&hellip;","og_url":"https:\/\/nordiccab.lt\/index.php\/2025\/09\/09\/porsche-naudojo-colocated-apple-vision-pro-ausines-kad-parodytu-savo-nauja-pavara\/","og_site_name":"NORDICCAB.LT","article_published_time":"2025-09-09T14:26:23+00:00","og_image":[{"url":"https:\/\/www.uploadvr.com\/content\/images\/2025\/09\/Porsche-media-briefings-Apple-Vision-Pro-SharePlay.jpeg","type":"","width":"","height":""}],"author":"admin","twitter_card":"summary_large_image","twitter_misc":{"Written by":"admin","Est. reading time":"2 minut\u0117s"},"schema":{"@context":"https:\/\/schema.org","@graph":[{"@type":"Article","@id":"https:\/\/nordiccab.lt\/index.php\/2025\/09\/09\/porsche-naudojo-colocated-apple-vision-pro-ausines-kad-parodytu-savo-nauja-pavara\/#article","isPartOf":{"@id":"https:\/\/nordiccab.lt\/index.php\/2025\/09\/09\/porsche-naudojo-colocated-apple-vision-pro-ausines-kad-parodytu-savo-nauja-pavara\/"},"author":{"name":"admin","@id":"https:\/\/nordiccab.lt\/#\/schema\/person\/1e06879215dcf15255113d53ae73289b"},"headline":"\u201ePorsche\u201c naudojo \u201eColocated Apple Vision Pro\u201c ausines, kad parodyt\u0173 savo nauj\u0105 pavar\u0105","datePublished":"2025-09-09T14:26:23+00:00","mainEntityOfPage":{"@id":"https:\/\/nordiccab.lt\/index.php\/2025\/09\/09\/porsche-naudojo-colocated-apple-vision-pro-ausines-kad-parodytu-savo-nauja-pavara\/"},"wordCount":403,"commentCount":0,"image":{"@id":"https:\/\/nordiccab.lt\/index.php\/2025\/09\/09\/porsche-naudojo-colocated-apple-vision-pro-ausines-kad-parodytu-savo-nauja-pavara\/#primaryimage"},"thumbnailUrl":"https:\/\/nordiccab.lt\/wp-content\/uploads\/2025\/09\/\u201ePorsche-naudojo-\u201eColocated-Apple-Vision-Pro-ausines-kad-parodytu-savo.jpeg","articleSection":["VIRTUALIOJI REALYBE"],"inLanguage":"lt-LT","potentialAction":[{"@type":"CommentAction","name":"Comment","target":["https:\/\/nordiccab.lt\/index.php\/2025\/09\/09\/porsche-naudojo-colocated-apple-vision-pro-ausines-kad-parodytu-savo-nauja-pavara\/#respond"]}]},{"@type":"WebPage","@id":"https:\/\/nordiccab.lt\/index.php\/2025\/09\/09\/porsche-naudojo-colocated-apple-vision-pro-ausines-kad-parodytu-savo-nauja-pavara\/","url":"https:\/\/nordiccab.lt\/index.php\/2025\/09\/09\/porsche-naudojo-colocated-apple-vision-pro-ausines-kad-parodytu-savo-nauja-pavara\/","name":"\u201ePorsche\u201c naudojo \u201eColocated Apple Vision Pro\u201c ausines, kad parodyt\u0173 savo nauj\u0105 pavar\u0105 - NORDICCAB.LT","isPartOf":{"@id":"https:\/\/nordiccab.lt\/#website"},"primaryImageOfPage":{"@id":"https:\/\/nordiccab.lt\/index.php\/2025\/09\/09\/porsche-naudojo-colocated-apple-vision-pro-ausines-kad-parodytu-savo-nauja-pavara\/#primaryimage"},"image":{"@id":"https:\/\/nordiccab.lt\/index.php\/2025\/09\/09\/porsche-naudojo-colocated-apple-vision-pro-ausines-kad-parodytu-savo-nauja-pavara\/#primaryimage"},"thumbnailUrl":"https:\/\/nordiccab.lt\/wp-content\/uploads\/2025\/09\/\u201ePorsche-naudojo-\u201eColocated-Apple-Vision-Pro-ausines-kad-parodytu-savo.jpeg","datePublished":"2025-09-09T14:26:23+00:00","author":{"@id":"https:\/\/nordiccab.lt\/#\/schema\/person\/1e06879215dcf15255113d53ae73289b"},"breadcrumb":{"@id":"https:\/\/nordiccab.lt\/index.php\/2025\/09\/09\/porsche-naudojo-colocated-apple-vision-pro-ausines-kad-parodytu-savo-nauja-pavara\/#breadcrumb"},"inLanguage":"lt-LT","potentialAction":[{"@type":"ReadAction","target":["https:\/\/nordiccab.lt\/index.php\/2025\/09\/09\/porsche-naudojo-colocated-apple-vision-pro-ausines-kad-parodytu-savo-nauja-pavara\/"]}]},{"@type":"ImageObject","inLanguage":"lt-LT","@id":"https:\/\/nordiccab.lt\/index.php\/2025\/09\/09\/porsche-naudojo-colocated-apple-vision-pro-ausines-kad-parodytu-savo-nauja-pavara\/#primaryimage","url":"https:\/\/nordiccab.lt\/wp-content\/uploads\/2025\/09\/\u201ePorsche-naudojo-\u201eColocated-Apple-Vision-Pro-ausines-kad-parodytu-savo.jpeg","contentUrl":"https:\/\/nordiccab.lt\/wp-content\/uploads\/2025\/09\/\u201ePorsche-naudojo-\u201eColocated-Apple-Vision-Pro-ausines-kad-parodytu-savo.jpeg","width":1200,"height":675},{"@type":"BreadcrumbList","@id":"https:\/\/nordiccab.lt\/index.php\/2025\/09\/09\/porsche-naudojo-colocated-apple-vision-pro-ausines-kad-parodytu-savo-nauja-pavara\/#breadcrumb","itemListElement":[{"@type":"ListItem","position":1,"name":"Home","item":"https:\/\/nordiccab.lt\/"},{"@type":"ListItem","position":2,"name":"\u201ePorsche\u201c naudojo \u201eColocated Apple Vision Pro\u201c ausines, kad parodyt\u0173 savo nauj\u0105 pavar\u0105"}]},{"@type":"WebSite","@id":"https:\/\/nordiccab.lt\/#website","url":"https:\/\/nordiccab.lt\/","name":"NORDICCAB.LT","description":"Pasaulio naujienos, technologijos, automobiliai","potentialAction":[{"@type":"SearchAction","target":{"@type":"EntryPoint","urlTemplate":"https:\/\/nordiccab.lt\/?s={search_term_string}"},"query-input":{"@type":"PropertyValueSpecification","valueRequired":true,"valueName":"search_term_string"}}],"inLanguage":"lt-LT"},{"@type":"Person","@id":"https:\/\/nordiccab.lt\/#\/schema\/person\/1e06879215dcf15255113d53ae73289b","name":"admin","image":{"@type":"ImageObject","inLanguage":"lt-LT","@id":"https:\/\/secure.gravatar.com\/avatar\/f37349f777250847d2fca2ada474f5a6aadffa79d5284e8ad354a5c410a691ec?s=96&d=mm&r=g","url":"https:\/\/secure.gravatar.com\/avatar\/f37349f777250847d2fca2ada474f5a6aadffa79d5284e8ad354a5c410a691ec?s=96&d=mm&r=g","contentUrl":"https:\/\/secure.gravatar.com\/avatar\/f37349f777250847d2fca2ada474f5a6aadffa79d5284e8ad354a5c410a691ec?s=96&d=mm&r=g","caption":"admin"},"sameAs":["https:\/\/nordiccab.lt"],"url":"https:\/\/nordiccab.lt\/author\/admin\/"}]}},"_links":{"self":[{"href":"https:\/\/nordiccab.lt\/index.php\/wp-json\/wp\/v2\/posts\/723","targetHints":{"allow":["GET"]}}],"collection":[{"href":"https:\/\/nordiccab.lt\/index.php\/wp-json\/wp\/v2\/posts"}],"about":[{"href":"https:\/\/nordiccab.lt\/index.php\/wp-json\/wp\/v2\/types\/post"}],"author":[{"embeddable":true,"href":"https:\/\/nordiccab.lt\/index.php\/wp-json\/wp\/v2\/users\/1"}],"replies":[{"embeddable":true,"href":"https:\/\/nordiccab.lt\/index.php\/wp-json\/wp\/v2\/comments?post=723"}],"version-history":[{"count":0,"href":"https:\/\/nordiccab.lt\/index.php\/wp-json\/wp\/v2\/posts\/723\/revisions"}],"wp:featuredmedia":[{"embeddable":true,"href":"https:\/\/nordiccab.lt\/index.php\/wp-json\/wp\/v2\/media\/724"}],"wp:attachment":[{"href":"https:\/\/nordiccab.lt\/index.php\/wp-json\/wp\/v2\/media?parent=723"}],"wp:term":[{"taxonomy":"category","embeddable":true,"href":"https:\/\/nordiccab.lt\/index.php\/wp-json\/wp\/v2\/categories?post=723"},{"taxonomy":"post_tag","embeddable":true,"href":"https:\/\/nordiccab.lt\/index.php\/wp-json\/wp\/v2\/tags?post=723"}],"curies":[{"name":"wp","href":"https:\/\/api.w.org\/{rel}","templated":true}]}}