{"id":689,"date":"2025-09-03T13:18:11","date_gmt":"2025-09-03T13:18:11","guid":{"rendered":"https:\/\/nordiccab.lt\/index.php\/2025\/09\/03\/travisas-kelceas-sako-kad-jis-vis-dar-yra-niurus-del-suzadetuviu-taylor-swift\/"},"modified":"2025-09-03T13:18:11","modified_gmt":"2025-09-03T13:18:11","slug":"travisas-kelceas-sako-kad-jis-vis-dar-yra-niurus-del-suzadetuviu-taylor-swift","status":"publish","type":"post","link":"https:\/\/nordiccab.lt\/index.php\/2025\/09\/03\/travisas-kelceas-sako-kad-jis-vis-dar-yra-niurus-del-suzadetuviu-taylor-swift\/","title":{"rendered":"Travisas Kelce&#8217;as sako, kad jis vis dar yra \u201eni\u016brus\u201c d\u0117l su\u017ead\u0117tuvi\u0173 Taylor Swift"},"content":{"rendered":"<p><\/p>\n<div>\n<p id=\"anchor-373ec1\" class=\"body-graf\">Tre\u010di\u0105 savait\u0119 i\u0161 eil\u0117s Taylor Swift buvo futbolo podcast&#8217;o d\u0117mesys. <\/p>\n<p id=\"anchor-acb4bb\" class=\"body-graf\">Prie\u0161 prasidedant NFL sezonui ketvirtadien\u012f, Kanzaso miesto vir\u0161ininkas Travisas Kelce&#8217;as leido laik\u0105 aptarti savo dabartin\u012f \u017eaidim\u0105 \u201eNaujose auk\u0161tumose\u201c, podcast&#8217;e, kur\u012f jis kartu su broliu ir buvusiu \u201ePhiladelphia Eagles\u201c centru Jasonu Kelce&#8217;u.<\/p>\n<p id=\"anchor-4fc430\" class=\"body-graf\">\u201eBuvo tikrai smagu visiems pasakyti, su kuo praleisiu likus\u012f gyvenim\u0105\u201c, &#8211; sak\u0117 Travisas Kelce&#8217;as naujame tre\u010diadienio epizode savo pirmuose komentaruose nuo \u017einios apie j\u0173 su\u017ead\u0117tuves. <\/p>\n<p id=\"anchor-320bac\" class=\"body-graf\">Tai, k\u0105 Jasonas Kelce&#8217;as pavadino \u201e\u201e Instagram \u201c\u012fra\u0161as, i\u0161gird\u0119s\u201e aplink pasaul\u012f \u201c, pora paskelb\u0117 naujienas po j\u0173 dvej\u0173 met\u0173 meil\u0117s istorijos rugpj\u016b\u010dio 26 d. Su \u012fra\u0161u, kuriame vaizduojami Traviso Kelce&#8217;o kadrai ant vieno kelio ir i\u0161 arti i\u0161\u201e Swift \u201cnaujojo Blingo.<\/p>\n<section id=\"anchor-04188e\" class=\"embed-widget embedWidget embed-widget--medium\" data-testid=\"embed-widget\"\/>\n<p id=\"anchor-8a291e\" class=\"body-graf\">\u0160vie\u017eiai \u012fsitvirtinusi pora buvo pasteb\u0117ta, kad pra\u0117jusi\u0105 savait\u0119 vykusiame komandos \u017eaidime \u201eCincinnati Bearcats\u201c pra\u0117jusi\u0105 savait\u0119 vykusiame komandos \u017eaidime, kuris, pasak Traviso Kelce&#8217;o, buvo pirmas kartas, kai jis tur\u0117jo pristatyti \u201eSwift\u201c kaip savo su\u017ead\u0117tin\u0119. <\/p>\n<p id=\"anchor-8a1eba\" class=\"body-graf\">Jis sak\u0117, kad tai padaryti buvo \u201egana \u0161aunu\u201c ir kad jis pasidar\u0117 ni\u016brus. <\/p>\n<p id=\"anchor-39de2c\" class=\"body-graf\">\u201eA\u0161 vis dar pasidarau ni\u016brus\u201c, &#8211; prid\u016br\u0117 jis. &#8222;\u012edom\u016bs laikai. Jis vis dar \u0161vie\u017ei&#8221;. <\/p>\n<p id=\"anchor-20e9cf\" class=\"body-graf\">Travisas Kelce&#8217;as sak\u0117, kad \u201epamatyti internet\u0105 i\u0161prot\u0117jo\u201c, kai jis ir Swiftas paskelb\u0117 j\u0173 prane\u0161im\u0105 \u201eInstagram\u201c, buvo \u201elabai smagu\u201c. Nuo to laiko \u012fra\u0161as surinko daugiau nei 36 milijonus. <\/p>\n<p id=\"anchor-40ca52\" class=\"body-graf\">Jis taip pat pad\u0117kojo \u201evisiems, kurie i\u0161ties\u0117 ir k\u0105 nors atsiunt\u0117\u201c, nors jis nesi\u016bl\u0117 joki\u0173 u\u017euomin\u0173 apie tai, kas pasveikino por\u0105 ar kokias dovanas jie atsiunt\u0117. <\/p>\n<p id=\"anchor-2c12a0\" class=\"body-graf\">Jasonas Kelce&#8217;as sustingo sakydamas, kad \u017emon\u0117s kreip\u0117si \u012f j\u012f nor\u0117dami pasidalyti savo broliu ir \u201eSwift\u201c, \u012fskaitant buvusius trenerius ir draugus, kurie papra\u0161\u0117 Jasono Kelce&#8217;o pasveikinti por\u0105 j\u0173 vardu. <\/p>\n<p id=\"anchor-0c4a33\" class=\"body-graf\">Travisas Kelce&#8217;as pasidalino keliais patarimais podcast&#8217;o gerb\u0117jams, kurie patys ruo\u0161iasi i\u0161kelti klausim\u0105: \u201eNegalite leisti, kaip ka\u017ekas kitas daro jus jaustis taip, kaip jums reikia tai padaryti\u201c, &#8211; sak\u0117 jis apie pasi\u016blym\u0105. <\/p>\n<p id=\"anchor-2d4989\" class=\"body-graf\">\u201eA\u0161 tiesiog pasaky\u010diau, pa\u017eink savo partner\u012f\u201c, &#8211; t\u0119s\u0117 Travisas Kelce&#8217;as. &#8222;\u017dinokite, kam tai darote, ir darykite tai d\u0117l tinkam\u0173 prie\u017eas\u010di\u0173&#8221;. <\/p>\n<p id=\"anchor-6cf9f2\" class=\"body-graf\">Broli\u0173 t\u0117tis Edas Kelce&#8217;as pra\u0117jusi\u0105 savait\u0119 buvo laisvas apie su\u017ead\u0117tuvi\u0173 detales. Jis prisijung\u0117 prie \u201eJimmy &#038; Nath\u201c \u0161ou su Emma \u201cir atskleid\u0117, kad ir jis, ir Swifto t\u0117tis Scottas Swiftas, paskatino Travis\u0105 Kelce&#8217;\u0105 pasi\u016blyti grei\u010diau nei v\u0117liau, ir atsisakyti\u201e didelio produkcijos \u201cd\u0117l asmeni\u0161kesnio pasi\u016blymo savo kieme. <\/p>\n<p id=\"anchor-86e0f6\" class=\"endmark body-graf\">\u201eA\u0161 jam pasakiau t\u0105 pat\u012f, k\u0105 jam pasak\u0117 Scottas: paklausus jos yra tai, kas padarys tai ypatinga, o ne ten, kur tu tai darai\u201c, &#8211; prisimin\u0117 Edas Kelce&#8217;as.<\/p>\n<\/div>\n<p><a href=\"https:\/\/www.nbcnews.com\/pop-culture\/pop-culture-news\/travis-kelce-says-still-giddy-engagement-taylor-swift-rcna228735\" target=\"_blank\" rel=\"noopener\"> Nuoroda \u012f informacijos \u0161altin\u012f <\/a><\/p>\n","protected":false},"excerpt":{"rendered":"<p>Tre\u010di\u0105 savait\u0119 i\u0161 eil\u0117s Taylor Swift buvo futbolo podcast&#8217;o d\u0117mesys. Prie\u0161 prasidedant NFL sezonui ketvirtadien\u012f, Kanzaso miesto vir\u0161ininkas Travisas Kelce&#8217;as&hellip;<\/p>\n","protected":false},"author":1,"featured_media":690,"comment_status":"open","ping_status":"open","sticky":false,"template":"","format":"standard","meta":{"footnotes":""},"categories":[4],"tags":[],"class_list":["post-689","post","type-post","status-publish","format-standard","has-post-thumbnail","hentry","category-pasaulio-naujienos"],"yoast_head":"<!-- This site is optimized with the Yoast SEO plugin v27.5 - https:\/\/yoast.com\/product\/yoast-seo-wordpress\/ -->\n<title>Travisas Kelce&#039;as sako, kad jis vis dar yra \u201eni\u016brus\u201c d\u0117l su\u017ead\u0117tuvi\u0173 Taylor Swift - NORDICCAB.LT<\/title>\n<meta name=\"robots\" content=\"index, follow, max-snippet:-1, max-image-preview:large, max-video-preview:-1\" \/>\n<link rel=\"canonical\" href=\"https:\/\/nordiccab.lt\/index.php\/2025\/09\/03\/travisas-kelceas-sako-kad-jis-vis-dar-yra-niurus-del-suzadetuviu-taylor-swift\/\" \/>\n<meta property=\"og:locale\" content=\"lt_LT\" \/>\n<meta property=\"og:type\" content=\"article\" \/>\n<meta property=\"og:title\" content=\"Travisas Kelce&#039;as sako, kad jis vis dar yra \u201eni\u016brus\u201c d\u0117l su\u017ead\u0117tuvi\u0173 Taylor Swift - NORDICCAB.LT\" \/>\n<meta property=\"og:description\" content=\"Tre\u010di\u0105 savait\u0119 i\u0161 eil\u0117s Taylor Swift buvo futbolo podcast&#8217;o d\u0117mesys. Prie\u0161 prasidedant NFL sezonui ketvirtadien\u012f, Kanzaso miesto vir\u0161ininkas Travisas Kelce&#8217;as&hellip;\" \/>\n<meta property=\"og:url\" content=\"https:\/\/nordiccab.lt\/index.php\/2025\/09\/03\/travisas-kelceas-sako-kad-jis-vis-dar-yra-niurus-del-suzadetuviu-taylor-swift\/\" \/>\n<meta property=\"og:site_name\" content=\"NORDICCAB.LT\" \/>\n<meta property=\"article:published_time\" content=\"2025-09-03T13:18:11+00:00\" \/>\n<meta property=\"og:image\" content=\"https:\/\/media-cldnry.s-nbcnews.com\/image\/upload\/t_fit_1500w\/rockcms\/2025-02\/250204-taylor-travis-ch-1252-6f2277.jpg\" \/>\n<meta name=\"author\" content=\"admin\" \/>\n<meta name=\"twitter:card\" content=\"summary_large_image\" \/>\n<meta name=\"twitter:label1\" content=\"Written by\" \/>\n\t<meta name=\"twitter:data1\" content=\"admin\" \/>\n\t<meta name=\"twitter:label2\" content=\"Est. reading time\" \/>\n\t<meta name=\"twitter:data2\" content=\"2 minut\u0117s\" \/>\n<script type=\"application\/ld+json\" class=\"yoast-schema-graph\">{\"@context\":\"https:\\\/\\\/schema.org\",\"@graph\":[{\"@type\":\"Article\",\"@id\":\"https:\\\/\\\/nordiccab.lt\\\/index.php\\\/2025\\\/09\\\/03\\\/travisas-kelceas-sako-kad-jis-vis-dar-yra-niurus-del-suzadetuviu-taylor-swift\\\/#article\",\"isPartOf\":{\"@id\":\"https:\\\/\\\/nordiccab.lt\\\/index.php\\\/2025\\\/09\\\/03\\\/travisas-kelceas-sako-kad-jis-vis-dar-yra-niurus-del-suzadetuviu-taylor-swift\\\/\"},\"author\":{\"name\":\"admin\",\"@id\":\"https:\\\/\\\/nordiccab.lt\\\/#\\\/schema\\\/person\\\/1e06879215dcf15255113d53ae73289b\"},\"headline\":\"Travisas Kelce&#8217;as sako, kad jis vis dar yra \u201eni\u016brus\u201c d\u0117l su\u017ead\u0117tuvi\u0173 Taylor Swift\",\"datePublished\":\"2025-09-03T13:18:11+00:00\",\"mainEntityOfPage\":{\"@id\":\"https:\\\/\\\/nordiccab.lt\\\/index.php\\\/2025\\\/09\\\/03\\\/travisas-kelceas-sako-kad-jis-vis-dar-yra-niurus-del-suzadetuviu-taylor-swift\\\/\"},\"wordCount\":463,\"commentCount\":0,\"image\":{\"@id\":\"https:\\\/\\\/nordiccab.lt\\\/index.php\\\/2025\\\/09\\\/03\\\/travisas-kelceas-sako-kad-jis-vis-dar-yra-niurus-del-suzadetuviu-taylor-swift\\\/#primaryimage\"},\"thumbnailUrl\":\"https:\\\/\\\/nordiccab.lt\\\/wp-content\\\/uploads\\\/2025\\\/09\\\/Travisas-Kelceas-sako-kad-jis-vis-dar-yra-\u201eniurus-del.jpg\",\"articleSection\":[\"PASAULIO NAUJIENOS\"],\"inLanguage\":\"lt-LT\",\"potentialAction\":[{\"@type\":\"CommentAction\",\"name\":\"Comment\",\"target\":[\"https:\\\/\\\/nordiccab.lt\\\/index.php\\\/2025\\\/09\\\/03\\\/travisas-kelceas-sako-kad-jis-vis-dar-yra-niurus-del-suzadetuviu-taylor-swift\\\/#respond\"]}]},{\"@type\":\"WebPage\",\"@id\":\"https:\\\/\\\/nordiccab.lt\\\/index.php\\\/2025\\\/09\\\/03\\\/travisas-kelceas-sako-kad-jis-vis-dar-yra-niurus-del-suzadetuviu-taylor-swift\\\/\",\"url\":\"https:\\\/\\\/nordiccab.lt\\\/index.php\\\/2025\\\/09\\\/03\\\/travisas-kelceas-sako-kad-jis-vis-dar-yra-niurus-del-suzadetuviu-taylor-swift\\\/\",\"name\":\"Travisas Kelce'as sako, kad jis vis dar yra \u201eni\u016brus\u201c d\u0117l su\u017ead\u0117tuvi\u0173 Taylor Swift - NORDICCAB.LT\",\"isPartOf\":{\"@id\":\"https:\\\/\\\/nordiccab.lt\\\/#website\"},\"primaryImageOfPage\":{\"@id\":\"https:\\\/\\\/nordiccab.lt\\\/index.php\\\/2025\\\/09\\\/03\\\/travisas-kelceas-sako-kad-jis-vis-dar-yra-niurus-del-suzadetuviu-taylor-swift\\\/#primaryimage\"},\"image\":{\"@id\":\"https:\\\/\\\/nordiccab.lt\\\/index.php\\\/2025\\\/09\\\/03\\\/travisas-kelceas-sako-kad-jis-vis-dar-yra-niurus-del-suzadetuviu-taylor-swift\\\/#primaryimage\"},\"thumbnailUrl\":\"https:\\\/\\\/nordiccab.lt\\\/wp-content\\\/uploads\\\/2025\\\/09\\\/Travisas-Kelceas-sako-kad-jis-vis-dar-yra-\u201eniurus-del.jpg\",\"datePublished\":\"2025-09-03T13:18:11+00:00\",\"author\":{\"@id\":\"https:\\\/\\\/nordiccab.lt\\\/#\\\/schema\\\/person\\\/1e06879215dcf15255113d53ae73289b\"},\"breadcrumb\":{\"@id\":\"https:\\\/\\\/nordiccab.lt\\\/index.php\\\/2025\\\/09\\\/03\\\/travisas-kelceas-sako-kad-jis-vis-dar-yra-niurus-del-suzadetuviu-taylor-swift\\\/#breadcrumb\"},\"inLanguage\":\"lt-LT\",\"potentialAction\":[{\"@type\":\"ReadAction\",\"target\":[\"https:\\\/\\\/nordiccab.lt\\\/index.php\\\/2025\\\/09\\\/03\\\/travisas-kelceas-sako-kad-jis-vis-dar-yra-niurus-del-suzadetuviu-taylor-swift\\\/\"]}]},{\"@type\":\"ImageObject\",\"inLanguage\":\"lt-LT\",\"@id\":\"https:\\\/\\\/nordiccab.lt\\\/index.php\\\/2025\\\/09\\\/03\\\/travisas-kelceas-sako-kad-jis-vis-dar-yra-niurus-del-suzadetuviu-taylor-swift\\\/#primaryimage\",\"url\":\"https:\\\/\\\/nordiccab.lt\\\/wp-content\\\/uploads\\\/2025\\\/09\\\/Travisas-Kelceas-sako-kad-jis-vis-dar-yra-\u201eniurus-del.jpg\",\"contentUrl\":\"https:\\\/\\\/nordiccab.lt\\\/wp-content\\\/uploads\\\/2025\\\/09\\\/Travisas-Kelceas-sako-kad-jis-vis-dar-yra-\u201eniurus-del.jpg\",\"width\":1200,\"height\":630},{\"@type\":\"BreadcrumbList\",\"@id\":\"https:\\\/\\\/nordiccab.lt\\\/index.php\\\/2025\\\/09\\\/03\\\/travisas-kelceas-sako-kad-jis-vis-dar-yra-niurus-del-suzadetuviu-taylor-swift\\\/#breadcrumb\",\"itemListElement\":[{\"@type\":\"ListItem\",\"position\":1,\"name\":\"Home\",\"item\":\"https:\\\/\\\/nordiccab.lt\\\/\"},{\"@type\":\"ListItem\",\"position\":2,\"name\":\"Travisas Kelce&#8217;as sako, kad jis vis dar yra \u201eni\u016brus\u201c d\u0117l su\u017ead\u0117tuvi\u0173 Taylor Swift\"}]},{\"@type\":\"WebSite\",\"@id\":\"https:\\\/\\\/nordiccab.lt\\\/#website\",\"url\":\"https:\\\/\\\/nordiccab.lt\\\/\",\"name\":\"NORDICCAB.LT\",\"description\":\"Pasaulio naujienos, technologijos, automobiliai\",\"potentialAction\":[{\"@type\":\"SearchAction\",\"target\":{\"@type\":\"EntryPoint\",\"urlTemplate\":\"https:\\\/\\\/nordiccab.lt\\\/?s={search_term_string}\"},\"query-input\":{\"@type\":\"PropertyValueSpecification\",\"valueRequired\":true,\"valueName\":\"search_term_string\"}}],\"inLanguage\":\"lt-LT\"},{\"@type\":\"Person\",\"@id\":\"https:\\\/\\\/nordiccab.lt\\\/#\\\/schema\\\/person\\\/1e06879215dcf15255113d53ae73289b\",\"name\":\"admin\",\"image\":{\"@type\":\"ImageObject\",\"inLanguage\":\"lt-LT\",\"@id\":\"https:\\\/\\\/secure.gravatar.com\\\/avatar\\\/f37349f777250847d2fca2ada474f5a6aadffa79d5284e8ad354a5c410a691ec?s=96&d=mm&r=g\",\"url\":\"https:\\\/\\\/secure.gravatar.com\\\/avatar\\\/f37349f777250847d2fca2ada474f5a6aadffa79d5284e8ad354a5c410a691ec?s=96&d=mm&r=g\",\"contentUrl\":\"https:\\\/\\\/secure.gravatar.com\\\/avatar\\\/f37349f777250847d2fca2ada474f5a6aadffa79d5284e8ad354a5c410a691ec?s=96&d=mm&r=g\",\"caption\":\"admin\"},\"sameAs\":[\"https:\\\/\\\/nordiccab.lt\"],\"url\":\"https:\\\/\\\/nordiccab.lt\\\/author\\\/admin\\\/\"}]}<\/script>\n<!-- \/ Yoast SEO plugin. -->","yoast_head_json":{"title":"Travisas Kelce'as sako, kad jis vis dar yra \u201eni\u016brus\u201c d\u0117l su\u017ead\u0117tuvi\u0173 Taylor Swift - NORDICCAB.LT","robots":{"index":"index","follow":"follow","max-snippet":"max-snippet:-1","max-image-preview":"max-image-preview:large","max-video-preview":"max-video-preview:-1"},"canonical":"https:\/\/nordiccab.lt\/index.php\/2025\/09\/03\/travisas-kelceas-sako-kad-jis-vis-dar-yra-niurus-del-suzadetuviu-taylor-swift\/","og_locale":"lt_LT","og_type":"article","og_title":"Travisas Kelce'as sako, kad jis vis dar yra \u201eni\u016brus\u201c d\u0117l su\u017ead\u0117tuvi\u0173 Taylor Swift - NORDICCAB.LT","og_description":"Tre\u010di\u0105 savait\u0119 i\u0161 eil\u0117s Taylor Swift buvo futbolo podcast&#8217;o d\u0117mesys. Prie\u0161 prasidedant NFL sezonui ketvirtadien\u012f, Kanzaso miesto vir\u0161ininkas Travisas Kelce&#8217;as&hellip;","og_url":"https:\/\/nordiccab.lt\/index.php\/2025\/09\/03\/travisas-kelceas-sako-kad-jis-vis-dar-yra-niurus-del-suzadetuviu-taylor-swift\/","og_site_name":"NORDICCAB.LT","article_published_time":"2025-09-03T13:18:11+00:00","og_image":[{"url":"https:\/\/media-cldnry.s-nbcnews.com\/image\/upload\/t_fit_1500w\/rockcms\/2025-02\/250204-taylor-travis-ch-1252-6f2277.jpg","type":"","width":"","height":""}],"author":"admin","twitter_card":"summary_large_image","twitter_misc":{"Written by":"admin","Est. reading time":"2 minut\u0117s"},"schema":{"@context":"https:\/\/schema.org","@graph":[{"@type":"Article","@id":"https:\/\/nordiccab.lt\/index.php\/2025\/09\/03\/travisas-kelceas-sako-kad-jis-vis-dar-yra-niurus-del-suzadetuviu-taylor-swift\/#article","isPartOf":{"@id":"https:\/\/nordiccab.lt\/index.php\/2025\/09\/03\/travisas-kelceas-sako-kad-jis-vis-dar-yra-niurus-del-suzadetuviu-taylor-swift\/"},"author":{"name":"admin","@id":"https:\/\/nordiccab.lt\/#\/schema\/person\/1e06879215dcf15255113d53ae73289b"},"headline":"Travisas Kelce&#8217;as sako, kad jis vis dar yra \u201eni\u016brus\u201c d\u0117l su\u017ead\u0117tuvi\u0173 Taylor Swift","datePublished":"2025-09-03T13:18:11+00:00","mainEntityOfPage":{"@id":"https:\/\/nordiccab.lt\/index.php\/2025\/09\/03\/travisas-kelceas-sako-kad-jis-vis-dar-yra-niurus-del-suzadetuviu-taylor-swift\/"},"wordCount":463,"commentCount":0,"image":{"@id":"https:\/\/nordiccab.lt\/index.php\/2025\/09\/03\/travisas-kelceas-sako-kad-jis-vis-dar-yra-niurus-del-suzadetuviu-taylor-swift\/#primaryimage"},"thumbnailUrl":"https:\/\/nordiccab.lt\/wp-content\/uploads\/2025\/09\/Travisas-Kelceas-sako-kad-jis-vis-dar-yra-\u201eniurus-del.jpg","articleSection":["PASAULIO NAUJIENOS"],"inLanguage":"lt-LT","potentialAction":[{"@type":"CommentAction","name":"Comment","target":["https:\/\/nordiccab.lt\/index.php\/2025\/09\/03\/travisas-kelceas-sako-kad-jis-vis-dar-yra-niurus-del-suzadetuviu-taylor-swift\/#respond"]}]},{"@type":"WebPage","@id":"https:\/\/nordiccab.lt\/index.php\/2025\/09\/03\/travisas-kelceas-sako-kad-jis-vis-dar-yra-niurus-del-suzadetuviu-taylor-swift\/","url":"https:\/\/nordiccab.lt\/index.php\/2025\/09\/03\/travisas-kelceas-sako-kad-jis-vis-dar-yra-niurus-del-suzadetuviu-taylor-swift\/","name":"Travisas Kelce'as sako, kad jis vis dar yra \u201eni\u016brus\u201c d\u0117l su\u017ead\u0117tuvi\u0173 Taylor Swift - NORDICCAB.LT","isPartOf":{"@id":"https:\/\/nordiccab.lt\/#website"},"primaryImageOfPage":{"@id":"https:\/\/nordiccab.lt\/index.php\/2025\/09\/03\/travisas-kelceas-sako-kad-jis-vis-dar-yra-niurus-del-suzadetuviu-taylor-swift\/#primaryimage"},"image":{"@id":"https:\/\/nordiccab.lt\/index.php\/2025\/09\/03\/travisas-kelceas-sako-kad-jis-vis-dar-yra-niurus-del-suzadetuviu-taylor-swift\/#primaryimage"},"thumbnailUrl":"https:\/\/nordiccab.lt\/wp-content\/uploads\/2025\/09\/Travisas-Kelceas-sako-kad-jis-vis-dar-yra-\u201eniurus-del.jpg","datePublished":"2025-09-03T13:18:11+00:00","author":{"@id":"https:\/\/nordiccab.lt\/#\/schema\/person\/1e06879215dcf15255113d53ae73289b"},"breadcrumb":{"@id":"https:\/\/nordiccab.lt\/index.php\/2025\/09\/03\/travisas-kelceas-sako-kad-jis-vis-dar-yra-niurus-del-suzadetuviu-taylor-swift\/#breadcrumb"},"inLanguage":"lt-LT","potentialAction":[{"@type":"ReadAction","target":["https:\/\/nordiccab.lt\/index.php\/2025\/09\/03\/travisas-kelceas-sako-kad-jis-vis-dar-yra-niurus-del-suzadetuviu-taylor-swift\/"]}]},{"@type":"ImageObject","inLanguage":"lt-LT","@id":"https:\/\/nordiccab.lt\/index.php\/2025\/09\/03\/travisas-kelceas-sako-kad-jis-vis-dar-yra-niurus-del-suzadetuviu-taylor-swift\/#primaryimage","url":"https:\/\/nordiccab.lt\/wp-content\/uploads\/2025\/09\/Travisas-Kelceas-sako-kad-jis-vis-dar-yra-\u201eniurus-del.jpg","contentUrl":"https:\/\/nordiccab.lt\/wp-content\/uploads\/2025\/09\/Travisas-Kelceas-sako-kad-jis-vis-dar-yra-\u201eniurus-del.jpg","width":1200,"height":630},{"@type":"BreadcrumbList","@id":"https:\/\/nordiccab.lt\/index.php\/2025\/09\/03\/travisas-kelceas-sako-kad-jis-vis-dar-yra-niurus-del-suzadetuviu-taylor-swift\/#breadcrumb","itemListElement":[{"@type":"ListItem","position":1,"name":"Home","item":"https:\/\/nordiccab.lt\/"},{"@type":"ListItem","position":2,"name":"Travisas Kelce&#8217;as sako, kad jis vis dar yra \u201eni\u016brus\u201c d\u0117l su\u017ead\u0117tuvi\u0173 Taylor Swift"}]},{"@type":"WebSite","@id":"https:\/\/nordiccab.lt\/#website","url":"https:\/\/nordiccab.lt\/","name":"NORDICCAB.LT","description":"Pasaulio naujienos, technologijos, automobiliai","potentialAction":[{"@type":"SearchAction","target":{"@type":"EntryPoint","urlTemplate":"https:\/\/nordiccab.lt\/?s={search_term_string}"},"query-input":{"@type":"PropertyValueSpecification","valueRequired":true,"valueName":"search_term_string"}}],"inLanguage":"lt-LT"},{"@type":"Person","@id":"https:\/\/nordiccab.lt\/#\/schema\/person\/1e06879215dcf15255113d53ae73289b","name":"admin","image":{"@type":"ImageObject","inLanguage":"lt-LT","@id":"https:\/\/secure.gravatar.com\/avatar\/f37349f777250847d2fca2ada474f5a6aadffa79d5284e8ad354a5c410a691ec?s=96&d=mm&r=g","url":"https:\/\/secure.gravatar.com\/avatar\/f37349f777250847d2fca2ada474f5a6aadffa79d5284e8ad354a5c410a691ec?s=96&d=mm&r=g","contentUrl":"https:\/\/secure.gravatar.com\/avatar\/f37349f777250847d2fca2ada474f5a6aadffa79d5284e8ad354a5c410a691ec?s=96&d=mm&r=g","caption":"admin"},"sameAs":["https:\/\/nordiccab.lt"],"url":"https:\/\/nordiccab.lt\/author\/admin\/"}]}},"_links":{"self":[{"href":"https:\/\/nordiccab.lt\/index.php\/wp-json\/wp\/v2\/posts\/689","targetHints":{"allow":["GET"]}}],"collection":[{"href":"https:\/\/nordiccab.lt\/index.php\/wp-json\/wp\/v2\/posts"}],"about":[{"href":"https:\/\/nordiccab.lt\/index.php\/wp-json\/wp\/v2\/types\/post"}],"author":[{"embeddable":true,"href":"https:\/\/nordiccab.lt\/index.php\/wp-json\/wp\/v2\/users\/1"}],"replies":[{"embeddable":true,"href":"https:\/\/nordiccab.lt\/index.php\/wp-json\/wp\/v2\/comments?post=689"}],"version-history":[{"count":0,"href":"https:\/\/nordiccab.lt\/index.php\/wp-json\/wp\/v2\/posts\/689\/revisions"}],"wp:featuredmedia":[{"embeddable":true,"href":"https:\/\/nordiccab.lt\/index.php\/wp-json\/wp\/v2\/media\/690"}],"wp:attachment":[{"href":"https:\/\/nordiccab.lt\/index.php\/wp-json\/wp\/v2\/media?parent=689"}],"wp:term":[{"taxonomy":"category","embeddable":true,"href":"https:\/\/nordiccab.lt\/index.php\/wp-json\/wp\/v2\/categories?post=689"},{"taxonomy":"post_tag","embeddable":true,"href":"https:\/\/nordiccab.lt\/index.php\/wp-json\/wp\/v2\/tags?post=689"}],"curies":[{"name":"wp","href":"https:\/\/api.w.org\/{rel}","templated":true}]}}