{"id":651,"date":"2025-08-28T11:55:49","date_gmt":"2025-08-28T11:55:49","guid":{"rendered":"https:\/\/nordiccab.lt\/index.php\/2025\/08\/28\/ieskokite-atsakymu-po-minesotos-saudymo-ir-cdc-direktoriaus-atleidimo-is\/"},"modified":"2025-08-28T11:55:49","modified_gmt":"2025-08-28T11:55:49","slug":"ieskokite-atsakymu-po-minesotos-saudymo-ir-cdc-direktoriaus-atleidimo-is","status":"publish","type":"post","link":"https:\/\/nordiccab.lt\/index.php\/2025\/08\/28\/ieskokite-atsakymu-po-minesotos-saudymo-ir-cdc-direktoriaus-atleidimo-is\/","title":{"rendered":"Ie\u0161kokite atsakym\u0173 po Minesotos \u0161audymo ir CDC direktoriaus atleidimo i\u0161"},"content":{"rendered":"<p><\/p>\n<div>\n<p id=\"anchor-11e3f1\" class=\"body-graf\"><em>\u0160audymas Mineapolio katalik\u0173 mokykloje. CDC direktor\u0117, kuri\u0105 atleido D.Trumpo administracija, kai ji atsisako atsistatydinti. Ajovos demokratai va\u017eiuoja auk\u0161tai nuo daugyb\u0117s pergali\u0173. Ir did\u017eiulis i\u0161puolis prie\u0161 Ukrainos sostin\u0119 \u017eudo ma\u017eiausiai 15.<\/em><\/p>\n<p id=\"anchor-a887d2\" class=\"body-graf\"><em>\u0160tai k\u0105 \u0161iandien \u017einoti.<\/em><\/p>\n<div id=\"ez-toc-container\" class=\"ez-toc-v2_0_82_2 counter-hierarchy ez-toc-counter ez-toc-grey ez-toc-container-direction\">\n<div class=\"ez-toc-title-container\">\n<p class=\"ez-toc-title\" style=\"cursor:inherit\">Turinys:<\/p>\n<span class=\"ez-toc-title-toggle\"><a href=\"#\" class=\"ez-toc-pull-right ez-toc-btn ez-toc-btn-xs ez-toc-btn-default ez-toc-toggle\" aria-label=\"Toggle Table of Content\"><span class=\"ez-toc-js-icon-con\"><span class=\"\"><span class=\"eztoc-hide\" style=\"display:none;\">Toggle<\/span><span class=\"ez-toc-icon-toggle-span\"><svg style=\"fill: #999;color:#999\" xmlns=\"http:\/\/www.w3.org\/2000\/svg\" class=\"list-377408\" width=\"20px\" height=\"20px\" viewBox=\"0 0 24 24\" fill=\"none\"><path d=\"M6 6H4v2h2V6zm14 0H8v2h12V6zM4 11h2v2H4v-2zm16 0H8v2h12v-2zM4 16h2v2H4v-2zm16 0H8v2h12v-2z\" fill=\"currentColor\"><\/path><\/svg><svg style=\"fill: #999;color:#999\" class=\"arrow-unsorted-368013\" xmlns=\"http:\/\/www.w3.org\/2000\/svg\" width=\"10px\" height=\"10px\" viewBox=\"0 0 24 24\" version=\"1.2\" baseProfile=\"tiny\"><path d=\"M18.2 9.3l-6.2-6.3-6.2 6.3c-.2.2-.3.4-.3.7s.1.5.3.7c.2.2.4.3.7.3h11c.3 0 .5-.1.7-.3.2-.2.3-.5.3-.7s-.1-.5-.3-.7zM5.8 14.7l6.2 6.3 6.2-6.3c.2-.2.3-.5.3-.7s-.1-.5-.3-.7c-.2-.2-.4-.3-.7-.3h-11c-.3 0-.5.1-.7.3-.2.2-.3.5-.3.7s.1.5.3.7z\"\/><\/svg><\/span><\/span><\/span><\/a><\/span><\/div>\n<nav><ul class='ez-toc-list ez-toc-list-level-1 ' ><li class='ez-toc-page-1 ez-toc-heading-level-2'><a class=\"ez-toc-link ez-toc-heading-1\" href=\"https:\/\/nordiccab.lt\/index.php\/2025\/08\/28\/ieskokite-atsakymu-po-minesotos-saudymo-ir-cdc-direktoriaus-atleidimo-is\/#Saudymas_mokykloje_sukelia_tragedija_klausimus_ir_veiksmu_poreiki\" >\u0160audymas mokykloje sukelia tragedij\u0105, klausimus ir veiksm\u0173 poreik\u012f<\/a><ul class='ez-toc-list-level-3' ><li class='ez-toc-heading-level-3'><a class=\"ez-toc-link ez-toc-heading-2\" href=\"https:\/\/nordiccab.lt\/index.php\/2025\/08\/28\/ieskokite-atsakymu-po-minesotos-saudymo-ir-cdc-direktoriaus-atleidimo-is\/#Daugiau_apie_Mineapolio_kataliku_mokyklos_ispuoli\" >Daugiau apie Mineapolio katalik\u0173 mokyklos i\u0161puol\u012f:<\/a><\/li><\/ul><\/li><li class='ez-toc-page-1 ez-toc-heading-level-2'><a class=\"ez-toc-link ez-toc-heading-3\" href=\"https:\/\/nordiccab.lt\/index.php\/2025\/08\/28\/ieskokite-atsakymu-po-minesotos-saudymo-ir-cdc-direktoriaus-atleidimo-is\/#Pagrindinis_CDC_sukretimas_pabrezia_audringa_agenturos_laika\" >Pagrindinis CDC sukr\u0117timas pabr\u0117\u017eia audring\u0105 agent\u016bros laik\u0105<\/a><ul class='ez-toc-list-level-3' ><li class='ez-toc-heading-level-3'><a class=\"ez-toc-link ez-toc-heading-4\" href=\"https:\/\/nordiccab.lt\/index.php\/2025\/08\/28\/ieskokite-atsakymu-po-minesotos-saudymo-ir-cdc-direktoriaus-atleidimo-is\/#Daugiau_politikos_naujienu\" >Daugiau politikos naujien\u0173:<\/a><\/li><\/ul><\/li><li class='ez-toc-page-1 ez-toc-heading-level-2'><a class=\"ez-toc-link ez-toc-heading-5\" href=\"https:\/\/nordiccab.lt\/index.php\/2025\/08\/28\/ieskokite-atsakymu-po-minesotos-saudymo-ir-cdc-direktoriaus-atleidimo-is\/#Ar_demokratai_gauna_naudos_Ajovoje_Priklauso_nuo_to_ko_klausiate\" >Ar demokratai gauna naudos Ajovoje? Priklauso nuo to, ko klausiate.<\/a><\/li><li class='ez-toc-page-1 ez-toc-heading-level-2'><a class=\"ez-toc-link ez-toc-heading-6\" href=\"https:\/\/nordiccab.lt\/index.php\/2025\/08\/28\/ieskokite-atsakymu-po-minesotos-saudymo-ir-cdc-direktoriaus-atleidimo-is\/#Masinis_Rusijos_ispuolis_pries_Ukrainos_sostine_nuzudo_maziausiai_15\" >Masinis Rusijos i\u0161puolis prie\u0161 Ukrainos sostin\u0119 nu\u017eudo ma\u017eiausiai 15<\/a><\/li><li class='ez-toc-page-1 ez-toc-heading-level-2'><a class=\"ez-toc-link ez-toc-heading-7\" href=\"https:\/\/nordiccab.lt\/index.php\/2025\/08\/28\/ieskokite-atsakymu-po-minesotos-saudymo-ir-cdc-direktoriaus-atleidimo-is\/#Perskaitykite_viska_apie_tai\" >Perskaitykite visk\u0105 apie tai<\/a><\/li><li class='ez-toc-page-1 ez-toc-heading-level-2'><a class=\"ez-toc-link ez-toc-heading-8\" href=\"https:\/\/nordiccab.lt\/index.php\/2025\/08\/28\/ieskokite-atsakymu-po-minesotos-saudymo-ir-cdc-direktoriaus-atleidimo-is\/#Personalo_pasirinkimas_Maha_megsta_papildus_Ar_Vasingtonas\" >Personalo pasirinkimas: Maha m\u0117gsta papildus. Ar Va\u0161ingtonas?<\/a><\/li><li class='ez-toc-page-1 ez-toc-heading-level-2'><a class=\"ez-toc-link ez-toc-heading-9\" href=\"https:\/\/nordiccab.lt\/index.php\/2025\/08\/28\/ieskokite-atsakymu-po-minesotos-saudymo-ir-cdc-direktoriaus-atleidimo-is\/#NBC_SELECT_Apsipirkimas_internetu_supaprastintas\" >NBC SELECT: Apsipirkimas internetu, supaprastintas<\/a><\/li><\/ul><\/nav><\/div>\n<h2 id=\"anchor-85d327\" class=\"body-heading\"><span class=\"ez-toc-section\" id=\"Saudymas_mokykloje_sukelia_tragedija_klausimus_ir_veiksmu_poreiki\"><\/span>\u0160audymas mokykloje sukelia tragedij\u0105, klausimus ir veiksm\u0173 poreik\u012f<span class=\"ez-toc-section-end\"><\/span><\/h2>\n<p id=\"anchor-a1a3ce\" class=\"body-graf\">\u0160audymas Mineapolio katalik\u0173 ba\u017eny\u010dioje, kurioje nu\u017eud\u0117 du vaikus ir su\u017eeid\u0117 17 \u017emoni\u0173, paliko bendruomen\u0119 sukr\u0117st\u0105, o vald\u017eios institucijos ie\u0161kojo atsakym\u0173, kod\u0117l \u012fvyko i\u0161puolis.<\/p>\n<p id=\"anchor-3931fb\" class=\"body-graf\">Mir\u0119 vaikai buvo 8 ir 10 met\u0173. Tarp su\u017eeist\u0173j\u0173 buvo dar 14 vaik\u0173 ir trys suaug\u0119 parapijie\u010diai. Mineapolio policijos vir\u0161ininkas Brianas O&#8217;Hara teig\u0117, kad tikimasi, kad jie i\u0161gyvens.<\/p>\n<p id=\"anchor-8d76cc\" class=\"body-graf\"><em><strong>Tai yra \u201eMorning Rundown\u201c, savait\u0117s dienos informacinis biuletenis, kad prad\u0117tum\u0117te savo dien\u0105. Prisiregistruokite <\/strong><\/em><em><strong>\u010dia<\/strong><\/em><em><strong>  Nor\u0117dami j\u012f gauti savo gautuosiuose.<\/strong><\/em><\/p>\n<p id=\"anchor-5ac526\" class=\"body-graf\">O&#8217;Hara sak\u0117, kad prie\u0161 pat 8:30 val. 23-eri\u0173 Robinas Westmanas kreip\u0117si \u012f ba\u017eny\u010dios, ginkluotos \u0161autuvu, \u0161autuvu ir pistoletu, pus\u0117je. Westmanas \u0161aud\u0117 de\u0161imtis raund\u0173 pro \u0161oninius Antra\u0161t\u0117s kataliki\u0161kos mokyklos ba\u017eny\u010dios langus, siekdamas vaik\u0173, kurie lank\u0117 Mi\u0161ius. \u0160aulys mir\u0117 d\u0117l savaime padarytos \u0161autin\u0117s \u017eaizdos, sak\u0117 O&#8217;Hara.<\/p>\n<p id=\"anchor-12fa8f\" class=\"body-graf\">Mineapolio meras Jok\u016bbas Frey i\u0161puol\u012f pavadino tragedija ir pareikalavo, kad politiniai lyderiai imt\u0173si veiksm\u0173 po kito \u0161audymo \u012f masin\u0119 mokykl\u0105.<\/p>\n<p id=\"anchor-6062ea\" class=\"body-graf\">\u201eValstyb\u0117s tarnautojams ir vadovams ne tik turi \u017eod\u017eius, bet ir turi veiksmus, kurie yra susij\u0119 su tais \u017eod\u017eiais\u201c, &#8211; Frey pasakojo \u201eNBC News\u201c \u201eTom Llamas\u201c.<\/p>\n<p id=\"anchor-435fb8\" class=\"body-graf\">FTB direktorius Kashas Patelas teig\u0117, kad \u0161aulys buvo \u201evyras\u201c, gim\u0119s kitu vardu. Westmano vardo pakeitimas \u012f Robin\u0105 buvo suteiktas 2020 m., Kai jai buvo 17 met\u0173.<\/p>\n<p id=\"anchor-d2c7b2\" class=\"body-graf\">\u201eKiekvienas, kuris tai naudoja &#8230; kaip proga suklysti m\u016bs\u0173 trans -bendruomen\u0119 ar bet kuri\u0105 kit\u0105 ten esan\u010di\u0105 bendruomen\u0119, prarado savo bendros \u017emonijos jausm\u0105\u201c, &#8211; teig\u0117 Frey.<\/p>\n<p id=\"anchor-507b3d\" class=\"body-graf\">Pasak teis\u0117saugos pareig\u016bn\u0173, Westmanas internete paskelb\u0117 vaizdo \u012fra\u0161us internete su ra\u0161tais, kuriuose nurodoma savi\u017eudyb\u0117, \u201eypa\u010d \u017eiaurios mintys ir id\u0117jos\u201c ir atsipra\u0161ymas su \u0161eima.<\/p>\n<p id=\"anchor-ef8a08\" class=\"body-graf\">Vald\u017eia stengiasi nustatyti motyv\u0105. Policija \u017einojo apie \u201emanifest\u0105\u201c, kur\u012f \u012ftariamasis tur\u0117jo b\u016bti paleistas \u201eYouTube\u201c, kuris nuo to laiko buvo panaikintas.<\/p>\n<p id=\"anchor-e0716f\" class=\"body-graf\"><strong>Perskaitykite naujausius atnaujinimus \u010dia.<\/strong><\/p>\n<h3 id=\"anchor-b7c8a1\" class=\"body-heading\"><span class=\"ez-toc-section\" id=\"Daugiau_apie_Mineapolio_kataliku_mokyklos_ispuoli\"><\/span><strong>Daugiau apie Mineapolio katalik\u0173 mokyklos i\u0161puol\u012f:<\/strong> <span class=\"ez-toc-section-end\"><\/span><\/h3>\n<ul id=\"anchor-9b9a74\" class=\"break-above body-ul body-list-el\">\n<li>Vald\u017eia vis dar bando su\u017einoti daugiau apie \u0161aul\u012f, vedant\u012f iki i\u0161puolio. <strong>\u0160tai k\u0105 mes \u017einome.<\/strong><\/li>\n<\/ul>\n<ul id=\"anchor-1d52b5\" class=\"break-above body-ul body-list-el\">\n<li>Interviu, <strong>\u017dmon\u0117s, esantys netoli annunciation katalik\u0173 ba\u017eny\u010dios<\/strong>.<\/li>\n<\/ul>\n<h2 id=\"anchor-5396ec\" class=\"body-heading\"><span class=\"ez-toc-section\" id=\"Pagrindinis_CDC_sukretimas_pabrezia_audringa_agenturos_laika\"><\/span>Pagrindinis CDC sukr\u0117timas pabr\u0117\u017eia audring\u0105 agent\u016bros laik\u0105<span class=\"ez-toc-section-end\"><\/span><\/h2>\n<p id=\"anchor-0e4f9c\" class=\"body-graf\">Pirmiausia at\u0117jo X sveikatos ir \u017emogi\u0161k\u0173j\u0173 paslaug\u0173 departamento X postas, kuriame sakoma, kad Susan Monarez neb\u0117ra Lig\u0173 kontrol\u0117s ir prevencijos centro direktor\u0117, d\u0117l kurios bent keturi geriausi agent\u016bros pareig\u016bnai atsistatydino.<\/p>\n<p id=\"anchor-5c3208\" class=\"body-graf\">Tada Monarezo advokatai teig\u0117, kad ji neatsistatydina. Trumpo administracija prad\u0117jo \u0161audyti Monarez\u0105 netrukus po jos atsisakymo.<\/p>\n<p id=\"anchor-76f762\" class=\"body-graf\">Po \u201eHHS X Post\u201c prane\u0161ime \u201eMonarez\u201c advokatai teig\u0117, kad direktorius \u201eatsisak\u0117 gumos antspaudo nes\u0105moningumo, neapgalvot\u0173 direktyv\u0173 ir gaisro atsidavusi\u0173 sveikatos ekspert\u0173\u201c, ir tam ji buvo \u201etikslinga\u201c.<\/p>\n<p id=\"anchor-9e9eb8\" class=\"body-graf\">Baltieji r\u016bmai reagavo oficialiai nutraukdami Monarez\u0105, sakydamas, kad ji \u201enebuvo suderinta su prezidento darbotvarke, kad Amerika v\u0117l b\u016bt\u0173 sveika\u201c.<\/p>\n<p id=\"anchor-f880ed\" class=\"body-graf\"><strong>Perskaitykite vis\u0105 istorij\u0105 \u010dia.<\/strong><\/p>\n<h3 id=\"anchor-dd90a3\" class=\"body-heading\"><span class=\"ez-toc-section\" id=\"Daugiau_politikos_naujienu\"><\/span>Daugiau politikos naujien\u0173: <span class=\"ez-toc-section-end\"><\/span><\/h3>\n<ul id=\"anchor-896a2c\" class=\"break-above body-ul body-list-el\">\n<li>Nam\u0173 laisv\u0117s kaukas <strong>susiduria su egzistenciniu momentu<\/strong> Kai kuriems garsiausiems nariams stebi nauj\u0173 darbo viet\u0173 i\u0161\u0117jimai 2026 m. Rinkimuose.<\/li>\n<\/ul>\n<ul id=\"anchor-864f09\" class=\"break-above body-ul body-list-el\">\n<li>Bent 21 FEMA darbuotojai buvo <strong>I\u0161leiskite administracines atostogas po to, kai jie pasira\u0161\u0117 atvir\u0105 lai\u0161k\u0105<\/strong> kritikuodamas D.Trumpo administracij\u0105.<\/li>\n<\/ul>\n<ul id=\"anchor-b7254f\" class=\"break-above body-ul body-list-el\">\n<li>Auk\u0161\u010diausias Floridos pareig\u016bnas sako <strong>\u201eAligator Alcatraz\u201c grei\u010diausiai bus tu\u0161\u010dias per kelias dienas<\/strong>.<\/li>\n<\/ul>\n<ul id=\"anchor-3ddd6c\" class=\"break-above body-ul body-list-el\">\n<li>Seni\u016bnas Susan Collins buvo <strong>Demonstrantai kartais nuskendo ir nuskendo<\/strong> Juostos pjaustymo ceremonijoje Meine.<\/li>\n<\/ul>\n<h2 id=\"anchor-1e8a53\" class=\"body-heading\"><span class=\"ez-toc-section\" id=\"Ar_demokratai_gauna_naudos_Ajovoje_Priklauso_nuo_to_ko_klausiate\"><\/span>Ar demokratai gauna naudos Ajovoje? Priklauso nuo to, ko klausiate.<span class=\"ez-toc-section-end\"><\/span><\/h2>\n<p id=\"anchor-71c7d7\" class=\"body-graf\">Daugyb\u0117 \u012ftikinam\u0173 pergali\u0173 specialiuose \u012fstatym\u0173 leidybos rinkimuose kai kuriuos metus tik\u0117josi, kad Demokrat\u0173 partija gali apversti kelet\u0105 svarbi\u0173 respublikon\u0173 valdom\u0173 biur\u0173 kit\u0173 met\u0173 vidurio rinkim\u0173 metu.<\/p>\n<p id=\"anchor-1d8a0f\" class=\"body-graf\">\u012e \u0161\u012f serij\u0105 \u012feina pergal\u0117, kuri u\u017e\u0117m\u0117 respublikon\u0173 viet\u0105, nutraukus GOP supermajorij\u0105 Ajovos senate.<\/p>\n<p id=\"anchor-e49349\" class=\"body-graf\">Optimisti\u0161ki demokratai parod\u0117 jaudul\u012f kit\u0173 met\u0173 gubernatoriaus, JAV senato ir dviej\u0173 nam\u0173 lenktyni\u0173 lenktyn\u0117se.<\/p>\n<p id=\"anchor-7093df\" class=\"body-graf\">Ta\u010diau Ajovos respublikonai \u012f tai neperka. Cituodami ma\u017e\u0105 rink\u0117j\u0173 aktyvum\u0105 per metus, specialius rutulio rinkimus, respublikonai rodo ilg\u0105 Ajovos, raudonojo balsavimo istorij\u0105, kad nu\u017eudyt\u0173 m\u0117lyn\u0105 gars\u0105.<\/p>\n<p id=\"anchor-0dcffb\" class=\"body-graf\"><strong>Perskaitykite vis\u0105 istorij\u0105 \u010dia.<\/strong><\/p>\n<h2 id=\"anchor-84b2e5\" class=\"body-heading\"><span class=\"ez-toc-section\" id=\"Masinis_Rusijos_ispuolis_pries_Ukrainos_sostine_nuzudo_maziausiai_15\"><\/span>Masinis Rusijos i\u0161puolis prie\u0161 Ukrainos sostin\u0119 nu\u017eudo ma\u017eiausiai 15<span class=\"ez-toc-section-end\"><\/span><\/h2>\n<p id=\"anchor-2f85ac\" class=\"body-graf\">Rusija i\u0161leido did\u017eiul\u012f naktin\u012f i\u0161puol\u012f prie\u0161 Ukrainos sostin\u0119, kuri nu\u017eud\u0117 ma\u017eiausiai 15 \u017emoni\u0173, \u012fskaitant keturis vaikus, ir su\u017eeista 38, prane\u0161\u0117 vietos pareig\u016bnai ankstyv\u0105 ketvirtadien\u012f.<\/p>\n<p id=\"anchor-d0df18\" class=\"body-graf\">Kombinuoti streikai buvo reik\u0161mingiausi pataikyti \u012f Kij\u0105, nes prezidentas Donaldas Trumpas sustiprino savo pastang\u0105 nutraukti Kremliaus kar\u0105, an <strong>Pastangos, kurios sustojo pra\u0117jusi\u0105 savait\u0119<\/strong>. I\u0161 viso per nakt\u012f \u0161alyje buvo atleista 629 dronai ir raketos, sak\u0117 Ukrainos oro paj\u0117gos, vienas did\u017eiausi\u0173 i\u0161 karo.<\/p>\n<p id=\"anchor-b3dadf\" class=\"body-graf\">Nakvyn\u0117s i\u0161puoliai ai\u0161kiai parodo, kad Rusija pasirinko \u201ebalistik\u0105 per deryb\u0173 stal\u0105\u201c, &#8211; sak\u0117 Ukrainos prezidentas Volodymyr Zelenskyy prane\u0161ime apie X.<\/p>\n<p id=\"anchor-cb4500\" class=\"body-graf\">Zelenskyy pakartojo savo raginim\u0105 d\u0117l \u201enauj\u0173 grie\u017et\u0173 sankcij\u0173\u201c prie\u0161 Rusij\u0105, tik\u0117damasis, kad JAV bus nukreipta \u012f Putino ekonomik\u0105, kad priverst\u0173 j\u012f prie stalo. \u201eVisi terminai jau buvo praleisti; de\u0161imtys diplomatijos galimybi\u0173 buvo sugadintos\u201c, &#8211; sak\u0117 jis X.<\/p>\n<p id=\"anchor-beb3f3\" class=\"body-graf\"><strong>Perskaitykite vis\u0105 istorij\u0105 \u010dia.<\/strong><\/p>\n<h2 id=\"anchor-229dd3\" class=\"body-heading\"><span class=\"ez-toc-section\" id=\"Perskaitykite_viska_apie_tai\"><\/span>Perskaitykite visk\u0105 apie tai<span class=\"ez-toc-section-end\"><\/span><\/h2>\n<ul id=\"anchor-a8860f\" class=\"break-above body-ul body-list-el\">\n<li>Vidurin\u0117s mokyklos dekanas buvo apkaltintas seksualiniais nusikaltimais prie\u0161 vaikus. <strong>T\u0117vai sako, kad mokyklos nes\u0117km\u0117s leido \u012ftariam\u0105 elges\u012f.<\/strong><\/li>\n<\/ul>\n<ul id=\"anchor-7cd43e\" class=\"break-above body-ul body-list-el\">\n<li>Pad\u0117jo trys priva\u010dios \u012fmon\u0117s <strong>Kinija atlieka vien\u0105 dr\u0105siausi\u0173 \u012fsilau\u017eimo operacij\u0173<\/strong> iki \u0161iol.<\/li>\n<\/ul>\n<ul id=\"anchor-cb6a8b\" class=\"break-above body-ul body-list-el\">\n<li>Floridos miestai <strong>lenktyn\u0117s, kad i\u0161saugot\u0173 vaivoryk\u0161t\u0117s sankry\u017e\u0105<\/strong> kaip valstyb\u0117s terminas juos pa\u0161alinti arba rizikuoti prarasti milijonus doleri\u0173 finansavimo stakl\u0117je.<\/li>\n<\/ul>\n<ul id=\"anchor-ca62fe\" class=\"break-above body-ul body-list-el\">\n<li>Izraelis patiria didesn\u012f spaudim\u0105 <strong>Auga tarptautin\u0117 kritika<\/strong> Po streik\u0173 ligonin\u0117je nu\u017eud\u0117 22 \u017emon\u0117s, \u012fskaitant \u017eurnalistus ir medikus.<\/li>\n<\/ul>\n<ul id=\"anchor-21e262\" class=\"break-above body-ul body-list-el\">\n<li>\u201eLove Island USA\u201c 7 sezono nugal\u0117tojai <strong>\u201eAmaya Espinal\u201c ir Bryanas Arenalesas oficialiai i\u0161siskyr\u0117<\/strong> Pra\u0117jus dviem dienoms po pasirodymo susivienijimo.<\/li>\n<\/ul>\n<h2 id=\"anchor-315723\" class=\"body-heading\"><span class=\"ez-toc-section\" id=\"Personalo_pasirinkimas_Maha_megsta_papildus_Ar_Vasingtonas\"><\/span>Personalo pasirinkimas: Maha m\u0117gsta papildus. Ar Va\u0161ingtonas?<span class=\"ez-toc-section-end\"><\/span><\/h2>\n<figure class=\"styles_inlineImage__FvnTh styles_medium__MEKii styles_noCaption__qtPhQ\" id=\"anchor-0aa04e\"><picture class=\"styles_image__i32F7\" data-testid=\"picture\" data-flavor=\"fit\" data-original-height=\"1600\" data-original-width=\"2400\"><source media=\"(min-width: 1000px)\" srcset=\"https:\/\/media-cldnry.s-nbcnews.com\/image\/upload\/t_fit-560w,f_auto,q_auto:best\/rockcms\/2025-08\/250825-supplements-rfk-jr-white-house-maha-cs-9b7a47.gif\"\/><source media=\"(min-width: 320px)\" srcset=\"https:\/\/media-cldnry.s-nbcnews.com\/image\/upload\/t_fit-760w,f_auto,q_auto:best\/rockcms\/2025-08\/250825-supplements-rfk-jr-white-house-maha-cs-9b7a47.gif\"\/><\/picture><figcaption class=\"caption styles_caption__TCewG\" data-testid=\"caption\"><span class=\"caption__source\" data-testid=\"caption__source\">Erikas Carteris NBC naujienoms<\/span><\/figcaption><\/figure>\n<p id=\"anchor-1b6c4b\" class=\"body-graf\">Sveikatos ir \u017emogi\u0161k\u0173j\u0173 paslaug\u0173 sekretorius Robertas F. Kennedy imasi tiek vitamin\u0173, kad jis \u201enet negal\u0117jo j\u0173 vis\u0173 prisiminti\u201c. Va\u0161ingtone Kennedy apsupo kitus garsius maisto papild\u0173 gerb\u0117jus, kurie reklamavo visk\u0105 nuo svorio metimo table\u010di\u0173 iki i\u0161d\u017ei\u016bvusios vargon\u0173 m\u0117sos kapsuli\u0173.<\/p>\n<p id=\"anchor-60160d\" class=\"body-graf\">Nors papildai yra kertinis \u201eMake America Healthy\u201c akmuo, kuris pad\u0117jo Kennedy paskatinti vald\u017ei\u0105, <strong>Pramon\u0117 nemat\u0117 dideli\u0173 poky\u010di\u0173 nuo tada<\/strong>. M\u016bs\u0173 istorija atid\u017eiai ap\u017evelgia Amerikos meil\u0117s roman\u0105 su papildais &#8211; ir kod\u0117l tai dar bent jau rei\u0161k\u0117 didel\u0119 naud\u0105 papild\u0173 gamintojams Va\u0161ingtone. &#8211; <em><strong>Suzy Khimm, <\/strong><\/em><em>Nacionalinis reporteris<\/em><\/p>\n<h2 id=\"anchor-151a76\" class=\"body-heading\"><span class=\"ez-toc-section\" id=\"NBC_SELECT_Apsipirkimas_internetu_supaprastintas\"><\/span>NBC SELECT: Apsipirkimas internetu, supaprastintas<span class=\"ez-toc-section-end\"><\/span><\/h2>\n<p id=\"anchor-920c85\" class=\"body-graf\">Darbo dienos savaitgalis tur\u0117s kelet\u0105 paskutini\u0173 pagrindini\u0173 pardavim\u0173 prie\u0161 Juod\u0105j\u012f penktadien\u012f &#8211; <strong>Bet tai n\u0117ra geriausias laikas visk\u0105 nusipirkti<\/strong>. \u201eNBC Select\u201c redaktoriai kalb\u0117josi su ekspertais, kad su\u017einot\u0173 <strong>K\u0105 nusipirkti ir k\u0105 praleisti<\/strong> Per atostog\u0173 nuolaidas. Be to, iki 40% nuolaida \u201eLowe\u201c su <strong>Grili\u0173, prietais\u0173 ir dar daugiau pasi\u016blym\u0173<\/strong>.<\/p>\n<p id=\"anchor-c25077\" class=\"body-graf\"><em><strong>Prisiregistruokite prie pasirinkimo<\/strong><\/em><em>  Informacinis biuletenis, skirtas praktini\u0173 produkt\u0173 ap\u017evalgoms, ekspert\u0173 apsipirkimo patarimams ir geriausi\u0173 pasi\u016blym\u0173 ir pardavim\u0173 ap\u017evalg\u0105 kiekvien\u0105 savait\u0119.<\/em><\/p>\n<p id=\"anchor-1dce52\" class=\"endmark body-graf\"><em>A\u010di\u016b, kad perskait\u0117te \u0161iandien ryt\u0105. \u0160iandienos informacin\u012f biuleten\u012f jums kuravo Christianas Orozco. Jei esate gerb\u0117jas, atsi\u0173skite nuorod\u0105 savo \u0161eimai ir draugams. Jie gali u\u017esiregistruoti <\/em><em>\u010dia<\/em><em>.<\/em>\u200a\u200a\u200a\u200a\u200a\u200a\u200a<\/p>\n<\/div>\n<p><a href=\"https:\/\/www.nbcnews.com\/news\/us-news\/search-answers-minnesota-shooting-cdc-director-fired-morning-rundown-rcna227666\" target=\"_blank\" rel=\"noopener\"> Nuoroda \u012f informacijos \u0161altin\u012f <\/a><\/p>\n","protected":false},"excerpt":{"rendered":"<p>\u0160audymas Mineapolio katalik\u0173 mokykloje. CDC direktor\u0117, kuri\u0105 atleido D.Trumpo administracija, kai ji atsisako atsistatydinti. Ajovos demokratai va\u017eiuoja auk\u0161tai nuo daugyb\u0117s&hellip;<\/p>\n","protected":false},"author":1,"featured_media":652,"comment_status":"open","ping_status":"open","sticky":false,"template":"","format":"standard","meta":{"footnotes":""},"categories":[4],"tags":[],"class_list":["post-651","post","type-post","status-publish","format-standard","has-post-thumbnail","hentry","category-pasaulio-naujienos"],"yoast_head":"<!-- This site is optimized with the Yoast SEO plugin v27.5 - https:\/\/yoast.com\/product\/yoast-seo-wordpress\/ -->\n<title>Ie\u0161kokite atsakym\u0173 po Minesotos \u0161audymo ir CDC direktoriaus atleidimo i\u0161 - NORDICCAB.LT<\/title>\n<meta name=\"robots\" content=\"index, follow, max-snippet:-1, max-image-preview:large, max-video-preview:-1\" \/>\n<link rel=\"canonical\" href=\"https:\/\/nordiccab.lt\/index.php\/2025\/08\/28\/ieskokite-atsakymu-po-minesotos-saudymo-ir-cdc-direktoriaus-atleidimo-is\/\" \/>\n<meta property=\"og:locale\" content=\"lt_LT\" \/>\n<meta property=\"og:type\" content=\"article\" \/>\n<meta property=\"og:title\" content=\"Ie\u0161kokite atsakym\u0173 po Minesotos \u0161audymo ir CDC direktoriaus atleidimo i\u0161 - NORDICCAB.LT\" \/>\n<meta property=\"og:description\" content=\"\u0160audymas Mineapolio katalik\u0173 mokykloje. CDC direktor\u0117, kuri\u0105 atleido D.Trumpo administracija, kai ji atsisako atsistatydinti. Ajovos demokratai va\u017eiuoja auk\u0161tai nuo daugyb\u0117s&hellip;\" \/>\n<meta property=\"og:url\" content=\"https:\/\/nordiccab.lt\/index.php\/2025\/08\/28\/ieskokite-atsakymu-po-minesotos-saudymo-ir-cdc-direktoriaus-atleidimo-is\/\" \/>\n<meta property=\"og:site_name\" content=\"NORDICCAB.LT\" \/>\n<meta property=\"article:published_time\" content=\"2025-08-28T11:55:49+00:00\" \/>\n<meta property=\"og:image\" content=\"https:\/\/media-cldnry.s-nbcnews.com\/image\/upload\/t_fit-760w,f_auto,q_auto:best\/rockcms\/2025-08\/250825-supplements-rfk-jr-white-house-maha-cs-9b7a47.gif\" \/>\n<meta name=\"author\" content=\"admin\" \/>\n<meta name=\"twitter:card\" content=\"summary_large_image\" \/>\n<meta name=\"twitter:label1\" content=\"Written by\" \/>\n\t<meta name=\"twitter:data1\" content=\"admin\" \/>\n\t<meta name=\"twitter:label2\" content=\"Est. reading time\" \/>\n\t<meta name=\"twitter:data2\" content=\"6 minut\u0117s\" \/>\n<script type=\"application\/ld+json\" class=\"yoast-schema-graph\">{\"@context\":\"https:\\\/\\\/schema.org\",\"@graph\":[{\"@type\":\"Article\",\"@id\":\"https:\\\/\\\/nordiccab.lt\\\/index.php\\\/2025\\\/08\\\/28\\\/ieskokite-atsakymu-po-minesotos-saudymo-ir-cdc-direktoriaus-atleidimo-is\\\/#article\",\"isPartOf\":{\"@id\":\"https:\\\/\\\/nordiccab.lt\\\/index.php\\\/2025\\\/08\\\/28\\\/ieskokite-atsakymu-po-minesotos-saudymo-ir-cdc-direktoriaus-atleidimo-is\\\/\"},\"author\":{\"name\":\"admin\",\"@id\":\"https:\\\/\\\/nordiccab.lt\\\/#\\\/schema\\\/person\\\/1e06879215dcf15255113d53ae73289b\"},\"headline\":\"Ie\u0161kokite atsakym\u0173 po Minesotos \u0161audymo ir CDC direktoriaus atleidimo i\u0161\",\"datePublished\":\"2025-08-28T11:55:49+00:00\",\"mainEntityOfPage\":{\"@id\":\"https:\\\/\\\/nordiccab.lt\\\/index.php\\\/2025\\\/08\\\/28\\\/ieskokite-atsakymu-po-minesotos-saudymo-ir-cdc-direktoriaus-atleidimo-is\\\/\"},\"wordCount\":1176,\"commentCount\":0,\"image\":{\"@id\":\"https:\\\/\\\/nordiccab.lt\\\/index.php\\\/2025\\\/08\\\/28\\\/ieskokite-atsakymu-po-minesotos-saudymo-ir-cdc-direktoriaus-atleidimo-is\\\/#primaryimage\"},\"thumbnailUrl\":\"https:\\\/\\\/nordiccab.lt\\\/wp-content\\\/uploads\\\/2025\\\/08\\\/Ieskokite-atsakymu-po-Minesotos-saudymo-ir-CDC-direktoriaus-atleidimo-is.jpg\",\"articleSection\":[\"PASAULIO NAUJIENOS\"],\"inLanguage\":\"lt-LT\",\"potentialAction\":[{\"@type\":\"CommentAction\",\"name\":\"Comment\",\"target\":[\"https:\\\/\\\/nordiccab.lt\\\/index.php\\\/2025\\\/08\\\/28\\\/ieskokite-atsakymu-po-minesotos-saudymo-ir-cdc-direktoriaus-atleidimo-is\\\/#respond\"]}]},{\"@type\":\"WebPage\",\"@id\":\"https:\\\/\\\/nordiccab.lt\\\/index.php\\\/2025\\\/08\\\/28\\\/ieskokite-atsakymu-po-minesotos-saudymo-ir-cdc-direktoriaus-atleidimo-is\\\/\",\"url\":\"https:\\\/\\\/nordiccab.lt\\\/index.php\\\/2025\\\/08\\\/28\\\/ieskokite-atsakymu-po-minesotos-saudymo-ir-cdc-direktoriaus-atleidimo-is\\\/\",\"name\":\"Ie\u0161kokite atsakym\u0173 po Minesotos \u0161audymo ir CDC direktoriaus atleidimo i\u0161 - NORDICCAB.LT\",\"isPartOf\":{\"@id\":\"https:\\\/\\\/nordiccab.lt\\\/#website\"},\"primaryImageOfPage\":{\"@id\":\"https:\\\/\\\/nordiccab.lt\\\/index.php\\\/2025\\\/08\\\/28\\\/ieskokite-atsakymu-po-minesotos-saudymo-ir-cdc-direktoriaus-atleidimo-is\\\/#primaryimage\"},\"image\":{\"@id\":\"https:\\\/\\\/nordiccab.lt\\\/index.php\\\/2025\\\/08\\\/28\\\/ieskokite-atsakymu-po-minesotos-saudymo-ir-cdc-direktoriaus-atleidimo-is\\\/#primaryimage\"},\"thumbnailUrl\":\"https:\\\/\\\/nordiccab.lt\\\/wp-content\\\/uploads\\\/2025\\\/08\\\/Ieskokite-atsakymu-po-Minesotos-saudymo-ir-CDC-direktoriaus-atleidimo-is.jpg\",\"datePublished\":\"2025-08-28T11:55:49+00:00\",\"author\":{\"@id\":\"https:\\\/\\\/nordiccab.lt\\\/#\\\/schema\\\/person\\\/1e06879215dcf15255113d53ae73289b\"},\"breadcrumb\":{\"@id\":\"https:\\\/\\\/nordiccab.lt\\\/index.php\\\/2025\\\/08\\\/28\\\/ieskokite-atsakymu-po-minesotos-saudymo-ir-cdc-direktoriaus-atleidimo-is\\\/#breadcrumb\"},\"inLanguage\":\"lt-LT\",\"potentialAction\":[{\"@type\":\"ReadAction\",\"target\":[\"https:\\\/\\\/nordiccab.lt\\\/index.php\\\/2025\\\/08\\\/28\\\/ieskokite-atsakymu-po-minesotos-saudymo-ir-cdc-direktoriaus-atleidimo-is\\\/\"]}]},{\"@type\":\"ImageObject\",\"inLanguage\":\"lt-LT\",\"@id\":\"https:\\\/\\\/nordiccab.lt\\\/index.php\\\/2025\\\/08\\\/28\\\/ieskokite-atsakymu-po-minesotos-saudymo-ir-cdc-direktoriaus-atleidimo-is\\\/#primaryimage\",\"url\":\"https:\\\/\\\/nordiccab.lt\\\/wp-content\\\/uploads\\\/2025\\\/08\\\/Ieskokite-atsakymu-po-Minesotos-saudymo-ir-CDC-direktoriaus-atleidimo-is.jpg\",\"contentUrl\":\"https:\\\/\\\/nordiccab.lt\\\/wp-content\\\/uploads\\\/2025\\\/08\\\/Ieskokite-atsakymu-po-Minesotos-saudymo-ir-CDC-direktoriaus-atleidimo-is.jpg\",\"width\":1200,\"height\":630},{\"@type\":\"BreadcrumbList\",\"@id\":\"https:\\\/\\\/nordiccab.lt\\\/index.php\\\/2025\\\/08\\\/28\\\/ieskokite-atsakymu-po-minesotos-saudymo-ir-cdc-direktoriaus-atleidimo-is\\\/#breadcrumb\",\"itemListElement\":[{\"@type\":\"ListItem\",\"position\":1,\"name\":\"Home\",\"item\":\"https:\\\/\\\/nordiccab.lt\\\/\"},{\"@type\":\"ListItem\",\"position\":2,\"name\":\"Ie\u0161kokite atsakym\u0173 po Minesotos \u0161audymo ir CDC direktoriaus atleidimo i\u0161\"}]},{\"@type\":\"WebSite\",\"@id\":\"https:\\\/\\\/nordiccab.lt\\\/#website\",\"url\":\"https:\\\/\\\/nordiccab.lt\\\/\",\"name\":\"NORDICCAB.LT\",\"description\":\"Pasaulio naujienos, technologijos, automobiliai\",\"potentialAction\":[{\"@type\":\"SearchAction\",\"target\":{\"@type\":\"EntryPoint\",\"urlTemplate\":\"https:\\\/\\\/nordiccab.lt\\\/?s={search_term_string}\"},\"query-input\":{\"@type\":\"PropertyValueSpecification\",\"valueRequired\":true,\"valueName\":\"search_term_string\"}}],\"inLanguage\":\"lt-LT\"},{\"@type\":\"Person\",\"@id\":\"https:\\\/\\\/nordiccab.lt\\\/#\\\/schema\\\/person\\\/1e06879215dcf15255113d53ae73289b\",\"name\":\"admin\",\"image\":{\"@type\":\"ImageObject\",\"inLanguage\":\"lt-LT\",\"@id\":\"https:\\\/\\\/secure.gravatar.com\\\/avatar\\\/f37349f777250847d2fca2ada474f5a6aadffa79d5284e8ad354a5c410a691ec?s=96&d=mm&r=g\",\"url\":\"https:\\\/\\\/secure.gravatar.com\\\/avatar\\\/f37349f777250847d2fca2ada474f5a6aadffa79d5284e8ad354a5c410a691ec?s=96&d=mm&r=g\",\"contentUrl\":\"https:\\\/\\\/secure.gravatar.com\\\/avatar\\\/f37349f777250847d2fca2ada474f5a6aadffa79d5284e8ad354a5c410a691ec?s=96&d=mm&r=g\",\"caption\":\"admin\"},\"sameAs\":[\"https:\\\/\\\/nordiccab.lt\"],\"url\":\"https:\\\/\\\/nordiccab.lt\\\/author\\\/admin\\\/\"}]}<\/script>\n<!-- \/ Yoast SEO plugin. -->","yoast_head_json":{"title":"Ie\u0161kokite atsakym\u0173 po Minesotos \u0161audymo ir CDC direktoriaus atleidimo i\u0161 - NORDICCAB.LT","robots":{"index":"index","follow":"follow","max-snippet":"max-snippet:-1","max-image-preview":"max-image-preview:large","max-video-preview":"max-video-preview:-1"},"canonical":"https:\/\/nordiccab.lt\/index.php\/2025\/08\/28\/ieskokite-atsakymu-po-minesotos-saudymo-ir-cdc-direktoriaus-atleidimo-is\/","og_locale":"lt_LT","og_type":"article","og_title":"Ie\u0161kokite atsakym\u0173 po Minesotos \u0161audymo ir CDC direktoriaus atleidimo i\u0161 - NORDICCAB.LT","og_description":"\u0160audymas Mineapolio katalik\u0173 mokykloje. CDC direktor\u0117, kuri\u0105 atleido D.Trumpo administracija, kai ji atsisako atsistatydinti. Ajovos demokratai va\u017eiuoja auk\u0161tai nuo daugyb\u0117s&hellip;","og_url":"https:\/\/nordiccab.lt\/index.php\/2025\/08\/28\/ieskokite-atsakymu-po-minesotos-saudymo-ir-cdc-direktoriaus-atleidimo-is\/","og_site_name":"NORDICCAB.LT","article_published_time":"2025-08-28T11:55:49+00:00","og_image":[{"url":"https:\/\/media-cldnry.s-nbcnews.com\/image\/upload\/t_fit-760w,f_auto,q_auto:best\/rockcms\/2025-08\/250825-supplements-rfk-jr-white-house-maha-cs-9b7a47.gif","type":"","width":"","height":""}],"author":"admin","twitter_card":"summary_large_image","twitter_misc":{"Written by":"admin","Est. reading time":"6 minut\u0117s"},"schema":{"@context":"https:\/\/schema.org","@graph":[{"@type":"Article","@id":"https:\/\/nordiccab.lt\/index.php\/2025\/08\/28\/ieskokite-atsakymu-po-minesotos-saudymo-ir-cdc-direktoriaus-atleidimo-is\/#article","isPartOf":{"@id":"https:\/\/nordiccab.lt\/index.php\/2025\/08\/28\/ieskokite-atsakymu-po-minesotos-saudymo-ir-cdc-direktoriaus-atleidimo-is\/"},"author":{"name":"admin","@id":"https:\/\/nordiccab.lt\/#\/schema\/person\/1e06879215dcf15255113d53ae73289b"},"headline":"Ie\u0161kokite atsakym\u0173 po Minesotos \u0161audymo ir CDC direktoriaus atleidimo i\u0161","datePublished":"2025-08-28T11:55:49+00:00","mainEntityOfPage":{"@id":"https:\/\/nordiccab.lt\/index.php\/2025\/08\/28\/ieskokite-atsakymu-po-minesotos-saudymo-ir-cdc-direktoriaus-atleidimo-is\/"},"wordCount":1176,"commentCount":0,"image":{"@id":"https:\/\/nordiccab.lt\/index.php\/2025\/08\/28\/ieskokite-atsakymu-po-minesotos-saudymo-ir-cdc-direktoriaus-atleidimo-is\/#primaryimage"},"thumbnailUrl":"https:\/\/nordiccab.lt\/wp-content\/uploads\/2025\/08\/Ieskokite-atsakymu-po-Minesotos-saudymo-ir-CDC-direktoriaus-atleidimo-is.jpg","articleSection":["PASAULIO NAUJIENOS"],"inLanguage":"lt-LT","potentialAction":[{"@type":"CommentAction","name":"Comment","target":["https:\/\/nordiccab.lt\/index.php\/2025\/08\/28\/ieskokite-atsakymu-po-minesotos-saudymo-ir-cdc-direktoriaus-atleidimo-is\/#respond"]}]},{"@type":"WebPage","@id":"https:\/\/nordiccab.lt\/index.php\/2025\/08\/28\/ieskokite-atsakymu-po-minesotos-saudymo-ir-cdc-direktoriaus-atleidimo-is\/","url":"https:\/\/nordiccab.lt\/index.php\/2025\/08\/28\/ieskokite-atsakymu-po-minesotos-saudymo-ir-cdc-direktoriaus-atleidimo-is\/","name":"Ie\u0161kokite atsakym\u0173 po Minesotos \u0161audymo ir CDC direktoriaus atleidimo i\u0161 - NORDICCAB.LT","isPartOf":{"@id":"https:\/\/nordiccab.lt\/#website"},"primaryImageOfPage":{"@id":"https:\/\/nordiccab.lt\/index.php\/2025\/08\/28\/ieskokite-atsakymu-po-minesotos-saudymo-ir-cdc-direktoriaus-atleidimo-is\/#primaryimage"},"image":{"@id":"https:\/\/nordiccab.lt\/index.php\/2025\/08\/28\/ieskokite-atsakymu-po-minesotos-saudymo-ir-cdc-direktoriaus-atleidimo-is\/#primaryimage"},"thumbnailUrl":"https:\/\/nordiccab.lt\/wp-content\/uploads\/2025\/08\/Ieskokite-atsakymu-po-Minesotos-saudymo-ir-CDC-direktoriaus-atleidimo-is.jpg","datePublished":"2025-08-28T11:55:49+00:00","author":{"@id":"https:\/\/nordiccab.lt\/#\/schema\/person\/1e06879215dcf15255113d53ae73289b"},"breadcrumb":{"@id":"https:\/\/nordiccab.lt\/index.php\/2025\/08\/28\/ieskokite-atsakymu-po-minesotos-saudymo-ir-cdc-direktoriaus-atleidimo-is\/#breadcrumb"},"inLanguage":"lt-LT","potentialAction":[{"@type":"ReadAction","target":["https:\/\/nordiccab.lt\/index.php\/2025\/08\/28\/ieskokite-atsakymu-po-minesotos-saudymo-ir-cdc-direktoriaus-atleidimo-is\/"]}]},{"@type":"ImageObject","inLanguage":"lt-LT","@id":"https:\/\/nordiccab.lt\/index.php\/2025\/08\/28\/ieskokite-atsakymu-po-minesotos-saudymo-ir-cdc-direktoriaus-atleidimo-is\/#primaryimage","url":"https:\/\/nordiccab.lt\/wp-content\/uploads\/2025\/08\/Ieskokite-atsakymu-po-Minesotos-saudymo-ir-CDC-direktoriaus-atleidimo-is.jpg","contentUrl":"https:\/\/nordiccab.lt\/wp-content\/uploads\/2025\/08\/Ieskokite-atsakymu-po-Minesotos-saudymo-ir-CDC-direktoriaus-atleidimo-is.jpg","width":1200,"height":630},{"@type":"BreadcrumbList","@id":"https:\/\/nordiccab.lt\/index.php\/2025\/08\/28\/ieskokite-atsakymu-po-minesotos-saudymo-ir-cdc-direktoriaus-atleidimo-is\/#breadcrumb","itemListElement":[{"@type":"ListItem","position":1,"name":"Home","item":"https:\/\/nordiccab.lt\/"},{"@type":"ListItem","position":2,"name":"Ie\u0161kokite atsakym\u0173 po Minesotos \u0161audymo ir CDC direktoriaus atleidimo i\u0161"}]},{"@type":"WebSite","@id":"https:\/\/nordiccab.lt\/#website","url":"https:\/\/nordiccab.lt\/","name":"NORDICCAB.LT","description":"Pasaulio naujienos, technologijos, automobiliai","potentialAction":[{"@type":"SearchAction","target":{"@type":"EntryPoint","urlTemplate":"https:\/\/nordiccab.lt\/?s={search_term_string}"},"query-input":{"@type":"PropertyValueSpecification","valueRequired":true,"valueName":"search_term_string"}}],"inLanguage":"lt-LT"},{"@type":"Person","@id":"https:\/\/nordiccab.lt\/#\/schema\/person\/1e06879215dcf15255113d53ae73289b","name":"admin","image":{"@type":"ImageObject","inLanguage":"lt-LT","@id":"https:\/\/secure.gravatar.com\/avatar\/f37349f777250847d2fca2ada474f5a6aadffa79d5284e8ad354a5c410a691ec?s=96&d=mm&r=g","url":"https:\/\/secure.gravatar.com\/avatar\/f37349f777250847d2fca2ada474f5a6aadffa79d5284e8ad354a5c410a691ec?s=96&d=mm&r=g","contentUrl":"https:\/\/secure.gravatar.com\/avatar\/f37349f777250847d2fca2ada474f5a6aadffa79d5284e8ad354a5c410a691ec?s=96&d=mm&r=g","caption":"admin"},"sameAs":["https:\/\/nordiccab.lt"],"url":"https:\/\/nordiccab.lt\/author\/admin\/"}]}},"_links":{"self":[{"href":"https:\/\/nordiccab.lt\/index.php\/wp-json\/wp\/v2\/posts\/651","targetHints":{"allow":["GET"]}}],"collection":[{"href":"https:\/\/nordiccab.lt\/index.php\/wp-json\/wp\/v2\/posts"}],"about":[{"href":"https:\/\/nordiccab.lt\/index.php\/wp-json\/wp\/v2\/types\/post"}],"author":[{"embeddable":true,"href":"https:\/\/nordiccab.lt\/index.php\/wp-json\/wp\/v2\/users\/1"}],"replies":[{"embeddable":true,"href":"https:\/\/nordiccab.lt\/index.php\/wp-json\/wp\/v2\/comments?post=651"}],"version-history":[{"count":0,"href":"https:\/\/nordiccab.lt\/index.php\/wp-json\/wp\/v2\/posts\/651\/revisions"}],"wp:featuredmedia":[{"embeddable":true,"href":"https:\/\/nordiccab.lt\/index.php\/wp-json\/wp\/v2\/media\/652"}],"wp:attachment":[{"href":"https:\/\/nordiccab.lt\/index.php\/wp-json\/wp\/v2\/media?parent=651"}],"wp:term":[{"taxonomy":"category","embeddable":true,"href":"https:\/\/nordiccab.lt\/index.php\/wp-json\/wp\/v2\/categories?post=651"},{"taxonomy":"post_tag","embeddable":true,"href":"https:\/\/nordiccab.lt\/index.php\/wp-json\/wp\/v2\/tags?post=651"}],"curies":[{"name":"wp","href":"https:\/\/api.w.org\/{rel}","templated":true}]}}