{"id":62,"date":"2025-05-23T12:09:07","date_gmt":"2025-05-23T12:09:07","guid":{"rendered":"https:\/\/nordiccab.lt\/index.php\/2025\/05\/23\/apple-smart-glasses-reportedly-set-to-launch-in-late-2026\/"},"modified":"2025-05-23T12:09:07","modified_gmt":"2025-05-23T12:09:07","slug":"apple-smart-glasses-reportedly-set-to-launch-in-late-2026","status":"publish","type":"post","link":"https:\/\/nordiccab.lt\/index.php\/2025\/05\/23\/apple-smart-glasses-reportedly-set-to-launch-in-late-2026\/","title":{"rendered":"Apple Smart Glasses Reportedly Set To Launch In Late 2026"},"content":{"rendered":"<p> <br \/>\n<\/p>\n<div id=\"\">\n<p>2026 m. Pabaigoje \u201eApple\u201c planuoja prad\u0117ti savo konkurent\u0105 \u012f \u201eRay-Ban Meta\u201c akinius, prane\u0161a \u201eBloomberg\u201c \u017eaid\u0117jas Markas Gurmanas.<\/p>\n<p>Gurmanas, kuris prie\u0161 oficial\u0173 atskleidim\u0105 turi tvirt\u0105 prane\u0161im\u0105 apie \u201eApple\u201c produktus, anks\u010diau teig\u0117, kad \u201eApple\u201c planuoja akinius 2027 m., Ta\u010diau dabar prane\u0161a, kad \u201eApple\u201c \u201epadidina darb\u0105\u201c, siekdama iki \u0161i\u0173 met\u0173 pabaigos pagaminti \u201edidelius kiekius prototip\u0173\u201c.<\/p>\n<p>Darant prielaid\u0105, kad ankstesn\u0117 laiko juosta buvo tiksli, \u201eApple\u201c pagreitintos planai gali b\u016bti reaguojantys \u012f \u201eMeta\u201c i\u0161mani\u0173j\u0173 akini\u0173 s\u0117km\u0119 ir \u201eGoogle\u201c planus nedaug patekti \u012f rink\u0105 ir su \u201eGemini\u201c akiniais.<\/p>\n<figure class=\"kg-card kg-bookmark-card\">\n<div class=\"kg-bookmark-content\">\n<p>\u201eGoogle\u201c, dirbantis su \u201eGleent Monster &#038; Warby Parker\u201c, \u201eGemini Smart\u201c akiniuose<\/p>\n<p>\u201eGoogle\u201c bendradarbiauja su \u201eGleent Monster\u201c ir \u201eWarby Parker\u201c i\u0161maniuosiuose akiniuose su \u201eGemini AI\u201c-bendrov\u0117s planu tiesiogiai konkuruoti su \u201eRay-Ban Meta\u201c.<\/p>\n<\/div>\n<div class=\"kg-bookmark-thumbnail\"><\/div>\n<\/figure>\n<p>Gurmanas sako, kad \u201eApple Smart\u201c akiniai tur\u0117s fotoaparat\u0173, mikrofon\u0173 ir garsiakalbi\u0173, ir bus naudojami telefono skambu\u010diams, muzikos atk\u016brimui, tiesioginiams vertimams, pos\u016bkio pos\u016bkio nurodymams ir multimodalinei AI, kuriuos \u201eApple\u201c vadina \u201eVisual Intellige\u201c.<\/p>\n<p>Anks\u010diau Gurmanas prane\u0161\u0117, kad akiniai naudos nauj\u0105 \u201eApple\u201c suprojektuot\u0105 mikroschem\u0173 rinkin\u012f, pagr\u012fst\u0105 labai efektyviais \u201eS-Series\u201c lustais, naudojamais \u201eApple Watch\u201c su fotoaparat\u0173 palaikymu.<\/p>\n<p>Apskritai, tai skamba kaip labai pana\u0161us prietaisas kaip \u201eRay-Ban Meta\u201c akiniai, nors Gurmanas sako, kad \u201eApple\u201c tikisi, kad jis bus \u201egeriau pagamintas\u201c, nors kai kurie \u012fmon\u0117je yra \u201esusir\u016bpin\u0119, kad jos AI nes\u0117km\u0117s gali pakenkti naujam produktui\u201c,-ra\u0161o jis.<\/p>\n<figure class=\"kg-card kg-bookmark-card\">\n<div class=\"kg-bookmark-content\">\n<p>Prane\u0161ama, kad \u201eMeta Hud\u201c akini\u0173 kaina, funkcijos ir \u012fvesties \u012frenginys atskleid\u0117<\/p>\n<p>Naujame \u201eBloomberg\u201c ataskaitoje apra\u0161oma b\u016bsim\u0173 \u201eMeta\u201c HUD akini\u0173 kaina ir ypatyb\u0117s ir teigia, kad Meta neuronin\u0117 apyrank\u0117 bus d\u0117\u017eut\u0117je.<\/p>\n<\/div>\n<div class=\"kg-bookmark-thumbnail\"><img decoding=\"async\" src=\"https:\/\/www.uploadvr.com\/content\/images\/thumbnail\/Meta-HUD-research-prototype-3.png\" alt=\"\" onerror=\"this.style.display = 'none'\"\/><\/div>\n<\/figure>\n<p>Meta vis d\u0117lto nestov\u0117s. Prane\u0161ama, kad Marko Zuckerbergo kompanija taip pat planuoja paleisti \u201eOakley Meta\u201c akinius v\u0117liau \u0161iais metais, kartu su auk\u0161tesn\u0117s klas\u0117s i\u0161maniaisiais akiniais su ma\u017eu \u201eHeads-Up\u201c ekranu (HUD) de\u0161in\u0117je akyje ir neuronin\u0119 apyrank\u0119, kuri gali pajusti pir\u0161t\u0173 gestus \u012fvesti.<\/p>\n<p>\u201eMeta\u201c taip pat planuoja i\u0161leisti savo pirmuosius tikruosius AR taures 2027 m., Mokingesn\u0119 nei jo \u201eOrion\u201c prototipas, ta\u010diau su siauresniu matymo lauku.<\/p>\n<p>\u201eApple\u201c taip pat dirba prie \u201eTrue AR\u201c akini\u0173, prane\u0161a Gurmanas. Pra\u0117jus\u012f m\u0117nes\u012f Gurmanas teig\u0117, kad Timas Cookas prie\u0161 meta yra \u201epasilenk\u0119s\u201c i\u0161leisti \u201epramon\u0117je pirmaujan\u010dias\u201c AR akinius prie\u0161 meta, cituodamas \u0161altinius, teigdami, kad jam \u201er\u016bpi niekuo kitu\u201c ir kad jie yra \u201evienintelis dalykas, kur\u012f jis tikrai praleid\u017eia i\u0161 savo produkto k\u016brimo po\u017ei\u016brio\u201c.<\/p>\n<p>Ta\u010diau Gurmanas taip pat pa\u017eym\u0117jo, kad prireiks \u201edaugelio met\u0173\u201c, kol \u201eApple\u201c AR taur\u0117s bus paruo\u0161tos, o sausio m\u0117n. Sak\u0117, kad vadovai nesitiki, kad produktas bus pristatytas iki 2028 m., Absoliu\u010diai anks\u010diau.<\/p>\n<\/p><\/div>\n<p><br \/>\n<br \/><a href=\"https:\/\/www.uploadvr.com\/apple-smart-glasses-reportedly-launch-late-2026\/\" target=\"_blank\" rel=\"noopener\">Source link <\/a><\/p>\n","protected":false},"excerpt":{"rendered":"<p>2026 m. Pabaigoje \u201eApple\u201c planuoja prad\u0117ti savo konkurent\u0105 \u012f \u201eRay-Ban Meta\u201c akinius, prane\u0161a \u201eBloomberg\u201c \u017eaid\u0117jas Markas Gurmanas. Gurmanas, kuris prie\u0161&hellip;<\/p>\n","protected":false},"author":1,"featured_media":63,"comment_status":"open","ping_status":"open","sticky":false,"template":"","format":"standard","meta":{"footnotes":""},"categories":[7],"tags":[],"class_list":["post-62","post","type-post","status-publish","format-standard","has-post-thumbnail","hentry","category-virtualioji-realybe"],"yoast_head":"<!-- This site is optimized with the Yoast SEO plugin v27.5 - https:\/\/yoast.com\/product\/yoast-seo-wordpress\/ -->\n<title>Apple Smart Glasses Reportedly Set To Launch In Late 2026 - NORDICCAB.LT<\/title>\n<meta name=\"robots\" content=\"index, follow, max-snippet:-1, max-image-preview:large, max-video-preview:-1\" \/>\n<link rel=\"canonical\" href=\"https:\/\/nordiccab.lt\/index.php\/2025\/05\/23\/apple-smart-glasses-reportedly-set-to-launch-in-late-2026\/\" \/>\n<meta property=\"og:locale\" content=\"lt_LT\" \/>\n<meta property=\"og:type\" content=\"article\" \/>\n<meta property=\"og:title\" content=\"Apple Smart Glasses Reportedly Set To Launch In Late 2026 - NORDICCAB.LT\" \/>\n<meta property=\"og:description\" content=\"2026 m. Pabaigoje \u201eApple\u201c planuoja prad\u0117ti savo konkurent\u0105 \u012f \u201eRay-Ban Meta\u201c akinius, prane\u0161a \u201eBloomberg\u201c \u017eaid\u0117jas Markas Gurmanas. Gurmanas, kuris prie\u0161&hellip;\" \/>\n<meta property=\"og:url\" content=\"https:\/\/nordiccab.lt\/index.php\/2025\/05\/23\/apple-smart-glasses-reportedly-set-to-launch-in-late-2026\/\" \/>\n<meta property=\"og:site_name\" content=\"NORDICCAB.LT\" \/>\n<meta property=\"article:published_time\" content=\"2025-05-23T12:09:07+00:00\" \/>\n<meta property=\"og:image\" content=\"https:\/\/nordiccab.lt\/wp-content\/uploads\/2025\/05\/Apple-Smart-Glasses-Reportedly-Set-To-Launch-In-Late-2026.png\" \/>\n\t<meta property=\"og:image:width\" content=\"1200\" \/>\n\t<meta property=\"og:image:height\" content=\"675\" \/>\n\t<meta property=\"og:image:type\" content=\"image\/png\" \/>\n<meta name=\"author\" content=\"admin\" \/>\n<meta name=\"twitter:card\" content=\"summary_large_image\" \/>\n<meta name=\"twitter:label1\" content=\"Written by\" \/>\n\t<meta name=\"twitter:data1\" content=\"admin\" \/>\n\t<meta name=\"twitter:label2\" content=\"Est. reading time\" \/>\n\t<meta name=\"twitter:data2\" content=\"2 minut\u0117s\" \/>\n<script type=\"application\/ld+json\" class=\"yoast-schema-graph\">{\"@context\":\"https:\\\/\\\/schema.org\",\"@graph\":[{\"@type\":\"Article\",\"@id\":\"https:\\\/\\\/nordiccab.lt\\\/index.php\\\/2025\\\/05\\\/23\\\/apple-smart-glasses-reportedly-set-to-launch-in-late-2026\\\/#article\",\"isPartOf\":{\"@id\":\"https:\\\/\\\/nordiccab.lt\\\/index.php\\\/2025\\\/05\\\/23\\\/apple-smart-glasses-reportedly-set-to-launch-in-late-2026\\\/\"},\"author\":{\"name\":\"admin\",\"@id\":\"https:\\\/\\\/nordiccab.lt\\\/#\\\/schema\\\/person\\\/1e06879215dcf15255113d53ae73289b\"},\"headline\":\"Apple Smart Glasses Reportedly Set To Launch In Late 2026\",\"datePublished\":\"2025-05-23T12:09:07+00:00\",\"mainEntityOfPage\":{\"@id\":\"https:\\\/\\\/nordiccab.lt\\\/index.php\\\/2025\\\/05\\\/23\\\/apple-smart-glasses-reportedly-set-to-launch-in-late-2026\\\/\"},\"wordCount\":450,\"commentCount\":0,\"image\":{\"@id\":\"https:\\\/\\\/nordiccab.lt\\\/index.php\\\/2025\\\/05\\\/23\\\/apple-smart-glasses-reportedly-set-to-launch-in-late-2026\\\/#primaryimage\"},\"thumbnailUrl\":\"https:\\\/\\\/nordiccab.lt\\\/wp-content\\\/uploads\\\/2025\\\/05\\\/Apple-Smart-Glasses-Reportedly-Set-To-Launch-In-Late-2026.png\",\"articleSection\":[\"VIRTUALIOJI REALYBE\"],\"inLanguage\":\"lt-LT\",\"potentialAction\":[{\"@type\":\"CommentAction\",\"name\":\"Comment\",\"target\":[\"https:\\\/\\\/nordiccab.lt\\\/index.php\\\/2025\\\/05\\\/23\\\/apple-smart-glasses-reportedly-set-to-launch-in-late-2026\\\/#respond\"]}]},{\"@type\":\"WebPage\",\"@id\":\"https:\\\/\\\/nordiccab.lt\\\/index.php\\\/2025\\\/05\\\/23\\\/apple-smart-glasses-reportedly-set-to-launch-in-late-2026\\\/\",\"url\":\"https:\\\/\\\/nordiccab.lt\\\/index.php\\\/2025\\\/05\\\/23\\\/apple-smart-glasses-reportedly-set-to-launch-in-late-2026\\\/\",\"name\":\"Apple Smart Glasses Reportedly Set To Launch In Late 2026 - NORDICCAB.LT\",\"isPartOf\":{\"@id\":\"https:\\\/\\\/nordiccab.lt\\\/#website\"},\"primaryImageOfPage\":{\"@id\":\"https:\\\/\\\/nordiccab.lt\\\/index.php\\\/2025\\\/05\\\/23\\\/apple-smart-glasses-reportedly-set-to-launch-in-late-2026\\\/#primaryimage\"},\"image\":{\"@id\":\"https:\\\/\\\/nordiccab.lt\\\/index.php\\\/2025\\\/05\\\/23\\\/apple-smart-glasses-reportedly-set-to-launch-in-late-2026\\\/#primaryimage\"},\"thumbnailUrl\":\"https:\\\/\\\/nordiccab.lt\\\/wp-content\\\/uploads\\\/2025\\\/05\\\/Apple-Smart-Glasses-Reportedly-Set-To-Launch-In-Late-2026.png\",\"datePublished\":\"2025-05-23T12:09:07+00:00\",\"author\":{\"@id\":\"https:\\\/\\\/nordiccab.lt\\\/#\\\/schema\\\/person\\\/1e06879215dcf15255113d53ae73289b\"},\"breadcrumb\":{\"@id\":\"https:\\\/\\\/nordiccab.lt\\\/index.php\\\/2025\\\/05\\\/23\\\/apple-smart-glasses-reportedly-set-to-launch-in-late-2026\\\/#breadcrumb\"},\"inLanguage\":\"lt-LT\",\"potentialAction\":[{\"@type\":\"ReadAction\",\"target\":[\"https:\\\/\\\/nordiccab.lt\\\/index.php\\\/2025\\\/05\\\/23\\\/apple-smart-glasses-reportedly-set-to-launch-in-late-2026\\\/\"]}]},{\"@type\":\"ImageObject\",\"inLanguage\":\"lt-LT\",\"@id\":\"https:\\\/\\\/nordiccab.lt\\\/index.php\\\/2025\\\/05\\\/23\\\/apple-smart-glasses-reportedly-set-to-launch-in-late-2026\\\/#primaryimage\",\"url\":\"https:\\\/\\\/nordiccab.lt\\\/wp-content\\\/uploads\\\/2025\\\/05\\\/Apple-Smart-Glasses-Reportedly-Set-To-Launch-In-Late-2026.png\",\"contentUrl\":\"https:\\\/\\\/nordiccab.lt\\\/wp-content\\\/uploads\\\/2025\\\/05\\\/Apple-Smart-Glasses-Reportedly-Set-To-Launch-In-Late-2026.png\",\"width\":1200,\"height\":675},{\"@type\":\"BreadcrumbList\",\"@id\":\"https:\\\/\\\/nordiccab.lt\\\/index.php\\\/2025\\\/05\\\/23\\\/apple-smart-glasses-reportedly-set-to-launch-in-late-2026\\\/#breadcrumb\",\"itemListElement\":[{\"@type\":\"ListItem\",\"position\":1,\"name\":\"Home\",\"item\":\"https:\\\/\\\/nordiccab.lt\\\/\"},{\"@type\":\"ListItem\",\"position\":2,\"name\":\"Apple Smart Glasses Reportedly Set To Launch In Late 2026\"}]},{\"@type\":\"WebSite\",\"@id\":\"https:\\\/\\\/nordiccab.lt\\\/#website\",\"url\":\"https:\\\/\\\/nordiccab.lt\\\/\",\"name\":\"NORDICCAB.LT\",\"description\":\"Pasaulio naujienos, technologijos, automobiliai\",\"potentialAction\":[{\"@type\":\"SearchAction\",\"target\":{\"@type\":\"EntryPoint\",\"urlTemplate\":\"https:\\\/\\\/nordiccab.lt\\\/?s={search_term_string}\"},\"query-input\":{\"@type\":\"PropertyValueSpecification\",\"valueRequired\":true,\"valueName\":\"search_term_string\"}}],\"inLanguage\":\"lt-LT\"},{\"@type\":\"Person\",\"@id\":\"https:\\\/\\\/nordiccab.lt\\\/#\\\/schema\\\/person\\\/1e06879215dcf15255113d53ae73289b\",\"name\":\"admin\",\"image\":{\"@type\":\"ImageObject\",\"inLanguage\":\"lt-LT\",\"@id\":\"https:\\\/\\\/secure.gravatar.com\\\/avatar\\\/f37349f777250847d2fca2ada474f5a6aadffa79d5284e8ad354a5c410a691ec?s=96&d=mm&r=g\",\"url\":\"https:\\\/\\\/secure.gravatar.com\\\/avatar\\\/f37349f777250847d2fca2ada474f5a6aadffa79d5284e8ad354a5c410a691ec?s=96&d=mm&r=g\",\"contentUrl\":\"https:\\\/\\\/secure.gravatar.com\\\/avatar\\\/f37349f777250847d2fca2ada474f5a6aadffa79d5284e8ad354a5c410a691ec?s=96&d=mm&r=g\",\"caption\":\"admin\"},\"sameAs\":[\"https:\\\/\\\/nordiccab.lt\"],\"url\":\"https:\\\/\\\/nordiccab.lt\\\/author\\\/admin\\\/\"}]}<\/script>\n<!-- \/ Yoast SEO plugin. -->","yoast_head_json":{"title":"Apple Smart Glasses Reportedly Set To Launch In Late 2026 - NORDICCAB.LT","robots":{"index":"index","follow":"follow","max-snippet":"max-snippet:-1","max-image-preview":"max-image-preview:large","max-video-preview":"max-video-preview:-1"},"canonical":"https:\/\/nordiccab.lt\/index.php\/2025\/05\/23\/apple-smart-glasses-reportedly-set-to-launch-in-late-2026\/","og_locale":"lt_LT","og_type":"article","og_title":"Apple Smart Glasses Reportedly Set To Launch In Late 2026 - NORDICCAB.LT","og_description":"2026 m. Pabaigoje \u201eApple\u201c planuoja prad\u0117ti savo konkurent\u0105 \u012f \u201eRay-Ban Meta\u201c akinius, prane\u0161a \u201eBloomberg\u201c \u017eaid\u0117jas Markas Gurmanas. Gurmanas, kuris prie\u0161&hellip;","og_url":"https:\/\/nordiccab.lt\/index.php\/2025\/05\/23\/apple-smart-glasses-reportedly-set-to-launch-in-late-2026\/","og_site_name":"NORDICCAB.LT","article_published_time":"2025-05-23T12:09:07+00:00","og_image":[{"width":1200,"height":675,"url":"https:\/\/nordiccab.lt\/wp-content\/uploads\/2025\/05\/Apple-Smart-Glasses-Reportedly-Set-To-Launch-In-Late-2026.png","type":"image\/png"}],"author":"admin","twitter_card":"summary_large_image","twitter_misc":{"Written by":"admin","Est. reading time":"2 minut\u0117s"},"schema":{"@context":"https:\/\/schema.org","@graph":[{"@type":"Article","@id":"https:\/\/nordiccab.lt\/index.php\/2025\/05\/23\/apple-smart-glasses-reportedly-set-to-launch-in-late-2026\/#article","isPartOf":{"@id":"https:\/\/nordiccab.lt\/index.php\/2025\/05\/23\/apple-smart-glasses-reportedly-set-to-launch-in-late-2026\/"},"author":{"name":"admin","@id":"https:\/\/nordiccab.lt\/#\/schema\/person\/1e06879215dcf15255113d53ae73289b"},"headline":"Apple Smart Glasses Reportedly Set To Launch In Late 2026","datePublished":"2025-05-23T12:09:07+00:00","mainEntityOfPage":{"@id":"https:\/\/nordiccab.lt\/index.php\/2025\/05\/23\/apple-smart-glasses-reportedly-set-to-launch-in-late-2026\/"},"wordCount":450,"commentCount":0,"image":{"@id":"https:\/\/nordiccab.lt\/index.php\/2025\/05\/23\/apple-smart-glasses-reportedly-set-to-launch-in-late-2026\/#primaryimage"},"thumbnailUrl":"https:\/\/nordiccab.lt\/wp-content\/uploads\/2025\/05\/Apple-Smart-Glasses-Reportedly-Set-To-Launch-In-Late-2026.png","articleSection":["VIRTUALIOJI REALYBE"],"inLanguage":"lt-LT","potentialAction":[{"@type":"CommentAction","name":"Comment","target":["https:\/\/nordiccab.lt\/index.php\/2025\/05\/23\/apple-smart-glasses-reportedly-set-to-launch-in-late-2026\/#respond"]}]},{"@type":"WebPage","@id":"https:\/\/nordiccab.lt\/index.php\/2025\/05\/23\/apple-smart-glasses-reportedly-set-to-launch-in-late-2026\/","url":"https:\/\/nordiccab.lt\/index.php\/2025\/05\/23\/apple-smart-glasses-reportedly-set-to-launch-in-late-2026\/","name":"Apple Smart Glasses Reportedly Set To Launch In Late 2026 - NORDICCAB.LT","isPartOf":{"@id":"https:\/\/nordiccab.lt\/#website"},"primaryImageOfPage":{"@id":"https:\/\/nordiccab.lt\/index.php\/2025\/05\/23\/apple-smart-glasses-reportedly-set-to-launch-in-late-2026\/#primaryimage"},"image":{"@id":"https:\/\/nordiccab.lt\/index.php\/2025\/05\/23\/apple-smart-glasses-reportedly-set-to-launch-in-late-2026\/#primaryimage"},"thumbnailUrl":"https:\/\/nordiccab.lt\/wp-content\/uploads\/2025\/05\/Apple-Smart-Glasses-Reportedly-Set-To-Launch-In-Late-2026.png","datePublished":"2025-05-23T12:09:07+00:00","author":{"@id":"https:\/\/nordiccab.lt\/#\/schema\/person\/1e06879215dcf15255113d53ae73289b"},"breadcrumb":{"@id":"https:\/\/nordiccab.lt\/index.php\/2025\/05\/23\/apple-smart-glasses-reportedly-set-to-launch-in-late-2026\/#breadcrumb"},"inLanguage":"lt-LT","potentialAction":[{"@type":"ReadAction","target":["https:\/\/nordiccab.lt\/index.php\/2025\/05\/23\/apple-smart-glasses-reportedly-set-to-launch-in-late-2026\/"]}]},{"@type":"ImageObject","inLanguage":"lt-LT","@id":"https:\/\/nordiccab.lt\/index.php\/2025\/05\/23\/apple-smart-glasses-reportedly-set-to-launch-in-late-2026\/#primaryimage","url":"https:\/\/nordiccab.lt\/wp-content\/uploads\/2025\/05\/Apple-Smart-Glasses-Reportedly-Set-To-Launch-In-Late-2026.png","contentUrl":"https:\/\/nordiccab.lt\/wp-content\/uploads\/2025\/05\/Apple-Smart-Glasses-Reportedly-Set-To-Launch-In-Late-2026.png","width":1200,"height":675},{"@type":"BreadcrumbList","@id":"https:\/\/nordiccab.lt\/index.php\/2025\/05\/23\/apple-smart-glasses-reportedly-set-to-launch-in-late-2026\/#breadcrumb","itemListElement":[{"@type":"ListItem","position":1,"name":"Home","item":"https:\/\/nordiccab.lt\/"},{"@type":"ListItem","position":2,"name":"Apple Smart Glasses Reportedly Set To Launch In Late 2026"}]},{"@type":"WebSite","@id":"https:\/\/nordiccab.lt\/#website","url":"https:\/\/nordiccab.lt\/","name":"NORDICCAB.LT","description":"Pasaulio naujienos, technologijos, automobiliai","potentialAction":[{"@type":"SearchAction","target":{"@type":"EntryPoint","urlTemplate":"https:\/\/nordiccab.lt\/?s={search_term_string}"},"query-input":{"@type":"PropertyValueSpecification","valueRequired":true,"valueName":"search_term_string"}}],"inLanguage":"lt-LT"},{"@type":"Person","@id":"https:\/\/nordiccab.lt\/#\/schema\/person\/1e06879215dcf15255113d53ae73289b","name":"admin","image":{"@type":"ImageObject","inLanguage":"lt-LT","@id":"https:\/\/secure.gravatar.com\/avatar\/f37349f777250847d2fca2ada474f5a6aadffa79d5284e8ad354a5c410a691ec?s=96&d=mm&r=g","url":"https:\/\/secure.gravatar.com\/avatar\/f37349f777250847d2fca2ada474f5a6aadffa79d5284e8ad354a5c410a691ec?s=96&d=mm&r=g","contentUrl":"https:\/\/secure.gravatar.com\/avatar\/f37349f777250847d2fca2ada474f5a6aadffa79d5284e8ad354a5c410a691ec?s=96&d=mm&r=g","caption":"admin"},"sameAs":["https:\/\/nordiccab.lt"],"url":"https:\/\/nordiccab.lt\/author\/admin\/"}]}},"_links":{"self":[{"href":"https:\/\/nordiccab.lt\/index.php\/wp-json\/wp\/v2\/posts\/62","targetHints":{"allow":["GET"]}}],"collection":[{"href":"https:\/\/nordiccab.lt\/index.php\/wp-json\/wp\/v2\/posts"}],"about":[{"href":"https:\/\/nordiccab.lt\/index.php\/wp-json\/wp\/v2\/types\/post"}],"author":[{"embeddable":true,"href":"https:\/\/nordiccab.lt\/index.php\/wp-json\/wp\/v2\/users\/1"}],"replies":[{"embeddable":true,"href":"https:\/\/nordiccab.lt\/index.php\/wp-json\/wp\/v2\/comments?post=62"}],"version-history":[{"count":0,"href":"https:\/\/nordiccab.lt\/index.php\/wp-json\/wp\/v2\/posts\/62\/revisions"}],"wp:featuredmedia":[{"embeddable":true,"href":"https:\/\/nordiccab.lt\/index.php\/wp-json\/wp\/v2\/media\/63"}],"wp:attachment":[{"href":"https:\/\/nordiccab.lt\/index.php\/wp-json\/wp\/v2\/media?parent=62"}],"wp:term":[{"taxonomy":"category","embeddable":true,"href":"https:\/\/nordiccab.lt\/index.php\/wp-json\/wp\/v2\/categories?post=62"},{"taxonomy":"post_tag","embeddable":true,"href":"https:\/\/nordiccab.lt\/index.php\/wp-json\/wp\/v2\/tags?post=62"}],"curies":[{"name":"wp","href":"https:\/\/api.w.org\/{rel}","templated":true}]}}