{"id":402,"date":"2025-07-05T23:26:44","date_gmt":"2025-07-05T23:26:44","guid":{"rendered":"https:\/\/nordiccab.lt\/index.php\/2025\/07\/05\/aidaho-ugniagesiai-besisukantys-po-pasalu-ispuolio-del-kurio-du-kolegos-mire\/"},"modified":"2025-07-05T23:26:44","modified_gmt":"2025-07-05T23:26:44","slug":"aidaho-ugniagesiai-besisukantys-po-pasalu-ispuolio-del-kurio-du-kolegos-mire","status":"publish","type":"post","link":"https:\/\/nordiccab.lt\/index.php\/2025\/07\/05\/aidaho-ugniagesiai-besisukantys-po-pasalu-ispuolio-del-kurio-du-kolegos-mire\/","title":{"rendered":"Aidaho ugniagesiai, besisukantys po pasal\u0173 i\u0161puolio, d\u0117l kurio du kolegos mir\u0117"},"content":{"rendered":"<p><\/p>\n<div>\n<p id=\"anchor-3dba48\" class=\"body-graf\">Joshua Hostonas, 18 met\u0173 Aidaho \u201eCoeur d&#8217;Alene\u201c prie\u0161gaisrin\u0117s tarnybos veteranas, prisimena akimirk\u0105, kai \u012fprastas gaisro skambutis virto mirtina pasl\u0117pta, kuri nu\u017eud\u0117 du kolegas ugniagesius ir su\u017eeid\u0117 tre\u010ddal\u012f.<\/p>\n<p id=\"anchor-2d0b25\" class=\"body-graf\">\u201eMes numet\u0117me visk\u0105, k\u0105 tur\u0117jome, \u0161oktel\u0117jome atgal \u012f sunkve\u017eim\u012f ir va\u017eiavome atgal \u012f kaln\u0105\u201c, &#8211; sak\u0117 Hostonas.<\/p>\n<p id=\"anchor-f8b218\" class=\"body-graf\">Tai, kas i\u0161 prad\u017ei\u0173 atrod\u0117 kaip \u012fprastas gaisro prane\u0161imas apie gaisr\u0105 \u0161iaur\u0117s vakar\u0173 Aidaho mieste, greitai tapo chaosu, kai pirmieji respondentai kilo gaisro-i\u0161puolis, sukr\u0117stas artimos gaisr\u0173 gesinimo bendruomenei.<\/p>\n<p id=\"anchor-caf6e0\" class=\"body-graf\">Hostonas teig\u0117, kad jis buvo i\u0161kviestas \u012f Canfield kaln\u0105 sekmadien\u012f, bir\u017eelio 29 d., Ir pad\u0117jo atgauti UTV-keturi\u0173 rat\u0173 transporto priemon\u0119, naudojam\u0105 norint patekti \u012f grie\u017et\u0105 reljef\u0105, kai per radij\u0105 suskilo skambutis: \u0161\u016bviai.<\/p>\n<p id=\"anchor-c53ab2\" class=\"body-graf\">\u201eKaip tai skamb\u0117jo, mes \u017einojome, kad tai nebuvo pok\u0161tas\u201c, &#8211; sak\u0117 jis.<\/p>\n<p id=\"anchor-9bb111\" class=\"body-graf\">Tai, ko jis ir kiti tuo metu ne\u017einojo, buvo tai, kad vyras, dabar tapatinamas kaip 20-metis Wess Roley, tariamai paskatino gaisr\u0105 ty\u010dia, kad pasl\u0117pt\u0173 ugniagesi\u0173 gelb\u0117tojus.<\/p>\n<p id=\"anchor-f39cd4\" class=\"body-graf\">Hostonas teig\u0117, kad kapitonas su \u0160iaur\u0117s e\u017eer\u0173 prie\u0161gaisrine apygarda greitai \u012fsak\u0117 \u012fguloms apsistoti sustojimo vietoje, atokiau nuo gaisro. Jis sak\u0117, kad jau\u010diasi \u201ebej\u0117gis\u201c, nesugeb\u0117damas skub\u0117ti pas savo kolegas pad\u0117ti, ta\u010diau pripa\u017eino, kad sprendimas grei\u010diausiai i\u0161gelb\u0117jo daugiau gyvybi\u0173.<\/p>\n<p id=\"anchor-e47be9\" class=\"body-graf\">\u201eJei mes visi b\u016btume ten buv\u0119, mes b\u016btume \u012fstrig\u0119\u201c, &#8211; sak\u0117 jis. \u201eTai b\u016bt\u0173 buvusi kr\u016bva k\u016bn\u0173\u201c.<\/p>\n<p id=\"anchor-5633e0\" class=\"body-graf\">Bataliono vadovai Johnas Morrisonas ir Frankas J. Harwoodas \u017euvo per i\u0161puol\u012f. Ugniagesys Davidas Tysdalas buvo su\u017eeistas ir liko paguldytas \u012f ligonin\u0119 stabilios b\u016bkl\u0117s po daugyb\u0117s operacij\u0173.<\/p>\n<p id=\"anchor-534472\" class=\"body-graf\">\u201eTai buvo blogiausia \u012fsivaizduojama 56 valandos\u201c, &#8211; \u201eNBC News\u201c sak\u0117 \u201eCoeur d&#8217;Alene\u201c ugniagesys ir kapitonas Jeffas Fletcheris.<\/p>\n<figure class=\"styles_inlineImage__FvnTh styles_medium__MEKii\" id=\"anchor-875a65\"><picture class=\"styles_image__i32F7\" data-testid=\"picture\"><source media=\"(min-width: 1000px)\" srcset=\"https:\/\/media-cldnry.s-nbcnews.com\/image\/upload\/t_fit-560w,f_avif,q_auto:eco,dpr_2\/rockcms\/2025-07\/250701-idaho-firefighters-rs-f9fe3c.jpg 2x, https:\/\/media-cldnry.s-nbcnews.com\/image\/upload\/t_fit-560w,f_auto,q_auto:best\/rockcms\/2025-07\/250701-idaho-firefighters-rs-f9fe3c.jpg 1x\"\/><source media=\"(min-width: 320px)\" srcset=\"https:\/\/media-cldnry.s-nbcnews.com\/image\/upload\/t_fit-760w,f_avif,q_auto:eco,dpr_2\/rockcms\/2025-07\/250701-idaho-firefighters-rs-f9fe3c.jpg 2x, https:\/\/media-cldnry.s-nbcnews.com\/image\/upload\/t_fit-760w,f_auto,q_auto:best\/rockcms\/2025-07\/250701-idaho-firefighters-rs-f9fe3c.jpg 1x\"\/><\/picture><figcaption class=\"caption styles_caption__TCewG\" data-testid=\"caption\"><span class=\"caption__container\" data-testid=\"caption__container\">\u201eKootenai Health\u201c procesija eina \u012f medicinos eksperto biur\u0105 Spokane, Wash., Po to, kai du ugniagesiai buvo nu\u017eudyti bir\u017eelio 29 d.<\/span><span class=\"caption__source\" data-testid=\"caption__source\">Billas Buley \/ AP<\/span><\/figcaption><\/figure>\n<p id=\"anchor-4ebf49\" class=\"body-graf\">T\u0105 dien\u0105 Fletcheris nevykd\u0117 pareig\u0173, o kaln\u0173 dvira\u010di\u0173 va\u017eiavimas netoliese esan\u010diame \u201eSandpoint\u201c, kai prad\u0117jo skambinti skubiai. Jam buvo pasakyta, kad \u201edu mano geriausi draugai\u201c buvo nu\u0161auti. Jis puol\u0117 \u012f \u201eCoeur d&#8217;Alene\u201c gaisrin\u0119, tada \u012f ligonin\u0119, kur jis ir kitas ugniagesys \u012fsteig\u0117 komand\u0173 post\u0105.<\/p>\n<p id=\"anchor-cd56e9\" class=\"body-graf\">\u201eTiesiog nor\u0117damas pamatyti d\u016bm\u0173 pli\u016bpsn\u012f i\u0161\u201e Wildland Fire \u201ci\u0161 tikr\u0173j\u0173 suk\u0117l\u0117 tikrov\u0119 tam, k\u0105 mes ruo\u0161\u0117m\u0117s \u012fsipareigoti\u201c, &#8211; ketvirtadien\u012f sak\u0117 jis telefono skambutyje. &#8222;Manau, kad visi i\u0161 prad\u017ei\u0173 buvo tokie:&#8221; Kaip tai gali \u012fvykti? Kaip tai gali b\u016bti m\u016bs\u0173 bendruomen\u0117je? &#8222;<\/p>\n<p id=\"anchor-ea43b3\" class=\"body-graf\">Kootenai apygardos \u0161erifas Bobas Norrisas teig\u0117, kad \u201eugniagesiai netur\u0117jo \u0161ans\u0173\u201c po to, kai \u201eRoley\u201c tariamai atidar\u0117 ugn\u012f.<\/p>\n<p id=\"anchor-57de35\" class=\"body-graf\">Norrisas teig\u0117 gav\u0119s prane\u0161im\u0173, kad Roleay &#8211; kuris, pasak jo \u0161eimos, kadaise svajojo tapti ugniagesiu, atleido i\u0161 med\u017eio reaguojan\u010di\u0173 asmen\u0173.<\/p>\n<p id=\"anchor-751332\" class=\"body-graf\">Pra\u0117jus\u012f sekmadien\u012f ant kalno buvo rastas negyvas nuo \u012ftariamos savaime padarytos \u0161autin\u0117s \u017eaizdos, prane\u0161\u0117 vald\u017eios institucijos. \u012evykio vietoje taip pat buvo atkurti titnago starteris ir \u0161autuvas.<\/p>\n<h2 id=\"anchor-e23338\" class=\"body-heading\">\u201eNuostabiausias \u017emogus\u201c<\/h2>\n<p id=\"anchor-9df702\" class=\"body-graf\">Fletcheris teig\u0117, kad dienos nuo i\u0161puolio buvo chaoti\u0161kos, palikdamos ma\u017eai laiko apdoroti tragedij\u0105.<\/p>\n<p id=\"anchor-5ba89b\" class=\"body-graf\">\u201eA\u0161 saky\u010diau, kad daug m\u016bs\u0173, mes vis dar esame tran\u0161\u0117jose\u201c, &#8211; sak\u0117 jis. \u201eMes taip pat stengiam\u0117s subalansuoti Jono ir Franko sielvart\u0105 ir palaikome Dave&#8217;\u0105, tada taip pat traukiame pamainas ir skambu\u010dius bei bandydami i\u0161laikyti m\u016bs\u0173 nusiteikim\u0105\u201c.<\/p>\n<p id=\"anchor-ad7094\" class=\"body-graf\">Fletcheris emoci\u0161kai prisimindamas savo 23 met\u0173 draugyst\u0119 su Bataliono vir\u0161ininku Morrisonu ir ugniagesiais Tysdal, kuris prasid\u0117jo jo pirm\u0105j\u0105 darbo dien\u0105.<\/p>\n<p id=\"anchor-01c7e5\" class=\"body-graf\">\u201eDave&#8217;as yra tiesiog pats nuostabiausias \u017emogus\u201c, &#8211; sak\u0117 jis per a\u0161aras.<\/p>\n<p id=\"anchor-fef6a1\" class=\"body-graf\">\u017diem\u0105 \u201eTysdal\u201c valdo eglut\u0117s \u016bk\u012f.<\/p>\n<p id=\"anchor-5c630b\" class=\"body-graf\">\u201eJis \u012ftrauk\u0117 visus \u012f visk\u0105, k\u0105 jis dar\u0117\u201c, &#8211; sak\u0117 Fletcheris. \u201eJis yra dosniausias, gra\u017eiausias \u017emogus, kok\u012f a\u0161 kada nors sutikau\u201c.<\/p>\n<p id=\"anchor-91f95e\" class=\"body-graf\">Tre\u010diadien\u012f atnaujinime pareig\u016bnai teig\u0117, kad \u201eTysdal\u201c buvo atlikta tre\u010dioji operacija. Jis buvo pa\u0161alintas i\u0161 ventiliatoriaus ir kalb\u0117jo, nepaisant sunki\u0173 kr\u016btin\u0117s ir stuburo traumos.<\/p>\n<p id=\"anchor-540555\" class=\"body-graf\">Morrisonas \u012fk\u016bnijo \u201elyderyst\u0119 ant gaisro vietos, kurios niekada negalima pakeisti\u201c, &#8211; teig\u0117 Fletcheris.<\/p>\n<p id=\"anchor-388663\" class=\"body-graf\">&#8222;Jo pozicijoje, kai j\u016bs pasirodysite prie dideli\u0173 incident\u0173, jis i\u0161 esm\u0117s vadina kadrus. Niekada nebuvo sekund\u0117s atspindin\u010dios, kokia buvo jo strategija&#8221;,-sak\u0117 jis. \u201eKai gr\u012f\u017eote \u012f \u017eidin\u012f, jis buvo pats gra\u017eiausias, draugi\u0161kiausias ir juokingiausias vaikinas, kur\u012f kada nors sutikote\u201c.<\/p>\n<p id=\"anchor-cc5619\" class=\"body-graf\">Aidaho gubernatorius Bradas Little&#8217;as teig\u0117, kad jam \u201eskaud\u0117jo \u0161ird\u012f\u201c, vadindamas i\u0161puol\u012f \u201e\u017eiauriu tiesioginiu m\u016bs\u0173 dr\u0105si\u0173 ugniagesi\u0173 puolimu\u201c.<\/p>\n<p id=\"anchor-171381\" class=\"body-graf\">\u0160imtai \u017emoni\u0173 antradien\u012f susirinko \u012f procesij\u0105, pagerbdami Morrison\u0105 ir Harwood\u0105.<\/p>\n<p id=\"anchor-65c643\" class=\"body-graf\">\u0160audymo motyvas i\u0161lieka neai\u0161kus. Vald\u017eia teig\u0117, kad manifestas nerasta ir jie vis dar ne\u017eino, kod\u0117l Roleay buvo rajone. \u0160erifas Norrisas teig\u0117, kad atrodo, kad jis gyveno i\u0161 savo automobilio.<\/p>\n<p id=\"anchor-3a900b\" class=\"body-graf\">Gaisras sudegino apie 23 ha ir nuo penktadienio ryto buvo 100 proc., &#8211; \u201eFacebook\u201c \u012fra\u0161e teig\u0117 Aidaho \u017eem\u0117s departamentas.<\/p>\n<p id=\"anchor-80b1db\" class=\"body-graf\">Nepavyko pasiekti Roley \u0161eimos komentuoti. Pirmadien\u012f jie paskelb\u0117 prane\u0161im\u0105 per savo advokat\u0105 Justin\u0105 P. Whittenton\u0105, sakydami, kad \u201enesupranta, kod\u0117l taip atsitiko ar kaip tai \u012fvyko\u201c.<\/p>\n<p id=\"anchor-70b62f\" class=\"body-graf\">Nuo i\u0161puolio parama aukoms ir vietos ugniagesi\u0173 bendruomenei i\u0161liejo, sak\u0117 Ricky Walsh, 7 -ojo Fire Fighters asociacijos 7 -ojo rajono viceprezidentas.<\/p>\n<p id=\"anchor-6aab21\" class=\"body-graf\">\u201eMes esame m\u016bs\u0173 seser\u0173 ir broli\u0173 laikytojai, ir mes ketiname atsiremti vienas \u012f kit\u0105 ir patekti \u012f \u0161\u012f \u012fvyk\u012f\u201c, &#8211; sak\u0117 jis.<\/p>\n<p id=\"anchor-25107e\" class=\"body-graf\">Tracy Rohr, 52 m., I\u0161 Coeur d&#8217;Alene, sak\u0117, kad stebint, kaip bendruomen\u0117 susiburia, buvo \u201e\u0161ird\u012f \u0161ildanti, bet tragi\u0161kai li\u016bdna\u201c.<\/p>\n<p id=\"anchor-7980bc\" class=\"endmark body-graf\">\u201eMan asmeni\u0161kai jau\u010diu did\u017eiul\u012f pasidid\u017eiavimo jausm\u0105 d\u0117l to, kaip m\u016bs\u0173 bendruomen\u0117 susib\u016br\u0117\u201c, &#8211; sak\u0117 ji. &#8222;Bet taip pat tikrai jau\u010diuosi, kad visi esame nuostoliai. Tai tragi\u0161ka&#8221;.<\/p>\n<\/div>\n<p><a href=\"https:\/\/www.nbcnews.com\/news\/us-news\/idaho-firefighters-ambush-attack-shooting-rcna216837\" target=\"_blank\" rel=\"noopener\"> Nuoroda \u012f informacijos \u0161altin\u012f <\/a><\/p>\n","protected":false},"excerpt":{"rendered":"<p>Joshua Hostonas, 18 met\u0173 Aidaho \u201eCoeur d&#8217;Alene\u201c prie\u0161gaisrin\u0117s tarnybos veteranas, prisimena akimirk\u0105, kai \u012fprastas gaisro skambutis virto mirtina pasl\u0117pta, kuri&hellip;<\/p>\n","protected":false},"author":1,"featured_media":403,"comment_status":"open","ping_status":"open","sticky":false,"template":"","format":"standard","meta":{"footnotes":""},"categories":[4],"tags":[],"class_list":["post-402","post","type-post","status-publish","format-standard","has-post-thumbnail","hentry","category-pasaulio-naujienos"],"yoast_head":"<!-- This site is optimized with the Yoast SEO plugin v27.5 - https:\/\/yoast.com\/product\/yoast-seo-wordpress\/ -->\n<title>Aidaho ugniagesiai, besisukantys po pasal\u0173 i\u0161puolio, d\u0117l kurio du kolegos mir\u0117 - NORDICCAB.LT<\/title>\n<meta name=\"robots\" content=\"index, follow, max-snippet:-1, max-image-preview:large, max-video-preview:-1\" \/>\n<link rel=\"canonical\" href=\"https:\/\/nordiccab.lt\/index.php\/2025\/07\/05\/aidaho-ugniagesiai-besisukantys-po-pasalu-ispuolio-del-kurio-du-kolegos-mire\/\" \/>\n<meta property=\"og:locale\" content=\"lt_LT\" \/>\n<meta property=\"og:type\" content=\"article\" \/>\n<meta property=\"og:title\" content=\"Aidaho ugniagesiai, besisukantys po pasal\u0173 i\u0161puolio, d\u0117l kurio du kolegos mir\u0117 - NORDICCAB.LT\" \/>\n<meta property=\"og:description\" content=\"Joshua Hostonas, 18 met\u0173 Aidaho \u201eCoeur d&#8217;Alene\u201c prie\u0161gaisrin\u0117s tarnybos veteranas, prisimena akimirk\u0105, kai \u012fprastas gaisro skambutis virto mirtina pasl\u0117pta, kuri&hellip;\" \/>\n<meta property=\"og:url\" content=\"https:\/\/nordiccab.lt\/index.php\/2025\/07\/05\/aidaho-ugniagesiai-besisukantys-po-pasalu-ispuolio-del-kurio-du-kolegos-mire\/\" \/>\n<meta property=\"og:site_name\" content=\"NORDICCAB.LT\" \/>\n<meta property=\"article:published_time\" content=\"2025-07-05T23:26:44+00:00\" \/>\n<meta property=\"og:image\" content=\"https:\/\/media-cldnry.s-nbcnews.com\/image\/upload\/t_fit-760w,f_auto,q_auto:best\/rockcms\/2025-07\/250701-idaho-firefighters-rs-f9fe3c.jpg\" \/>\n<meta name=\"author\" content=\"admin\" \/>\n<meta name=\"twitter:card\" content=\"summary_large_image\" \/>\n<meta name=\"twitter:label1\" content=\"Written by\" \/>\n\t<meta name=\"twitter:data1\" content=\"admin\" \/>\n\t<meta name=\"twitter:label2\" content=\"Est. reading time\" \/>\n\t<meta name=\"twitter:data2\" content=\"4 minut\u0117s\" \/>\n<script type=\"application\/ld+json\" class=\"yoast-schema-graph\">{\"@context\":\"https:\\\/\\\/schema.org\",\"@graph\":[{\"@type\":\"Article\",\"@id\":\"https:\\\/\\\/nordiccab.lt\\\/index.php\\\/2025\\\/07\\\/05\\\/aidaho-ugniagesiai-besisukantys-po-pasalu-ispuolio-del-kurio-du-kolegos-mire\\\/#article\",\"isPartOf\":{\"@id\":\"https:\\\/\\\/nordiccab.lt\\\/index.php\\\/2025\\\/07\\\/05\\\/aidaho-ugniagesiai-besisukantys-po-pasalu-ispuolio-del-kurio-du-kolegos-mire\\\/\"},\"author\":{\"name\":\"admin\",\"@id\":\"https:\\\/\\\/nordiccab.lt\\\/#\\\/schema\\\/person\\\/1e06879215dcf15255113d53ae73289b\"},\"headline\":\"Aidaho ugniagesiai, besisukantys po pasal\u0173 i\u0161puolio, d\u0117l kurio du kolegos mir\u0117\",\"datePublished\":\"2025-07-05T23:26:44+00:00\",\"mainEntityOfPage\":{\"@id\":\"https:\\\/\\\/nordiccab.lt\\\/index.php\\\/2025\\\/07\\\/05\\\/aidaho-ugniagesiai-besisukantys-po-pasalu-ispuolio-del-kurio-du-kolegos-mire\\\/\"},\"wordCount\":912,\"commentCount\":0,\"image\":{\"@id\":\"https:\\\/\\\/nordiccab.lt\\\/index.php\\\/2025\\\/07\\\/05\\\/aidaho-ugniagesiai-besisukantys-po-pasalu-ispuolio-del-kurio-du-kolegos-mire\\\/#primaryimage\"},\"thumbnailUrl\":\"https:\\\/\\\/nordiccab.lt\\\/wp-content\\\/uploads\\\/2025\\\/07\\\/Aidaho-ugniagesiai-besisukantys-po-pasalu-ispuolio-del-kurio-du-kolegos.jpg\",\"articleSection\":[\"PASAULIO NAUJIENOS\"],\"inLanguage\":\"lt-LT\",\"potentialAction\":[{\"@type\":\"CommentAction\",\"name\":\"Comment\",\"target\":[\"https:\\\/\\\/nordiccab.lt\\\/index.php\\\/2025\\\/07\\\/05\\\/aidaho-ugniagesiai-besisukantys-po-pasalu-ispuolio-del-kurio-du-kolegos-mire\\\/#respond\"]}]},{\"@type\":\"WebPage\",\"@id\":\"https:\\\/\\\/nordiccab.lt\\\/index.php\\\/2025\\\/07\\\/05\\\/aidaho-ugniagesiai-besisukantys-po-pasalu-ispuolio-del-kurio-du-kolegos-mire\\\/\",\"url\":\"https:\\\/\\\/nordiccab.lt\\\/index.php\\\/2025\\\/07\\\/05\\\/aidaho-ugniagesiai-besisukantys-po-pasalu-ispuolio-del-kurio-du-kolegos-mire\\\/\",\"name\":\"Aidaho ugniagesiai, besisukantys po pasal\u0173 i\u0161puolio, d\u0117l kurio du kolegos mir\u0117 - NORDICCAB.LT\",\"isPartOf\":{\"@id\":\"https:\\\/\\\/nordiccab.lt\\\/#website\"},\"primaryImageOfPage\":{\"@id\":\"https:\\\/\\\/nordiccab.lt\\\/index.php\\\/2025\\\/07\\\/05\\\/aidaho-ugniagesiai-besisukantys-po-pasalu-ispuolio-del-kurio-du-kolegos-mire\\\/#primaryimage\"},\"image\":{\"@id\":\"https:\\\/\\\/nordiccab.lt\\\/index.php\\\/2025\\\/07\\\/05\\\/aidaho-ugniagesiai-besisukantys-po-pasalu-ispuolio-del-kurio-du-kolegos-mire\\\/#primaryimage\"},\"thumbnailUrl\":\"https:\\\/\\\/nordiccab.lt\\\/wp-content\\\/uploads\\\/2025\\\/07\\\/Aidaho-ugniagesiai-besisukantys-po-pasalu-ispuolio-del-kurio-du-kolegos.jpg\",\"datePublished\":\"2025-07-05T23:26:44+00:00\",\"author\":{\"@id\":\"https:\\\/\\\/nordiccab.lt\\\/#\\\/schema\\\/person\\\/1e06879215dcf15255113d53ae73289b\"},\"breadcrumb\":{\"@id\":\"https:\\\/\\\/nordiccab.lt\\\/index.php\\\/2025\\\/07\\\/05\\\/aidaho-ugniagesiai-besisukantys-po-pasalu-ispuolio-del-kurio-du-kolegos-mire\\\/#breadcrumb\"},\"inLanguage\":\"lt-LT\",\"potentialAction\":[{\"@type\":\"ReadAction\",\"target\":[\"https:\\\/\\\/nordiccab.lt\\\/index.php\\\/2025\\\/07\\\/05\\\/aidaho-ugniagesiai-besisukantys-po-pasalu-ispuolio-del-kurio-du-kolegos-mire\\\/\"]}]},{\"@type\":\"ImageObject\",\"inLanguage\":\"lt-LT\",\"@id\":\"https:\\\/\\\/nordiccab.lt\\\/index.php\\\/2025\\\/07\\\/05\\\/aidaho-ugniagesiai-besisukantys-po-pasalu-ispuolio-del-kurio-du-kolegos-mire\\\/#primaryimage\",\"url\":\"https:\\\/\\\/nordiccab.lt\\\/wp-content\\\/uploads\\\/2025\\\/07\\\/Aidaho-ugniagesiai-besisukantys-po-pasalu-ispuolio-del-kurio-du-kolegos.jpg\",\"contentUrl\":\"https:\\\/\\\/nordiccab.lt\\\/wp-content\\\/uploads\\\/2025\\\/07\\\/Aidaho-ugniagesiai-besisukantys-po-pasalu-ispuolio-del-kurio-du-kolegos.jpg\",\"width\":1200,\"height\":630},{\"@type\":\"BreadcrumbList\",\"@id\":\"https:\\\/\\\/nordiccab.lt\\\/index.php\\\/2025\\\/07\\\/05\\\/aidaho-ugniagesiai-besisukantys-po-pasalu-ispuolio-del-kurio-du-kolegos-mire\\\/#breadcrumb\",\"itemListElement\":[{\"@type\":\"ListItem\",\"position\":1,\"name\":\"Home\",\"item\":\"https:\\\/\\\/nordiccab.lt\\\/\"},{\"@type\":\"ListItem\",\"position\":2,\"name\":\"Aidaho ugniagesiai, besisukantys po pasal\u0173 i\u0161puolio, d\u0117l kurio du kolegos mir\u0117\"}]},{\"@type\":\"WebSite\",\"@id\":\"https:\\\/\\\/nordiccab.lt\\\/#website\",\"url\":\"https:\\\/\\\/nordiccab.lt\\\/\",\"name\":\"NORDICCAB.LT\",\"description\":\"Pasaulio naujienos, technologijos, automobiliai\",\"potentialAction\":[{\"@type\":\"SearchAction\",\"target\":{\"@type\":\"EntryPoint\",\"urlTemplate\":\"https:\\\/\\\/nordiccab.lt\\\/?s={search_term_string}\"},\"query-input\":{\"@type\":\"PropertyValueSpecification\",\"valueRequired\":true,\"valueName\":\"search_term_string\"}}],\"inLanguage\":\"lt-LT\"},{\"@type\":\"Person\",\"@id\":\"https:\\\/\\\/nordiccab.lt\\\/#\\\/schema\\\/person\\\/1e06879215dcf15255113d53ae73289b\",\"name\":\"admin\",\"image\":{\"@type\":\"ImageObject\",\"inLanguage\":\"lt-LT\",\"@id\":\"https:\\\/\\\/secure.gravatar.com\\\/avatar\\\/f37349f777250847d2fca2ada474f5a6aadffa79d5284e8ad354a5c410a691ec?s=96&d=mm&r=g\",\"url\":\"https:\\\/\\\/secure.gravatar.com\\\/avatar\\\/f37349f777250847d2fca2ada474f5a6aadffa79d5284e8ad354a5c410a691ec?s=96&d=mm&r=g\",\"contentUrl\":\"https:\\\/\\\/secure.gravatar.com\\\/avatar\\\/f37349f777250847d2fca2ada474f5a6aadffa79d5284e8ad354a5c410a691ec?s=96&d=mm&r=g\",\"caption\":\"admin\"},\"sameAs\":[\"https:\\\/\\\/nordiccab.lt\"],\"url\":\"https:\\\/\\\/nordiccab.lt\\\/author\\\/admin\\\/\"}]}<\/script>\n<!-- \/ Yoast SEO plugin. -->","yoast_head_json":{"title":"Aidaho ugniagesiai, besisukantys po pasal\u0173 i\u0161puolio, d\u0117l kurio du kolegos mir\u0117 - NORDICCAB.LT","robots":{"index":"index","follow":"follow","max-snippet":"max-snippet:-1","max-image-preview":"max-image-preview:large","max-video-preview":"max-video-preview:-1"},"canonical":"https:\/\/nordiccab.lt\/index.php\/2025\/07\/05\/aidaho-ugniagesiai-besisukantys-po-pasalu-ispuolio-del-kurio-du-kolegos-mire\/","og_locale":"lt_LT","og_type":"article","og_title":"Aidaho ugniagesiai, besisukantys po pasal\u0173 i\u0161puolio, d\u0117l kurio du kolegos mir\u0117 - NORDICCAB.LT","og_description":"Joshua Hostonas, 18 met\u0173 Aidaho \u201eCoeur d&#8217;Alene\u201c prie\u0161gaisrin\u0117s tarnybos veteranas, prisimena akimirk\u0105, kai \u012fprastas gaisro skambutis virto mirtina pasl\u0117pta, kuri&hellip;","og_url":"https:\/\/nordiccab.lt\/index.php\/2025\/07\/05\/aidaho-ugniagesiai-besisukantys-po-pasalu-ispuolio-del-kurio-du-kolegos-mire\/","og_site_name":"NORDICCAB.LT","article_published_time":"2025-07-05T23:26:44+00:00","og_image":[{"url":"https:\/\/media-cldnry.s-nbcnews.com\/image\/upload\/t_fit-760w,f_auto,q_auto:best\/rockcms\/2025-07\/250701-idaho-firefighters-rs-f9fe3c.jpg","type":"","width":"","height":""}],"author":"admin","twitter_card":"summary_large_image","twitter_misc":{"Written by":"admin","Est. reading time":"4 minut\u0117s"},"schema":{"@context":"https:\/\/schema.org","@graph":[{"@type":"Article","@id":"https:\/\/nordiccab.lt\/index.php\/2025\/07\/05\/aidaho-ugniagesiai-besisukantys-po-pasalu-ispuolio-del-kurio-du-kolegos-mire\/#article","isPartOf":{"@id":"https:\/\/nordiccab.lt\/index.php\/2025\/07\/05\/aidaho-ugniagesiai-besisukantys-po-pasalu-ispuolio-del-kurio-du-kolegos-mire\/"},"author":{"name":"admin","@id":"https:\/\/nordiccab.lt\/#\/schema\/person\/1e06879215dcf15255113d53ae73289b"},"headline":"Aidaho ugniagesiai, besisukantys po pasal\u0173 i\u0161puolio, d\u0117l kurio du kolegos mir\u0117","datePublished":"2025-07-05T23:26:44+00:00","mainEntityOfPage":{"@id":"https:\/\/nordiccab.lt\/index.php\/2025\/07\/05\/aidaho-ugniagesiai-besisukantys-po-pasalu-ispuolio-del-kurio-du-kolegos-mire\/"},"wordCount":912,"commentCount":0,"image":{"@id":"https:\/\/nordiccab.lt\/index.php\/2025\/07\/05\/aidaho-ugniagesiai-besisukantys-po-pasalu-ispuolio-del-kurio-du-kolegos-mire\/#primaryimage"},"thumbnailUrl":"https:\/\/nordiccab.lt\/wp-content\/uploads\/2025\/07\/Aidaho-ugniagesiai-besisukantys-po-pasalu-ispuolio-del-kurio-du-kolegos.jpg","articleSection":["PASAULIO NAUJIENOS"],"inLanguage":"lt-LT","potentialAction":[{"@type":"CommentAction","name":"Comment","target":["https:\/\/nordiccab.lt\/index.php\/2025\/07\/05\/aidaho-ugniagesiai-besisukantys-po-pasalu-ispuolio-del-kurio-du-kolegos-mire\/#respond"]}]},{"@type":"WebPage","@id":"https:\/\/nordiccab.lt\/index.php\/2025\/07\/05\/aidaho-ugniagesiai-besisukantys-po-pasalu-ispuolio-del-kurio-du-kolegos-mire\/","url":"https:\/\/nordiccab.lt\/index.php\/2025\/07\/05\/aidaho-ugniagesiai-besisukantys-po-pasalu-ispuolio-del-kurio-du-kolegos-mire\/","name":"Aidaho ugniagesiai, besisukantys po pasal\u0173 i\u0161puolio, d\u0117l kurio du kolegos mir\u0117 - NORDICCAB.LT","isPartOf":{"@id":"https:\/\/nordiccab.lt\/#website"},"primaryImageOfPage":{"@id":"https:\/\/nordiccab.lt\/index.php\/2025\/07\/05\/aidaho-ugniagesiai-besisukantys-po-pasalu-ispuolio-del-kurio-du-kolegos-mire\/#primaryimage"},"image":{"@id":"https:\/\/nordiccab.lt\/index.php\/2025\/07\/05\/aidaho-ugniagesiai-besisukantys-po-pasalu-ispuolio-del-kurio-du-kolegos-mire\/#primaryimage"},"thumbnailUrl":"https:\/\/nordiccab.lt\/wp-content\/uploads\/2025\/07\/Aidaho-ugniagesiai-besisukantys-po-pasalu-ispuolio-del-kurio-du-kolegos.jpg","datePublished":"2025-07-05T23:26:44+00:00","author":{"@id":"https:\/\/nordiccab.lt\/#\/schema\/person\/1e06879215dcf15255113d53ae73289b"},"breadcrumb":{"@id":"https:\/\/nordiccab.lt\/index.php\/2025\/07\/05\/aidaho-ugniagesiai-besisukantys-po-pasalu-ispuolio-del-kurio-du-kolegos-mire\/#breadcrumb"},"inLanguage":"lt-LT","potentialAction":[{"@type":"ReadAction","target":["https:\/\/nordiccab.lt\/index.php\/2025\/07\/05\/aidaho-ugniagesiai-besisukantys-po-pasalu-ispuolio-del-kurio-du-kolegos-mire\/"]}]},{"@type":"ImageObject","inLanguage":"lt-LT","@id":"https:\/\/nordiccab.lt\/index.php\/2025\/07\/05\/aidaho-ugniagesiai-besisukantys-po-pasalu-ispuolio-del-kurio-du-kolegos-mire\/#primaryimage","url":"https:\/\/nordiccab.lt\/wp-content\/uploads\/2025\/07\/Aidaho-ugniagesiai-besisukantys-po-pasalu-ispuolio-del-kurio-du-kolegos.jpg","contentUrl":"https:\/\/nordiccab.lt\/wp-content\/uploads\/2025\/07\/Aidaho-ugniagesiai-besisukantys-po-pasalu-ispuolio-del-kurio-du-kolegos.jpg","width":1200,"height":630},{"@type":"BreadcrumbList","@id":"https:\/\/nordiccab.lt\/index.php\/2025\/07\/05\/aidaho-ugniagesiai-besisukantys-po-pasalu-ispuolio-del-kurio-du-kolegos-mire\/#breadcrumb","itemListElement":[{"@type":"ListItem","position":1,"name":"Home","item":"https:\/\/nordiccab.lt\/"},{"@type":"ListItem","position":2,"name":"Aidaho ugniagesiai, besisukantys po pasal\u0173 i\u0161puolio, d\u0117l kurio du kolegos mir\u0117"}]},{"@type":"WebSite","@id":"https:\/\/nordiccab.lt\/#website","url":"https:\/\/nordiccab.lt\/","name":"NORDICCAB.LT","description":"Pasaulio naujienos, technologijos, automobiliai","potentialAction":[{"@type":"SearchAction","target":{"@type":"EntryPoint","urlTemplate":"https:\/\/nordiccab.lt\/?s={search_term_string}"},"query-input":{"@type":"PropertyValueSpecification","valueRequired":true,"valueName":"search_term_string"}}],"inLanguage":"lt-LT"},{"@type":"Person","@id":"https:\/\/nordiccab.lt\/#\/schema\/person\/1e06879215dcf15255113d53ae73289b","name":"admin","image":{"@type":"ImageObject","inLanguage":"lt-LT","@id":"https:\/\/secure.gravatar.com\/avatar\/f37349f777250847d2fca2ada474f5a6aadffa79d5284e8ad354a5c410a691ec?s=96&d=mm&r=g","url":"https:\/\/secure.gravatar.com\/avatar\/f37349f777250847d2fca2ada474f5a6aadffa79d5284e8ad354a5c410a691ec?s=96&d=mm&r=g","contentUrl":"https:\/\/secure.gravatar.com\/avatar\/f37349f777250847d2fca2ada474f5a6aadffa79d5284e8ad354a5c410a691ec?s=96&d=mm&r=g","caption":"admin"},"sameAs":["https:\/\/nordiccab.lt"],"url":"https:\/\/nordiccab.lt\/author\/admin\/"}]}},"_links":{"self":[{"href":"https:\/\/nordiccab.lt\/index.php\/wp-json\/wp\/v2\/posts\/402","targetHints":{"allow":["GET"]}}],"collection":[{"href":"https:\/\/nordiccab.lt\/index.php\/wp-json\/wp\/v2\/posts"}],"about":[{"href":"https:\/\/nordiccab.lt\/index.php\/wp-json\/wp\/v2\/types\/post"}],"author":[{"embeddable":true,"href":"https:\/\/nordiccab.lt\/index.php\/wp-json\/wp\/v2\/users\/1"}],"replies":[{"embeddable":true,"href":"https:\/\/nordiccab.lt\/index.php\/wp-json\/wp\/v2\/comments?post=402"}],"version-history":[{"count":0,"href":"https:\/\/nordiccab.lt\/index.php\/wp-json\/wp\/v2\/posts\/402\/revisions"}],"wp:featuredmedia":[{"embeddable":true,"href":"https:\/\/nordiccab.lt\/index.php\/wp-json\/wp\/v2\/media\/403"}],"wp:attachment":[{"href":"https:\/\/nordiccab.lt\/index.php\/wp-json\/wp\/v2\/media?parent=402"}],"wp:term":[{"taxonomy":"category","embeddable":true,"href":"https:\/\/nordiccab.lt\/index.php\/wp-json\/wp\/v2\/categories?post=402"},{"taxonomy":"post_tag","embeddable":true,"href":"https:\/\/nordiccab.lt\/index.php\/wp-json\/wp\/v2\/tags?post=402"}],"curies":[{"name":"wp","href":"https:\/\/api.w.org\/{rel}","templated":true}]}}