{"id":339,"date":"2025-06-23T21:31:00","date_gmt":"2025-06-23T21:31:00","guid":{"rendered":"https:\/\/nordiccab.lt\/index.php\/2025\/06\/23\/irano-diaspora-isreiskia-sirdies-skausma-ir-vilti-nes-karo-metu-kyla-netikrumas\/"},"modified":"2025-06-23T21:31:00","modified_gmt":"2025-06-23T21:31:00","slug":"irano-diaspora-isreiskia-sirdies-skausma-ir-vilti-nes-karo-metu-kyla-netikrumas","status":"publish","type":"post","link":"https:\/\/nordiccab.lt\/index.php\/2025\/06\/23\/irano-diaspora-isreiskia-sirdies-skausma-ir-vilti-nes-karo-metu-kyla-netikrumas\/","title":{"rendered":"Irano diaspora i\u0161rei\u0161kia \u0161irdies skausm\u0105 ir vilt\u012f, nes karo metu kyla netikrumas"},"content":{"rendered":"<p> <br \/>\n<br \/><\/p>\n<div>\n<p id=\"anchor-de1c75\" class=\"body-graf\">Kai Izraelio bombos per pastar\u0105sias dvi savaites krito \u012f Iran\u0105, Mandy Ansari Jensen va\u017eiavo dvira\u010diu tarp verkimo ir melsklio ir kas kelias minutes tikrino savo telefon\u0105, kai ji lauk\u0117 i\u0161girsti i\u0161 savo t\u0117vo Irane. Po penki\u0173 nemigos nakt\u0173 ji pagaliau patvirtino, kad jis gyvas.<\/p>\n<p id=\"anchor-310f29\" class=\"body-graf\">Jensenas, kuris buvo u\u017eaugintas JAV po to, kai jos t\u0117vai pab\u0117go i\u0161 Irano per 1979 m. Revoliucij\u0105, yra vienas i\u0161 daugelio iranie\u010di\u0173 visame pasaulyje, kurie sako, kad jau\u010diasi su\u0161al\u0119 baim\u0117je ir \u0161irdies skausmuose, kai laukia artim\u0173j\u0173 atnaujinim\u0173 \u0161alyje per karo protr\u016bk\u012f tarp Izraelio ir Irano. JAV pateko \u012f konflikt\u0105 bombarduodami kelet\u0105 Irano branduolini\u0173 objekt\u0173 \u0161e\u0161tadien\u012f, o Iranas pirmadien\u012f atker\u0161ijo simboliniam streikui \u012f JAV karin\u0119 baz\u0119 Katare, kuri nesuk\u0117l\u0117 auk\u0173.<\/p>\n<p id=\"anchor-e235ca\" class=\"body-graf\"><em><strong>Steb\u0117kite tiesioginius atnaujinimus \u010dia<\/strong><\/em><\/p>\n<p id=\"anchor-278634\" class=\"body-graf\">Daugelis Irano diasporos yra i\u0161 \u0161eim\u0173, kurios siek\u0117 pab\u0117gti nuo teokratinio re\u017eimo, kuris per\u0117m\u0117 1979 m. Po Irano revoliucijos. Irano ir Izraelio konfliktas i\u0161lieka, kai kurie iranie\u010diai u\u017esienyje i\u0161rei\u0161kia atnaujint\u0105 vilt\u012f d\u0117l re\u017eimo poky\u010di\u0173, o kiti nerimauja d\u0117l u\u017esienio intervencijos padarini\u0173.<\/p>\n<p id=\"anchor-c3deee\" class=\"body-graf\">\u201eIrano \u017emon\u0117s de\u0161imtme\u010dius prie\u0161inosi priespaudai. Jie rizikavo viskuo protestuoti, organizuoti, kalb\u0117ti\u201c, &#8211; sak\u0117 Jensenas, turinio k\u016br\u0117jas, kuris dabar gyvena Niujorke. \u201eIranie\u010diai nori nemokamo Irano, ta\u010diau tai, kad m\u016bs\u0173 \u0161alis bombardavo pasaulio lyderi\u0173, kurie, kaip mes \u017einome, nesir\u016bpina nekalt\u0173 civili\u0173 gyventoj\u0173 saugumas.<\/p>\n<section id=\"anchor-7b49f4\" class=\"embed-widget embedWidget embed-widget--medium\" data-testid=\"embed-widget\"\/>\n<p id=\"anchor-52f81c\" class=\"body-graf\">Cituodamas Irano \u201eegzistencin\u0119 gr\u0117sm\u0119\u201c, potencialiai sukeliant\u012f branduolinius ginklus, bir\u017eelio 12 d. Izraelis prad\u0117jo did\u017eiul\u012f i\u0161puol\u012f, nukreipt\u0105 \u012f \u0161alies branduolinius paj\u0117gumus, karin\u0119 vadovyb\u0119 ir mokslininkus, paskatinus Iran\u0105 atleisti savo raketas Izraelio link. Nuo pirmadienio Irano sveikatos ministerija prane\u0161\u0117, kad Izraelio streikai nu\u017eud\u0117 ma\u017eiausiai 400 \u017emoni\u0173 Irane ir su\u017eeid\u0117 3000. Irano atsakomieji streikai Izraelyje nu\u017eud\u0117 ma\u017eiausiai 24.<\/p>\n<p id=\"anchor-bf6386\" class=\"body-graf\">Izraelio i\u0161puoliai nu\u017eud\u0117 kai kuriuos Irano vyresnius pareig\u016bnus, d\u0117l kuri\u0173 buvo nevienoda \u0161vent\u0117s ir baim\u0117s reakcija tarp t\u0173, kurie prie\u0161inasi Irano pla\u010diai nepopuliariam re\u017eimui. <\/p>\n<p id=\"anchor-5ac5cf\" class=\"body-graf\">\u0160irinui Naseri yra \u201ekartaus saldaus jausmo\u201c, kai i\u0161or\u0117 i\u0161or\u0119 susilpnina Islamo Respublik\u0105 taip, kaip Irano \u017emon\u0117s steng\u0117si tai padaryti i\u0161 vidaus. Naseri u\u017eaugo Teherane, prie\u0161 imigravusi \u012f Jungtin\u0119 Karalyst\u0119 b\u016bdamas 25 met\u0173, kad i\u0161vengt\u0173 re\u017eimo, kuriam vadovauja auk\u0161\u010diausiasis lyderis Ayatollah Ali Khamenei.<\/p>\n<p id=\"anchor-be8cad\" class=\"body-graf\">\u201eMes norime, kad re\u017eimas nebeb\u016bt\u0173, ta\u010diau tuo pat metu mes li\u016bdime net menkiausi\u0105 \u017eal\u0105 nekaltiems \u017emon\u0117ms, m\u016bs\u0173 t\u0117vynei\u201c, &#8211; sak\u0117 Naseri, kuris prid\u016br\u0117, kad iranie\u010diai nenoriai \u012fsitrauk\u0117 \u012f konflikt\u0105, kur\u012f skatina Irano re\u017eimas, o ne jos \u017emon\u0117s. \u201eMes esame kaip visi kiti laisv\u0117s ie\u0161kantys \u017emon\u0117s prie\u0161 kar\u0105 visais formomis ir visais lygmenimis &#8230; ir vis d\u0117lto mes dr\u012fstame tik\u0117tis, kad i\u0161 to gali pasirodyti ka\u017ekas gero\u201c.<\/p>\n<div class=\"summary-box\" data-testid=\"summary-box\" id=\"anchor-a40268\">\n<div class=\"summary-box__content\">\n<h2 class=\"summary-box__headline\">Perskaitykite \u201eNBC News\u201c apie Irano ir Izraelio konflikt\u0105:<\/h2>\n<\/div>\n<\/div>\n<p id=\"anchor-5ec4fd\" class=\"body-graf\">Ta\u010diau tas vilties jausmas taip pat yra sumai\u0161ytas su tam tikru skepticizmu. Be bomb\u0173 gr\u0117sm\u0117s civiliams gyventojams, Los And\u017eele \u012fsik\u016brusios Irano amerikietis Nikoo Nooryani teig\u0117, kad daugeliui taip pat r\u016bpi re\u017eimas \u201esl\u0117ptis pagal \u0161\u012f nacionalinio saugumo gl\u0117b\u012f\u201c, kaip pateisinim\u0105, kad b\u016bt\u0173 pateisinama sunkiau kovoti su politiniais disidentais Irane.<\/p>\n<p id=\"anchor-325477\" class=\"body-graf\">\u201eIstori\u0161kai tai buvo toks, koks buvo u\u017esienio susitarimas. Tai visada pritrenk\u0117 Irano \u017emoni\u0173 i\u0161sivadavimo jud\u0117jimus, o ne padedant jiems\u201c, &#8211; sak\u0117 Nooryani, kuris taip pat turi \u0161eim\u0105 Irane. \u201eIr a\u0161 manau, kad tai dar vienas didelis diskusij\u0173 ta\u0161kas, kurio praleid\u017eiama, kai \u017emon\u0117s susiburia d\u0117l Irano i\u0161laisvinimo juos bombarduodami. Tai niekada nebuvo \u017emoni\u0173 naudai.\u201c<\/p>\n<p id=\"anchor-fc14e4\" class=\"body-graf\">2022 m. Mahsa Amini-22 met\u0173 moters, kuri\u0105 are\u0161tuota moral\u0117s policija, mirtis d\u0117l tariamai netinkamai ne\u0161iojan\u010dios savo hid\u017eab\u0105-suk\u0117l\u0117 pla\u010diai paplitusius protestus, kuriems vadovavo moterys ir jaunimas visoje \u0161alyje. \u0160is \u201emoter\u0173, gyvenimo, laisv\u0117s\u201c jud\u0117jimas, kaip ir daugelyje ankstesni\u0173 protest\u0173, paskatino \u017eiauri\u0105 vyriausyb\u0117s ker\u0161t\u0105, prane\u0161a \u201eHuman Rights Watch\u201c.<\/p>\n<p id=\"anchor-61de21\" class=\"body-graf\">Nooryani teig\u0117, kad steb\u0117tojai da\u017enai susiejo jud\u0117jim\u0105 su raginimu gauti u\u017esienio pagalb\u0105, kuriai r\u016bpi, kad atv\u0117r\u0117 duris i\u0161or\u0117s aktoriams, tokiems kaip Izraelis ir JAV, irane iranie\u010di\u0173 pilietiniams neramumams koordinuoti d\u0117l savo interes\u0173. Jos teigimu, pagrindinis d\u0117mesys skiriamas \u201eapsisprendimui Irano \u017emon\u0117ms\u201c.<\/p>\n<p id=\"anchor-0f39cd\" class=\"body-graf\">\u201eTikrai nemalonu matyti tris vyriausybes, kurios grie\u017etai prie\u0161inasi savo \u0161alims, sukuria \u0161\u012f chaos\u0105 mums visiems\u201c, &#8211; sak\u0117 Nooryani, kalb\u0117damas apie Izrael\u012f, Iran\u0105 ir JAV<\/p>\n<p id=\"anchor-fa9210\" class=\"body-graf\">Konfliktas taip pat suk\u0117l\u0117 sud\u0117tingus jausmus \u0161imtams t\u016bkstan\u010di\u0173 pers\u0173 \u017eyd\u0173, kuri\u0173 daugelis, kuri\u0173 \u0161eimos pab\u0117go i\u0161 Irano, bijodamos d\u0117l religinio persekiojimo po revoliucijos. <\/p>\n<p id=\"anchor-cb030c\" class=\"body-graf\">Tarp j\u0173 yra Millie Efrmasas, kuris socialin\u0117je \u017einiasklaidoje ra\u0161\u0117, kad sunku pasteb\u0117ti, kad \u017emon\u0117s internete pasisako u\u017e \u201eIran\u0105 apsiginti\u201c, nepripa\u017e\u012fstant, kad re\u017eimas suk\u0117l\u0117 j\u0173 pa\u010di\u0173 taut\u0105. <\/p>\n<p id=\"anchor-bd8147\" class=\"body-graf\">Efrmasas, kuris yra Irano amerikietis ir \u017eydas, gyvena Izraelyje, kur, jos teigimu, yra tarp t\u016bkstan\u010di\u0173 \u017emoni\u0173, kuriems teko sl\u0117ptis bomb\u0173 prieglaudose, kai Iranas t\u0119sia atsakom\u0173j\u0173 i\u0161puolius prie\u0161 Izrael\u012f. <\/p>\n<p id=\"anchor-c846c0\" class=\"body-graf\">Nors ji mano, kad \u201evien tik Izraelis negali i\u0161laisvinti Irano \u017emoni\u0173\u201c, Efrmasas teig\u0117, kad tikisi, jog karas pakeis pakankamai poky\u010di\u0173, kad \u201epa\u0161alint\u0173 Khamenei ir islamo re\u017eim\u0105\u201c.<\/p>\n<p id=\"anchor-39f5a9\" class=\"body-graf\">&#8222;A\u0161 \u017einau apie karo bjaurum\u0105. A\u0161 turiu draug\u0173 Irane, u\u017e kuriuos jaudinuosi, nes net ir tiksliems sm\u016bgiams buvo padaryta \u017eala, o did\u017eiausia mano baim\u0117 yra keletas pavir\u0161ini\u0173 deryb\u0173, kurios Khamenei valdo&#8221;, &#8211; teig\u0117 Efrmasas. \u201eIranie\u010di\u0173 ir \u017eyd\u0173 labui, kurie abu buvo islamo re\u017eimo ir jo \u012fgaliotini\u0173 taikiniai, turime pasinaudoti \u0161ia akimirka ir priversti re\u017eim\u0105 pakeisti\u201c.<\/p>\n<p id=\"anchor-23ce55\" class=\"body-graf\">\u017dmogaus teisi\u0173 advokatas Gissou Nia, Atlanto tarybos strateginio bylin\u0117jimosi projekto direktorius, teig\u0117, kad nepaisant vil\u010di\u0173 pakeisti re\u017eim\u0105, kai kurie i\u0161 \u0161i\u0173 skambu\u010diai \u0161iuo metu yra \u201e\u0161iek tiek fantazijos m\u0105stymo\u201c.<\/p>\n<section id=\"anchor-26fee8\" class=\"embed-widget embedWidget embed-widget--medium\" data-testid=\"embed-widget\"\/>\n<p id=\"anchor-a8b70e\" class=\"body-graf\">Nuo karo, pasak jos, daugelis iranie\u010di\u0173 turi pirmenyb\u0119 teikti savo i\u0161likimui &#8211; nes kai kurie racionuoja maist\u0105, o kiti paliko savo namus ne tik antklodes miegoti &#8211; ir neb\u016btinai \u012fgalioja va\u017eiuoti \u012f gatves ir nuversti re\u017eim\u0105.<\/p>\n<p id=\"anchor-131605\" class=\"body-graf\">\u201eIr istori\u0161kai re\u017eimo pasikeitimas i\u0161 dangaus nebuvo gerai. Ypa\u010d bet koks projektas, kuriame JAV dalyvavo, nebuvo gerai\u201c, &#8211; sak\u0117 Nia, kuri yra iranie\u010di\u0173 amerikietis. \u201eTaigi a\u0161 manau, kad bent jau tarp Irano viduje, bet ir irane, bet ir diasporoje, mes dabar pradedame i\u0161 tikr\u0173j\u0173 galvoti apie tai, kas bus toliau, jei ka\u017ekas bus toliau\u201c.<\/p>\n<p id=\"anchor-f6140c\" class=\"body-graf\">Nia teigimu, tai, kas jai taip pat r\u016bpi u\u017esienyje, yra prane\u0161imai apie \u012ftariamus terorist\u0173 miegam\u0173j\u0173 l\u0105steles JAV, sukelian\u010dias rasinio profilio tip\u0105, kuris daug\u0117jo po rugs\u0117jo 11 d. Teroro i\u0161puoli\u0173.<\/p>\n<p id=\"anchor-5f6191\" class=\"endmark body-graf\">\u201eRealyb\u0117 yra tokia, kad Iranai Irane vadovavo i\u0161 eil\u0117s protesto jud\u0117jimams atsikratyti savo re\u017eimo\u201c, &#8211; sak\u0117 Nia. \u201eIrano \u017emon\u0117s netur\u0117t\u0173 b\u016bti siejami su re\u017eimu, kuris yra nei\u0161rinktas ir de\u0161imtme\u010dius naudojantis gali\u0105 per priespaud\u0105\u201c.<\/p>\n<\/div>\n<p><script async src=\"\/\/www.instagram.com\/embed.js\"><\/script><br \/>\n<br \/><br \/>\n<br \/><a href=\"https:\/\/www.nbcnews.com\/world\/middle-east\/iranian-diaspora-heartbreak-hope-amid-uncertainty-israel-war-rcna214391\" target=\"_blank\" rel=\"noopener\">Source link <\/a><\/p>\n","protected":false},"excerpt":{"rendered":"<p>Kai Izraelio bombos per pastar\u0105sias dvi savaites krito \u012f Iran\u0105, Mandy Ansari Jensen va\u017eiavo dvira\u010diu tarp verkimo ir melsklio ir&hellip;<\/p>\n","protected":false},"author":1,"featured_media":340,"comment_status":"open","ping_status":"open","sticky":false,"template":"","format":"standard","meta":{"footnotes":""},"categories":[4],"tags":[],"class_list":["post-339","post","type-post","status-publish","format-standard","has-post-thumbnail","hentry","category-pasaulio-naujienos"],"yoast_head":"<!-- This site is optimized with the Yoast SEO plugin v27.5 - https:\/\/yoast.com\/product\/yoast-seo-wordpress\/ -->\n<title>Irano diaspora i\u0161rei\u0161kia \u0161irdies skausm\u0105 ir vilt\u012f, nes karo metu kyla netikrumas - NORDICCAB.LT<\/title>\n<meta name=\"robots\" content=\"index, follow, max-snippet:-1, max-image-preview:large, max-video-preview:-1\" \/>\n<link rel=\"canonical\" href=\"https:\/\/nordiccab.lt\/index.php\/2025\/06\/23\/irano-diaspora-isreiskia-sirdies-skausma-ir-vilti-nes-karo-metu-kyla-netikrumas\/\" \/>\n<meta property=\"og:locale\" content=\"lt_LT\" \/>\n<meta property=\"og:type\" content=\"article\" \/>\n<meta property=\"og:title\" content=\"Irano diaspora i\u0161rei\u0161kia \u0161irdies skausm\u0105 ir vilt\u012f, nes karo metu kyla netikrumas - NORDICCAB.LT\" \/>\n<meta property=\"og:description\" content=\"Kai Izraelio bombos per pastar\u0105sias dvi savaites krito \u012f Iran\u0105, Mandy Ansari Jensen va\u017eiavo dvira\u010diu tarp verkimo ir melsklio ir&hellip;\" \/>\n<meta property=\"og:url\" content=\"https:\/\/nordiccab.lt\/index.php\/2025\/06\/23\/irano-diaspora-isreiskia-sirdies-skausma-ir-vilti-nes-karo-metu-kyla-netikrumas\/\" \/>\n<meta property=\"og:site_name\" content=\"NORDICCAB.LT\" \/>\n<meta property=\"article:published_time\" content=\"2025-06-23T21:31:00+00:00\" \/>\n<meta property=\"og:image\" content=\"https:\/\/media-cldnry.s-nbcnews.com\/image\/upload\/t_fit_1500w\/rockcms\/2025-06\/250622-Iran-flag-LA-aa-701-6857e0.jpg\" \/>\n<meta name=\"author\" content=\"admin\" \/>\n<meta name=\"twitter:card\" content=\"summary_large_image\" \/>\n<meta name=\"twitter:label1\" content=\"Written by\" \/>\n\t<meta name=\"twitter:data1\" content=\"admin\" \/>\n\t<meta name=\"twitter:label2\" content=\"Est. reading time\" \/>\n\t<meta name=\"twitter:data2\" content=\"6 minut\u0117s\" \/>\n<script type=\"application\/ld+json\" class=\"yoast-schema-graph\">{\"@context\":\"https:\\\/\\\/schema.org\",\"@graph\":[{\"@type\":\"Article\",\"@id\":\"https:\\\/\\\/nordiccab.lt\\\/index.php\\\/2025\\\/06\\\/23\\\/irano-diaspora-isreiskia-sirdies-skausma-ir-vilti-nes-karo-metu-kyla-netikrumas\\\/#article\",\"isPartOf\":{\"@id\":\"https:\\\/\\\/nordiccab.lt\\\/index.php\\\/2025\\\/06\\\/23\\\/irano-diaspora-isreiskia-sirdies-skausma-ir-vilti-nes-karo-metu-kyla-netikrumas\\\/\"},\"author\":{\"name\":\"admin\",\"@id\":\"https:\\\/\\\/nordiccab.lt\\\/#\\\/schema\\\/person\\\/1e06879215dcf15255113d53ae73289b\"},\"headline\":\"Irano diaspora i\u0161rei\u0161kia \u0161irdies skausm\u0105 ir vilt\u012f, nes karo metu kyla netikrumas\",\"datePublished\":\"2025-06-23T21:31:00+00:00\",\"mainEntityOfPage\":{\"@id\":\"https:\\\/\\\/nordiccab.lt\\\/index.php\\\/2025\\\/06\\\/23\\\/irano-diaspora-isreiskia-sirdies-skausma-ir-vilti-nes-karo-metu-kyla-netikrumas\\\/\"},\"wordCount\":1143,\"commentCount\":0,\"image\":{\"@id\":\"https:\\\/\\\/nordiccab.lt\\\/index.php\\\/2025\\\/06\\\/23\\\/irano-diaspora-isreiskia-sirdies-skausma-ir-vilti-nes-karo-metu-kyla-netikrumas\\\/#primaryimage\"},\"thumbnailUrl\":\"https:\\\/\\\/nordiccab.lt\\\/wp-content\\\/uploads\\\/2025\\\/06\\\/Irano-diaspora-isreiskia-sirdies-skausma-ir-vilti-nes-karo-metu.jpg\",\"articleSection\":[\"PASAULIO NAUJIENOS\"],\"inLanguage\":\"lt-LT\",\"potentialAction\":[{\"@type\":\"CommentAction\",\"name\":\"Comment\",\"target\":[\"https:\\\/\\\/nordiccab.lt\\\/index.php\\\/2025\\\/06\\\/23\\\/irano-diaspora-isreiskia-sirdies-skausma-ir-vilti-nes-karo-metu-kyla-netikrumas\\\/#respond\"]}]},{\"@type\":\"WebPage\",\"@id\":\"https:\\\/\\\/nordiccab.lt\\\/index.php\\\/2025\\\/06\\\/23\\\/irano-diaspora-isreiskia-sirdies-skausma-ir-vilti-nes-karo-metu-kyla-netikrumas\\\/\",\"url\":\"https:\\\/\\\/nordiccab.lt\\\/index.php\\\/2025\\\/06\\\/23\\\/irano-diaspora-isreiskia-sirdies-skausma-ir-vilti-nes-karo-metu-kyla-netikrumas\\\/\",\"name\":\"Irano diaspora i\u0161rei\u0161kia \u0161irdies skausm\u0105 ir vilt\u012f, nes karo metu kyla netikrumas - NORDICCAB.LT\",\"isPartOf\":{\"@id\":\"https:\\\/\\\/nordiccab.lt\\\/#website\"},\"primaryImageOfPage\":{\"@id\":\"https:\\\/\\\/nordiccab.lt\\\/index.php\\\/2025\\\/06\\\/23\\\/irano-diaspora-isreiskia-sirdies-skausma-ir-vilti-nes-karo-metu-kyla-netikrumas\\\/#primaryimage\"},\"image\":{\"@id\":\"https:\\\/\\\/nordiccab.lt\\\/index.php\\\/2025\\\/06\\\/23\\\/irano-diaspora-isreiskia-sirdies-skausma-ir-vilti-nes-karo-metu-kyla-netikrumas\\\/#primaryimage\"},\"thumbnailUrl\":\"https:\\\/\\\/nordiccab.lt\\\/wp-content\\\/uploads\\\/2025\\\/06\\\/Irano-diaspora-isreiskia-sirdies-skausma-ir-vilti-nes-karo-metu.jpg\",\"datePublished\":\"2025-06-23T21:31:00+00:00\",\"author\":{\"@id\":\"https:\\\/\\\/nordiccab.lt\\\/#\\\/schema\\\/person\\\/1e06879215dcf15255113d53ae73289b\"},\"breadcrumb\":{\"@id\":\"https:\\\/\\\/nordiccab.lt\\\/index.php\\\/2025\\\/06\\\/23\\\/irano-diaspora-isreiskia-sirdies-skausma-ir-vilti-nes-karo-metu-kyla-netikrumas\\\/#breadcrumb\"},\"inLanguage\":\"lt-LT\",\"potentialAction\":[{\"@type\":\"ReadAction\",\"target\":[\"https:\\\/\\\/nordiccab.lt\\\/index.php\\\/2025\\\/06\\\/23\\\/irano-diaspora-isreiskia-sirdies-skausma-ir-vilti-nes-karo-metu-kyla-netikrumas\\\/\"]}]},{\"@type\":\"ImageObject\",\"inLanguage\":\"lt-LT\",\"@id\":\"https:\\\/\\\/nordiccab.lt\\\/index.php\\\/2025\\\/06\\\/23\\\/irano-diaspora-isreiskia-sirdies-skausma-ir-vilti-nes-karo-metu-kyla-netikrumas\\\/#primaryimage\",\"url\":\"https:\\\/\\\/nordiccab.lt\\\/wp-content\\\/uploads\\\/2025\\\/06\\\/Irano-diaspora-isreiskia-sirdies-skausma-ir-vilti-nes-karo-metu.jpg\",\"contentUrl\":\"https:\\\/\\\/nordiccab.lt\\\/wp-content\\\/uploads\\\/2025\\\/06\\\/Irano-diaspora-isreiskia-sirdies-skausma-ir-vilti-nes-karo-metu.jpg\",\"width\":1200,\"height\":630},{\"@type\":\"BreadcrumbList\",\"@id\":\"https:\\\/\\\/nordiccab.lt\\\/index.php\\\/2025\\\/06\\\/23\\\/irano-diaspora-isreiskia-sirdies-skausma-ir-vilti-nes-karo-metu-kyla-netikrumas\\\/#breadcrumb\",\"itemListElement\":[{\"@type\":\"ListItem\",\"position\":1,\"name\":\"Home\",\"item\":\"https:\\\/\\\/nordiccab.lt\\\/\"},{\"@type\":\"ListItem\",\"position\":2,\"name\":\"Irano diaspora i\u0161rei\u0161kia \u0161irdies skausm\u0105 ir vilt\u012f, nes karo metu kyla netikrumas\"}]},{\"@type\":\"WebSite\",\"@id\":\"https:\\\/\\\/nordiccab.lt\\\/#website\",\"url\":\"https:\\\/\\\/nordiccab.lt\\\/\",\"name\":\"NORDICCAB.LT\",\"description\":\"Pasaulio naujienos, technologijos, automobiliai\",\"potentialAction\":[{\"@type\":\"SearchAction\",\"target\":{\"@type\":\"EntryPoint\",\"urlTemplate\":\"https:\\\/\\\/nordiccab.lt\\\/?s={search_term_string}\"},\"query-input\":{\"@type\":\"PropertyValueSpecification\",\"valueRequired\":true,\"valueName\":\"search_term_string\"}}],\"inLanguage\":\"lt-LT\"},{\"@type\":\"Person\",\"@id\":\"https:\\\/\\\/nordiccab.lt\\\/#\\\/schema\\\/person\\\/1e06879215dcf15255113d53ae73289b\",\"name\":\"admin\",\"image\":{\"@type\":\"ImageObject\",\"inLanguage\":\"lt-LT\",\"@id\":\"https:\\\/\\\/secure.gravatar.com\\\/avatar\\\/f37349f777250847d2fca2ada474f5a6aadffa79d5284e8ad354a5c410a691ec?s=96&d=mm&r=g\",\"url\":\"https:\\\/\\\/secure.gravatar.com\\\/avatar\\\/f37349f777250847d2fca2ada474f5a6aadffa79d5284e8ad354a5c410a691ec?s=96&d=mm&r=g\",\"contentUrl\":\"https:\\\/\\\/secure.gravatar.com\\\/avatar\\\/f37349f777250847d2fca2ada474f5a6aadffa79d5284e8ad354a5c410a691ec?s=96&d=mm&r=g\",\"caption\":\"admin\"},\"sameAs\":[\"https:\\\/\\\/nordiccab.lt\"],\"url\":\"https:\\\/\\\/nordiccab.lt\\\/author\\\/admin\\\/\"}]}<\/script>\n<!-- \/ Yoast SEO plugin. -->","yoast_head_json":{"title":"Irano diaspora i\u0161rei\u0161kia \u0161irdies skausm\u0105 ir vilt\u012f, nes karo metu kyla netikrumas - NORDICCAB.LT","robots":{"index":"index","follow":"follow","max-snippet":"max-snippet:-1","max-image-preview":"max-image-preview:large","max-video-preview":"max-video-preview:-1"},"canonical":"https:\/\/nordiccab.lt\/index.php\/2025\/06\/23\/irano-diaspora-isreiskia-sirdies-skausma-ir-vilti-nes-karo-metu-kyla-netikrumas\/","og_locale":"lt_LT","og_type":"article","og_title":"Irano diaspora i\u0161rei\u0161kia \u0161irdies skausm\u0105 ir vilt\u012f, nes karo metu kyla netikrumas - NORDICCAB.LT","og_description":"Kai Izraelio bombos per pastar\u0105sias dvi savaites krito \u012f Iran\u0105, Mandy Ansari Jensen va\u017eiavo dvira\u010diu tarp verkimo ir melsklio ir&hellip;","og_url":"https:\/\/nordiccab.lt\/index.php\/2025\/06\/23\/irano-diaspora-isreiskia-sirdies-skausma-ir-vilti-nes-karo-metu-kyla-netikrumas\/","og_site_name":"NORDICCAB.LT","article_published_time":"2025-06-23T21:31:00+00:00","og_image":[{"url":"https:\/\/media-cldnry.s-nbcnews.com\/image\/upload\/t_fit_1500w\/rockcms\/2025-06\/250622-Iran-flag-LA-aa-701-6857e0.jpg","type":"","width":"","height":""}],"author":"admin","twitter_card":"summary_large_image","twitter_misc":{"Written by":"admin","Est. reading time":"6 minut\u0117s"},"schema":{"@context":"https:\/\/schema.org","@graph":[{"@type":"Article","@id":"https:\/\/nordiccab.lt\/index.php\/2025\/06\/23\/irano-diaspora-isreiskia-sirdies-skausma-ir-vilti-nes-karo-metu-kyla-netikrumas\/#article","isPartOf":{"@id":"https:\/\/nordiccab.lt\/index.php\/2025\/06\/23\/irano-diaspora-isreiskia-sirdies-skausma-ir-vilti-nes-karo-metu-kyla-netikrumas\/"},"author":{"name":"admin","@id":"https:\/\/nordiccab.lt\/#\/schema\/person\/1e06879215dcf15255113d53ae73289b"},"headline":"Irano diaspora i\u0161rei\u0161kia \u0161irdies skausm\u0105 ir vilt\u012f, nes karo metu kyla netikrumas","datePublished":"2025-06-23T21:31:00+00:00","mainEntityOfPage":{"@id":"https:\/\/nordiccab.lt\/index.php\/2025\/06\/23\/irano-diaspora-isreiskia-sirdies-skausma-ir-vilti-nes-karo-metu-kyla-netikrumas\/"},"wordCount":1143,"commentCount":0,"image":{"@id":"https:\/\/nordiccab.lt\/index.php\/2025\/06\/23\/irano-diaspora-isreiskia-sirdies-skausma-ir-vilti-nes-karo-metu-kyla-netikrumas\/#primaryimage"},"thumbnailUrl":"https:\/\/nordiccab.lt\/wp-content\/uploads\/2025\/06\/Irano-diaspora-isreiskia-sirdies-skausma-ir-vilti-nes-karo-metu.jpg","articleSection":["PASAULIO NAUJIENOS"],"inLanguage":"lt-LT","potentialAction":[{"@type":"CommentAction","name":"Comment","target":["https:\/\/nordiccab.lt\/index.php\/2025\/06\/23\/irano-diaspora-isreiskia-sirdies-skausma-ir-vilti-nes-karo-metu-kyla-netikrumas\/#respond"]}]},{"@type":"WebPage","@id":"https:\/\/nordiccab.lt\/index.php\/2025\/06\/23\/irano-diaspora-isreiskia-sirdies-skausma-ir-vilti-nes-karo-metu-kyla-netikrumas\/","url":"https:\/\/nordiccab.lt\/index.php\/2025\/06\/23\/irano-diaspora-isreiskia-sirdies-skausma-ir-vilti-nes-karo-metu-kyla-netikrumas\/","name":"Irano diaspora i\u0161rei\u0161kia \u0161irdies skausm\u0105 ir vilt\u012f, nes karo metu kyla netikrumas - NORDICCAB.LT","isPartOf":{"@id":"https:\/\/nordiccab.lt\/#website"},"primaryImageOfPage":{"@id":"https:\/\/nordiccab.lt\/index.php\/2025\/06\/23\/irano-diaspora-isreiskia-sirdies-skausma-ir-vilti-nes-karo-metu-kyla-netikrumas\/#primaryimage"},"image":{"@id":"https:\/\/nordiccab.lt\/index.php\/2025\/06\/23\/irano-diaspora-isreiskia-sirdies-skausma-ir-vilti-nes-karo-metu-kyla-netikrumas\/#primaryimage"},"thumbnailUrl":"https:\/\/nordiccab.lt\/wp-content\/uploads\/2025\/06\/Irano-diaspora-isreiskia-sirdies-skausma-ir-vilti-nes-karo-metu.jpg","datePublished":"2025-06-23T21:31:00+00:00","author":{"@id":"https:\/\/nordiccab.lt\/#\/schema\/person\/1e06879215dcf15255113d53ae73289b"},"breadcrumb":{"@id":"https:\/\/nordiccab.lt\/index.php\/2025\/06\/23\/irano-diaspora-isreiskia-sirdies-skausma-ir-vilti-nes-karo-metu-kyla-netikrumas\/#breadcrumb"},"inLanguage":"lt-LT","potentialAction":[{"@type":"ReadAction","target":["https:\/\/nordiccab.lt\/index.php\/2025\/06\/23\/irano-diaspora-isreiskia-sirdies-skausma-ir-vilti-nes-karo-metu-kyla-netikrumas\/"]}]},{"@type":"ImageObject","inLanguage":"lt-LT","@id":"https:\/\/nordiccab.lt\/index.php\/2025\/06\/23\/irano-diaspora-isreiskia-sirdies-skausma-ir-vilti-nes-karo-metu-kyla-netikrumas\/#primaryimage","url":"https:\/\/nordiccab.lt\/wp-content\/uploads\/2025\/06\/Irano-diaspora-isreiskia-sirdies-skausma-ir-vilti-nes-karo-metu.jpg","contentUrl":"https:\/\/nordiccab.lt\/wp-content\/uploads\/2025\/06\/Irano-diaspora-isreiskia-sirdies-skausma-ir-vilti-nes-karo-metu.jpg","width":1200,"height":630},{"@type":"BreadcrumbList","@id":"https:\/\/nordiccab.lt\/index.php\/2025\/06\/23\/irano-diaspora-isreiskia-sirdies-skausma-ir-vilti-nes-karo-metu-kyla-netikrumas\/#breadcrumb","itemListElement":[{"@type":"ListItem","position":1,"name":"Home","item":"https:\/\/nordiccab.lt\/"},{"@type":"ListItem","position":2,"name":"Irano diaspora i\u0161rei\u0161kia \u0161irdies skausm\u0105 ir vilt\u012f, nes karo metu kyla netikrumas"}]},{"@type":"WebSite","@id":"https:\/\/nordiccab.lt\/#website","url":"https:\/\/nordiccab.lt\/","name":"NORDICCAB.LT","description":"Pasaulio naujienos, technologijos, automobiliai","potentialAction":[{"@type":"SearchAction","target":{"@type":"EntryPoint","urlTemplate":"https:\/\/nordiccab.lt\/?s={search_term_string}"},"query-input":{"@type":"PropertyValueSpecification","valueRequired":true,"valueName":"search_term_string"}}],"inLanguage":"lt-LT"},{"@type":"Person","@id":"https:\/\/nordiccab.lt\/#\/schema\/person\/1e06879215dcf15255113d53ae73289b","name":"admin","image":{"@type":"ImageObject","inLanguage":"lt-LT","@id":"https:\/\/secure.gravatar.com\/avatar\/f37349f777250847d2fca2ada474f5a6aadffa79d5284e8ad354a5c410a691ec?s=96&d=mm&r=g","url":"https:\/\/secure.gravatar.com\/avatar\/f37349f777250847d2fca2ada474f5a6aadffa79d5284e8ad354a5c410a691ec?s=96&d=mm&r=g","contentUrl":"https:\/\/secure.gravatar.com\/avatar\/f37349f777250847d2fca2ada474f5a6aadffa79d5284e8ad354a5c410a691ec?s=96&d=mm&r=g","caption":"admin"},"sameAs":["https:\/\/nordiccab.lt"],"url":"https:\/\/nordiccab.lt\/author\/admin\/"}]}},"_links":{"self":[{"href":"https:\/\/nordiccab.lt\/index.php\/wp-json\/wp\/v2\/posts\/339","targetHints":{"allow":["GET"]}}],"collection":[{"href":"https:\/\/nordiccab.lt\/index.php\/wp-json\/wp\/v2\/posts"}],"about":[{"href":"https:\/\/nordiccab.lt\/index.php\/wp-json\/wp\/v2\/types\/post"}],"author":[{"embeddable":true,"href":"https:\/\/nordiccab.lt\/index.php\/wp-json\/wp\/v2\/users\/1"}],"replies":[{"embeddable":true,"href":"https:\/\/nordiccab.lt\/index.php\/wp-json\/wp\/v2\/comments?post=339"}],"version-history":[{"count":0,"href":"https:\/\/nordiccab.lt\/index.php\/wp-json\/wp\/v2\/posts\/339\/revisions"}],"wp:featuredmedia":[{"embeddable":true,"href":"https:\/\/nordiccab.lt\/index.php\/wp-json\/wp\/v2\/media\/340"}],"wp:attachment":[{"href":"https:\/\/nordiccab.lt\/index.php\/wp-json\/wp\/v2\/media?parent=339"}],"wp:term":[{"taxonomy":"category","embeddable":true,"href":"https:\/\/nordiccab.lt\/index.php\/wp-json\/wp\/v2\/categories?post=339"},{"taxonomy":"post_tag","embeddable":true,"href":"https:\/\/nordiccab.lt\/index.php\/wp-json\/wp\/v2\/tags?post=339"}],"curies":[{"name":"wp","href":"https:\/\/api.w.org\/{rel}","templated":true}]}}