{"id":338,"date":"2025-06-23T19:57:30","date_gmt":"2025-06-23T19:57:30","guid":{"rendered":"https:\/\/nordiccab.lt\/index.php\/2025\/06\/23\/dauguma-estijos-zmoniu-nesitiki-valstybines-pensijos\/"},"modified":"2025-06-23T19:57:30","modified_gmt":"2025-06-23T19:57:30","slug":"dauguma-estijos-zmoniu-nesitiki-valstybines-pensijos","status":"publish","type":"post","link":"https:\/\/nordiccab.lt\/index.php\/2025\/06\/23\/dauguma-estijos-zmoniu-nesitiki-valstybines-pensijos\/","title":{"rendered":"Dauguma Estijos \u017emoni\u0173, nesitiki valstybin\u0117s pensijos"},"content":{"rendered":"<p> <br \/>\n<\/p>\n<div>\n<p>TELINNAS &#8211; neseniai atlikta SEB apklausa rodo, kad tik tre\u010ddalis Estijos \u017emoni\u0173 mano, kad i\u0161eidami \u012f valstybin\u0119 pensij\u0105, jie gal\u0117s valdyti valstybin\u0119 pensij\u0105.<\/p>\n<p>I\u0161 viso 67 procentai respondent\u0173 \u012fsitikin\u0119, kad valstyb\u0117s parama net neapima esmini\u0173 i\u0161laid\u0173, toki\u0173 kaip kasdienis maistas, b\u016bsto i\u0161laidos ar vaistai.<\/p>\n<p>Nepaisant to, kad daugiau nei pus\u0117 Estijos \u017emoni\u0173 mano, kad kas m\u0117nes\u012f sutaupyta, 57 procentai respondent\u0173 pripa\u017e\u012fsta, kad niekada neskai\u010diavo, kiek j\u0173 pensija i\u0161 tikr\u0173j\u0173 gali b\u016bti ateityje. Vienas i\u0161 de\u0161imties respondent\u0173 sako, kad neplanuoja i\u0161 viso sutaupyti papildom\u0173 pinig\u0173 pensijai.<\/p>\n<p>\u201eJiems staigus pajam\u0173 suma\u017e\u0117jimas pasitraukus gali b\u016bti netik\u0117ta ir nemaloni staigmena\u201c, &#8211; teig\u0117 Gertas Vilmsas, Seb Varahaldus vadovas.<\/p>\n<p>Anot Vilmso, apklausa ai\u0161kiai pabr\u0117\u017eia, kad reikia taupyti atei\u010diai, ta\u010diau \u017eini\u0173 ar nemokam\u0173 pinig\u0173 tr\u016bkumas u\u017ekerta keli\u0105 realiems veiksmams ar veiksmams.<\/p>\n<p>&#8222;Kiekvienais metais prarastas rei\u0161kia ma\u017eesn\u012f saugum\u0105 ateityje. Taupymas pensijai tur\u0117t\u0173 b\u016bti prad\u0117tas kuo anks\u010diau &#8211; galite prad\u0117ti nuo nedideli\u0173 sum\u0173, kad sukurtum\u0117te \u012fprast\u0105 taupymo \u012fprot\u012f&#8221;, &#8211; sak\u0117 jis.<\/p>\n<p>SEB atstovas prid\u016br\u0117, kad aktyviausi pensij\u0173 papild\u0173 kolekcionieriai yra 30\u201349 met\u0173 am\u017eiaus.<\/p>\n<p>SEB taupymo, investicij\u0173 ir pensij\u0173 apklaus\u0105 2025 m. Baland\u017eio m\u0117n. Atliko \u201ePollster Norstat\u201c. Apklausoje dalyvavo 1000 18\u201365 met\u0173 Estijos gyventoj\u0173.<\/p>\n<\/div>\n<p><br \/>\n<br \/><a href=\"http:\/\/www.baltictimes.com\/seb_survey__most_people_in_estonia_not_relying_on_state_pension\/\" target=\"_blank\" rel=\"noopener\">Source link <\/a><\/p>\n","protected":false},"excerpt":{"rendered":"<p>TELINNAS &#8211; neseniai atlikta SEB apklausa rodo, kad tik tre\u010ddalis Estijos \u017emoni\u0173 mano, kad i\u0161eidami \u012f valstybin\u0119 pensij\u0105, jie gal\u0117s&hellip;<\/p>\n","protected":false},"author":1,"featured_media":0,"comment_status":"open","ping_status":"open","sticky":false,"template":"","format":"standard","meta":{"footnotes":""},"categories":[5],"tags":[],"class_list":["post-338","post","type-post","status-publish","format-standard","hentry","category-europos-naujienos"],"yoast_head":"<!-- This site is optimized with the Yoast SEO plugin v27.5 - https:\/\/yoast.com\/product\/yoast-seo-wordpress\/ -->\n<title>Dauguma Estijos \u017emoni\u0173, nesitiki valstybin\u0117s pensijos - NORDICCAB.LT<\/title>\n<meta name=\"robots\" content=\"index, follow, max-snippet:-1, max-image-preview:large, max-video-preview:-1\" \/>\n<link rel=\"canonical\" href=\"https:\/\/nordiccab.lt\/index.php\/2025\/06\/23\/dauguma-estijos-zmoniu-nesitiki-valstybines-pensijos\/\" \/>\n<meta property=\"og:locale\" content=\"lt_LT\" \/>\n<meta property=\"og:type\" content=\"article\" \/>\n<meta property=\"og:title\" content=\"Dauguma Estijos \u017emoni\u0173, nesitiki valstybin\u0117s pensijos - NORDICCAB.LT\" \/>\n<meta property=\"og:description\" content=\"TELINNAS &#8211; neseniai atlikta SEB apklausa rodo, kad tik tre\u010ddalis Estijos \u017emoni\u0173 mano, kad i\u0161eidami \u012f valstybin\u0119 pensij\u0105, jie gal\u0117s&hellip;\" \/>\n<meta property=\"og:url\" content=\"https:\/\/nordiccab.lt\/index.php\/2025\/06\/23\/dauguma-estijos-zmoniu-nesitiki-valstybines-pensijos\/\" \/>\n<meta property=\"og:site_name\" content=\"NORDICCAB.LT\" \/>\n<meta property=\"article:published_time\" content=\"2025-06-23T19:57:30+00:00\" \/>\n<meta name=\"author\" content=\"admin\" \/>\n<meta name=\"twitter:card\" content=\"summary_large_image\" \/>\n<meta name=\"twitter:label1\" content=\"Written by\" \/>\n\t<meta name=\"twitter:data1\" content=\"admin\" \/>\n\t<meta name=\"twitter:label2\" content=\"Est. reading time\" \/>\n\t<meta name=\"twitter:data2\" content=\"1 minut\u0117\" \/>\n<script type=\"application\/ld+json\" class=\"yoast-schema-graph\">{\"@context\":\"https:\\\/\\\/schema.org\",\"@graph\":[{\"@type\":\"Article\",\"@id\":\"https:\\\/\\\/nordiccab.lt\\\/index.php\\\/2025\\\/06\\\/23\\\/dauguma-estijos-zmoniu-nesitiki-valstybines-pensijos\\\/#article\",\"isPartOf\":{\"@id\":\"https:\\\/\\\/nordiccab.lt\\\/index.php\\\/2025\\\/06\\\/23\\\/dauguma-estijos-zmoniu-nesitiki-valstybines-pensijos\\\/\"},\"author\":{\"name\":\"admin\",\"@id\":\"https:\\\/\\\/nordiccab.lt\\\/#\\\/schema\\\/person\\\/1e06879215dcf15255113d53ae73289b\"},\"headline\":\"Dauguma Estijos \u017emoni\u0173, nesitiki valstybin\u0117s pensijos\",\"datePublished\":\"2025-06-23T19:57:30+00:00\",\"mainEntityOfPage\":{\"@id\":\"https:\\\/\\\/nordiccab.lt\\\/index.php\\\/2025\\\/06\\\/23\\\/dauguma-estijos-zmoniu-nesitiki-valstybines-pensijos\\\/\"},\"wordCount\":222,\"commentCount\":0,\"articleSection\":[\"EUROPOS NAUJIENOS\"],\"inLanguage\":\"lt-LT\",\"potentialAction\":[{\"@type\":\"CommentAction\",\"name\":\"Comment\",\"target\":[\"https:\\\/\\\/nordiccab.lt\\\/index.php\\\/2025\\\/06\\\/23\\\/dauguma-estijos-zmoniu-nesitiki-valstybines-pensijos\\\/#respond\"]}]},{\"@type\":\"WebPage\",\"@id\":\"https:\\\/\\\/nordiccab.lt\\\/index.php\\\/2025\\\/06\\\/23\\\/dauguma-estijos-zmoniu-nesitiki-valstybines-pensijos\\\/\",\"url\":\"https:\\\/\\\/nordiccab.lt\\\/index.php\\\/2025\\\/06\\\/23\\\/dauguma-estijos-zmoniu-nesitiki-valstybines-pensijos\\\/\",\"name\":\"Dauguma Estijos \u017emoni\u0173, nesitiki valstybin\u0117s pensijos - NORDICCAB.LT\",\"isPartOf\":{\"@id\":\"https:\\\/\\\/nordiccab.lt\\\/#website\"},\"datePublished\":\"2025-06-23T19:57:30+00:00\",\"author\":{\"@id\":\"https:\\\/\\\/nordiccab.lt\\\/#\\\/schema\\\/person\\\/1e06879215dcf15255113d53ae73289b\"},\"breadcrumb\":{\"@id\":\"https:\\\/\\\/nordiccab.lt\\\/index.php\\\/2025\\\/06\\\/23\\\/dauguma-estijos-zmoniu-nesitiki-valstybines-pensijos\\\/#breadcrumb\"},\"inLanguage\":\"lt-LT\",\"potentialAction\":[{\"@type\":\"ReadAction\",\"target\":[\"https:\\\/\\\/nordiccab.lt\\\/index.php\\\/2025\\\/06\\\/23\\\/dauguma-estijos-zmoniu-nesitiki-valstybines-pensijos\\\/\"]}]},{\"@type\":\"BreadcrumbList\",\"@id\":\"https:\\\/\\\/nordiccab.lt\\\/index.php\\\/2025\\\/06\\\/23\\\/dauguma-estijos-zmoniu-nesitiki-valstybines-pensijos\\\/#breadcrumb\",\"itemListElement\":[{\"@type\":\"ListItem\",\"position\":1,\"name\":\"Home\",\"item\":\"https:\\\/\\\/nordiccab.lt\\\/\"},{\"@type\":\"ListItem\",\"position\":2,\"name\":\"Dauguma Estijos \u017emoni\u0173, nesitiki valstybin\u0117s pensijos\"}]},{\"@type\":\"WebSite\",\"@id\":\"https:\\\/\\\/nordiccab.lt\\\/#website\",\"url\":\"https:\\\/\\\/nordiccab.lt\\\/\",\"name\":\"NORDICCAB.LT\",\"description\":\"Pasaulio naujienos, technologijos, automobiliai\",\"potentialAction\":[{\"@type\":\"SearchAction\",\"target\":{\"@type\":\"EntryPoint\",\"urlTemplate\":\"https:\\\/\\\/nordiccab.lt\\\/?s={search_term_string}\"},\"query-input\":{\"@type\":\"PropertyValueSpecification\",\"valueRequired\":true,\"valueName\":\"search_term_string\"}}],\"inLanguage\":\"lt-LT\"},{\"@type\":\"Person\",\"@id\":\"https:\\\/\\\/nordiccab.lt\\\/#\\\/schema\\\/person\\\/1e06879215dcf15255113d53ae73289b\",\"name\":\"admin\",\"image\":{\"@type\":\"ImageObject\",\"inLanguage\":\"lt-LT\",\"@id\":\"https:\\\/\\\/secure.gravatar.com\\\/avatar\\\/f37349f777250847d2fca2ada474f5a6aadffa79d5284e8ad354a5c410a691ec?s=96&d=mm&r=g\",\"url\":\"https:\\\/\\\/secure.gravatar.com\\\/avatar\\\/f37349f777250847d2fca2ada474f5a6aadffa79d5284e8ad354a5c410a691ec?s=96&d=mm&r=g\",\"contentUrl\":\"https:\\\/\\\/secure.gravatar.com\\\/avatar\\\/f37349f777250847d2fca2ada474f5a6aadffa79d5284e8ad354a5c410a691ec?s=96&d=mm&r=g\",\"caption\":\"admin\"},\"sameAs\":[\"https:\\\/\\\/nordiccab.lt\"],\"url\":\"https:\\\/\\\/nordiccab.lt\\\/author\\\/admin\\\/\"}]}<\/script>\n<!-- \/ Yoast SEO plugin. -->","yoast_head_json":{"title":"Dauguma Estijos \u017emoni\u0173, nesitiki valstybin\u0117s pensijos - NORDICCAB.LT","robots":{"index":"index","follow":"follow","max-snippet":"max-snippet:-1","max-image-preview":"max-image-preview:large","max-video-preview":"max-video-preview:-1"},"canonical":"https:\/\/nordiccab.lt\/index.php\/2025\/06\/23\/dauguma-estijos-zmoniu-nesitiki-valstybines-pensijos\/","og_locale":"lt_LT","og_type":"article","og_title":"Dauguma Estijos \u017emoni\u0173, nesitiki valstybin\u0117s pensijos - NORDICCAB.LT","og_description":"TELINNAS &#8211; neseniai atlikta SEB apklausa rodo, kad tik tre\u010ddalis Estijos \u017emoni\u0173 mano, kad i\u0161eidami \u012f valstybin\u0119 pensij\u0105, jie gal\u0117s&hellip;","og_url":"https:\/\/nordiccab.lt\/index.php\/2025\/06\/23\/dauguma-estijos-zmoniu-nesitiki-valstybines-pensijos\/","og_site_name":"NORDICCAB.LT","article_published_time":"2025-06-23T19:57:30+00:00","author":"admin","twitter_card":"summary_large_image","twitter_misc":{"Written by":"admin","Est. reading time":"1 minut\u0117"},"schema":{"@context":"https:\/\/schema.org","@graph":[{"@type":"Article","@id":"https:\/\/nordiccab.lt\/index.php\/2025\/06\/23\/dauguma-estijos-zmoniu-nesitiki-valstybines-pensijos\/#article","isPartOf":{"@id":"https:\/\/nordiccab.lt\/index.php\/2025\/06\/23\/dauguma-estijos-zmoniu-nesitiki-valstybines-pensijos\/"},"author":{"name":"admin","@id":"https:\/\/nordiccab.lt\/#\/schema\/person\/1e06879215dcf15255113d53ae73289b"},"headline":"Dauguma Estijos \u017emoni\u0173, nesitiki valstybin\u0117s pensijos","datePublished":"2025-06-23T19:57:30+00:00","mainEntityOfPage":{"@id":"https:\/\/nordiccab.lt\/index.php\/2025\/06\/23\/dauguma-estijos-zmoniu-nesitiki-valstybines-pensijos\/"},"wordCount":222,"commentCount":0,"articleSection":["EUROPOS NAUJIENOS"],"inLanguage":"lt-LT","potentialAction":[{"@type":"CommentAction","name":"Comment","target":["https:\/\/nordiccab.lt\/index.php\/2025\/06\/23\/dauguma-estijos-zmoniu-nesitiki-valstybines-pensijos\/#respond"]}]},{"@type":"WebPage","@id":"https:\/\/nordiccab.lt\/index.php\/2025\/06\/23\/dauguma-estijos-zmoniu-nesitiki-valstybines-pensijos\/","url":"https:\/\/nordiccab.lt\/index.php\/2025\/06\/23\/dauguma-estijos-zmoniu-nesitiki-valstybines-pensijos\/","name":"Dauguma Estijos \u017emoni\u0173, nesitiki valstybin\u0117s pensijos - NORDICCAB.LT","isPartOf":{"@id":"https:\/\/nordiccab.lt\/#website"},"datePublished":"2025-06-23T19:57:30+00:00","author":{"@id":"https:\/\/nordiccab.lt\/#\/schema\/person\/1e06879215dcf15255113d53ae73289b"},"breadcrumb":{"@id":"https:\/\/nordiccab.lt\/index.php\/2025\/06\/23\/dauguma-estijos-zmoniu-nesitiki-valstybines-pensijos\/#breadcrumb"},"inLanguage":"lt-LT","potentialAction":[{"@type":"ReadAction","target":["https:\/\/nordiccab.lt\/index.php\/2025\/06\/23\/dauguma-estijos-zmoniu-nesitiki-valstybines-pensijos\/"]}]},{"@type":"BreadcrumbList","@id":"https:\/\/nordiccab.lt\/index.php\/2025\/06\/23\/dauguma-estijos-zmoniu-nesitiki-valstybines-pensijos\/#breadcrumb","itemListElement":[{"@type":"ListItem","position":1,"name":"Home","item":"https:\/\/nordiccab.lt\/"},{"@type":"ListItem","position":2,"name":"Dauguma Estijos \u017emoni\u0173, nesitiki valstybin\u0117s pensijos"}]},{"@type":"WebSite","@id":"https:\/\/nordiccab.lt\/#website","url":"https:\/\/nordiccab.lt\/","name":"NORDICCAB.LT","description":"Pasaulio naujienos, technologijos, automobiliai","potentialAction":[{"@type":"SearchAction","target":{"@type":"EntryPoint","urlTemplate":"https:\/\/nordiccab.lt\/?s={search_term_string}"},"query-input":{"@type":"PropertyValueSpecification","valueRequired":true,"valueName":"search_term_string"}}],"inLanguage":"lt-LT"},{"@type":"Person","@id":"https:\/\/nordiccab.lt\/#\/schema\/person\/1e06879215dcf15255113d53ae73289b","name":"admin","image":{"@type":"ImageObject","inLanguage":"lt-LT","@id":"https:\/\/secure.gravatar.com\/avatar\/f37349f777250847d2fca2ada474f5a6aadffa79d5284e8ad354a5c410a691ec?s=96&d=mm&r=g","url":"https:\/\/secure.gravatar.com\/avatar\/f37349f777250847d2fca2ada474f5a6aadffa79d5284e8ad354a5c410a691ec?s=96&d=mm&r=g","contentUrl":"https:\/\/secure.gravatar.com\/avatar\/f37349f777250847d2fca2ada474f5a6aadffa79d5284e8ad354a5c410a691ec?s=96&d=mm&r=g","caption":"admin"},"sameAs":["https:\/\/nordiccab.lt"],"url":"https:\/\/nordiccab.lt\/author\/admin\/"}]}},"_links":{"self":[{"href":"https:\/\/nordiccab.lt\/index.php\/wp-json\/wp\/v2\/posts\/338","targetHints":{"allow":["GET"]}}],"collection":[{"href":"https:\/\/nordiccab.lt\/index.php\/wp-json\/wp\/v2\/posts"}],"about":[{"href":"https:\/\/nordiccab.lt\/index.php\/wp-json\/wp\/v2\/types\/post"}],"author":[{"embeddable":true,"href":"https:\/\/nordiccab.lt\/index.php\/wp-json\/wp\/v2\/users\/1"}],"replies":[{"embeddable":true,"href":"https:\/\/nordiccab.lt\/index.php\/wp-json\/wp\/v2\/comments?post=338"}],"version-history":[{"count":0,"href":"https:\/\/nordiccab.lt\/index.php\/wp-json\/wp\/v2\/posts\/338\/revisions"}],"wp:attachment":[{"href":"https:\/\/nordiccab.lt\/index.php\/wp-json\/wp\/v2\/media?parent=338"}],"wp:term":[{"taxonomy":"category","embeddable":true,"href":"https:\/\/nordiccab.lt\/index.php\/wp-json\/wp\/v2\/categories?post=338"},{"taxonomy":"post_tag","embeddable":true,"href":"https:\/\/nordiccab.lt\/index.php\/wp-json\/wp\/v2\/tags?post=338"}],"curies":[{"name":"wp","href":"https:\/\/api.w.org\/{rel}","templated":true}]}}