{"id":278,"date":"2025-06-15T20:58:12","date_gmt":"2025-06-15T20:58:12","guid":{"rendered":"https:\/\/nordiccab.lt\/index.php\/2025\/06\/15\/mclaren-vairuotojai-susiduria-kanadoje-kai-georgeas-russellas-iveikia-verstappen-kad-laimetu-f1-lenktynes\/"},"modified":"2025-06-15T20:58:12","modified_gmt":"2025-06-15T20:58:12","slug":"mclaren-vairuotojai-susiduria-kanadoje-kai-georgeas-russellas-iveikia-verstappen-kad-laimetu-f1-lenktynes","status":"publish","type":"post","link":"https:\/\/nordiccab.lt\/index.php\/2025\/06\/15\/mclaren-vairuotojai-susiduria-kanadoje-kai-georgeas-russellas-iveikia-verstappen-kad-laimetu-f1-lenktynes\/","title":{"rendered":"\u201eMcLaren\u201c vairuotojai susiduria Kanadoje, kai George&#8217;as Russellas \u012fveikia \u201eVerstappen\u201c, kad laim\u0117t\u0173 F1 lenktynes"},"content":{"rendered":"<p> <br \/>\n<\/p>\n<div>\n<p id=\"anchor-f6b2af\" class=\"body-graf\">MONTREALAS-George&#8217;as Russellas laim\u0117jo \u201eCanadian Grand Prix\u201c pergal\u0119 nuo \u0161viesos iki v\u0117liavos per kar\u0161t\u0105 sekmadien\u012f \u0161iame mieste, suteikdamas \u201eMercedes\u201c pirm\u0105j\u0105 pergal\u0119 \u201e2025 Formul\u0117s 1\u201c sezone.<\/p>\n<p id=\"anchor-5c1370\" class=\"body-graf\">Jis \u012fveik\u0117 var\u017eov\u0105 Max\u0105 Verstappen\u0105 i\u0161 \u201eRed Bull\u201c, kuris fini\u0161avo antras, ir 18-metis naujokas Kimi Antonelli i\u0161 \u201eMercedes\u201c, kuris fini\u0161avo tre\u010dias ir u\u017efiksavo savo pirm\u0105j\u012f podium\u0105 1 formul\u0117je.<\/p>\n<p id=\"anchor-7038ef\" class=\"body-graf\">Ta\u010diau var\u017eybos pasi\u017eym\u0117jo dramati\u0161kais incidentais paskutiniuose etapuose, kurie pakeit\u0117 pasaulio \u010dempionato kovos trajektorij\u0105. \u201eMcLaren\u201c komandos draugai Oskaras Piastri ir Lando Norrisas \u012fsitrauk\u0117 \u012f nuo\u017emi\u0105 kov\u0105, kulminacij\u0105, kai Norrisas i\u0161siver\u017e\u0117 po nes\u0117kmingo bandymo, kad startas b\u016bt\u0173 tiesus. <\/p>\n<p id=\"anchor-01a2ca\" class=\"body-graf\">I\u0161 prad\u017ei\u0173 Norrisas aplenk\u0117 \u201ePiSys\u201c ant plauk\u0173 segtuko, ta\u010diau \u201ePiastrirri\u201c atgavo pozicij\u0105 ilgoje tiesoje ir \u012f galutin\u012f chican\u0105. Kova nebuvo baigta, nes Norrisas geriau i\u0161\u0117jo ir nu\u0117jo \u012f vir\u0161\u0173 &#8211; ta\u010diau jis pritr\u016bko kelio, paslydo ant \u017eol\u0117s ir sudu\u017eo po to, kai smog\u0117 \u012f sien\u0105. Per komandos radij\u0105 jis greitai prisi\u0117m\u0117 vis\u0105 atsakomyb\u0119 u\u017e \u012fvyk\u012f.<\/p>\n<p id=\"anchor-6eb3f5\" class=\"body-graf\">&#8222;Manau, kad niekada netur\u0117jau to nuvykti, kad tai yra mano visi\u0161kas u\u017epakalinis dalykas. A\u0161 maniau, kad jis pradeda truput\u012f dreifuoti \u012f de\u0161in\u0119, tod\u0117l maniau, kad turiu nedidel\u0119 galimyb\u0119 eiti \u012f kair\u0119&#8221;, &#8211; po var\u017eyb\u0173 \u017eurnalistams sak\u0117 Norrisas. \u201eBet tai buvo per daug rizikos, ypa\u010d mano komandos draugui\u201c.<\/p>\n<p id=\"anchor-2d5a7b\" class=\"body-graf\">\u201ePiastri\u201c t\u0119s\u0117 ketvirt\u0105 viet\u0105, prat\u0119sdamas savo persvar\u0105 vir\u0161 Norriso \u010dempionato lenktyn\u0117se nuo 10 ta\u0161k\u0173 iki 22 ta\u0161k\u0173. \u201eVerstappen\u201c vis dar yra tre\u010dias, 43 ta\u0161kai nuo persvaros.<\/p>\n<p id=\"anchor-aaba80\" class=\"body-graf\">Rezultatas Kanadoje sukels klausim\u0173 apie Norris\u0105 ir jo polink\u012f daryti klaidas sankabos akimirkomis. Vis d\u0117lto titulin\u0117s var\u017eybos dar toli gra\u017eu nesibaig\u0117: tai buvo 10 -asis 2025 m. Sezono \u201eGrand Prix\u201c. Yra dar 14 lenktyni\u0173.<\/p>\n<p id=\"anchor-70985e\" class=\"body-graf\">\u201eLiko daug daugiau lenktyni\u0173\u201c, &#8211; sak\u0117 Norrisas, paklaustas apie savo \u010dempion\u0173 viltis. &#8222;A\u0161 nesitikiu, kad tai bus lengva. Nesitikiu, kad j\u012f lengvai pagaus. Bet a\u0161 turiu sunkiai dirbti ir padaryti ma\u017eiau klaid\u0173, nei padariau \u0161\u012f savaitgal\u012f.&#8221;<\/p>\n<figure class=\"styles_inlineImage__FvnTh styles_medium__MEKii\" id=\"anchor-52b259\"><picture class=\"styles_image__i32F7\" data-testid=\"picture\"><source media=\"(min-width: 1000px)\" srcset=\"https:\/\/media-cldnry.s-nbcnews.com\/image\/upload\/t_fit-560w,f_avif,q_auto:eco,dpr_2\/rockcms\/2025-06\/250615-george-russell-max-verstappen-vl-306p-e9834a.jpg 2x, https:\/\/media-cldnry.s-nbcnews.com\/image\/upload\/t_fit-560w,f_auto,q_auto:best\/rockcms\/2025-06\/250615-george-russell-max-verstappen-vl-306p-e9834a.jpg 1x\"\/><source media=\"(min-width: 320px)\" srcset=\"https:\/\/media-cldnry.s-nbcnews.com\/image\/upload\/t_fit-760w,f_avif,q_auto:eco,dpr_2\/rockcms\/2025-06\/250615-george-russell-max-verstappen-vl-306p-e9834a.jpg 2x, https:\/\/media-cldnry.s-nbcnews.com\/image\/upload\/t_fit-760w,f_auto,q_auto:best\/rockcms\/2025-06\/250615-george-russell-max-verstappen-vl-306p-e9834a.jpg 1x\"\/><\/picture><figcaption class=\"caption styles_caption__TCewG\" data-testid=\"caption\"><span class=\"caption__container\" data-testid=\"caption__container\">George&#8217;as Russellas i\u0161 Did\u017eiosios Britanijos sekmadien\u012f Monrealyje, Kvebeke, Kanadoje, Monrealyje, Kvebeke, Kvebeke, Kvebeke, Kvebeke, Kvebeke, Kvebeke, Kvebeke, Kvebeke, Kvebeke.<\/span><span class=\"caption__source\" data-testid=\"caption__source\">\u201eClive Rose\u201c \/ \u201eGetty Images\u201c<\/span><\/figcaption><\/figure>\n<p id=\"anchor-ba97af\" class=\"body-graf\">Tarp Russello ir Verstappeno, kurie atitinkamai kvalifikavosi atitinkamai pirm\u0105 ir antr\u0105, yra blogas kraujas labai laukiamam startui. <\/p>\n<p id=\"anchor-6c38df\" class=\"body-graf\">Russellas gavo geresn\u012f \u0161uol\u012f ir i\u0161ved\u0117, ta\u010diau \u201eVerstappen\u201c liko arti ir siek\u0117 u\u017epulti stulpel\u012f per pirmuosius kelis ratus. Ta\u010diau jis negal\u0117jo praeiti per pirm\u0105j\u012f pasirodym\u0105, o ginantis keturiskart pasaulio \u010dempionas baig\u0117si atsikratyti Antonelli. Verstappenas band\u0117 dar kart\u0105 pulti paskutiniame lenktyni\u0173 ruo\u017ee, ta\u010diau Russellas padidino savo temp\u0105 ir i\u0161laik\u0117 savo konkurent\u0105.<\/p>\n<p id=\"anchor-eef14a\" class=\"body-graf\">\u201eNuostabu gr\u012f\u017eti \u012f auk\u0161\u010diausi\u0105 \u017eingsn\u012f. Akivaizdu, kad paskutinis kartas mums gr\u012f\u017eo \u012f Vegas\u0105\u201c,-sak\u0117 Russellas interviu po lenktyni\u0173. \u201eNuostabi diena komandai\u201c.<\/p>\n<p id=\"anchor-86ab6e\" class=\"body-graf\">\u201e1-3\u201c fini\u0161as \u201eMercedes\u201c sugr\u0105\u017eina antr\u0105 viet\u0105 konstruktori\u0173 \u010dempionate, po to, kai jie pralaim\u0117jo \u201eFerrari\u201c ankstesn\u0117se lenktyn\u0117se.<\/p>\n<p id=\"anchor-ade027\" class=\"body-graf\">Tai buvo pirmas kartas, kai abu \u201eMcLaren\u201c vairuotojai nesugeb\u0117jo padaryti podiumo. \u201ePiastrids\u201c prad\u0117jo tre\u010dioje vietoje, ta\u010diau pateko \u012f greitesnio Norriso gniau\u017etus u\u017edaromame lenktyni\u0173 ruo\u017ee. Norrisas prastai kvalifikavosi septintoje vietoje, ta\u010diau lo\u0161\u0117 \u012f kitoki\u0105 padang\u0173 strategij\u0105, kuri pad\u0117jo jam \u012fgyti pozicij\u0173.<\/p>\n<p id=\"anchor-1fa451\" class=\"body-graf\">Charlesas Leclercas i\u0161 \u201eFerrari\u201c fini\u0161avo penktas, o komandos draugas Lewisas Hamiltonas fini\u0161avo nuviliantis \u0161e\u0161tas, kovodamas su automobili\u0173 \u017eala per visas lenktynes.<\/p>\n<p id=\"anchor-31361a\" class=\"body-graf\">\u201eA\u0161 niekur \u0161iose lenktyn\u0117se, drauge. Ne\u017einau, kas nutiko\u201c, &#8211; sak\u0117 jis per komandos radij\u0105 pusiaukel\u0117je lenktyni\u0173 ta\u0161ke.<\/p>\n<p id=\"anchor-363288\" class=\"body-graf\">\u201eAston Martin\u201c atstovas Fernando Alonso pristat\u0117 tai, kas grei\u010diausiai yra i\u0161skirtinis dienos radijo momentas. Kai jo lenktyni\u0173 in\u017einierius papra\u0161\u0117 jo per radij\u0105, kad palengvint\u0173 \u012fva\u017eiuojant \u012f tam tikrus kampus, kad i\u0161saugot\u0173 jo padangas, du kartus pasaulio \u010dempionas u\u017esuko atgal.<\/p>\n<p id=\"anchor-b1a2ff\" class=\"body-graf\">&#8222;Mes lenktyniaujame. Ne bandome&#8221;, &#8211; atsak\u0117 jis.<\/p>\n<p id=\"anchor-83a30d\" class=\"body-graf\">Verstappenas, kuris buvo po galimo draudimo vienos ras\u0117s debesyje, jei jis patyr\u0117 baudos ta\u0161kus Monrealyje, u\u017eklupo klausimus apie tai. Verstappenas tvirtino, kad jis nekoreguos savo vairavimo stiliaus, ir parod\u0117 savo dirginim\u0105 \u0161e\u0161tadien\u012f, kai savaitgal\u012f paklaus\u0117 apie perspektyv\u0105.<\/p>\n<p id=\"anchor-6b699e\" class=\"body-graf\">\u201eMan to nebereikia dar kart\u0105 gird\u0117ti. Tai tikrai mane erzina\u201c, &#8211; po kvalifikacijos sak\u0117 Verstappenas. &#8222;Tai yra toks laiko \u0161vaistymas. Tai labai vaiki\u0161ka. Taigi, tod\u0117l a\u0161 taip pat nenoriu per daug pasakyti, nes tai tikrai erzina, \u0161is pasaulis, kuriame gyvename.&#8221;<\/p>\n<p id=\"anchor-d62a1d\" class=\"body-graf\">Russello stulp\u0173 pozicija buvo pirmoji i\u0161 2025 m. \u201eMercedes\u201c sezono. Jis yra tik ketvirtasis vairuotojas, kuris reikalauja stulpo pozicijos &#8211; kai Norrisas, Pi i\u0161spirtukas ir Verstappenas u\u017eima ankstesnius devynis.<\/p>\n<p id=\"anchor-a5079a\" class=\"body-graf\">Var\u017eybos \u012fvyko prie\u0161 naujojo filmo \u201eF1\u201c premjer\u0105, kuriame vaidina Bradas Pittas, kuris buvo labai reklamuojamas per lenktyni\u0173 savaitgal\u012f. Filmas i\u0161leid\u017eiamas bir\u017eelio 27 d. JAV ir Kanadoje, o tarptautiniu mastu &#8211; bir\u017eelio 25 d.<\/p>\n<p id=\"anchor-55df55\" class=\"endmark body-graf\">\u201eA\u0161 tikrai manau, kad tai padarys gera\u201c, &#8211; \u201eNBC News\u201c \u201eThe Paddock\u201c pasakojo buv\u0119s amerikie\u010di\u0173 \u201eHaas F1\u201c komandos bosas Guentheris Steineris. &#8222;Tokia produkcija &#8211; ir dalyvaujantys \u017emon\u0117s yra geriausi i\u0161 geriausi\u0173. Taigi kaip tai negali pad\u0117ti F1 pasaulyje? Ne tik valstijose, visame pasaulyje.&#8221;<\/p>\n<\/div>\n<p><br \/>\n<br \/><a href=\"https:\/\/www.nbcnews.com\/sports\/formula-1\/f1-montreal-george-russell-winner-rcna213135\" target=\"_blank\" rel=\"noopener\">Source link <\/a><\/p>\n","protected":false},"excerpt":{"rendered":"<p>MONTREALAS-George&#8217;as Russellas laim\u0117jo \u201eCanadian Grand Prix\u201c pergal\u0119 nuo \u0161viesos iki v\u0117liavos per kar\u0161t\u0105 sekmadien\u012f \u0161iame mieste, suteikdamas \u201eMercedes\u201c pirm\u0105j\u0105 pergal\u0119&hellip;<\/p>\n","protected":false},"author":1,"featured_media":279,"comment_status":"open","ping_status":"open","sticky":false,"template":"","format":"standard","meta":{"footnotes":""},"categories":[4],"tags":[],"class_list":["post-278","post","type-post","status-publish","format-standard","has-post-thumbnail","hentry","category-pasaulio-naujienos"],"yoast_head":"<!-- This site is optimized with the Yoast SEO plugin v27.5 - https:\/\/yoast.com\/product\/yoast-seo-wordpress\/ -->\n<title>\u201eMcLaren\u201c vairuotojai susiduria Kanadoje, kai George&#039;as Russellas \u012fveikia \u201eVerstappen\u201c, kad laim\u0117t\u0173 F1 lenktynes - NORDICCAB.LT<\/title>\n<meta name=\"robots\" content=\"index, follow, max-snippet:-1, max-image-preview:large, max-video-preview:-1\" \/>\n<link rel=\"canonical\" href=\"https:\/\/nordiccab.lt\/index.php\/2025\/06\/15\/mclaren-vairuotojai-susiduria-kanadoje-kai-georgeas-russellas-iveikia-verstappen-kad-laimetu-f1-lenktynes\/\" \/>\n<meta property=\"og:locale\" content=\"lt_LT\" \/>\n<meta property=\"og:type\" content=\"article\" \/>\n<meta property=\"og:title\" content=\"\u201eMcLaren\u201c vairuotojai susiduria Kanadoje, kai George&#039;as Russellas \u012fveikia \u201eVerstappen\u201c, kad laim\u0117t\u0173 F1 lenktynes - NORDICCAB.LT\" \/>\n<meta property=\"og:description\" content=\"MONTREALAS-George&#8217;as Russellas laim\u0117jo \u201eCanadian Grand Prix\u201c pergal\u0119 nuo \u0161viesos iki v\u0117liavos per kar\u0161t\u0105 sekmadien\u012f \u0161iame mieste, suteikdamas \u201eMercedes\u201c pirm\u0105j\u0105 pergal\u0119&hellip;\" \/>\n<meta property=\"og:url\" content=\"https:\/\/nordiccab.lt\/index.php\/2025\/06\/15\/mclaren-vairuotojai-susiduria-kanadoje-kai-georgeas-russellas-iveikia-verstappen-kad-laimetu-f1-lenktynes\/\" \/>\n<meta property=\"og:site_name\" content=\"NORDICCAB.LT\" \/>\n<meta property=\"article:published_time\" content=\"2025-06-15T20:58:12+00:00\" \/>\n<meta property=\"og:image\" content=\"https:\/\/media-cldnry.s-nbcnews.com\/image\/upload\/t_fit-760w,f_auto,q_auto:best\/rockcms\/2025-06\/250615-george-russell-max-verstappen-vl-306p-e9834a.jpg\" \/>\n<meta name=\"author\" content=\"admin\" \/>\n<meta name=\"twitter:card\" content=\"summary_large_image\" \/>\n<meta name=\"twitter:label1\" content=\"Written by\" \/>\n\t<meta name=\"twitter:data1\" content=\"admin\" \/>\n\t<meta name=\"twitter:label2\" content=\"Est. reading time\" \/>\n\t<meta name=\"twitter:data2\" content=\"4 minut\u0117s\" \/>\n<script type=\"application\/ld+json\" class=\"yoast-schema-graph\">{\"@context\":\"https:\\\/\\\/schema.org\",\"@graph\":[{\"@type\":\"Article\",\"@id\":\"https:\\\/\\\/nordiccab.lt\\\/index.php\\\/2025\\\/06\\\/15\\\/mclaren-vairuotojai-susiduria-kanadoje-kai-georgeas-russellas-iveikia-verstappen-kad-laimetu-f1-lenktynes\\\/#article\",\"isPartOf\":{\"@id\":\"https:\\\/\\\/nordiccab.lt\\\/index.php\\\/2025\\\/06\\\/15\\\/mclaren-vairuotojai-susiduria-kanadoje-kai-georgeas-russellas-iveikia-verstappen-kad-laimetu-f1-lenktynes\\\/\"},\"author\":{\"name\":\"admin\",\"@id\":\"https:\\\/\\\/nordiccab.lt\\\/#\\\/schema\\\/person\\\/1e06879215dcf15255113d53ae73289b\"},\"headline\":\"\u201eMcLaren\u201c vairuotojai susiduria Kanadoje, kai George&#8217;as Russellas \u012fveikia \u201eVerstappen\u201c, kad laim\u0117t\u0173 F1 lenktynes\",\"datePublished\":\"2025-06-15T20:58:12+00:00\",\"mainEntityOfPage\":{\"@id\":\"https:\\\/\\\/nordiccab.lt\\\/index.php\\\/2025\\\/06\\\/15\\\/mclaren-vairuotojai-susiduria-kanadoje-kai-georgeas-russellas-iveikia-verstappen-kad-laimetu-f1-lenktynes\\\/\"},\"wordCount\":823,\"commentCount\":0,\"image\":{\"@id\":\"https:\\\/\\\/nordiccab.lt\\\/index.php\\\/2025\\\/06\\\/15\\\/mclaren-vairuotojai-susiduria-kanadoje-kai-georgeas-russellas-iveikia-verstappen-kad-laimetu-f1-lenktynes\\\/#primaryimage\"},\"thumbnailUrl\":\"https:\\\/\\\/nordiccab.lt\\\/wp-content\\\/uploads\\\/2025\\\/06\\\/\u201eMcLaren-vairuotojai-susiduria-Kanadoje-kai-Georgeas-Russellas-iveikia-\u201eVerstappen-kad.jpg\",\"articleSection\":[\"PASAULIO NAUJIENOS\"],\"inLanguage\":\"lt-LT\",\"potentialAction\":[{\"@type\":\"CommentAction\",\"name\":\"Comment\",\"target\":[\"https:\\\/\\\/nordiccab.lt\\\/index.php\\\/2025\\\/06\\\/15\\\/mclaren-vairuotojai-susiduria-kanadoje-kai-georgeas-russellas-iveikia-verstappen-kad-laimetu-f1-lenktynes\\\/#respond\"]}]},{\"@type\":\"WebPage\",\"@id\":\"https:\\\/\\\/nordiccab.lt\\\/index.php\\\/2025\\\/06\\\/15\\\/mclaren-vairuotojai-susiduria-kanadoje-kai-georgeas-russellas-iveikia-verstappen-kad-laimetu-f1-lenktynes\\\/\",\"url\":\"https:\\\/\\\/nordiccab.lt\\\/index.php\\\/2025\\\/06\\\/15\\\/mclaren-vairuotojai-susiduria-kanadoje-kai-georgeas-russellas-iveikia-verstappen-kad-laimetu-f1-lenktynes\\\/\",\"name\":\"\u201eMcLaren\u201c vairuotojai susiduria Kanadoje, kai George'as Russellas \u012fveikia \u201eVerstappen\u201c, kad laim\u0117t\u0173 F1 lenktynes - NORDICCAB.LT\",\"isPartOf\":{\"@id\":\"https:\\\/\\\/nordiccab.lt\\\/#website\"},\"primaryImageOfPage\":{\"@id\":\"https:\\\/\\\/nordiccab.lt\\\/index.php\\\/2025\\\/06\\\/15\\\/mclaren-vairuotojai-susiduria-kanadoje-kai-georgeas-russellas-iveikia-verstappen-kad-laimetu-f1-lenktynes\\\/#primaryimage\"},\"image\":{\"@id\":\"https:\\\/\\\/nordiccab.lt\\\/index.php\\\/2025\\\/06\\\/15\\\/mclaren-vairuotojai-susiduria-kanadoje-kai-georgeas-russellas-iveikia-verstappen-kad-laimetu-f1-lenktynes\\\/#primaryimage\"},\"thumbnailUrl\":\"https:\\\/\\\/nordiccab.lt\\\/wp-content\\\/uploads\\\/2025\\\/06\\\/\u201eMcLaren-vairuotojai-susiduria-Kanadoje-kai-Georgeas-Russellas-iveikia-\u201eVerstappen-kad.jpg\",\"datePublished\":\"2025-06-15T20:58:12+00:00\",\"author\":{\"@id\":\"https:\\\/\\\/nordiccab.lt\\\/#\\\/schema\\\/person\\\/1e06879215dcf15255113d53ae73289b\"},\"breadcrumb\":{\"@id\":\"https:\\\/\\\/nordiccab.lt\\\/index.php\\\/2025\\\/06\\\/15\\\/mclaren-vairuotojai-susiduria-kanadoje-kai-georgeas-russellas-iveikia-verstappen-kad-laimetu-f1-lenktynes\\\/#breadcrumb\"},\"inLanguage\":\"lt-LT\",\"potentialAction\":[{\"@type\":\"ReadAction\",\"target\":[\"https:\\\/\\\/nordiccab.lt\\\/index.php\\\/2025\\\/06\\\/15\\\/mclaren-vairuotojai-susiduria-kanadoje-kai-georgeas-russellas-iveikia-verstappen-kad-laimetu-f1-lenktynes\\\/\"]}]},{\"@type\":\"ImageObject\",\"inLanguage\":\"lt-LT\",\"@id\":\"https:\\\/\\\/nordiccab.lt\\\/index.php\\\/2025\\\/06\\\/15\\\/mclaren-vairuotojai-susiduria-kanadoje-kai-georgeas-russellas-iveikia-verstappen-kad-laimetu-f1-lenktynes\\\/#primaryimage\",\"url\":\"https:\\\/\\\/nordiccab.lt\\\/wp-content\\\/uploads\\\/2025\\\/06\\\/\u201eMcLaren-vairuotojai-susiduria-Kanadoje-kai-Georgeas-Russellas-iveikia-\u201eVerstappen-kad.jpg\",\"contentUrl\":\"https:\\\/\\\/nordiccab.lt\\\/wp-content\\\/uploads\\\/2025\\\/06\\\/\u201eMcLaren-vairuotojai-susiduria-Kanadoje-kai-Georgeas-Russellas-iveikia-\u201eVerstappen-kad.jpg\",\"width\":1200,\"height\":630},{\"@type\":\"BreadcrumbList\",\"@id\":\"https:\\\/\\\/nordiccab.lt\\\/index.php\\\/2025\\\/06\\\/15\\\/mclaren-vairuotojai-susiduria-kanadoje-kai-georgeas-russellas-iveikia-verstappen-kad-laimetu-f1-lenktynes\\\/#breadcrumb\",\"itemListElement\":[{\"@type\":\"ListItem\",\"position\":1,\"name\":\"Home\",\"item\":\"https:\\\/\\\/nordiccab.lt\\\/\"},{\"@type\":\"ListItem\",\"position\":2,\"name\":\"\u201eMcLaren\u201c vairuotojai susiduria Kanadoje, kai George&#8217;as Russellas \u012fveikia \u201eVerstappen\u201c, kad laim\u0117t\u0173 F1 lenktynes\"}]},{\"@type\":\"WebSite\",\"@id\":\"https:\\\/\\\/nordiccab.lt\\\/#website\",\"url\":\"https:\\\/\\\/nordiccab.lt\\\/\",\"name\":\"NORDICCAB.LT\",\"description\":\"Pasaulio naujienos, technologijos, automobiliai\",\"potentialAction\":[{\"@type\":\"SearchAction\",\"target\":{\"@type\":\"EntryPoint\",\"urlTemplate\":\"https:\\\/\\\/nordiccab.lt\\\/?s={search_term_string}\"},\"query-input\":{\"@type\":\"PropertyValueSpecification\",\"valueRequired\":true,\"valueName\":\"search_term_string\"}}],\"inLanguage\":\"lt-LT\"},{\"@type\":\"Person\",\"@id\":\"https:\\\/\\\/nordiccab.lt\\\/#\\\/schema\\\/person\\\/1e06879215dcf15255113d53ae73289b\",\"name\":\"admin\",\"image\":{\"@type\":\"ImageObject\",\"inLanguage\":\"lt-LT\",\"@id\":\"https:\\\/\\\/secure.gravatar.com\\\/avatar\\\/f37349f777250847d2fca2ada474f5a6aadffa79d5284e8ad354a5c410a691ec?s=96&d=mm&r=g\",\"url\":\"https:\\\/\\\/secure.gravatar.com\\\/avatar\\\/f37349f777250847d2fca2ada474f5a6aadffa79d5284e8ad354a5c410a691ec?s=96&d=mm&r=g\",\"contentUrl\":\"https:\\\/\\\/secure.gravatar.com\\\/avatar\\\/f37349f777250847d2fca2ada474f5a6aadffa79d5284e8ad354a5c410a691ec?s=96&d=mm&r=g\",\"caption\":\"admin\"},\"sameAs\":[\"https:\\\/\\\/nordiccab.lt\"],\"url\":\"https:\\\/\\\/nordiccab.lt\\\/author\\\/admin\\\/\"}]}<\/script>\n<!-- \/ Yoast SEO plugin. -->","yoast_head_json":{"title":"\u201eMcLaren\u201c vairuotojai susiduria Kanadoje, kai George'as Russellas \u012fveikia \u201eVerstappen\u201c, kad laim\u0117t\u0173 F1 lenktynes - NORDICCAB.LT","robots":{"index":"index","follow":"follow","max-snippet":"max-snippet:-1","max-image-preview":"max-image-preview:large","max-video-preview":"max-video-preview:-1"},"canonical":"https:\/\/nordiccab.lt\/index.php\/2025\/06\/15\/mclaren-vairuotojai-susiduria-kanadoje-kai-georgeas-russellas-iveikia-verstappen-kad-laimetu-f1-lenktynes\/","og_locale":"lt_LT","og_type":"article","og_title":"\u201eMcLaren\u201c vairuotojai susiduria Kanadoje, kai George'as Russellas \u012fveikia \u201eVerstappen\u201c, kad laim\u0117t\u0173 F1 lenktynes - NORDICCAB.LT","og_description":"MONTREALAS-George&#8217;as Russellas laim\u0117jo \u201eCanadian Grand Prix\u201c pergal\u0119 nuo \u0161viesos iki v\u0117liavos per kar\u0161t\u0105 sekmadien\u012f \u0161iame mieste, suteikdamas \u201eMercedes\u201c pirm\u0105j\u0105 pergal\u0119&hellip;","og_url":"https:\/\/nordiccab.lt\/index.php\/2025\/06\/15\/mclaren-vairuotojai-susiduria-kanadoje-kai-georgeas-russellas-iveikia-verstappen-kad-laimetu-f1-lenktynes\/","og_site_name":"NORDICCAB.LT","article_published_time":"2025-06-15T20:58:12+00:00","og_image":[{"url":"https:\/\/media-cldnry.s-nbcnews.com\/image\/upload\/t_fit-760w,f_auto,q_auto:best\/rockcms\/2025-06\/250615-george-russell-max-verstappen-vl-306p-e9834a.jpg","type":"","width":"","height":""}],"author":"admin","twitter_card":"summary_large_image","twitter_misc":{"Written by":"admin","Est. reading time":"4 minut\u0117s"},"schema":{"@context":"https:\/\/schema.org","@graph":[{"@type":"Article","@id":"https:\/\/nordiccab.lt\/index.php\/2025\/06\/15\/mclaren-vairuotojai-susiduria-kanadoje-kai-georgeas-russellas-iveikia-verstappen-kad-laimetu-f1-lenktynes\/#article","isPartOf":{"@id":"https:\/\/nordiccab.lt\/index.php\/2025\/06\/15\/mclaren-vairuotojai-susiduria-kanadoje-kai-georgeas-russellas-iveikia-verstappen-kad-laimetu-f1-lenktynes\/"},"author":{"name":"admin","@id":"https:\/\/nordiccab.lt\/#\/schema\/person\/1e06879215dcf15255113d53ae73289b"},"headline":"\u201eMcLaren\u201c vairuotojai susiduria Kanadoje, kai George&#8217;as Russellas \u012fveikia \u201eVerstappen\u201c, kad laim\u0117t\u0173 F1 lenktynes","datePublished":"2025-06-15T20:58:12+00:00","mainEntityOfPage":{"@id":"https:\/\/nordiccab.lt\/index.php\/2025\/06\/15\/mclaren-vairuotojai-susiduria-kanadoje-kai-georgeas-russellas-iveikia-verstappen-kad-laimetu-f1-lenktynes\/"},"wordCount":823,"commentCount":0,"image":{"@id":"https:\/\/nordiccab.lt\/index.php\/2025\/06\/15\/mclaren-vairuotojai-susiduria-kanadoje-kai-georgeas-russellas-iveikia-verstappen-kad-laimetu-f1-lenktynes\/#primaryimage"},"thumbnailUrl":"https:\/\/nordiccab.lt\/wp-content\/uploads\/2025\/06\/\u201eMcLaren-vairuotojai-susiduria-Kanadoje-kai-Georgeas-Russellas-iveikia-\u201eVerstappen-kad.jpg","articleSection":["PASAULIO NAUJIENOS"],"inLanguage":"lt-LT","potentialAction":[{"@type":"CommentAction","name":"Comment","target":["https:\/\/nordiccab.lt\/index.php\/2025\/06\/15\/mclaren-vairuotojai-susiduria-kanadoje-kai-georgeas-russellas-iveikia-verstappen-kad-laimetu-f1-lenktynes\/#respond"]}]},{"@type":"WebPage","@id":"https:\/\/nordiccab.lt\/index.php\/2025\/06\/15\/mclaren-vairuotojai-susiduria-kanadoje-kai-georgeas-russellas-iveikia-verstappen-kad-laimetu-f1-lenktynes\/","url":"https:\/\/nordiccab.lt\/index.php\/2025\/06\/15\/mclaren-vairuotojai-susiduria-kanadoje-kai-georgeas-russellas-iveikia-verstappen-kad-laimetu-f1-lenktynes\/","name":"\u201eMcLaren\u201c vairuotojai susiduria Kanadoje, kai George'as Russellas \u012fveikia \u201eVerstappen\u201c, kad laim\u0117t\u0173 F1 lenktynes - NORDICCAB.LT","isPartOf":{"@id":"https:\/\/nordiccab.lt\/#website"},"primaryImageOfPage":{"@id":"https:\/\/nordiccab.lt\/index.php\/2025\/06\/15\/mclaren-vairuotojai-susiduria-kanadoje-kai-georgeas-russellas-iveikia-verstappen-kad-laimetu-f1-lenktynes\/#primaryimage"},"image":{"@id":"https:\/\/nordiccab.lt\/index.php\/2025\/06\/15\/mclaren-vairuotojai-susiduria-kanadoje-kai-georgeas-russellas-iveikia-verstappen-kad-laimetu-f1-lenktynes\/#primaryimage"},"thumbnailUrl":"https:\/\/nordiccab.lt\/wp-content\/uploads\/2025\/06\/\u201eMcLaren-vairuotojai-susiduria-Kanadoje-kai-Georgeas-Russellas-iveikia-\u201eVerstappen-kad.jpg","datePublished":"2025-06-15T20:58:12+00:00","author":{"@id":"https:\/\/nordiccab.lt\/#\/schema\/person\/1e06879215dcf15255113d53ae73289b"},"breadcrumb":{"@id":"https:\/\/nordiccab.lt\/index.php\/2025\/06\/15\/mclaren-vairuotojai-susiduria-kanadoje-kai-georgeas-russellas-iveikia-verstappen-kad-laimetu-f1-lenktynes\/#breadcrumb"},"inLanguage":"lt-LT","potentialAction":[{"@type":"ReadAction","target":["https:\/\/nordiccab.lt\/index.php\/2025\/06\/15\/mclaren-vairuotojai-susiduria-kanadoje-kai-georgeas-russellas-iveikia-verstappen-kad-laimetu-f1-lenktynes\/"]}]},{"@type":"ImageObject","inLanguage":"lt-LT","@id":"https:\/\/nordiccab.lt\/index.php\/2025\/06\/15\/mclaren-vairuotojai-susiduria-kanadoje-kai-georgeas-russellas-iveikia-verstappen-kad-laimetu-f1-lenktynes\/#primaryimage","url":"https:\/\/nordiccab.lt\/wp-content\/uploads\/2025\/06\/\u201eMcLaren-vairuotojai-susiduria-Kanadoje-kai-Georgeas-Russellas-iveikia-\u201eVerstappen-kad.jpg","contentUrl":"https:\/\/nordiccab.lt\/wp-content\/uploads\/2025\/06\/\u201eMcLaren-vairuotojai-susiduria-Kanadoje-kai-Georgeas-Russellas-iveikia-\u201eVerstappen-kad.jpg","width":1200,"height":630},{"@type":"BreadcrumbList","@id":"https:\/\/nordiccab.lt\/index.php\/2025\/06\/15\/mclaren-vairuotojai-susiduria-kanadoje-kai-georgeas-russellas-iveikia-verstappen-kad-laimetu-f1-lenktynes\/#breadcrumb","itemListElement":[{"@type":"ListItem","position":1,"name":"Home","item":"https:\/\/nordiccab.lt\/"},{"@type":"ListItem","position":2,"name":"\u201eMcLaren\u201c vairuotojai susiduria Kanadoje, kai George&#8217;as Russellas \u012fveikia \u201eVerstappen\u201c, kad laim\u0117t\u0173 F1 lenktynes"}]},{"@type":"WebSite","@id":"https:\/\/nordiccab.lt\/#website","url":"https:\/\/nordiccab.lt\/","name":"NORDICCAB.LT","description":"Pasaulio naujienos, technologijos, automobiliai","potentialAction":[{"@type":"SearchAction","target":{"@type":"EntryPoint","urlTemplate":"https:\/\/nordiccab.lt\/?s={search_term_string}"},"query-input":{"@type":"PropertyValueSpecification","valueRequired":true,"valueName":"search_term_string"}}],"inLanguage":"lt-LT"},{"@type":"Person","@id":"https:\/\/nordiccab.lt\/#\/schema\/person\/1e06879215dcf15255113d53ae73289b","name":"admin","image":{"@type":"ImageObject","inLanguage":"lt-LT","@id":"https:\/\/secure.gravatar.com\/avatar\/f37349f777250847d2fca2ada474f5a6aadffa79d5284e8ad354a5c410a691ec?s=96&d=mm&r=g","url":"https:\/\/secure.gravatar.com\/avatar\/f37349f777250847d2fca2ada474f5a6aadffa79d5284e8ad354a5c410a691ec?s=96&d=mm&r=g","contentUrl":"https:\/\/secure.gravatar.com\/avatar\/f37349f777250847d2fca2ada474f5a6aadffa79d5284e8ad354a5c410a691ec?s=96&d=mm&r=g","caption":"admin"},"sameAs":["https:\/\/nordiccab.lt"],"url":"https:\/\/nordiccab.lt\/author\/admin\/"}]}},"_links":{"self":[{"href":"https:\/\/nordiccab.lt\/index.php\/wp-json\/wp\/v2\/posts\/278","targetHints":{"allow":["GET"]}}],"collection":[{"href":"https:\/\/nordiccab.lt\/index.php\/wp-json\/wp\/v2\/posts"}],"about":[{"href":"https:\/\/nordiccab.lt\/index.php\/wp-json\/wp\/v2\/types\/post"}],"author":[{"embeddable":true,"href":"https:\/\/nordiccab.lt\/index.php\/wp-json\/wp\/v2\/users\/1"}],"replies":[{"embeddable":true,"href":"https:\/\/nordiccab.lt\/index.php\/wp-json\/wp\/v2\/comments?post=278"}],"version-history":[{"count":0,"href":"https:\/\/nordiccab.lt\/index.php\/wp-json\/wp\/v2\/posts\/278\/revisions"}],"wp:featuredmedia":[{"embeddable":true,"href":"https:\/\/nordiccab.lt\/index.php\/wp-json\/wp\/v2\/media\/279"}],"wp:attachment":[{"href":"https:\/\/nordiccab.lt\/index.php\/wp-json\/wp\/v2\/media?parent=278"}],"wp:term":[{"taxonomy":"category","embeddable":true,"href":"https:\/\/nordiccab.lt\/index.php\/wp-json\/wp\/v2\/categories?post=278"},{"taxonomy":"post_tag","embeddable":true,"href":"https:\/\/nordiccab.lt\/index.php\/wp-json\/wp\/v2\/tags?post=278"}],"curies":[{"name":"wp","href":"https:\/\/api.w.org\/{rel}","templated":true}]}}