{"id":247,"date":"2025-06-12T18:37:33","date_gmt":"2025-06-12T18:37:33","guid":{"rendered":"https:\/\/nordiccab.lt\/index.php\/2025\/06\/12\/stiprus-raginimas-koordinuotiems-veiksmams-pries-neteiseta-ekonomika-europoje\/"},"modified":"2025-06-12T18:37:33","modified_gmt":"2025-06-12T18:37:33","slug":"stiprus-raginimas-koordinuotiems-veiksmams-pries-neteiseta-ekonomika-europoje","status":"publish","type":"post","link":"https:\/\/nordiccab.lt\/index.php\/2025\/06\/12\/stiprus-raginimas-koordinuotiems-veiksmams-pries-neteiseta-ekonomika-europoje\/","title":{"rendered":"Stiprus raginimas koordinuotiems veiksmams prie\u0161 neteis\u0117t\u0105 ekonomik\u0105 Europoje"},"content":{"rendered":"<p> <br \/>\n<\/p>\n<div id=\"mvp-content-main\">\n<p><strong><em>Europos ekonominiam stabilumui ir visuomen\u0117s saugumui vis labiau kyla gr\u0117sm\u0117 d\u0117l vadinam\u0173j\u0173 \u201esumai\u0161yt\u0173 grasinim\u0173\u201c-kompleks\u0173 organizuoto nusikalstamumo, terorizmo, kibernetini\u0173 atak\u0173 ir neteis\u0117tos prekybos deriniai. Tre\u010diadien\u012f Briuselyje su\u0161auktas auk\u0161to lygio apskritasis stalas i\u0161tyr\u0117, kaip NATO, Europos S\u0105junga ir pramon\u0117 gali bendradarbiauti, kad \u012fvertint\u0173 \u0161ias gr\u0117smes ir koordinuot\u0173 bendr\u0105 atsak\u0105. Kaip hibridin\u0117s ekonomikos pavyzd\u012f, diskusijose taip pat daugiausia d\u0117mesio buvo skiriama KPMG prane\u0161imui apie neteis\u0117t\u0105 tabako prekyb\u0105, atsi\u017evelgiant \u012f platesnes gr\u0117smes.<\/em><\/strong><\/p>\n<figure class=\"wp-block-image size-large\"><\/figure>\n<p>Ataskaitoje nurodoma, kad nelegali\u0173 cigare\u010di\u0173 vartojimo padid\u0117jim\u0105 Europoje pirmiausia l\u0117m\u0117 Pranc\u016bzija ir Nyderlandai. Tyrimas rodo ypa\u010d nerim\u0105 kelian\u010di\u0105 situacij\u0105 Pranc\u016bzijoje, kur 2024 m. Buvo suvartota 18,7 milijardo nelegali\u0173 cigare\u010di\u0173, i\u0161 kuri\u0173 beveik 7,8 milijardo &#8211; padirbin\u0117jimai. Nyderlanduose neteis\u0117tai padid\u0117jo cigare\u010di\u0173 kiekis &#8211; 1,1 milijardo &#8211; daugiau nei dvigubai padid\u0117j\u0119s per metus &#8211; moka 17,9% viso suvartojimo. Jei \u0161ios cigaret\u0117s b\u016bt\u0173 teisi\u0161kai \u012fsigytos, papildomi 9,4 milijardo eur\u0173 b\u016bt\u0173 surinkti mokes\u010diai Pranc\u016bzijoje ir beveik 900 milijon\u0173 eur\u0173 Nyderlanduose.<\/p>\n<div id=\"ez-toc-container\" class=\"ez-toc-v2_0_82_2 counter-hierarchy ez-toc-counter ez-toc-grey ez-toc-container-direction\">\n<div class=\"ez-toc-title-container\">\n<p class=\"ez-toc-title\" style=\"cursor:inherit\">Turinys:<\/p>\n<span class=\"ez-toc-title-toggle\"><a href=\"#\" class=\"ez-toc-pull-right ez-toc-btn ez-toc-btn-xs ez-toc-btn-default ez-toc-toggle\" aria-label=\"Toggle Table of Content\"><span class=\"ez-toc-js-icon-con\"><span class=\"\"><span class=\"eztoc-hide\" style=\"display:none;\">Toggle<\/span><span class=\"ez-toc-icon-toggle-span\"><svg style=\"fill: #999;color:#999\" xmlns=\"http:\/\/www.w3.org\/2000\/svg\" class=\"list-377408\" width=\"20px\" height=\"20px\" viewBox=\"0 0 24 24\" fill=\"none\"><path d=\"M6 6H4v2h2V6zm14 0H8v2h12V6zM4 11h2v2H4v-2zm16 0H8v2h12v-2zM4 16h2v2H4v-2zm16 0H8v2h12v-2z\" fill=\"currentColor\"><\/path><\/svg><svg style=\"fill: #999;color:#999\" class=\"arrow-unsorted-368013\" xmlns=\"http:\/\/www.w3.org\/2000\/svg\" width=\"10px\" height=\"10px\" viewBox=\"0 0 24 24\" version=\"1.2\" baseProfile=\"tiny\"><path d=\"M18.2 9.3l-6.2-6.3-6.2 6.3c-.2.2-.3.4-.3.7s.1.5.3.7c.2.2.4.3.7.3h11c.3 0 .5-.1.7-.3.2-.2.3-.5.3-.7s-.1-.5-.3-.7zM5.8 14.7l6.2 6.3 6.2-6.3c.2-.2.3-.5.3-.7s-.1-.5-.3-.7c-.2-.2-.4-.3-.7-.3h-11c-.3 0-.5.1-.7.3-.2.2-.3.5-.3.7s.1.5.3.7z\"\/><\/svg><\/span><\/span><\/span><\/a><\/span><\/div>\n<nav><ul class='ez-toc-list ez-toc-list-level-1 ' ><li class='ez-toc-page-1 ez-toc-heading-level-2'><a class=\"ez-toc-link ez-toc-heading-1\" href=\"https:\/\/nordiccab.lt\/index.php\/2025\/06\/12\/stiprus-raginimas-koordinuotiems-veiksmams-pries-neteiseta-ekonomika-europoje\/#Suprasti_sumaisytas_gresmes\" >Suprasti sumai\u0161ytas gr\u0117smes<\/a><\/li><li class='ez-toc-page-1 ez-toc-heading-level-2'><a class=\"ez-toc-link ez-toc-heading-2\" href=\"https:\/\/nordiccab.lt\/index.php\/2025\/06\/12\/stiprus-raginimas-koordinuotiems-veiksmams-pries-neteiseta-ekonomika-europoje\/#Neteiseta_prekyba_kaip_atvejo_analize\" >Neteis\u0117ta prekyba kaip atvejo analiz\u0117<\/a><\/li><li class='ez-toc-page-1 ez-toc-heading-level-2'><a class=\"ez-toc-link ez-toc-heading-3\" href=\"https:\/\/nordiccab.lt\/index.php\/2025\/06\/12\/stiprus-raginimas-koordinuotiems-veiksmams-pries-neteiseta-ekonomika-europoje\/#Ukraina_ir_rekonstrukcijos_issukis\" >Ukraina ir rekonstrukcijos i\u0161\u0161\u016bkis<\/a><\/li><li class='ez-toc-page-1 ez-toc-heading-level-2'><a class=\"ez-toc-link ez-toc-heading-4\" href=\"https:\/\/nordiccab.lt\/index.php\/2025\/06\/12\/stiprus-raginimas-koordinuotiems-veiksmams-pries-neteiseta-ekonomika-europoje\/#Kvietimas_koordinuotiems_veiksmams\" >Kvietimas koordinuotiems veiksmams<\/a><\/li><\/ul><\/nav><\/div>\n<h2 class=\"wp-block-heading\"><span class=\"ez-toc-section\" id=\"Suprasti_sumaisytas_gresmes\"><\/span><strong>Suprasti sumai\u0161ytas gr\u0117smes<\/strong><span class=\"ez-toc-section-end\"><\/span><\/h2>\n<p>Sumi\u0161usios gr\u0117sm\u0117s yra hibridinio pob\u016bd\u017eio, kur\u012f skatina tiek valstyb\u0117s, tiek nevalstybiniai veik\u0117jai ir i\u0161naudoja tiek fizin\u012f, tiek skaitmenin\u012f pa\u017eeid\u017eiamum\u0105. \u0160ios gr\u0117sm\u0117s apima elektroninius \u012fsitraukimus, prekybos \u017emon\u0117mis, padirbin\u0117jimo prekes ir pavergimo kampanijas, da\u017enai susijusias su pasauliniais organizuoto nusikalstamumo tinklais.<\/p>\n<p><strong>Alessandro Politi<\/strong>NATO Gynybos koled\u017eo fondo direktorius, diskusij\u0105 atidar\u0117 persp\u0117damas: \u201e\u0160ios gr\u0117sm\u0117s, tiek i\u0161 Kinijos, Meksikos ar m\u016bs\u0173 sien\u0173, neb\u0117ra izoliuotos. Vien 2021 m. Vien 2021 m. Per 100 000 mir\u010di\u0173 buvo priskiriamos nusikalstamos veiklos, susijusios su sumai\u0161ytomis gr\u0117sm\u0117mis per du de\u0161imtme\u010dius.\u201c.<\/p>\n<p>Politi pabr\u0117\u017e\u0117, kad pats vidaus ir i\u0161or\u0117s saugumo Europos strukt\u016bra dabar yra sujungta, reikalaujanti i\u0161samios, daugialyp\u0117s terp\u0117s strategijos.<\/p>\n<h2 class=\"wp-block-heading\"><span class=\"ez-toc-section\" id=\"Neteiseta_prekyba_kaip_atvejo_analize\"><\/span><strong>Neteis\u0117ta prekyba kaip atvejo analiz\u0117<\/strong><span class=\"ez-toc-section-end\"><\/span><\/h2>\n<p>Kolegija i\u0161ry\u0161kino neteis\u0117t\u0105 tabako prekyb\u0105 kaip ry\u0161k\u0173 \u0161e\u0161\u0117lin\u0117s ekonomikos pavyzd\u012f, skatinant\u012f platesnes nusikalstamas operacijas. Remiantis duomenimis i\u0161 KPMG ataskaitos, diskusijoje atkreiptas d\u0117mesys \u012f tai, kaip nelegalios cigare\u010di\u0173 rinkos sugadina ES mokes\u010di\u0173 pajamas ir \u012fgalina organizuot\u0105 nusikalstamum\u0105.<\/p>\n<p><span class=\"mvp-ad-label\">Skelbimas<\/span><\/p>\n<p><!-- Square Ad EuReporter --><\/p>\n<p>Tabako kontrabandininkai ir juodosios rinkos pardav\u0117jai vis da\u017eniau naudojasi tokiomis technologijomis kaip socialin\u0117 \u017einiasklaida ir dronai, nor\u0117dami pristatyti cigaretes r\u016bkaliams Europoje ir i\u0161vengti teis\u0117sauginink\u0173, tre\u010diadien\u012f paskelbtoje ataskaitoje rasta.<\/p>\n<p><strong>Howardas Pughas<\/strong>antilialios prekybos konsultantas ir buv\u0119s \u201eEuropol\u201c vyresnysis specialistas i\u0161st\u016bm\u0117 problem\u0105: \u201eYra trys pagrindiniai suk\u010diavimo tipai:<\/p>\n<p><strong>Neteis\u0117ta gamyba<\/strong>&#8211; kur nusikalstamos grup\u0117s valdo pasl\u0117ptas cigare\u010di\u0173 gamyklas;<br \/><strong>Pig\u016bs baltieji<\/strong>&#8211; Legaliai pagamino cigaretes, gabenamas per sienas, kad i\u0161vengt\u0173 mokes\u010di\u0173;<br \/><strong>Piktnaud\u017eiavimas akcizu<\/strong>\u2014Kriminalai u\u017egrobia teis\u0117tas schemas, kad i\u0161vengt\u0173 mok\u0117jimo pareig\u0173.<\/p>\n<p>&#8222;\u0160ie metodai rei\u0161kia didelio masto baud\u017eiam\u0105j\u0105 ekonomik\u0105, ken\u010dian\u010di\u0105 nuo teisin\u0117s valstyb\u0117s taisykl\u0117s.&#8221;<\/p>\n<figure class=\"wp-block-image size-large\"><img loading=\"lazy\" decoding=\"async\" width=\"1024\" height=\"684\" src=\"https:\/\/www.eureporter.co\/wp-content\/uploads\/2025\/06\/a1-1024x684.jpg\" alt=\"\" class=\"wp-image-186679\" srcset=\"https:\/\/www.eureporter.co\/wp-content\/uploads\/2025\/06\/a1-1024x684.jpg 1024w, https:\/\/www.eureporter.co\/wp-content\/uploads\/2025\/06\/a1-300x200.jpg 300w, https:\/\/www.eureporter.co\/wp-content\/uploads\/2025\/06\/a1-768x513.jpg 768w, https:\/\/www.eureporter.co\/wp-content\/uploads\/2025\/06\/a1-1536x1025.jpg 1536w, https:\/\/www.eureporter.co\/wp-content\/uploads\/2025\/06\/a1.jpg 1600w\" sizes=\"auto, (max-width: 1024px) 100vw, 1024px\"\/><figcaption class=\"wp-element-caption\">Christos Harpantidis ir Howard Pugh<\/figcaption><\/figure>\n<p><strong>Christos Harpantidis<\/strong>\u201ePhilip Morris International\u201c vyresnysis viceprezidentas, prid\u016br\u0117: \u201eNeteis\u0117ta prekyba ne tik kenkia visuomen\u0117s finansams, bet ir silpnina visuomen\u0117s sveikatos iniciatyvas. Tai suma\u017eina teis\u0117t\u0105 versl\u0105, trukdo kurti darbo vietas ir u\u017epl\u016bdo Europos gatves nereguliuojamais produktais, tod\u0117l ateityje be d\u016bm\u0173 yra sunkiau pasiekti.\u201c \u201eNeteis\u0117ta tabako prekyba kelia gr\u0117sm\u0119 Europos ekonomikai, visuomen\u0117s sveikatai, saugumui ir socialiniam stabilumui; \u0161iandien didesn\u0117s mokes\u010di\u0173 ir auk\u0161tesn\u0117s kainos rinkos, tokios kaip Pranc\u016bzija ir Nyderlandai Suma\u017eina pastangas suma\u017einti r\u016bkymo procent\u0105 ir pasiekti ateit\u012f be d\u016bm\u0173. \u201c<\/p>\n<h2 class=\"wp-block-heading\"><span class=\"ez-toc-section\" id=\"Ukraina_ir_rekonstrukcijos_issukis\"><\/span><strong>Ukraina ir rekonstrukcijos i\u0161\u0161\u016bkis<\/strong><span class=\"ez-toc-section-end\"><\/span><\/h2>\n<p>Pokalbio kritinis aspektas buvo prid\u0117j\u0119s <strong>Oksana Shvets<\/strong>Europos integracijos politikos direktoriaus pavaduotojas Amcham Ukraina. Ji pabr\u0117\u017e\u0117 dvigub\u0105 i\u0161\u0161\u016bk\u012f atkurti karo nuniokotus regionus, gindama nuo hibridini\u0173 gr\u0117smi\u0173.<\/p>\n<p>\u201eMes turime 1180 dien\u0173 po \u0161io \u017eiauraus karo. Ukrainos ekonomika turi i\u0161gyventi ne tik bombos, bet ir kibernetin\u0117s atakos, neteis\u0117tos prekybos \u017emon\u0117mis ir korupcijos. Rekonstrukcijos nepakanka-mes turime u\u017esitikrinti tai, k\u0105 atstatome\u201c.<\/p>\n<p>Ji pabr\u0117\u017e\u0117, kad s\u0117kmingas atsigavimas priklauso <strong>vie\u0161ojo ir priva\u010diojo sektori\u0173 partneryst\u0117s<\/strong> ir <strong>Gilus NATO-ES-UKRAINE Bendradarbiavimas<\/strong> Norint u\u017ekirsti keli\u0105 hibridin\u0117ms gr\u0117sm\u0117ms, nesugadinant pasveikimo pastang\u0173.<\/p>\n<figure class=\"wp-block-image size-large\"><img loading=\"lazy\" decoding=\"async\" width=\"1024\" height=\"682\" src=\"https:\/\/www.eureporter.co\/wp-content\/uploads\/2025\/06\/a3-1-1024x682.jpg\" alt=\"\" class=\"wp-image-186702\" srcset=\"https:\/\/www.eureporter.co\/wp-content\/uploads\/2025\/06\/a3-1-1024x682.jpg 1024w, https:\/\/www.eureporter.co\/wp-content\/uploads\/2025\/06\/a3-1-300x200.jpg 300w, https:\/\/www.eureporter.co\/wp-content\/uploads\/2025\/06\/a3-1-768x512.jpg 768w, https:\/\/www.eureporter.co\/wp-content\/uploads\/2025\/06\/a3-1-1536x1023.jpg 1536w, https:\/\/www.eureporter.co\/wp-content\/uploads\/2025\/06\/a3-1.jpg 1600w\" sizes=\"auto, (max-width: 1024px) 100vw, 1024px\"\/><\/figure>\n<h2 class=\"wp-block-heading\"><span class=\"ez-toc-section\" id=\"Kvietimas_koordinuotiems_veiksmams\"><\/span><strong>Kvietimas koordinuotiems veiksmams<\/strong><span class=\"ez-toc-section-end\"><\/span><\/h2>\n<p>Apskritasis stalas padar\u0117 i\u0161vad\u0105, kad sumai\u0161ytos gr\u0117sm\u0117s atskleid\u017eia Europos fizin\u0119 ir skaitmenin\u0119 infrastrukt\u016br\u0105 suart\u0117jan\u010dioms atakoms. Dalyviai sutiko, kad skubiai reikalinga ai\u0161ki, tarpsektorin\u0117 strategija, derinant <strong>Intelekto dalijimasis<\/strong>Ar <strong>bendros operacijos<\/strong>ir <strong>tiksliniai reguliavimo veiksmai<\/strong> per NATO ir ES strukt\u016bras. Europa nebegali sau leisti gydyti \u0161ios rizikos atskirai. Kylant kibernetinei ir kriminalinei taktikai, taip turi ir politiniai atsakymai.<\/p>\n<p>Paveiksl\u0117lis Autori\u0173 teis\u0117s: C) Erwinas Hodisteris<\/p>\n<p style=\"font-family: Oswald; text-transform: uppercase; padding-top: 7px; font-weight: 500;padding-right: 10px; margin-bottom: 5px !important;\">Pasidalykite \u0161iuo straipsniu:<\/p>\n<p><!-- AddThis Advanced Settings above via filter on the_content --><!-- AddThis Advanced Settings below via filter on the_content --><!-- AddThis Advanced Settings generic via filter on the_content --><!-- AddThis Share Buttons above via filter on the_content --><!-- AddThis Share Buttons below via filter on the_content --><!-- AddThis Share Buttons generic via filter on the_content -->\t\t\t\t\t\t\t\t\t\t\t\t\t\t\t\t\t\t\t\t\t\t\t\t\t\t\t<\/div>\n<p><script>\n  !function(f,b,e,v,n,t,s)\n  {if(f.fbq)return;n=f.fbq=function(){n.callMethod?\n  n.callMethod.apply(n,arguments):n.queue.push(arguments)};\n  if(!f._fbq)f._fbq=n;n.push=n;n.loaded=!0;n.version='2.0';\n  n.queue=();t=b.createElement(e);t.async=!0;\n  t.src=v;s=b.getElementsByTagName(e)(0);\n  s.parentNode.insertBefore(t,s)}(window, document,'script',\n  'https:\/\/connect.facebook.net\/en_US\/fbevents.js');\n  fbq('init', '983499669057919');\n  fbq('track', 'PageView');\n<\/script><br \/>\n<br \/><br \/>\n<br \/><a href=\"https:\/\/www.eureporter.co\/defence\/nato\/2025\/06\/12\/blended-threats-2025-nato-eu-and-industry-call-for-coordinated-action-against-illicit-economies-and-hybrid-attacks\/\" target=\"_blank\" rel=\"noopener\">Source link <\/a><\/p>\n","protected":false},"excerpt":{"rendered":"<p>Europos ekonominiam stabilumui ir visuomen\u0117s saugumui vis labiau kyla gr\u0117sm\u0117 d\u0117l vadinam\u0173j\u0173 \u201esumai\u0161yt\u0173 grasinim\u0173\u201c-kompleks\u0173 organizuoto nusikalstamumo, terorizmo, kibernetini\u0173 atak\u0173 ir&hellip;<\/p>\n","protected":false},"author":1,"featured_media":248,"comment_status":"open","ping_status":"open","sticky":false,"template":"","format":"standard","meta":{"footnotes":""},"categories":[5],"tags":[],"class_list":["post-247","post","type-post","status-publish","format-standard","has-post-thumbnail","hentry","category-europos-naujienos"],"yoast_head":"<!-- This site is optimized with the Yoast SEO plugin v27.5 - https:\/\/yoast.com\/product\/yoast-seo-wordpress\/ -->\n<title>Stiprus raginimas koordinuotiems veiksmams prie\u0161 neteis\u0117t\u0105 ekonomik\u0105 Europoje - NORDICCAB.LT<\/title>\n<meta name=\"robots\" content=\"index, follow, max-snippet:-1, max-image-preview:large, max-video-preview:-1\" \/>\n<link rel=\"canonical\" href=\"https:\/\/nordiccab.lt\/index.php\/2025\/06\/12\/stiprus-raginimas-koordinuotiems-veiksmams-pries-neteiseta-ekonomika-europoje\/\" \/>\n<meta property=\"og:locale\" content=\"lt_LT\" \/>\n<meta property=\"og:type\" content=\"article\" \/>\n<meta property=\"og:title\" content=\"Stiprus raginimas koordinuotiems veiksmams prie\u0161 neteis\u0117t\u0105 ekonomik\u0105 Europoje - NORDICCAB.LT\" \/>\n<meta property=\"og:description\" content=\"Europos ekonominiam stabilumui ir visuomen\u0117s saugumui vis labiau kyla gr\u0117sm\u0117 d\u0117l vadinam\u0173j\u0173 \u201esumai\u0161yt\u0173 grasinim\u0173\u201c-kompleks\u0173 organizuoto nusikalstamumo, terorizmo, kibernetini\u0173 atak\u0173 ir&hellip;\" \/>\n<meta property=\"og:url\" content=\"https:\/\/nordiccab.lt\/index.php\/2025\/06\/12\/stiprus-raginimas-koordinuotiems-veiksmams-pries-neteiseta-ekonomika-europoje\/\" \/>\n<meta property=\"og:site_name\" content=\"NORDICCAB.LT\" \/>\n<meta property=\"article:published_time\" content=\"2025-06-12T18:37:33+00:00\" \/>\n<meta name=\"author\" content=\"admin\" \/>\n<meta name=\"twitter:card\" content=\"summary_large_image\" \/>\n<meta name=\"twitter:label1\" content=\"Written by\" \/>\n\t<meta name=\"twitter:data1\" content=\"admin\" \/>\n\t<meta name=\"twitter:label2\" content=\"Est. reading time\" \/>\n\t<meta name=\"twitter:data2\" content=\"4 minut\u0117s\" \/>\n<script type=\"application\/ld+json\" class=\"yoast-schema-graph\">{\"@context\":\"https:\\\/\\\/schema.org\",\"@graph\":[{\"@type\":\"Article\",\"@id\":\"https:\\\/\\\/nordiccab.lt\\\/index.php\\\/2025\\\/06\\\/12\\\/stiprus-raginimas-koordinuotiems-veiksmams-pries-neteiseta-ekonomika-europoje\\\/#article\",\"isPartOf\":{\"@id\":\"https:\\\/\\\/nordiccab.lt\\\/index.php\\\/2025\\\/06\\\/12\\\/stiprus-raginimas-koordinuotiems-veiksmams-pries-neteiseta-ekonomika-europoje\\\/\"},\"author\":{\"name\":\"admin\",\"@id\":\"https:\\\/\\\/nordiccab.lt\\\/#\\\/schema\\\/person\\\/1e06879215dcf15255113d53ae73289b\"},\"headline\":\"Stiprus raginimas koordinuotiems veiksmams prie\u0161 neteis\u0117t\u0105 ekonomik\u0105 Europoje\",\"datePublished\":\"2025-06-12T18:37:33+00:00\",\"mainEntityOfPage\":{\"@id\":\"https:\\\/\\\/nordiccab.lt\\\/index.php\\\/2025\\\/06\\\/12\\\/stiprus-raginimas-koordinuotiems-veiksmams-pries-neteiseta-ekonomika-europoje\\\/\"},\"wordCount\":768,\"commentCount\":0,\"image\":{\"@id\":\"https:\\\/\\\/nordiccab.lt\\\/index.php\\\/2025\\\/06\\\/12\\\/stiprus-raginimas-koordinuotiems-veiksmams-pries-neteiseta-ekonomika-europoje\\\/#primaryimage\"},\"thumbnailUrl\":\"https:\\\/\\\/nordiccab.lt\\\/wp-content\\\/uploads\\\/2025\\\/06\\\/Stiprus-raginimas-koordinuotiems-veiksmams-pries-neteiseta-ekonomika-Europoje.jpg\",\"articleSection\":[\"EUROPOS NAUJIENOS\"],\"inLanguage\":\"lt-LT\",\"potentialAction\":[{\"@type\":\"CommentAction\",\"name\":\"Comment\",\"target\":[\"https:\\\/\\\/nordiccab.lt\\\/index.php\\\/2025\\\/06\\\/12\\\/stiprus-raginimas-koordinuotiems-veiksmams-pries-neteiseta-ekonomika-europoje\\\/#respond\"]}]},{\"@type\":\"WebPage\",\"@id\":\"https:\\\/\\\/nordiccab.lt\\\/index.php\\\/2025\\\/06\\\/12\\\/stiprus-raginimas-koordinuotiems-veiksmams-pries-neteiseta-ekonomika-europoje\\\/\",\"url\":\"https:\\\/\\\/nordiccab.lt\\\/index.php\\\/2025\\\/06\\\/12\\\/stiprus-raginimas-koordinuotiems-veiksmams-pries-neteiseta-ekonomika-europoje\\\/\",\"name\":\"Stiprus raginimas koordinuotiems veiksmams prie\u0161 neteis\u0117t\u0105 ekonomik\u0105 Europoje - NORDICCAB.LT\",\"isPartOf\":{\"@id\":\"https:\\\/\\\/nordiccab.lt\\\/#website\"},\"primaryImageOfPage\":{\"@id\":\"https:\\\/\\\/nordiccab.lt\\\/index.php\\\/2025\\\/06\\\/12\\\/stiprus-raginimas-koordinuotiems-veiksmams-pries-neteiseta-ekonomika-europoje\\\/#primaryimage\"},\"image\":{\"@id\":\"https:\\\/\\\/nordiccab.lt\\\/index.php\\\/2025\\\/06\\\/12\\\/stiprus-raginimas-koordinuotiems-veiksmams-pries-neteiseta-ekonomika-europoje\\\/#primaryimage\"},\"thumbnailUrl\":\"https:\\\/\\\/nordiccab.lt\\\/wp-content\\\/uploads\\\/2025\\\/06\\\/Stiprus-raginimas-koordinuotiems-veiksmams-pries-neteiseta-ekonomika-Europoje.jpg\",\"datePublished\":\"2025-06-12T18:37:33+00:00\",\"author\":{\"@id\":\"https:\\\/\\\/nordiccab.lt\\\/#\\\/schema\\\/person\\\/1e06879215dcf15255113d53ae73289b\"},\"breadcrumb\":{\"@id\":\"https:\\\/\\\/nordiccab.lt\\\/index.php\\\/2025\\\/06\\\/12\\\/stiprus-raginimas-koordinuotiems-veiksmams-pries-neteiseta-ekonomika-europoje\\\/#breadcrumb\"},\"inLanguage\":\"lt-LT\",\"potentialAction\":[{\"@type\":\"ReadAction\",\"target\":[\"https:\\\/\\\/nordiccab.lt\\\/index.php\\\/2025\\\/06\\\/12\\\/stiprus-raginimas-koordinuotiems-veiksmams-pries-neteiseta-ekonomika-europoje\\\/\"]}]},{\"@type\":\"ImageObject\",\"inLanguage\":\"lt-LT\",\"@id\":\"https:\\\/\\\/nordiccab.lt\\\/index.php\\\/2025\\\/06\\\/12\\\/stiprus-raginimas-koordinuotiems-veiksmams-pries-neteiseta-ekonomika-europoje\\\/#primaryimage\",\"url\":\"https:\\\/\\\/nordiccab.lt\\\/wp-content\\\/uploads\\\/2025\\\/06\\\/Stiprus-raginimas-koordinuotiems-veiksmams-pries-neteiseta-ekonomika-Europoje.jpg\",\"contentUrl\":\"https:\\\/\\\/nordiccab.lt\\\/wp-content\\\/uploads\\\/2025\\\/06\\\/Stiprus-raginimas-koordinuotiems-veiksmams-pries-neteiseta-ekonomika-Europoje.jpg\",\"width\":1000,\"height\":600},{\"@type\":\"BreadcrumbList\",\"@id\":\"https:\\\/\\\/nordiccab.lt\\\/index.php\\\/2025\\\/06\\\/12\\\/stiprus-raginimas-koordinuotiems-veiksmams-pries-neteiseta-ekonomika-europoje\\\/#breadcrumb\",\"itemListElement\":[{\"@type\":\"ListItem\",\"position\":1,\"name\":\"Home\",\"item\":\"https:\\\/\\\/nordiccab.lt\\\/\"},{\"@type\":\"ListItem\",\"position\":2,\"name\":\"Stiprus raginimas koordinuotiems veiksmams prie\u0161 neteis\u0117t\u0105 ekonomik\u0105 Europoje\"}]},{\"@type\":\"WebSite\",\"@id\":\"https:\\\/\\\/nordiccab.lt\\\/#website\",\"url\":\"https:\\\/\\\/nordiccab.lt\\\/\",\"name\":\"NORDICCAB.LT\",\"description\":\"Pasaulio naujienos, technologijos, automobiliai\",\"potentialAction\":[{\"@type\":\"SearchAction\",\"target\":{\"@type\":\"EntryPoint\",\"urlTemplate\":\"https:\\\/\\\/nordiccab.lt\\\/?s={search_term_string}\"},\"query-input\":{\"@type\":\"PropertyValueSpecification\",\"valueRequired\":true,\"valueName\":\"search_term_string\"}}],\"inLanguage\":\"lt-LT\"},{\"@type\":\"Person\",\"@id\":\"https:\\\/\\\/nordiccab.lt\\\/#\\\/schema\\\/person\\\/1e06879215dcf15255113d53ae73289b\",\"name\":\"admin\",\"image\":{\"@type\":\"ImageObject\",\"inLanguage\":\"lt-LT\",\"@id\":\"https:\\\/\\\/secure.gravatar.com\\\/avatar\\\/f37349f777250847d2fca2ada474f5a6aadffa79d5284e8ad354a5c410a691ec?s=96&d=mm&r=g\",\"url\":\"https:\\\/\\\/secure.gravatar.com\\\/avatar\\\/f37349f777250847d2fca2ada474f5a6aadffa79d5284e8ad354a5c410a691ec?s=96&d=mm&r=g\",\"contentUrl\":\"https:\\\/\\\/secure.gravatar.com\\\/avatar\\\/f37349f777250847d2fca2ada474f5a6aadffa79d5284e8ad354a5c410a691ec?s=96&d=mm&r=g\",\"caption\":\"admin\"},\"sameAs\":[\"https:\\\/\\\/nordiccab.lt\"],\"url\":\"https:\\\/\\\/nordiccab.lt\\\/author\\\/admin\\\/\"}]}<\/script>\n<!-- \/ Yoast SEO plugin. -->","yoast_head_json":{"title":"Stiprus raginimas koordinuotiems veiksmams prie\u0161 neteis\u0117t\u0105 ekonomik\u0105 Europoje - NORDICCAB.LT","robots":{"index":"index","follow":"follow","max-snippet":"max-snippet:-1","max-image-preview":"max-image-preview:large","max-video-preview":"max-video-preview:-1"},"canonical":"https:\/\/nordiccab.lt\/index.php\/2025\/06\/12\/stiprus-raginimas-koordinuotiems-veiksmams-pries-neteiseta-ekonomika-europoje\/","og_locale":"lt_LT","og_type":"article","og_title":"Stiprus raginimas koordinuotiems veiksmams prie\u0161 neteis\u0117t\u0105 ekonomik\u0105 Europoje - NORDICCAB.LT","og_description":"Europos ekonominiam stabilumui ir visuomen\u0117s saugumui vis labiau kyla gr\u0117sm\u0117 d\u0117l vadinam\u0173j\u0173 \u201esumai\u0161yt\u0173 grasinim\u0173\u201c-kompleks\u0173 organizuoto nusikalstamumo, terorizmo, kibernetini\u0173 atak\u0173 ir&hellip;","og_url":"https:\/\/nordiccab.lt\/index.php\/2025\/06\/12\/stiprus-raginimas-koordinuotiems-veiksmams-pries-neteiseta-ekonomika-europoje\/","og_site_name":"NORDICCAB.LT","article_published_time":"2025-06-12T18:37:33+00:00","author":"admin","twitter_card":"summary_large_image","twitter_misc":{"Written by":"admin","Est. reading time":"4 minut\u0117s"},"schema":{"@context":"https:\/\/schema.org","@graph":[{"@type":"Article","@id":"https:\/\/nordiccab.lt\/index.php\/2025\/06\/12\/stiprus-raginimas-koordinuotiems-veiksmams-pries-neteiseta-ekonomika-europoje\/#article","isPartOf":{"@id":"https:\/\/nordiccab.lt\/index.php\/2025\/06\/12\/stiprus-raginimas-koordinuotiems-veiksmams-pries-neteiseta-ekonomika-europoje\/"},"author":{"name":"admin","@id":"https:\/\/nordiccab.lt\/#\/schema\/person\/1e06879215dcf15255113d53ae73289b"},"headline":"Stiprus raginimas koordinuotiems veiksmams prie\u0161 neteis\u0117t\u0105 ekonomik\u0105 Europoje","datePublished":"2025-06-12T18:37:33+00:00","mainEntityOfPage":{"@id":"https:\/\/nordiccab.lt\/index.php\/2025\/06\/12\/stiprus-raginimas-koordinuotiems-veiksmams-pries-neteiseta-ekonomika-europoje\/"},"wordCount":768,"commentCount":0,"image":{"@id":"https:\/\/nordiccab.lt\/index.php\/2025\/06\/12\/stiprus-raginimas-koordinuotiems-veiksmams-pries-neteiseta-ekonomika-europoje\/#primaryimage"},"thumbnailUrl":"https:\/\/nordiccab.lt\/wp-content\/uploads\/2025\/06\/Stiprus-raginimas-koordinuotiems-veiksmams-pries-neteiseta-ekonomika-Europoje.jpg","articleSection":["EUROPOS NAUJIENOS"],"inLanguage":"lt-LT","potentialAction":[{"@type":"CommentAction","name":"Comment","target":["https:\/\/nordiccab.lt\/index.php\/2025\/06\/12\/stiprus-raginimas-koordinuotiems-veiksmams-pries-neteiseta-ekonomika-europoje\/#respond"]}]},{"@type":"WebPage","@id":"https:\/\/nordiccab.lt\/index.php\/2025\/06\/12\/stiprus-raginimas-koordinuotiems-veiksmams-pries-neteiseta-ekonomika-europoje\/","url":"https:\/\/nordiccab.lt\/index.php\/2025\/06\/12\/stiprus-raginimas-koordinuotiems-veiksmams-pries-neteiseta-ekonomika-europoje\/","name":"Stiprus raginimas koordinuotiems veiksmams prie\u0161 neteis\u0117t\u0105 ekonomik\u0105 Europoje - NORDICCAB.LT","isPartOf":{"@id":"https:\/\/nordiccab.lt\/#website"},"primaryImageOfPage":{"@id":"https:\/\/nordiccab.lt\/index.php\/2025\/06\/12\/stiprus-raginimas-koordinuotiems-veiksmams-pries-neteiseta-ekonomika-europoje\/#primaryimage"},"image":{"@id":"https:\/\/nordiccab.lt\/index.php\/2025\/06\/12\/stiprus-raginimas-koordinuotiems-veiksmams-pries-neteiseta-ekonomika-europoje\/#primaryimage"},"thumbnailUrl":"https:\/\/nordiccab.lt\/wp-content\/uploads\/2025\/06\/Stiprus-raginimas-koordinuotiems-veiksmams-pries-neteiseta-ekonomika-Europoje.jpg","datePublished":"2025-06-12T18:37:33+00:00","author":{"@id":"https:\/\/nordiccab.lt\/#\/schema\/person\/1e06879215dcf15255113d53ae73289b"},"breadcrumb":{"@id":"https:\/\/nordiccab.lt\/index.php\/2025\/06\/12\/stiprus-raginimas-koordinuotiems-veiksmams-pries-neteiseta-ekonomika-europoje\/#breadcrumb"},"inLanguage":"lt-LT","potentialAction":[{"@type":"ReadAction","target":["https:\/\/nordiccab.lt\/index.php\/2025\/06\/12\/stiprus-raginimas-koordinuotiems-veiksmams-pries-neteiseta-ekonomika-europoje\/"]}]},{"@type":"ImageObject","inLanguage":"lt-LT","@id":"https:\/\/nordiccab.lt\/index.php\/2025\/06\/12\/stiprus-raginimas-koordinuotiems-veiksmams-pries-neteiseta-ekonomika-europoje\/#primaryimage","url":"https:\/\/nordiccab.lt\/wp-content\/uploads\/2025\/06\/Stiprus-raginimas-koordinuotiems-veiksmams-pries-neteiseta-ekonomika-Europoje.jpg","contentUrl":"https:\/\/nordiccab.lt\/wp-content\/uploads\/2025\/06\/Stiprus-raginimas-koordinuotiems-veiksmams-pries-neteiseta-ekonomika-Europoje.jpg","width":1000,"height":600},{"@type":"BreadcrumbList","@id":"https:\/\/nordiccab.lt\/index.php\/2025\/06\/12\/stiprus-raginimas-koordinuotiems-veiksmams-pries-neteiseta-ekonomika-europoje\/#breadcrumb","itemListElement":[{"@type":"ListItem","position":1,"name":"Home","item":"https:\/\/nordiccab.lt\/"},{"@type":"ListItem","position":2,"name":"Stiprus raginimas koordinuotiems veiksmams prie\u0161 neteis\u0117t\u0105 ekonomik\u0105 Europoje"}]},{"@type":"WebSite","@id":"https:\/\/nordiccab.lt\/#website","url":"https:\/\/nordiccab.lt\/","name":"NORDICCAB.LT","description":"Pasaulio naujienos, technologijos, automobiliai","potentialAction":[{"@type":"SearchAction","target":{"@type":"EntryPoint","urlTemplate":"https:\/\/nordiccab.lt\/?s={search_term_string}"},"query-input":{"@type":"PropertyValueSpecification","valueRequired":true,"valueName":"search_term_string"}}],"inLanguage":"lt-LT"},{"@type":"Person","@id":"https:\/\/nordiccab.lt\/#\/schema\/person\/1e06879215dcf15255113d53ae73289b","name":"admin","image":{"@type":"ImageObject","inLanguage":"lt-LT","@id":"https:\/\/secure.gravatar.com\/avatar\/f37349f777250847d2fca2ada474f5a6aadffa79d5284e8ad354a5c410a691ec?s=96&d=mm&r=g","url":"https:\/\/secure.gravatar.com\/avatar\/f37349f777250847d2fca2ada474f5a6aadffa79d5284e8ad354a5c410a691ec?s=96&d=mm&r=g","contentUrl":"https:\/\/secure.gravatar.com\/avatar\/f37349f777250847d2fca2ada474f5a6aadffa79d5284e8ad354a5c410a691ec?s=96&d=mm&r=g","caption":"admin"},"sameAs":["https:\/\/nordiccab.lt"],"url":"https:\/\/nordiccab.lt\/author\/admin\/"}]}},"_links":{"self":[{"href":"https:\/\/nordiccab.lt\/index.php\/wp-json\/wp\/v2\/posts\/247","targetHints":{"allow":["GET"]}}],"collection":[{"href":"https:\/\/nordiccab.lt\/index.php\/wp-json\/wp\/v2\/posts"}],"about":[{"href":"https:\/\/nordiccab.lt\/index.php\/wp-json\/wp\/v2\/types\/post"}],"author":[{"embeddable":true,"href":"https:\/\/nordiccab.lt\/index.php\/wp-json\/wp\/v2\/users\/1"}],"replies":[{"embeddable":true,"href":"https:\/\/nordiccab.lt\/index.php\/wp-json\/wp\/v2\/comments?post=247"}],"version-history":[{"count":0,"href":"https:\/\/nordiccab.lt\/index.php\/wp-json\/wp\/v2\/posts\/247\/revisions"}],"wp:featuredmedia":[{"embeddable":true,"href":"https:\/\/nordiccab.lt\/index.php\/wp-json\/wp\/v2\/media\/248"}],"wp:attachment":[{"href":"https:\/\/nordiccab.lt\/index.php\/wp-json\/wp\/v2\/media?parent=247"}],"wp:term":[{"taxonomy":"category","embeddable":true,"href":"https:\/\/nordiccab.lt\/index.php\/wp-json\/wp\/v2\/categories?post=247"},{"taxonomy":"post_tag","embeddable":true,"href":"https:\/\/nordiccab.lt\/index.php\/wp-json\/wp\/v2\/tags?post=247"}],"curies":[{"name":"wp","href":"https:\/\/api.w.org\/{rel}","templated":true}]}}