{"id":20,"date":"2025-05-23T10:35:34","date_gmt":"2025-05-23T10:35:34","guid":{"rendered":"https:\/\/nordiccab.lt\/index.php\/2025\/05\/23\/trumpo-mirusiu-baltuju-ukininku-ivaizdis-kilo-is-reuters-filmuotos-medziagos-konge-o-ne-pietu-afrikoje\/"},"modified":"2025-05-23T10:35:34","modified_gmt":"2025-05-23T10:35:34","slug":"trumpo-mirusiu-baltuju-ukininku-ivaizdis-kilo-is-reuters-filmuotos-medziagos-konge-o-ne-pietu-afrikoje","status":"publish","type":"post","link":"https:\/\/nordiccab.lt\/index.php\/2025\/05\/23\/trumpo-mirusiu-baltuju-ukininku-ivaizdis-kilo-is-reuters-filmuotos-medziagos-konge-o-ne-pietu-afrikoje\/","title":{"rendered":"Trumpo mirusi\u0173 \u201ebalt\u0173j\u0173 \u016bkinink\u0173\u201c \u012fvaizdis kilo i\u0161 \u201eReuters\u201c filmuotos med\u017eiagos Konge, o ne Piet\u0173 Afrikoje"},"content":{"rendered":"<p> <br \/>\n<\/p>\n<div>\n<p class=\"body-graf\">JOHANNESBURGAS &#8211; Prezidentas Donaldas Trumpas parod\u0117 \u201eReuters\u201c vaizdo \u012fra\u0161o, padaryto Kongo Demokratin\u0117je Respublikoje, ekrano kopij\u0105 kaip dal\u012f to, k\u0105 jis melagingai pateik\u0117 tre\u010diadien\u012f kaip balt\u0173j\u0173 Piet\u0173 Afrikos gyventoj\u0173 \u017eudyni\u0173 masinius \u017eudyni\u0173 \u012frodym\u0105.<\/p>\n<p class=\"body-graf\">\u201eTai visi palaidoti balti \u016bkininkai\u201c,-sak\u0117 Trumpas, atspausdin\u0119s straipsn\u012f, kur\u012f lydi nuotrauka per gin\u010dytin\u0105 Ovalo biuro susitikim\u0105 su Piet\u0173 Afrikos prezidentu Cyril Ramaphosa.<\/p>\n<p class=\"body-graf\">Ties\u0105 sakant, vaizdo \u012fra\u0161as, kur\u012f \u201eReuters\u201c paskelb\u0117 vasario 3 d. Ir v\u0117liau patikrino naujien\u0173 agent\u016bros fakt\u0173 patikrinimo komanda, parod\u0117, kad Humanitariniai darbuotojai k\u0117l\u0117 k\u016bno krep\u0161ius Kongo Gomos mieste. Vaizdas buvo i\u0161trauktas i\u0161 \u201eReuters\u201c filmuotos med\u017eiagos, nufotografuotos po mirtin\u0173 m\u016b\u0161i\u0173 su Ruandos remiamais M23 sukil\u0117liais.<\/p>\n<figure class=\"styles_inlineImage__FvnTh styles_medium__MEKii\" id=\"anchor-c68b55\"><picture class=\"styles_image__i32F7\" data-testid=\"picture\"><source media=\"(min-width: 1000px)\" srcset=\"https:\/\/media-cldnry.s-nbcnews.com\/image\/upload\/t_fit-560w,f_avif,q_auto:eco,dpr_2\/rockcms\/2025-05\/250523-Congo-Trump-pic-RS-aab6fc.jpg 2x, https:\/\/media-cldnry.s-nbcnews.com\/image\/upload\/t_fit-560w,f_auto,q_auto:best\/rockcms\/2025-05\/250523-Congo-Trump-pic-RS-aab6fc.jpg 1x\"\/><source media=\"(min-width: 320px)\" srcset=\"https:\/\/media-cldnry.s-nbcnews.com\/image\/upload\/t_fit-760w,f_avif,q_auto:eco,dpr_2\/rockcms\/2025-05\/250523-Congo-Trump-pic-RS-aab6fc.jpg 2x, https:\/\/media-cldnry.s-nbcnews.com\/image\/upload\/t_fit-760w,f_auto,q_auto:best\/rockcms\/2025-05\/250523-Congo-Trump-pic-RS-aab6fc.jpg 1x\"\/><\/picture><figcaption class=\"caption styles_caption__TCewG\" data-testid=\"caption\"><span class=\"caption__container\" data-testid=\"caption__container\">Pateiktas \u012fvaizdis yra nuo vasario m\u0117nesio ir parodo humanitarini\u0173 darbuotoj\u0173 Gomoje, Kongo Demokratin\u0117je Respublikoje, k\u0117limo k\u016bno krep\u0161ius, kuriuose yra auk\u0173, nu\u017eudyt\u0173 susid\u016brimuose tarp M23 sukil\u0117li\u0173 ir Kongo armijos, liekanos.<\/span><span class=\"caption__source\" data-testid=\"caption__source\">\u201eReuters\u201c<\/span><\/figcaption><\/figure>\n<p class=\"body-graf\">Tinklara\u0161\u010dio \u012fra\u0161e \u201eRamaphosa\u201c pateik\u0117 Trumpas Balt\u0173j\u0173 r\u016bm\u0173 susitikimo metu, kur\u012f paskelb\u0117 \u201eAmerican M\u0105stytojas\u201c, konservatyvus internetinis \u017eurnalas apie konfliktus ir rasin\u0119 \u012ftamp\u0105 Piet\u0173 Afrikoje ir Konge.<\/p>\n<p class=\"body-graf\">\u012era\u0161as nenurod\u0117 vaizdo, bet j\u012f identifikavo kaip \u201e\u201e YouTube \u201cekrano patraukim\u0105\u201c su nuoroda \u012f vaizdo naujien\u0173 ataskait\u0105 apie Kong\u0105 \u201eYouTube\u201c, kuris \u012fskait\u0117 \u201eReuters\u201c.<\/p>\n<p class=\"body-graf\">Baltieji r\u016bmai neatsak\u0117 \u012f pra\u0161ym\u0105 komentuoti. Andrea Widburg, \u201eAmerican M\u0105stytojo\u201c generalin\u0117 redaktor\u0117 ir aptariamo \u012fra\u0161o autorius, ra\u0161\u0117 atsakydamas \u012f \u201eReuters\u201c u\u017eklaus\u0105, kad Trumpas \u201eneteisingai identifikavo \u012fvaizd\u012f\u201c.<\/p>\n<p class=\"body-graf\">Ta\u010diau ji prid\u016br\u0117, kad postas, kuriame nurod\u0117 tai, k\u0105 jis pavadino Ramaphosa \u201easociali\u0105, ras\u0117s aps\u0117st\u0105 marksizmo vyriausyb\u0119\u201c, \u201eatkreip\u0117 d\u0117mes\u012f \u012f did\u0117jant\u012f spaudim\u0105, padaryt\u0105 balt\u0173j\u0173 piet\u0173 afrikie\u010diams\u201c.<\/p>\n<p class=\"body-graf\">Filmuota med\u017eiaga, i\u0161 kurios buvo padaryta nuotrauka, rodo masin\u012f laidojim\u0105 po \u201eM23\u201c u\u017epuolimo \u201eGoma\u201c, kuri\u0105 nufilmavo \u201eReuters\u201c vaizdo \u017eurnalistas Djaffar Al Katanty.<\/p>\n<p class=\"body-graf\">\u201eT\u0105 dien\u0105 \u017eurnalistams buvo nepaprastai sunku \u012fsitraukti &#8230; A\u0161 tur\u0117jau tiesiogiai der\u0117tis su M23 ir koordinuoti su ICRC, kad jam b\u016bt\u0173 leista filmuoti\u201c, &#8211; sak\u0117 Al Katanty. \u201eTik\u201e Reuters \u201cturi vaizdo \u012fra\u0161\u0105.<\/p>\n<p class=\"body-graf\">Al Katanty sak\u0117, kad matydamas, kaip Trumpas laik\u0117 straipsn\u012f su savo vaizdo \u012fra\u0161o ekranu, pasirod\u0117 kaip \u0161okas.<\/p>\n<p class=\"body-graf\">\u201eAtsi\u017evelgdamas \u012f vis\u0105 pasaul\u012f, prezidentas Trumpas pasinaudojo mano \u012fvaizd\u017eiu, panaudojo tai, k\u0105 filmavau KDR, bandydamas \u012ftikinti prezident\u0105 Ramaphos\u0105, kad savo \u0161alyje baltaod\u017eiai \u017eudo juodaod\u017eiai\u201c, &#8211; teig\u0117 Al Katanty.<\/p>\n<p class=\"body-graf\">\u0160i\u0105 savait\u0119 \u201eRamaphosa\u201c lank\u0117si Va\u0161ingtone, nor\u0117dama u\u017emegzti ry\u0161ius su JAV po nuolatin\u0117s Trumpo kritikos pastaraisiais m\u0117nesiais d\u0117l Piet\u0173 Afrikos \u017eem\u0117s \u012fstatym\u0173, u\u017esienio politikos ir tariamo blogo elgesio su savo baltuosiu ma\u017eumu, kurio Piet\u0173 Afrika neigia.<\/p>\n<p class=\"body-graf\">Trumpas nutrauk\u0117 televizijos susitikim\u0105 su Ramaphosa, nor\u0117damas suvaidinti vaizdo \u012fra\u0161\u0105, kuris, jo teigimu, parod\u0117 balt\u0173j\u0173 \u016bkinink\u0173 genocid\u0105 Piet\u0173 Afrikoje. \u0160i s\u0105mokslo teorija, kuri ilgus metus i\u0161platinta kra\u0161tutini\u0173 de\u0161ini\u0173j\u0173 pokalbi\u0173 kambariuose, grind\u017eiama melagingais teiginiais.<\/p>\n<p class=\"endmark body-graf\">Tada Trumpas per\u0117jo spausdintas straipsni\u0173 kopijas, kurias, jo teigimu, i\u0161samios balt\u0173j\u0173 Piet\u0173 Afrikos gyventoj\u0173 \u017emog\u017eudyst\u0117s, sakydamos \u201emirtis, mirtis, mirtis, siaubinga mirtis\u201c.<\/p>\n<\/div>\n<p><br \/>\n<br \/><a href=\"https:\/\/www.nbcnews.com\/world\/africa\/trump-image-dead-white-farmers-congo-not-south-africa-rcna208699\" target=\"_blank\" rel=\"noopener\">Source link <\/a><\/p>\n","protected":false},"excerpt":{"rendered":"<p>JOHANNESBURGAS &#8211; Prezidentas Donaldas Trumpas parod\u0117 \u201eReuters\u201c vaizdo \u012fra\u0161o, padaryto Kongo Demokratin\u0117je Respublikoje, ekrano kopij\u0105 kaip dal\u012f to, k\u0105 jis&hellip;<\/p>\n","protected":false},"author":1,"featured_media":21,"comment_status":"open","ping_status":"open","sticky":false,"template":"","format":"standard","meta":{"footnotes":""},"categories":[4],"tags":[],"class_list":["post-20","post","type-post","status-publish","format-standard","has-post-thumbnail","hentry","category-pasaulio-naujienos"],"yoast_head":"<!-- This site is optimized with the Yoast SEO plugin v27.5 - https:\/\/yoast.com\/product\/yoast-seo-wordpress\/ -->\n<title>Trumpo mirusi\u0173 \u201ebalt\u0173j\u0173 \u016bkinink\u0173\u201c \u012fvaizdis kilo i\u0161 \u201eReuters\u201c filmuotos med\u017eiagos Konge, o ne Piet\u0173 Afrikoje - NORDICCAB.LT<\/title>\n<meta name=\"robots\" content=\"index, follow, max-snippet:-1, max-image-preview:large, max-video-preview:-1\" \/>\n<link rel=\"canonical\" href=\"https:\/\/nordiccab.lt\/index.php\/2025\/05\/23\/trumpo-mirusiu-baltuju-ukininku-ivaizdis-kilo-is-reuters-filmuotos-medziagos-konge-o-ne-pietu-afrikoje\/\" \/>\n<meta property=\"og:locale\" content=\"lt_LT\" \/>\n<meta property=\"og:type\" content=\"article\" \/>\n<meta property=\"og:title\" content=\"Trumpo mirusi\u0173 \u201ebalt\u0173j\u0173 \u016bkinink\u0173\u201c \u012fvaizdis kilo i\u0161 \u201eReuters\u201c filmuotos med\u017eiagos Konge, o ne Piet\u0173 Afrikoje - NORDICCAB.LT\" \/>\n<meta property=\"og:description\" content=\"JOHANNESBURGAS &#8211; Prezidentas Donaldas Trumpas parod\u0117 \u201eReuters\u201c vaizdo \u012fra\u0161o, padaryto Kongo Demokratin\u0117je Respublikoje, ekrano kopij\u0105 kaip dal\u012f to, k\u0105 jis&hellip;\" \/>\n<meta property=\"og:url\" content=\"https:\/\/nordiccab.lt\/index.php\/2025\/05\/23\/trumpo-mirusiu-baltuju-ukininku-ivaizdis-kilo-is-reuters-filmuotos-medziagos-konge-o-ne-pietu-afrikoje\/\" \/>\n<meta property=\"og:site_name\" content=\"NORDICCAB.LT\" \/>\n<meta property=\"article:published_time\" content=\"2025-05-23T10:35:34+00:00\" \/>\n<meta property=\"og:image\" content=\"https:\/\/nordiccab.lt\/wp-content\/uploads\/2025\/05\/Trumpo-mirusiu-\u201ebaltuju-ukininku-ivaizdis-kilo-is-\u201eReuters-filmuotos-medziagos.jpg\" \/>\n\t<meta property=\"og:image:width\" content=\"1200\" \/>\n\t<meta property=\"og:image:height\" content=\"630\" \/>\n\t<meta property=\"og:image:type\" content=\"image\/jpeg\" \/>\n<meta name=\"author\" content=\"admin\" \/>\n<meta name=\"twitter:card\" content=\"summary_large_image\" \/>\n<meta name=\"twitter:label1\" content=\"Written by\" \/>\n\t<meta name=\"twitter:data1\" content=\"admin\" \/>\n\t<meta name=\"twitter:label2\" content=\"Est. reading time\" \/>\n\t<meta name=\"twitter:data2\" content=\"2 minut\u0117s\" \/>\n<script type=\"application\/ld+json\" class=\"yoast-schema-graph\">{\"@context\":\"https:\\\/\\\/schema.org\",\"@graph\":[{\"@type\":\"Article\",\"@id\":\"https:\\\/\\\/nordiccab.lt\\\/index.php\\\/2025\\\/05\\\/23\\\/trumpo-mirusiu-baltuju-ukininku-ivaizdis-kilo-is-reuters-filmuotos-medziagos-konge-o-ne-pietu-afrikoje\\\/#article\",\"isPartOf\":{\"@id\":\"https:\\\/\\\/nordiccab.lt\\\/index.php\\\/2025\\\/05\\\/23\\\/trumpo-mirusiu-baltuju-ukininku-ivaizdis-kilo-is-reuters-filmuotos-medziagos-konge-o-ne-pietu-afrikoje\\\/\"},\"author\":{\"name\":\"admin\",\"@id\":\"https:\\\/\\\/nordiccab.lt\\\/#\\\/schema\\\/person\\\/1e06879215dcf15255113d53ae73289b\"},\"headline\":\"Trumpo mirusi\u0173 \u201ebalt\u0173j\u0173 \u016bkinink\u0173\u201c \u012fvaizdis kilo i\u0161 \u201eReuters\u201c filmuotos med\u017eiagos Konge, o ne Piet\u0173 Afrikoje\",\"datePublished\":\"2025-05-23T10:35:34+00:00\",\"mainEntityOfPage\":{\"@id\":\"https:\\\/\\\/nordiccab.lt\\\/index.php\\\/2025\\\/05\\\/23\\\/trumpo-mirusiu-baltuju-ukininku-ivaizdis-kilo-is-reuters-filmuotos-medziagos-konge-o-ne-pietu-afrikoje\\\/\"},\"wordCount\":507,\"commentCount\":0,\"image\":{\"@id\":\"https:\\\/\\\/nordiccab.lt\\\/index.php\\\/2025\\\/05\\\/23\\\/trumpo-mirusiu-baltuju-ukininku-ivaizdis-kilo-is-reuters-filmuotos-medziagos-konge-o-ne-pietu-afrikoje\\\/#primaryimage\"},\"thumbnailUrl\":\"https:\\\/\\\/nordiccab.lt\\\/wp-content\\\/uploads\\\/2025\\\/05\\\/Trumpo-mirusiu-\u201ebaltuju-ukininku-ivaizdis-kilo-is-\u201eReuters-filmuotos-medziagos.jpg\",\"articleSection\":[\"PASAULIO NAUJIENOS\"],\"inLanguage\":\"lt-LT\",\"potentialAction\":[{\"@type\":\"CommentAction\",\"name\":\"Comment\",\"target\":[\"https:\\\/\\\/nordiccab.lt\\\/index.php\\\/2025\\\/05\\\/23\\\/trumpo-mirusiu-baltuju-ukininku-ivaizdis-kilo-is-reuters-filmuotos-medziagos-konge-o-ne-pietu-afrikoje\\\/#respond\"]}]},{\"@type\":\"WebPage\",\"@id\":\"https:\\\/\\\/nordiccab.lt\\\/index.php\\\/2025\\\/05\\\/23\\\/trumpo-mirusiu-baltuju-ukininku-ivaizdis-kilo-is-reuters-filmuotos-medziagos-konge-o-ne-pietu-afrikoje\\\/\",\"url\":\"https:\\\/\\\/nordiccab.lt\\\/index.php\\\/2025\\\/05\\\/23\\\/trumpo-mirusiu-baltuju-ukininku-ivaizdis-kilo-is-reuters-filmuotos-medziagos-konge-o-ne-pietu-afrikoje\\\/\",\"name\":\"Trumpo mirusi\u0173 \u201ebalt\u0173j\u0173 \u016bkinink\u0173\u201c \u012fvaizdis kilo i\u0161 \u201eReuters\u201c filmuotos med\u017eiagos Konge, o ne Piet\u0173 Afrikoje - NORDICCAB.LT\",\"isPartOf\":{\"@id\":\"https:\\\/\\\/nordiccab.lt\\\/#website\"},\"primaryImageOfPage\":{\"@id\":\"https:\\\/\\\/nordiccab.lt\\\/index.php\\\/2025\\\/05\\\/23\\\/trumpo-mirusiu-baltuju-ukininku-ivaizdis-kilo-is-reuters-filmuotos-medziagos-konge-o-ne-pietu-afrikoje\\\/#primaryimage\"},\"image\":{\"@id\":\"https:\\\/\\\/nordiccab.lt\\\/index.php\\\/2025\\\/05\\\/23\\\/trumpo-mirusiu-baltuju-ukininku-ivaizdis-kilo-is-reuters-filmuotos-medziagos-konge-o-ne-pietu-afrikoje\\\/#primaryimage\"},\"thumbnailUrl\":\"https:\\\/\\\/nordiccab.lt\\\/wp-content\\\/uploads\\\/2025\\\/05\\\/Trumpo-mirusiu-\u201ebaltuju-ukininku-ivaizdis-kilo-is-\u201eReuters-filmuotos-medziagos.jpg\",\"datePublished\":\"2025-05-23T10:35:34+00:00\",\"author\":{\"@id\":\"https:\\\/\\\/nordiccab.lt\\\/#\\\/schema\\\/person\\\/1e06879215dcf15255113d53ae73289b\"},\"breadcrumb\":{\"@id\":\"https:\\\/\\\/nordiccab.lt\\\/index.php\\\/2025\\\/05\\\/23\\\/trumpo-mirusiu-baltuju-ukininku-ivaizdis-kilo-is-reuters-filmuotos-medziagos-konge-o-ne-pietu-afrikoje\\\/#breadcrumb\"},\"inLanguage\":\"lt-LT\",\"potentialAction\":[{\"@type\":\"ReadAction\",\"target\":[\"https:\\\/\\\/nordiccab.lt\\\/index.php\\\/2025\\\/05\\\/23\\\/trumpo-mirusiu-baltuju-ukininku-ivaizdis-kilo-is-reuters-filmuotos-medziagos-konge-o-ne-pietu-afrikoje\\\/\"]}]},{\"@type\":\"ImageObject\",\"inLanguage\":\"lt-LT\",\"@id\":\"https:\\\/\\\/nordiccab.lt\\\/index.php\\\/2025\\\/05\\\/23\\\/trumpo-mirusiu-baltuju-ukininku-ivaizdis-kilo-is-reuters-filmuotos-medziagos-konge-o-ne-pietu-afrikoje\\\/#primaryimage\",\"url\":\"https:\\\/\\\/nordiccab.lt\\\/wp-content\\\/uploads\\\/2025\\\/05\\\/Trumpo-mirusiu-\u201ebaltuju-ukininku-ivaizdis-kilo-is-\u201eReuters-filmuotos-medziagos.jpg\",\"contentUrl\":\"https:\\\/\\\/nordiccab.lt\\\/wp-content\\\/uploads\\\/2025\\\/05\\\/Trumpo-mirusiu-\u201ebaltuju-ukininku-ivaizdis-kilo-is-\u201eReuters-filmuotos-medziagos.jpg\",\"width\":1200,\"height\":630},{\"@type\":\"BreadcrumbList\",\"@id\":\"https:\\\/\\\/nordiccab.lt\\\/index.php\\\/2025\\\/05\\\/23\\\/trumpo-mirusiu-baltuju-ukininku-ivaizdis-kilo-is-reuters-filmuotos-medziagos-konge-o-ne-pietu-afrikoje\\\/#breadcrumb\",\"itemListElement\":[{\"@type\":\"ListItem\",\"position\":1,\"name\":\"Home\",\"item\":\"https:\\\/\\\/nordiccab.lt\\\/\"},{\"@type\":\"ListItem\",\"position\":2,\"name\":\"Trumpo mirusi\u0173 \u201ebalt\u0173j\u0173 \u016bkinink\u0173\u201c \u012fvaizdis kilo i\u0161 \u201eReuters\u201c filmuotos med\u017eiagos Konge, o ne Piet\u0173 Afrikoje\"}]},{\"@type\":\"WebSite\",\"@id\":\"https:\\\/\\\/nordiccab.lt\\\/#website\",\"url\":\"https:\\\/\\\/nordiccab.lt\\\/\",\"name\":\"NORDICCAB.LT\",\"description\":\"Pasaulio naujienos, technologijos, automobiliai\",\"potentialAction\":[{\"@type\":\"SearchAction\",\"target\":{\"@type\":\"EntryPoint\",\"urlTemplate\":\"https:\\\/\\\/nordiccab.lt\\\/?s={search_term_string}\"},\"query-input\":{\"@type\":\"PropertyValueSpecification\",\"valueRequired\":true,\"valueName\":\"search_term_string\"}}],\"inLanguage\":\"lt-LT\"},{\"@type\":\"Person\",\"@id\":\"https:\\\/\\\/nordiccab.lt\\\/#\\\/schema\\\/person\\\/1e06879215dcf15255113d53ae73289b\",\"name\":\"admin\",\"image\":{\"@type\":\"ImageObject\",\"inLanguage\":\"lt-LT\",\"@id\":\"https:\\\/\\\/secure.gravatar.com\\\/avatar\\\/f37349f777250847d2fca2ada474f5a6aadffa79d5284e8ad354a5c410a691ec?s=96&d=mm&r=g\",\"url\":\"https:\\\/\\\/secure.gravatar.com\\\/avatar\\\/f37349f777250847d2fca2ada474f5a6aadffa79d5284e8ad354a5c410a691ec?s=96&d=mm&r=g\",\"contentUrl\":\"https:\\\/\\\/secure.gravatar.com\\\/avatar\\\/f37349f777250847d2fca2ada474f5a6aadffa79d5284e8ad354a5c410a691ec?s=96&d=mm&r=g\",\"caption\":\"admin\"},\"sameAs\":[\"https:\\\/\\\/nordiccab.lt\"],\"url\":\"https:\\\/\\\/nordiccab.lt\\\/author\\\/admin\\\/\"}]}<\/script>\n<!-- \/ Yoast SEO plugin. -->","yoast_head_json":{"title":"Trumpo mirusi\u0173 \u201ebalt\u0173j\u0173 \u016bkinink\u0173\u201c \u012fvaizdis kilo i\u0161 \u201eReuters\u201c filmuotos med\u017eiagos Konge, o ne Piet\u0173 Afrikoje - NORDICCAB.LT","robots":{"index":"index","follow":"follow","max-snippet":"max-snippet:-1","max-image-preview":"max-image-preview:large","max-video-preview":"max-video-preview:-1"},"canonical":"https:\/\/nordiccab.lt\/index.php\/2025\/05\/23\/trumpo-mirusiu-baltuju-ukininku-ivaizdis-kilo-is-reuters-filmuotos-medziagos-konge-o-ne-pietu-afrikoje\/","og_locale":"lt_LT","og_type":"article","og_title":"Trumpo mirusi\u0173 \u201ebalt\u0173j\u0173 \u016bkinink\u0173\u201c \u012fvaizdis kilo i\u0161 \u201eReuters\u201c filmuotos med\u017eiagos Konge, o ne Piet\u0173 Afrikoje - NORDICCAB.LT","og_description":"JOHANNESBURGAS &#8211; Prezidentas Donaldas Trumpas parod\u0117 \u201eReuters\u201c vaizdo \u012fra\u0161o, padaryto Kongo Demokratin\u0117je Respublikoje, ekrano kopij\u0105 kaip dal\u012f to, k\u0105 jis&hellip;","og_url":"https:\/\/nordiccab.lt\/index.php\/2025\/05\/23\/trumpo-mirusiu-baltuju-ukininku-ivaizdis-kilo-is-reuters-filmuotos-medziagos-konge-o-ne-pietu-afrikoje\/","og_site_name":"NORDICCAB.LT","article_published_time":"2025-05-23T10:35:34+00:00","og_image":[{"width":1200,"height":630,"url":"https:\/\/nordiccab.lt\/wp-content\/uploads\/2025\/05\/Trumpo-mirusiu-\u201ebaltuju-ukininku-ivaizdis-kilo-is-\u201eReuters-filmuotos-medziagos.jpg","type":"image\/jpeg"}],"author":"admin","twitter_card":"summary_large_image","twitter_misc":{"Written by":"admin","Est. reading time":"2 minut\u0117s"},"schema":{"@context":"https:\/\/schema.org","@graph":[{"@type":"Article","@id":"https:\/\/nordiccab.lt\/index.php\/2025\/05\/23\/trumpo-mirusiu-baltuju-ukininku-ivaizdis-kilo-is-reuters-filmuotos-medziagos-konge-o-ne-pietu-afrikoje\/#article","isPartOf":{"@id":"https:\/\/nordiccab.lt\/index.php\/2025\/05\/23\/trumpo-mirusiu-baltuju-ukininku-ivaizdis-kilo-is-reuters-filmuotos-medziagos-konge-o-ne-pietu-afrikoje\/"},"author":{"name":"admin","@id":"https:\/\/nordiccab.lt\/#\/schema\/person\/1e06879215dcf15255113d53ae73289b"},"headline":"Trumpo mirusi\u0173 \u201ebalt\u0173j\u0173 \u016bkinink\u0173\u201c \u012fvaizdis kilo i\u0161 \u201eReuters\u201c filmuotos med\u017eiagos Konge, o ne Piet\u0173 Afrikoje","datePublished":"2025-05-23T10:35:34+00:00","mainEntityOfPage":{"@id":"https:\/\/nordiccab.lt\/index.php\/2025\/05\/23\/trumpo-mirusiu-baltuju-ukininku-ivaizdis-kilo-is-reuters-filmuotos-medziagos-konge-o-ne-pietu-afrikoje\/"},"wordCount":507,"commentCount":0,"image":{"@id":"https:\/\/nordiccab.lt\/index.php\/2025\/05\/23\/trumpo-mirusiu-baltuju-ukininku-ivaizdis-kilo-is-reuters-filmuotos-medziagos-konge-o-ne-pietu-afrikoje\/#primaryimage"},"thumbnailUrl":"https:\/\/nordiccab.lt\/wp-content\/uploads\/2025\/05\/Trumpo-mirusiu-\u201ebaltuju-ukininku-ivaizdis-kilo-is-\u201eReuters-filmuotos-medziagos.jpg","articleSection":["PASAULIO NAUJIENOS"],"inLanguage":"lt-LT","potentialAction":[{"@type":"CommentAction","name":"Comment","target":["https:\/\/nordiccab.lt\/index.php\/2025\/05\/23\/trumpo-mirusiu-baltuju-ukininku-ivaizdis-kilo-is-reuters-filmuotos-medziagos-konge-o-ne-pietu-afrikoje\/#respond"]}]},{"@type":"WebPage","@id":"https:\/\/nordiccab.lt\/index.php\/2025\/05\/23\/trumpo-mirusiu-baltuju-ukininku-ivaizdis-kilo-is-reuters-filmuotos-medziagos-konge-o-ne-pietu-afrikoje\/","url":"https:\/\/nordiccab.lt\/index.php\/2025\/05\/23\/trumpo-mirusiu-baltuju-ukininku-ivaizdis-kilo-is-reuters-filmuotos-medziagos-konge-o-ne-pietu-afrikoje\/","name":"Trumpo mirusi\u0173 \u201ebalt\u0173j\u0173 \u016bkinink\u0173\u201c \u012fvaizdis kilo i\u0161 \u201eReuters\u201c filmuotos med\u017eiagos Konge, o ne Piet\u0173 Afrikoje - NORDICCAB.LT","isPartOf":{"@id":"https:\/\/nordiccab.lt\/#website"},"primaryImageOfPage":{"@id":"https:\/\/nordiccab.lt\/index.php\/2025\/05\/23\/trumpo-mirusiu-baltuju-ukininku-ivaizdis-kilo-is-reuters-filmuotos-medziagos-konge-o-ne-pietu-afrikoje\/#primaryimage"},"image":{"@id":"https:\/\/nordiccab.lt\/index.php\/2025\/05\/23\/trumpo-mirusiu-baltuju-ukininku-ivaizdis-kilo-is-reuters-filmuotos-medziagos-konge-o-ne-pietu-afrikoje\/#primaryimage"},"thumbnailUrl":"https:\/\/nordiccab.lt\/wp-content\/uploads\/2025\/05\/Trumpo-mirusiu-\u201ebaltuju-ukininku-ivaizdis-kilo-is-\u201eReuters-filmuotos-medziagos.jpg","datePublished":"2025-05-23T10:35:34+00:00","author":{"@id":"https:\/\/nordiccab.lt\/#\/schema\/person\/1e06879215dcf15255113d53ae73289b"},"breadcrumb":{"@id":"https:\/\/nordiccab.lt\/index.php\/2025\/05\/23\/trumpo-mirusiu-baltuju-ukininku-ivaizdis-kilo-is-reuters-filmuotos-medziagos-konge-o-ne-pietu-afrikoje\/#breadcrumb"},"inLanguage":"lt-LT","potentialAction":[{"@type":"ReadAction","target":["https:\/\/nordiccab.lt\/index.php\/2025\/05\/23\/trumpo-mirusiu-baltuju-ukininku-ivaizdis-kilo-is-reuters-filmuotos-medziagos-konge-o-ne-pietu-afrikoje\/"]}]},{"@type":"ImageObject","inLanguage":"lt-LT","@id":"https:\/\/nordiccab.lt\/index.php\/2025\/05\/23\/trumpo-mirusiu-baltuju-ukininku-ivaizdis-kilo-is-reuters-filmuotos-medziagos-konge-o-ne-pietu-afrikoje\/#primaryimage","url":"https:\/\/nordiccab.lt\/wp-content\/uploads\/2025\/05\/Trumpo-mirusiu-\u201ebaltuju-ukininku-ivaizdis-kilo-is-\u201eReuters-filmuotos-medziagos.jpg","contentUrl":"https:\/\/nordiccab.lt\/wp-content\/uploads\/2025\/05\/Trumpo-mirusiu-\u201ebaltuju-ukininku-ivaizdis-kilo-is-\u201eReuters-filmuotos-medziagos.jpg","width":1200,"height":630},{"@type":"BreadcrumbList","@id":"https:\/\/nordiccab.lt\/index.php\/2025\/05\/23\/trumpo-mirusiu-baltuju-ukininku-ivaizdis-kilo-is-reuters-filmuotos-medziagos-konge-o-ne-pietu-afrikoje\/#breadcrumb","itemListElement":[{"@type":"ListItem","position":1,"name":"Home","item":"https:\/\/nordiccab.lt\/"},{"@type":"ListItem","position":2,"name":"Trumpo mirusi\u0173 \u201ebalt\u0173j\u0173 \u016bkinink\u0173\u201c \u012fvaizdis kilo i\u0161 \u201eReuters\u201c filmuotos med\u017eiagos Konge, o ne Piet\u0173 Afrikoje"}]},{"@type":"WebSite","@id":"https:\/\/nordiccab.lt\/#website","url":"https:\/\/nordiccab.lt\/","name":"NORDICCAB.LT","description":"Pasaulio naujienos, technologijos, automobiliai","potentialAction":[{"@type":"SearchAction","target":{"@type":"EntryPoint","urlTemplate":"https:\/\/nordiccab.lt\/?s={search_term_string}"},"query-input":{"@type":"PropertyValueSpecification","valueRequired":true,"valueName":"search_term_string"}}],"inLanguage":"lt-LT"},{"@type":"Person","@id":"https:\/\/nordiccab.lt\/#\/schema\/person\/1e06879215dcf15255113d53ae73289b","name":"admin","image":{"@type":"ImageObject","inLanguage":"lt-LT","@id":"https:\/\/secure.gravatar.com\/avatar\/f37349f777250847d2fca2ada474f5a6aadffa79d5284e8ad354a5c410a691ec?s=96&d=mm&r=g","url":"https:\/\/secure.gravatar.com\/avatar\/f37349f777250847d2fca2ada474f5a6aadffa79d5284e8ad354a5c410a691ec?s=96&d=mm&r=g","contentUrl":"https:\/\/secure.gravatar.com\/avatar\/f37349f777250847d2fca2ada474f5a6aadffa79d5284e8ad354a5c410a691ec?s=96&d=mm&r=g","caption":"admin"},"sameAs":["https:\/\/nordiccab.lt"],"url":"https:\/\/nordiccab.lt\/author\/admin\/"}]}},"_links":{"self":[{"href":"https:\/\/nordiccab.lt\/index.php\/wp-json\/wp\/v2\/posts\/20","targetHints":{"allow":["GET"]}}],"collection":[{"href":"https:\/\/nordiccab.lt\/index.php\/wp-json\/wp\/v2\/posts"}],"about":[{"href":"https:\/\/nordiccab.lt\/index.php\/wp-json\/wp\/v2\/types\/post"}],"author":[{"embeddable":true,"href":"https:\/\/nordiccab.lt\/index.php\/wp-json\/wp\/v2\/users\/1"}],"replies":[{"embeddable":true,"href":"https:\/\/nordiccab.lt\/index.php\/wp-json\/wp\/v2\/comments?post=20"}],"version-history":[{"count":0,"href":"https:\/\/nordiccab.lt\/index.php\/wp-json\/wp\/v2\/posts\/20\/revisions"}],"wp:featuredmedia":[{"embeddable":true,"href":"https:\/\/nordiccab.lt\/index.php\/wp-json\/wp\/v2\/media\/21"}],"wp:attachment":[{"href":"https:\/\/nordiccab.lt\/index.php\/wp-json\/wp\/v2\/media?parent=20"}],"wp:term":[{"taxonomy":"category","embeddable":true,"href":"https:\/\/nordiccab.lt\/index.php\/wp-json\/wp\/v2\/categories?post=20"},{"taxonomy":"post_tag","embeddable":true,"href":"https:\/\/nordiccab.lt\/index.php\/wp-json\/wp\/v2\/tags?post=20"}],"curies":[{"name":"wp","href":"https:\/\/api.w.org\/{rel}","templated":true}]}}