{"id":1651,"date":"2026-03-26T04:59:04","date_gmt":"2026-03-26T04:59:04","guid":{"rendered":"https:\/\/nordiccab.lt\/index.php\/2026\/03\/26\/doj-teigia-kad-ji-klaidingai-remesi-ice-memorandumu-kad-pateisintu-imigracijos-teismo-rumu-arestus\/"},"modified":"2026-03-26T04:59:04","modified_gmt":"2026-03-26T04:59:04","slug":"doj-teigia-kad-ji-klaidingai-remesi-ice-memorandumu-kad-pateisintu-imigracijos-teismo-rumu-arestus","status":"publish","type":"post","link":"https:\/\/nordiccab.lt\/index.php\/2026\/03\/26\/doj-teigia-kad-ji-klaidingai-remesi-ice-memorandumu-kad-pateisintu-imigracijos-teismo-rumu-arestus\/","title":{"rendered":"DOJ teigia, kad ji klaidingai r\u0117m\u0117si ICE memorandumu, kad pateisint\u0173 imigracijos teismo r\u016bm\u0173 are\u0161tus"},"content":{"rendered":"<p><\/p>\n<div>\n<p id=\"anchor-b380e4\" class=\"body-graf\">Trumpo administracija teisme pripa\u017eino, kad ji klaidingai r\u0117m\u0117si ICE memorandumu, pateisindama are\u0161tus imigracijos teism\u0173 r\u016bmuose, kaip dal\u012f federalin\u0117s bylos, kuri\u0105 i\u0161k\u0117l\u0117 grup\u0117s, siekian\u010dios blokuoti taktik\u0105. <\/p>\n<p id=\"anchor-78fd41\" class=\"body-graf\">Federaliniai prokurorai antradien\u012f prane\u0161\u0117, kad jie panaudojo atmintin\u0119, pavadint\u0105 \u201e2025 m. ICE gair\u0117s\u201c, siekdami apginti D. Trumpo administracijos ICE agent\u0173 dislokavim\u0105 teism\u0173 r\u016bmuose, d\u0117l kuri\u0173 buvo suimta daug imigrant\u0173, dalyvavusi\u0173 pos\u0117d\u017eiuose. <\/p>\n<p id=\"anchor-1daae4\" class=\"body-graf\">Atmintin\u0117je nurodoma, kad \u201eICE pareig\u016bnai ar agentai gali vykdyti civilin\u0117s imigracijos vykdymo veiksmus teism\u0173 r\u016bmuose arba \u0161alia j\u0173, kai turi patikimos informacijos\u201c, kad tikslinis asmuo \u201eb\u016bt\u0173 konkre\u010dioje vietoje\u201c.<\/p>\n<p id=\"anchor-4314e0\" class=\"body-graf\">Ta\u010diau Teisingumo departamentas teismo parei\u0161kime nurod\u0117, kad atmintin\u0117 \u201en\u0117ra ir niekada nebuvo taikoma civilin\u0117s imigracijos vykdymo veiksmams imigracijos teismuose ar \u0161alia j\u0173\u201c.<\/p>\n<p id=\"anchor-9e6375\" class=\"body-graf\">Kra\u0161to saugumo departamentas, pri\u017ei\u016brintis ICE, i\u0161 karto neatsak\u0117 \u012f pra\u0161ym\u0105 pakomentuoti. <\/p>\n<figure class=\"styles_inlineImage__FvnTh styles_medium__MEKii\" id=\"anchor-fc76be\"><picture class=\"styles_image__i32F7\" data-testid=\"picture\" data-flavor=\"fit\" data-original-height=\"1667\" data-original-width=\"2500\"><source media=\"(min-width: 1000px)\" srcset=\"https:\/\/media-cldnry.s-nbcnews.com\/image\/upload\/t_fit-560w,f_avif,q_auto:eco,dpr_2\/rockcms\/2026-03\/260325-ice-agents-nyc-vsb-2019-5f1b14.jpg 2x, https:\/\/media-cldnry.s-nbcnews.com\/image\/upload\/t_fit-560w,f_auto,q_auto:best\/rockcms\/2026-03\/260325-ice-agents-nyc-vsb-2019-5f1b14.jpg 1x\"\/><source media=\"(min-width: 320px)\" srcset=\"https:\/\/media-cldnry.s-nbcnews.com\/image\/upload\/t_fit-760w,f_avif,q_auto:eco,dpr_2\/rockcms\/2026-03\/260325-ice-agents-nyc-vsb-2019-5f1b14.jpg 2x, https:\/\/media-cldnry.s-nbcnews.com\/image\/upload\/t_fit-760w,f_auto,q_auto:best\/rockcms\/2026-03\/260325-ice-agents-nyc-vsb-2019-5f1b14.jpg 1x\"\/><\/picture><figcaption class=\"caption styles_caption__TCewG\" data-testid=\"caption\"><span class=\"caption__container\" data-testid=\"caption__container\">Federaliniai agentai sulaik\u0117 asmen\u012f po imigracijos teismo pos\u0117d\u017eio Niujorke.<\/span><span class=\"caption__source\" data-testid=\"caption__source\">Mostafa Bassim \/ Anadolu per Getty Images fail\u0105<\/span><\/figcaption><\/figure>\n<p id=\"anchor-0f6b2b\" class=\"body-graf\">Tre\u010diadien\u012f pateiktoje byloje imigrant\u0173 teisi\u0173 grup\u0117s, i\u0161k\u0117lusios byl\u0105, gin\u010dijan\u010di\u0105 administracijos taktik\u0105 sulaikant imigrantus per privalomus teismo pos\u0117d\u017eius, teig\u0117, kad Teisingumo departamento atskleidimo pasekm\u0117s \u201eyra didel\u0117s\u201c.<\/p>\n<p id=\"anchor-25fdd0\" class=\"body-graf\">Savo parei\u0161kime Amy Belsher, Niujorko pilietini\u0173 laisvi\u0173 s\u0105jungos ie\u0161kov\u0173 advokat\u0117, pavadino pl\u0117tr\u0105 \u201e\u0161okiruojan\u010diu aprei\u0161kimu\u201c.<\/p>\n<p id=\"anchor-56ea08\" class=\"body-graf\">\u201eTai dar vienas pavyzdys, kai ICE \u012f\u017e\u016bliai nekreipia d\u0117mesio \u012f imigrant\u0173 gyvybes \u0161ioje \u0161alyje\u201c, \u2013 sak\u0117 Belsher. \u201eDabar ai\u0161kiau nei bet kada anks\u010diau, kad n\u0117ra jokio pateisinimo kelti pasal\u0105 ir suimti \u017emones, kurie pasirodo teisme\u201c.<\/p>\n<p id=\"anchor-e14a9c\" class=\"body-graf\">Vyriausyb\u0117 savo parei\u0161kime tai nurod\u0117<strong> <\/strong>ji su\u017einojo apie klaid\u0105 antradien\u012f, kai gavo el. lai\u0161k\u0105, kuris buvo i\u0161si\u0173stas ICE personalui kaip \u201epriminimas, kad 2025 m. gegu\u017e\u0117s 27 d. rekomendacijos netaikomos vykdomosios tarnybos imigracijos per\u017ei\u016bros (imigracijos) teismams, nepaisant j\u0173 buvimo vietos\u201c. <\/p>\n<p id=\"anchor-28d858\" class=\"body-graf\">Prokurorai nesak\u0117, kod\u0117l jie taip pat gavo ICE el.<\/p>\n<p id=\"anchor-b7f725\" class=\"body-graf\">Prokurorai prane\u0161\u0117 apie klaid\u0105 informav\u0119 byl\u0105 i\u0161k\u0117lusias imigracijos teisi\u0173 grupes. <\/p>\n<p id=\"anchor-9d8244\" class=\"body-graf\">Bylai pirmininkav\u0119s JAV apygardos teis\u0117jas Kevinas Castelis atmet\u0117 grupuo\u010di\u0173 pra\u0161ym\u0105 blokuoti administracijos teismo r\u016bm\u0173 are\u0161tus. Nutarime Castel teig\u0117, kad ICE nurodymai \u201eleido suimti imigracijos teisme arba \u0161alia jo\u201c.<\/p>\n<p id=\"anchor-fdee86\" class=\"body-graf\">Antradien\u012f pateiktame dokumente Teisingumo departamentas ne kart\u0105 atsipra\u0161\u0117 Castel u\u017e \u201ei\u0161 esm\u0117s klaiding\u0105 fakto parei\u0161kim\u0105, kur\u012f Vyriausyb\u0117 pateik\u0117 teismui ir ie\u0161kovams\u201c, kai gin\u010dijosi imigracijos agent\u016bros vardu. <\/p>\n<p id=\"anchor-59e832\" class=\"body-graf\">\u201eRemiantis m\u016bs\u0173 \u0161iandienin\u0117mis diskusijomis su ICE, atrodo, kad \u0161i apgail\u0117tina klaida \u012fvyko d\u0117l agent\u016bros advokato klaidos\u201c, \u2013 ra\u0161\u0117 prokurorai.<\/p>\n<p id=\"anchor-5461ea\" class=\"body-graf\">Tre\u010diadienio vakar\u0105 Castel nebuvo \u012ftrauk\u0119s atsakymo \u012f vie\u0161\u0105j\u012f bylos dokument\u0105.<\/p>\n<p id=\"anchor-6d06ce\" class=\"body-graf\">Prokurorai pripa\u017eino, kad d\u0117l klaidos teismo rugs\u0117jo 12 d. nuomon\u0117 ir \u012fsakymas bei ie\u0161kov\u0173 paai\u0161kinimai \u201etur\u0117s b\u016bti persvarstyti ir i\u0161 naujo supa\u017eindinti, kad Teismas i\u0161nagrin\u0117t\u0173 ie\u0161kov\u0173 APA (Administracini\u0173 byl\u0173 teisenos \u012fstatymo) ie\u0161kinius ICE i\u0161 esm\u0117s\u201c.<\/p>\n<p id=\"anchor-919d49\" class=\"body-graf\">Prokurorai teig\u0117, kad gavo ICE advokato pritarim\u0105 prie\u0161 pateikdami kiekvien\u0105 trump\u0105 informacij\u0105 ir pateikdami \u017eodinius argumentus teismui ir ie\u0161kovams byloje.<\/p>\n<p id=\"anchor-ef29d0\" class=\"body-graf\">Prokurorai ra\u0161\u0117, kad nors vyriausyb\u0117 at\u0161auk\u0117 dal\u012f savo trump\u0173 dokument\u0173, kurie r\u0117m\u0117si ICE memorandumu, at\u0161aukimas \u201eneturi \u012ftakos jos argumentams, kad ICE imigracijos teismo r\u016bm\u0173 are\u0161tai nepa\u017eeid\u017eia joki\u0173 vadinam\u0173j\u0173 bendrosios teis\u0117s privilegij\u0173 prie\u0161 teismo r\u016bm\u0173 are\u0161tus\u201c.  <\/p>\n<p id=\"anchor-e67409\" class=\"body-graf\">Trumpo administracijos taktika sulaikyti imigrantus numatyt\u0173 pos\u0117d\u017ei\u0173 metu suk\u0117l\u0117 pasipiktinim\u0105. Gegu\u017e\u0117s m\u0117nes\u012f Niujorko valstybin\u0117s mokyklos moksleivis Dylanas Contrerasas, neturintis kriminalin\u0117s istorijos, buvo sulaikytas po \u012fprasto pos\u0117d\u017eio. Contreras, kuriam tuo metu buvo 20 met\u0173 ir kuris, atvyk\u0119s i\u0161 Venesuelos, siek\u0117 gauti \u017eali\u0105j\u0105 kortel\u0119, \u0161\u012f m\u0117nes\u012f buvo paleistas. <\/p>\n<p id=\"anchor-bc4f8b\" class=\"body-graf\">DHS nurod\u0117, kad Contreras \u012f JAV atvyko Bideno administracijos metu ir kad ICE \u201elaikosi \u012fstatym\u0173 ir \u0161iems nelegaliems u\u017esienie\u010diams skubiai pa\u0161alino, kaip jie visada tur\u0117jo b\u016bti\u201c.<\/p>\n<p id=\"anchor-ec13c8\" class=\"body-graf\">Jo advokatai tvirtino, kad Contreras ie\u0161kojo prieglobs\u010dio. <\/p>\n<p id=\"anchor-429366\" class=\"endmark body-graf\">Niujorko meras Zohranas Mamdani per X sak\u0117: \u201eTai, kas tur\u0117jo b\u016bti laikas, kai jis tur\u0117jo susitelkti \u012f vidurin\u0117s mokyklos pabaig\u0105, tapo de\u0161imties ilg\u0173 izoliacijos m\u0117nesi\u0173 po to, kai jis buvo sulaikytas per eilin\u012f imigracijos pos\u0117d\u012f pra\u0117jusi\u0173 met\u0173 gegu\u017e\u0119. <\/p>\n<\/div>\n<p><a href=\"https:\/\/www.nbcnews.com\/politics\/immigration\/doj-says-erroneously-relied-ice-memo-justify-immigration-courthouse-ar-rcna265206\" target=\"_blank\" rel=\"noopener\"> Nuoroda \u012f informacijos \u0161altin\u012f <\/a><\/p>\n","protected":false},"excerpt":{"rendered":"<p>Trumpo administracija teisme pripa\u017eino, kad ji klaidingai r\u0117m\u0117si ICE memorandumu, pateisindama are\u0161tus imigracijos teism\u0173 r\u016bmuose, kaip dal\u012f federalin\u0117s bylos, kuri\u0105&hellip;<\/p>\n","protected":false},"author":1,"featured_media":1652,"comment_status":"open","ping_status":"open","sticky":false,"template":"","format":"standard","meta":{"footnotes":""},"categories":[4],"tags":[],"class_list":["post-1651","post","type-post","status-publish","format-standard","has-post-thumbnail","hentry","category-pasaulio-naujienos"],"yoast_head":"<!-- This site is optimized with the Yoast SEO plugin v27.5 - https:\/\/yoast.com\/product\/yoast-seo-wordpress\/ -->\n<title>DOJ teigia, kad ji klaidingai r\u0117m\u0117si ICE memorandumu, kad pateisint\u0173 imigracijos teismo r\u016bm\u0173 are\u0161tus - NORDICCAB.LT<\/title>\n<meta name=\"robots\" content=\"index, follow, max-snippet:-1, max-image-preview:large, max-video-preview:-1\" \/>\n<link rel=\"canonical\" href=\"https:\/\/nordiccab.lt\/index.php\/2026\/03\/26\/doj-teigia-kad-ji-klaidingai-remesi-ice-memorandumu-kad-pateisintu-imigracijos-teismo-rumu-arestus\/\" \/>\n<meta property=\"og:locale\" content=\"lt_LT\" \/>\n<meta property=\"og:type\" content=\"article\" \/>\n<meta property=\"og:title\" content=\"DOJ teigia, kad ji klaidingai r\u0117m\u0117si ICE memorandumu, kad pateisint\u0173 imigracijos teismo r\u016bm\u0173 are\u0161tus - NORDICCAB.LT\" \/>\n<meta property=\"og:description\" content=\"Trumpo administracija teisme pripa\u017eino, kad ji klaidingai r\u0117m\u0117si ICE memorandumu, pateisindama are\u0161tus imigracijos teism\u0173 r\u016bmuose, kaip dal\u012f federalin\u0117s bylos, kuri\u0105&hellip;\" \/>\n<meta property=\"og:url\" content=\"https:\/\/nordiccab.lt\/index.php\/2026\/03\/26\/doj-teigia-kad-ji-klaidingai-remesi-ice-memorandumu-kad-pateisintu-imigracijos-teismo-rumu-arestus\/\" \/>\n<meta property=\"og:site_name\" content=\"NORDICCAB.LT\" \/>\n<meta property=\"article:published_time\" content=\"2026-03-26T04:59:04+00:00\" \/>\n<meta property=\"og:image\" content=\"https:\/\/media-cldnry.s-nbcnews.com\/image\/upload\/t_fit-760w,f_auto,q_auto:best\/rockcms\/2026-03\/260325-ice-agents-nyc-vsb-2019-5f1b14.jpg\" \/>\n<meta name=\"author\" content=\"admin\" \/>\n<meta name=\"twitter:card\" content=\"summary_large_image\" \/>\n<meta name=\"twitter:label1\" content=\"Written by\" \/>\n\t<meta name=\"twitter:data1\" content=\"admin\" \/>\n\t<meta name=\"twitter:label2\" content=\"Est. reading time\" \/>\n\t<meta name=\"twitter:data2\" content=\"3 minut\u0117s\" \/>\n<script type=\"application\/ld+json\" class=\"yoast-schema-graph\">{\"@context\":\"https:\\\/\\\/schema.org\",\"@graph\":[{\"@type\":\"Article\",\"@id\":\"https:\\\/\\\/nordiccab.lt\\\/index.php\\\/2026\\\/03\\\/26\\\/doj-teigia-kad-ji-klaidingai-remesi-ice-memorandumu-kad-pateisintu-imigracijos-teismo-rumu-arestus\\\/#article\",\"isPartOf\":{\"@id\":\"https:\\\/\\\/nordiccab.lt\\\/index.php\\\/2026\\\/03\\\/26\\\/doj-teigia-kad-ji-klaidingai-remesi-ice-memorandumu-kad-pateisintu-imigracijos-teismo-rumu-arestus\\\/\"},\"author\":{\"name\":\"admin\",\"@id\":\"https:\\\/\\\/nordiccab.lt\\\/#\\\/schema\\\/person\\\/1e06879215dcf15255113d53ae73289b\"},\"headline\":\"DOJ teigia, kad ji klaidingai r\u0117m\u0117si ICE memorandumu, kad pateisint\u0173 imigracijos teismo r\u016bm\u0173 are\u0161tus\",\"datePublished\":\"2026-03-26T04:59:04+00:00\",\"mainEntityOfPage\":{\"@id\":\"https:\\\/\\\/nordiccab.lt\\\/index.php\\\/2026\\\/03\\\/26\\\/doj-teigia-kad-ji-klaidingai-remesi-ice-memorandumu-kad-pateisintu-imigracijos-teismo-rumu-arestus\\\/\"},\"wordCount\":697,\"commentCount\":0,\"image\":{\"@id\":\"https:\\\/\\\/nordiccab.lt\\\/index.php\\\/2026\\\/03\\\/26\\\/doj-teigia-kad-ji-klaidingai-remesi-ice-memorandumu-kad-pateisintu-imigracijos-teismo-rumu-arestus\\\/#primaryimage\"},\"thumbnailUrl\":\"https:\\\/\\\/nordiccab.lt\\\/wp-content\\\/uploads\\\/2026\\\/03\\\/DOJ-teigia-kad-ji-klaidingai-remesi-ICE-memorandumu-kad-pateisintu.jpg\",\"articleSection\":[\"PASAULIO NAUJIENOS\"],\"inLanguage\":\"lt-LT\",\"potentialAction\":[{\"@type\":\"CommentAction\",\"name\":\"Comment\",\"target\":[\"https:\\\/\\\/nordiccab.lt\\\/index.php\\\/2026\\\/03\\\/26\\\/doj-teigia-kad-ji-klaidingai-remesi-ice-memorandumu-kad-pateisintu-imigracijos-teismo-rumu-arestus\\\/#respond\"]}]},{\"@type\":\"WebPage\",\"@id\":\"https:\\\/\\\/nordiccab.lt\\\/index.php\\\/2026\\\/03\\\/26\\\/doj-teigia-kad-ji-klaidingai-remesi-ice-memorandumu-kad-pateisintu-imigracijos-teismo-rumu-arestus\\\/\",\"url\":\"https:\\\/\\\/nordiccab.lt\\\/index.php\\\/2026\\\/03\\\/26\\\/doj-teigia-kad-ji-klaidingai-remesi-ice-memorandumu-kad-pateisintu-imigracijos-teismo-rumu-arestus\\\/\",\"name\":\"DOJ teigia, kad ji klaidingai r\u0117m\u0117si ICE memorandumu, kad pateisint\u0173 imigracijos teismo r\u016bm\u0173 are\u0161tus - NORDICCAB.LT\",\"isPartOf\":{\"@id\":\"https:\\\/\\\/nordiccab.lt\\\/#website\"},\"primaryImageOfPage\":{\"@id\":\"https:\\\/\\\/nordiccab.lt\\\/index.php\\\/2026\\\/03\\\/26\\\/doj-teigia-kad-ji-klaidingai-remesi-ice-memorandumu-kad-pateisintu-imigracijos-teismo-rumu-arestus\\\/#primaryimage\"},\"image\":{\"@id\":\"https:\\\/\\\/nordiccab.lt\\\/index.php\\\/2026\\\/03\\\/26\\\/doj-teigia-kad-ji-klaidingai-remesi-ice-memorandumu-kad-pateisintu-imigracijos-teismo-rumu-arestus\\\/#primaryimage\"},\"thumbnailUrl\":\"https:\\\/\\\/nordiccab.lt\\\/wp-content\\\/uploads\\\/2026\\\/03\\\/DOJ-teigia-kad-ji-klaidingai-remesi-ICE-memorandumu-kad-pateisintu.jpg\",\"datePublished\":\"2026-03-26T04:59:04+00:00\",\"author\":{\"@id\":\"https:\\\/\\\/nordiccab.lt\\\/#\\\/schema\\\/person\\\/1e06879215dcf15255113d53ae73289b\"},\"breadcrumb\":{\"@id\":\"https:\\\/\\\/nordiccab.lt\\\/index.php\\\/2026\\\/03\\\/26\\\/doj-teigia-kad-ji-klaidingai-remesi-ice-memorandumu-kad-pateisintu-imigracijos-teismo-rumu-arestus\\\/#breadcrumb\"},\"inLanguage\":\"lt-LT\",\"potentialAction\":[{\"@type\":\"ReadAction\",\"target\":[\"https:\\\/\\\/nordiccab.lt\\\/index.php\\\/2026\\\/03\\\/26\\\/doj-teigia-kad-ji-klaidingai-remesi-ice-memorandumu-kad-pateisintu-imigracijos-teismo-rumu-arestus\\\/\"]}]},{\"@type\":\"ImageObject\",\"inLanguage\":\"lt-LT\",\"@id\":\"https:\\\/\\\/nordiccab.lt\\\/index.php\\\/2026\\\/03\\\/26\\\/doj-teigia-kad-ji-klaidingai-remesi-ice-memorandumu-kad-pateisintu-imigracijos-teismo-rumu-arestus\\\/#primaryimage\",\"url\":\"https:\\\/\\\/nordiccab.lt\\\/wp-content\\\/uploads\\\/2026\\\/03\\\/DOJ-teigia-kad-ji-klaidingai-remesi-ICE-memorandumu-kad-pateisintu.jpg\",\"contentUrl\":\"https:\\\/\\\/nordiccab.lt\\\/wp-content\\\/uploads\\\/2026\\\/03\\\/DOJ-teigia-kad-ji-klaidingai-remesi-ICE-memorandumu-kad-pateisintu.jpg\",\"width\":1200,\"height\":630},{\"@type\":\"BreadcrumbList\",\"@id\":\"https:\\\/\\\/nordiccab.lt\\\/index.php\\\/2026\\\/03\\\/26\\\/doj-teigia-kad-ji-klaidingai-remesi-ice-memorandumu-kad-pateisintu-imigracijos-teismo-rumu-arestus\\\/#breadcrumb\",\"itemListElement\":[{\"@type\":\"ListItem\",\"position\":1,\"name\":\"Home\",\"item\":\"https:\\\/\\\/nordiccab.lt\\\/\"},{\"@type\":\"ListItem\",\"position\":2,\"name\":\"DOJ teigia, kad ji klaidingai r\u0117m\u0117si ICE memorandumu, kad pateisint\u0173 imigracijos teismo r\u016bm\u0173 are\u0161tus\"}]},{\"@type\":\"WebSite\",\"@id\":\"https:\\\/\\\/nordiccab.lt\\\/#website\",\"url\":\"https:\\\/\\\/nordiccab.lt\\\/\",\"name\":\"NORDICCAB.LT\",\"description\":\"Pasaulio naujienos, technologijos, automobiliai\",\"potentialAction\":[{\"@type\":\"SearchAction\",\"target\":{\"@type\":\"EntryPoint\",\"urlTemplate\":\"https:\\\/\\\/nordiccab.lt\\\/?s={search_term_string}\"},\"query-input\":{\"@type\":\"PropertyValueSpecification\",\"valueRequired\":true,\"valueName\":\"search_term_string\"}}],\"inLanguage\":\"lt-LT\"},{\"@type\":\"Person\",\"@id\":\"https:\\\/\\\/nordiccab.lt\\\/#\\\/schema\\\/person\\\/1e06879215dcf15255113d53ae73289b\",\"name\":\"admin\",\"image\":{\"@type\":\"ImageObject\",\"inLanguage\":\"lt-LT\",\"@id\":\"https:\\\/\\\/secure.gravatar.com\\\/avatar\\\/f37349f777250847d2fca2ada474f5a6aadffa79d5284e8ad354a5c410a691ec?s=96&d=mm&r=g\",\"url\":\"https:\\\/\\\/secure.gravatar.com\\\/avatar\\\/f37349f777250847d2fca2ada474f5a6aadffa79d5284e8ad354a5c410a691ec?s=96&d=mm&r=g\",\"contentUrl\":\"https:\\\/\\\/secure.gravatar.com\\\/avatar\\\/f37349f777250847d2fca2ada474f5a6aadffa79d5284e8ad354a5c410a691ec?s=96&d=mm&r=g\",\"caption\":\"admin\"},\"sameAs\":[\"https:\\\/\\\/nordiccab.lt\"],\"url\":\"https:\\\/\\\/nordiccab.lt\\\/author\\\/admin\\\/\"}]}<\/script>\n<!-- \/ Yoast SEO plugin. -->","yoast_head_json":{"title":"DOJ teigia, kad ji klaidingai r\u0117m\u0117si ICE memorandumu, kad pateisint\u0173 imigracijos teismo r\u016bm\u0173 are\u0161tus - NORDICCAB.LT","robots":{"index":"index","follow":"follow","max-snippet":"max-snippet:-1","max-image-preview":"max-image-preview:large","max-video-preview":"max-video-preview:-1"},"canonical":"https:\/\/nordiccab.lt\/index.php\/2026\/03\/26\/doj-teigia-kad-ji-klaidingai-remesi-ice-memorandumu-kad-pateisintu-imigracijos-teismo-rumu-arestus\/","og_locale":"lt_LT","og_type":"article","og_title":"DOJ teigia, kad ji klaidingai r\u0117m\u0117si ICE memorandumu, kad pateisint\u0173 imigracijos teismo r\u016bm\u0173 are\u0161tus - NORDICCAB.LT","og_description":"Trumpo administracija teisme pripa\u017eino, kad ji klaidingai r\u0117m\u0117si ICE memorandumu, pateisindama are\u0161tus imigracijos teism\u0173 r\u016bmuose, kaip dal\u012f federalin\u0117s bylos, kuri\u0105&hellip;","og_url":"https:\/\/nordiccab.lt\/index.php\/2026\/03\/26\/doj-teigia-kad-ji-klaidingai-remesi-ice-memorandumu-kad-pateisintu-imigracijos-teismo-rumu-arestus\/","og_site_name":"NORDICCAB.LT","article_published_time":"2026-03-26T04:59:04+00:00","og_image":[{"url":"https:\/\/media-cldnry.s-nbcnews.com\/image\/upload\/t_fit-760w,f_auto,q_auto:best\/rockcms\/2026-03\/260325-ice-agents-nyc-vsb-2019-5f1b14.jpg","type":"","width":"","height":""}],"author":"admin","twitter_card":"summary_large_image","twitter_misc":{"Written by":"admin","Est. reading time":"3 minut\u0117s"},"schema":{"@context":"https:\/\/schema.org","@graph":[{"@type":"Article","@id":"https:\/\/nordiccab.lt\/index.php\/2026\/03\/26\/doj-teigia-kad-ji-klaidingai-remesi-ice-memorandumu-kad-pateisintu-imigracijos-teismo-rumu-arestus\/#article","isPartOf":{"@id":"https:\/\/nordiccab.lt\/index.php\/2026\/03\/26\/doj-teigia-kad-ji-klaidingai-remesi-ice-memorandumu-kad-pateisintu-imigracijos-teismo-rumu-arestus\/"},"author":{"name":"admin","@id":"https:\/\/nordiccab.lt\/#\/schema\/person\/1e06879215dcf15255113d53ae73289b"},"headline":"DOJ teigia, kad ji klaidingai r\u0117m\u0117si ICE memorandumu, kad pateisint\u0173 imigracijos teismo r\u016bm\u0173 are\u0161tus","datePublished":"2026-03-26T04:59:04+00:00","mainEntityOfPage":{"@id":"https:\/\/nordiccab.lt\/index.php\/2026\/03\/26\/doj-teigia-kad-ji-klaidingai-remesi-ice-memorandumu-kad-pateisintu-imigracijos-teismo-rumu-arestus\/"},"wordCount":697,"commentCount":0,"image":{"@id":"https:\/\/nordiccab.lt\/index.php\/2026\/03\/26\/doj-teigia-kad-ji-klaidingai-remesi-ice-memorandumu-kad-pateisintu-imigracijos-teismo-rumu-arestus\/#primaryimage"},"thumbnailUrl":"https:\/\/nordiccab.lt\/wp-content\/uploads\/2026\/03\/DOJ-teigia-kad-ji-klaidingai-remesi-ICE-memorandumu-kad-pateisintu.jpg","articleSection":["PASAULIO NAUJIENOS"],"inLanguage":"lt-LT","potentialAction":[{"@type":"CommentAction","name":"Comment","target":["https:\/\/nordiccab.lt\/index.php\/2026\/03\/26\/doj-teigia-kad-ji-klaidingai-remesi-ice-memorandumu-kad-pateisintu-imigracijos-teismo-rumu-arestus\/#respond"]}]},{"@type":"WebPage","@id":"https:\/\/nordiccab.lt\/index.php\/2026\/03\/26\/doj-teigia-kad-ji-klaidingai-remesi-ice-memorandumu-kad-pateisintu-imigracijos-teismo-rumu-arestus\/","url":"https:\/\/nordiccab.lt\/index.php\/2026\/03\/26\/doj-teigia-kad-ji-klaidingai-remesi-ice-memorandumu-kad-pateisintu-imigracijos-teismo-rumu-arestus\/","name":"DOJ teigia, kad ji klaidingai r\u0117m\u0117si ICE memorandumu, kad pateisint\u0173 imigracijos teismo r\u016bm\u0173 are\u0161tus - NORDICCAB.LT","isPartOf":{"@id":"https:\/\/nordiccab.lt\/#website"},"primaryImageOfPage":{"@id":"https:\/\/nordiccab.lt\/index.php\/2026\/03\/26\/doj-teigia-kad-ji-klaidingai-remesi-ice-memorandumu-kad-pateisintu-imigracijos-teismo-rumu-arestus\/#primaryimage"},"image":{"@id":"https:\/\/nordiccab.lt\/index.php\/2026\/03\/26\/doj-teigia-kad-ji-klaidingai-remesi-ice-memorandumu-kad-pateisintu-imigracijos-teismo-rumu-arestus\/#primaryimage"},"thumbnailUrl":"https:\/\/nordiccab.lt\/wp-content\/uploads\/2026\/03\/DOJ-teigia-kad-ji-klaidingai-remesi-ICE-memorandumu-kad-pateisintu.jpg","datePublished":"2026-03-26T04:59:04+00:00","author":{"@id":"https:\/\/nordiccab.lt\/#\/schema\/person\/1e06879215dcf15255113d53ae73289b"},"breadcrumb":{"@id":"https:\/\/nordiccab.lt\/index.php\/2026\/03\/26\/doj-teigia-kad-ji-klaidingai-remesi-ice-memorandumu-kad-pateisintu-imigracijos-teismo-rumu-arestus\/#breadcrumb"},"inLanguage":"lt-LT","potentialAction":[{"@type":"ReadAction","target":["https:\/\/nordiccab.lt\/index.php\/2026\/03\/26\/doj-teigia-kad-ji-klaidingai-remesi-ice-memorandumu-kad-pateisintu-imigracijos-teismo-rumu-arestus\/"]}]},{"@type":"ImageObject","inLanguage":"lt-LT","@id":"https:\/\/nordiccab.lt\/index.php\/2026\/03\/26\/doj-teigia-kad-ji-klaidingai-remesi-ice-memorandumu-kad-pateisintu-imigracijos-teismo-rumu-arestus\/#primaryimage","url":"https:\/\/nordiccab.lt\/wp-content\/uploads\/2026\/03\/DOJ-teigia-kad-ji-klaidingai-remesi-ICE-memorandumu-kad-pateisintu.jpg","contentUrl":"https:\/\/nordiccab.lt\/wp-content\/uploads\/2026\/03\/DOJ-teigia-kad-ji-klaidingai-remesi-ICE-memorandumu-kad-pateisintu.jpg","width":1200,"height":630},{"@type":"BreadcrumbList","@id":"https:\/\/nordiccab.lt\/index.php\/2026\/03\/26\/doj-teigia-kad-ji-klaidingai-remesi-ice-memorandumu-kad-pateisintu-imigracijos-teismo-rumu-arestus\/#breadcrumb","itemListElement":[{"@type":"ListItem","position":1,"name":"Home","item":"https:\/\/nordiccab.lt\/"},{"@type":"ListItem","position":2,"name":"DOJ teigia, kad ji klaidingai r\u0117m\u0117si ICE memorandumu, kad pateisint\u0173 imigracijos teismo r\u016bm\u0173 are\u0161tus"}]},{"@type":"WebSite","@id":"https:\/\/nordiccab.lt\/#website","url":"https:\/\/nordiccab.lt\/","name":"NORDICCAB.LT","description":"Pasaulio naujienos, technologijos, automobiliai","potentialAction":[{"@type":"SearchAction","target":{"@type":"EntryPoint","urlTemplate":"https:\/\/nordiccab.lt\/?s={search_term_string}"},"query-input":{"@type":"PropertyValueSpecification","valueRequired":true,"valueName":"search_term_string"}}],"inLanguage":"lt-LT"},{"@type":"Person","@id":"https:\/\/nordiccab.lt\/#\/schema\/person\/1e06879215dcf15255113d53ae73289b","name":"admin","image":{"@type":"ImageObject","inLanguage":"lt-LT","@id":"https:\/\/secure.gravatar.com\/avatar\/f37349f777250847d2fca2ada474f5a6aadffa79d5284e8ad354a5c410a691ec?s=96&d=mm&r=g","url":"https:\/\/secure.gravatar.com\/avatar\/f37349f777250847d2fca2ada474f5a6aadffa79d5284e8ad354a5c410a691ec?s=96&d=mm&r=g","contentUrl":"https:\/\/secure.gravatar.com\/avatar\/f37349f777250847d2fca2ada474f5a6aadffa79d5284e8ad354a5c410a691ec?s=96&d=mm&r=g","caption":"admin"},"sameAs":["https:\/\/nordiccab.lt"],"url":"https:\/\/nordiccab.lt\/author\/admin\/"}]}},"_links":{"self":[{"href":"https:\/\/nordiccab.lt\/index.php\/wp-json\/wp\/v2\/posts\/1651","targetHints":{"allow":["GET"]}}],"collection":[{"href":"https:\/\/nordiccab.lt\/index.php\/wp-json\/wp\/v2\/posts"}],"about":[{"href":"https:\/\/nordiccab.lt\/index.php\/wp-json\/wp\/v2\/types\/post"}],"author":[{"embeddable":true,"href":"https:\/\/nordiccab.lt\/index.php\/wp-json\/wp\/v2\/users\/1"}],"replies":[{"embeddable":true,"href":"https:\/\/nordiccab.lt\/index.php\/wp-json\/wp\/v2\/comments?post=1651"}],"version-history":[{"count":0,"href":"https:\/\/nordiccab.lt\/index.php\/wp-json\/wp\/v2\/posts\/1651\/revisions"}],"wp:featuredmedia":[{"embeddable":true,"href":"https:\/\/nordiccab.lt\/index.php\/wp-json\/wp\/v2\/media\/1652"}],"wp:attachment":[{"href":"https:\/\/nordiccab.lt\/index.php\/wp-json\/wp\/v2\/media?parent=1651"}],"wp:term":[{"taxonomy":"category","embeddable":true,"href":"https:\/\/nordiccab.lt\/index.php\/wp-json\/wp\/v2\/categories?post=1651"},{"taxonomy":"post_tag","embeddable":true,"href":"https:\/\/nordiccab.lt\/index.php\/wp-json\/wp\/v2\/tags?post=1651"}],"curies":[{"name":"wp","href":"https:\/\/api.w.org\/{rel}","templated":true}]}}