{"id":1647,"date":"2026-03-25T04:58:02","date_gmt":"2026-03-25T04:58:02","guid":{"rendered":"https:\/\/nordiccab.lt\/index.php\/2026\/03\/25\/epsteino-buhalteris-ir-advokatas-atstovu-rumu-kolegijai-sake-kad-vyriausybes-tyrejai-niekada-ju-nekalbino\/"},"modified":"2026-03-25T04:58:02","modified_gmt":"2026-03-25T04:58:02","slug":"epsteino-buhalteris-ir-advokatas-atstovu-rumu-kolegijai-sake-kad-vyriausybes-tyrejai-niekada-ju-nekalbino","status":"publish","type":"post","link":"https:\/\/nordiccab.lt\/index.php\/2026\/03\/25\/epsteino-buhalteris-ir-advokatas-atstovu-rumu-kolegijai-sake-kad-vyriausybes-tyrejai-niekada-ju-nekalbino\/","title":{"rendered":"Epsteino buhalteris ir advokatas Atstov\u0173 r\u016bm\u0173 kolegijai sak\u0117, kad vyriausyb\u0117s tyr\u0117jai niekada j\u0173 nekalbino"},"content":{"rendered":"<p><\/p>\n<div xmlns:default=\"http:\/\/www.w3.org\/2000\/svg\">\n<p id=\"anchor-209d59\" class=\"body-graf\">Buhalteris ir Jeffrey Epsteino advokatas Atstov\u0173 r\u016bm\u0173 prie\u017ei\u016bros komitetui sak\u0117, kad vyriausyb\u0117s tyr\u0117jai niekada j\u0173 neapklaus\u0117 apie velion\u012f seksualin\u012f nusikalt\u0117l\u012f ir darb\u0105, kur\u012f jie atliko d\u0117l jo, remiantis antradien\u012f paskelbtais j\u0173 parodym\u0173 vaizdo \u012fra\u0161ais.<\/p>\n<p id=\"anchor-443852\" class=\"body-graf\">Kolegija \u0161\u012f m\u0117nes\u012f u\u017e u\u017edar\u0173 dur\u0173 apklaus\u0117 Epsteino buhalter\u012f Richard\u0105 Kahn\u0105 ir Epsteino advokat\u0105 Darren\u0105 Indyke&#8217;\u0105, vykdydama Epsteino tyrim\u0105. Abu tvirtino, kad nemat\u0117 joki\u0173 nusi\u017eengim\u0173, o vald\u017eios institucijos neapkaltino n\u0117 vieno nusi\u017eengimu.<\/p>\n<p id=\"anchor-e14dde\" class=\"body-graf\">Kahno ir Indyke&#8217;o parodymai, kad federaliniai tyr\u0117jai niekada j\u0173 neapklaus\u0117, kelia klausim\u0173 d\u0117l Teisingumo departamento per\u017ei\u016bros apie Epstein\u0105, kuri\u0105 Teisingumo departamentas ir FTB liepos m\u0117n. nepasira\u0161ytame bendrame memorandume, skelbian\u010diame, kad vyriausyb\u0117 neatskleis papildomos med\u017eiagos apie nukent\u0117jus\u012f finansinink\u0105, \u201ei\u0161sami\u0105\u201c.<\/p>\n<p id=\"anchor-331b9e\" class=\"body-graf\">Teisingumo departamentas nedelsdamas neatsak\u0117 \u012f antradienio vakar\u0105 pateikt\u0105 pra\u0161ym\u0105 pakomentuoti Kahno ir Indyke&#8217;o parodymus, taip pat neatsak\u0117 \u012f klausimus, kod\u0117l federaliniai tyr\u0117jai niekada neapklaus\u0117 dviej\u0173 jam met\u0173 metus dirbusi\u0173 \u017emoni\u0173.<\/p>\n<p id=\"anchor-69622f\" class=\"body-graf\">Kahno ir Indyke&#8217;o advokatas i\u0161 karto nepateik\u0117 papildomos informacijos apie j\u0173 parodymus.<\/p>\n<section class=\"inline-video inline-video--in-body\" data-testid=\"inline-video\" id=\"anchor-b6b8dd\">\n<div class=\"inline-video__background\">\n<div class=\"inline-video__player\">\n<div class=\"styles_gridStackWrapper__Z_AMc styles_videoContainer___xc7B video-container paused\" data-testid=\"gamma-video-player\">\n<div class=\"styles_gridStackWrapper__Z_AMc videoSlate styles_videoSlate__IvkAP\"><picture class=\"\" data-testid=\"picture\" data-flavor=\"focal\"><source media=\"(min-width: 1240px)\" srcset=\"https:\/\/media-cldnry.s-nbcnews.com\/image\/upload\/t_focal-860x484,f_auto,q_auto:best\/mpx\/2704722219\/2026_03\/1774041225577_now_hallie_epstein_lawyer_260319_S3_1920x1080-7vh98w.jpg\"\/><source media=\"(min-width: 758px)\" srcset=\"https:\/\/media-cldnry.s-nbcnews.com\/image\/upload\/t_focal-1000x563,f_auto,q_auto:best\/mpx\/2704722219\/2026_03\/1774041225577_now_hallie_epstein_lawyer_260319_S3_1920x1080-7vh98w.jpg\"\/><source media=\"(min-width: 320px)\" srcset=\"https:\/\/media-cldnry.s-nbcnews.com\/image\/upload\/t_focal-760x428,f_auto,q_auto:best\/mpx\/2704722219\/2026_03\/1774041225577_now_hallie_epstein_lawyer_260319_S3_1920x1080-7vh98w.jpg\"\/><\/picture><\/div>\n<\/div>\n<\/div>\n<\/div>\n<\/section>\n<p id=\"anchor-78b4f4\" class=\"body-graf\">Teisingumo departamentas i\u0161leido daugiau nei 3 milijonus fail\u0173, kuri\u0173 dauguma yra labai redaguoti, ta\u010diau beveik tiek pat sulaik\u0117, nurodydamas auk\u0173 apsaug\u0105, seksualin\u0117s prievartos prie\u0161 vaikus vaizdavim\u0105, smurto vaizdavim\u0105, dubliavim\u0105, advokato ir kliento privilegij\u0105 ir kitas prie\u017eastis.<\/p>\n<p id=\"anchor-94ec66\" class=\"body-graf\">Teisingumo departamentas v\u0117liau buvo priverstas atskleisti visas savo bylas apie Epstein\u0105 po to, kai buvo priimtas dvi\u0161alis Epstein fail\u0173 skaidrumo \u012fstatymas po konservatyvaus atsako \u012f Trumpo administracijos tvarkym\u0105 su failais.<\/p>\n<p id=\"anchor-5937f4\" class=\"body-graf\">Teisingumo departamentas pirm\u0105 kart\u0105 dalyvavo tiriant Epstein\u0105 beveik prie\u0161 20 met\u0173, kol federaliniai prokurorai pri\u017ei\u016br\u0117jo 2008 m. su juo nesusijus\u012f susitarim\u0105 d\u0117l baud\u017eiamojo persekiojimo. Jis buvo are\u0161tuotas 2019 metais d\u0117l federalini\u0173 kaltinim\u0173 prekyba seksu ir mir\u0117 savo kal\u0117jimo kameroje, kol lauk\u0117 teismo.<\/p>\n<p id=\"anchor-b60ac2\" class=\"body-graf\">Kahnas savo parei\u0161kime teig\u0117, kad jo \u201eniekada nebuvo apklaustas jokia vyriausyb\u0117s institucija\u201c, ta\u010diau jis gavo did\u017eiosios prisiekusi\u0173j\u0173 \u0161aukimo \u012f teism\u0105 pra\u0161ymus i\u0161 pietinio Niujorko rajono ir JAV Mergeli\u0173 sal\u0173 teisingumo departamento, kuriame buvo pra\u0161oma Epsteino valios ir 1953 m. Jis taip pat sak\u0117, kad namas gavo \u0161aukim\u0105 i\u0161 Atstov\u0173 r\u016bm\u0173 prie\u017ei\u016bros komiteto. Indyke&#8217;as prid\u016br\u0117, kad iki \u0161io m\u0117nesio jis pateik\u0117 dar du parei\u0161kimus, dviem atvejais, susijusiais su Epsteino palikimu.<\/p>\n<p id=\"anchor-2f6954\" class=\"body-graf\">Paklaustas, ar kuri nors teis\u0117saugos institucija kada nors susisiek\u0117 su juo d\u0117l Epsteino ar s\u0105mokslinink\u0117s Ghislaine Maxwell, Indyke&#8217;as House kolegijai atsak\u0117: \u201eNemanau, kad taip buvau\u201c.<\/p>\n<p id=\"anchor-e22a1a\" class=\"body-graf\">Kai jo v\u0117liau paklaus\u0117, ar jis nusteb\u0119s, kad jo neapklaus\u0117 teis\u0117sauga, Indyke&#8217;as atsak\u0117 ne, \u201eatsi\u017evelgiant \u012f mano, kaip pono Epsteino advokato, vaidmen\u012f\u201c.<\/p>\n<p id=\"anchor-18d51e\" class=\"body-graf\">Kahnas ir Indyke&#8217;as taip pat buvo paklausti, ar jie svarsto galimyb\u0119 i\u0161eiti i\u0161 darbo su Epsteinu, kai jis 2008 m. prisipa\u017eino kaltas d\u0117l nepilname\u010dio u\u017ekalbinimo. Kahnas sak\u0117, kad \u201ebe jokios abejon\u0117s\u201c tai apsvarst\u0117, bet galiausiai nusprend\u0117 pasilikti, nes \u201ebuvome finansin\u0117s kriz\u0117s viduryje, o a\u0161 tur\u0117jau i\u0161laikyti \u0161eim\u0105\u201c.<\/p>\n<p id=\"anchor-9a5aa1\" class=\"body-graf\">Kahnas sak\u0117, kad tik\u0117jo Epsteinu, kai Epsteinas jam pasak\u0117, kad \u201etai niekada nepasikartos\u201c.<\/p>\n<p id=\"anchor-475db6\" class=\"endmark body-graf\">Indyke&#8217;as sak\u0117 nesvarstantis mesti savo darbo ir prid\u016br\u0117, kad \u201etuo metu g\u0117r\u0117 Kool-Aid\u201c.<\/p>\n<\/div>\n<p><a href=\"https:\/\/www.nbcnews.com\/politics\/congress\/epstein-accountant-kahn-lawyer-indyke-never-interviewed-government-inv-rcna265024\" target=\"_blank\" rel=\"noopener\"> Nuoroda \u012f informacijos \u0161altin\u012f <\/a><\/p>\n","protected":false},"excerpt":{"rendered":"<p>Buhalteris ir Jeffrey Epsteino advokatas Atstov\u0173 r\u016bm\u0173 prie\u017ei\u016bros komitetui sak\u0117, kad vyriausyb\u0117s tyr\u0117jai niekada j\u0173 neapklaus\u0117 apie velion\u012f seksualin\u012f nusikalt\u0117l\u012f&hellip;<\/p>\n","protected":false},"author":1,"featured_media":1648,"comment_status":"open","ping_status":"open","sticky":false,"template":"","format":"standard","meta":{"footnotes":""},"categories":[4],"tags":[],"class_list":["post-1647","post","type-post","status-publish","format-standard","has-post-thumbnail","hentry","category-pasaulio-naujienos"],"yoast_head":"<!-- This site is optimized with the Yoast SEO plugin v27.5 - https:\/\/yoast.com\/product\/yoast-seo-wordpress\/ -->\n<title>Epsteino buhalteris ir advokatas Atstov\u0173 r\u016bm\u0173 kolegijai sak\u0117, kad vyriausyb\u0117s tyr\u0117jai niekada j\u0173 nekalbino - NORDICCAB.LT<\/title>\n<meta name=\"robots\" content=\"index, follow, max-snippet:-1, max-image-preview:large, max-video-preview:-1\" \/>\n<link rel=\"canonical\" href=\"https:\/\/nordiccab.lt\/index.php\/2026\/03\/25\/epsteino-buhalteris-ir-advokatas-atstovu-rumu-kolegijai-sake-kad-vyriausybes-tyrejai-niekada-ju-nekalbino\/\" \/>\n<meta property=\"og:locale\" content=\"lt_LT\" \/>\n<meta property=\"og:type\" content=\"article\" \/>\n<meta property=\"og:title\" content=\"Epsteino buhalteris ir advokatas Atstov\u0173 r\u016bm\u0173 kolegijai sak\u0117, kad vyriausyb\u0117s tyr\u0117jai niekada j\u0173 nekalbino - NORDICCAB.LT\" \/>\n<meta property=\"og:description\" content=\"Buhalteris ir Jeffrey Epsteino advokatas Atstov\u0173 r\u016bm\u0173 prie\u017ei\u016bros komitetui sak\u0117, kad vyriausyb\u0117s tyr\u0117jai niekada j\u0173 neapklaus\u0117 apie velion\u012f seksualin\u012f nusikalt\u0117l\u012f&hellip;\" \/>\n<meta property=\"og:url\" content=\"https:\/\/nordiccab.lt\/index.php\/2026\/03\/25\/epsteino-buhalteris-ir-advokatas-atstovu-rumu-kolegijai-sake-kad-vyriausybes-tyrejai-niekada-ju-nekalbino\/\" \/>\n<meta property=\"og:site_name\" content=\"NORDICCAB.LT\" \/>\n<meta property=\"article:published_time\" content=\"2026-03-25T04:58:02+00:00\" \/>\n<meta property=\"og:image\" content=\"https:\/\/media-cldnry.s-nbcnews.com\/image\/upload\/t_focal-760x428,f_auto,q_auto:best\/mpx\/2704722219\/2026_03\/1774041225577_now_hallie_epstein_lawyer_260319_S3_1920x1080-7vh98w.jpg\" \/>\n<meta name=\"author\" content=\"admin\" \/>\n<meta name=\"twitter:card\" content=\"summary_large_image\" \/>\n<meta name=\"twitter:label1\" content=\"Written by\" \/>\n\t<meta name=\"twitter:data1\" content=\"admin\" \/>\n\t<meta name=\"twitter:label2\" content=\"Est. reading time\" \/>\n\t<meta name=\"twitter:data2\" content=\"3 minut\u0117s\" \/>\n<script type=\"application\/ld+json\" class=\"yoast-schema-graph\">{\"@context\":\"https:\\\/\\\/schema.org\",\"@graph\":[{\"@type\":\"Article\",\"@id\":\"https:\\\/\\\/nordiccab.lt\\\/index.php\\\/2026\\\/03\\\/25\\\/epsteino-buhalteris-ir-advokatas-atstovu-rumu-kolegijai-sake-kad-vyriausybes-tyrejai-niekada-ju-nekalbino\\\/#article\",\"isPartOf\":{\"@id\":\"https:\\\/\\\/nordiccab.lt\\\/index.php\\\/2026\\\/03\\\/25\\\/epsteino-buhalteris-ir-advokatas-atstovu-rumu-kolegijai-sake-kad-vyriausybes-tyrejai-niekada-ju-nekalbino\\\/\"},\"author\":{\"name\":\"admin\",\"@id\":\"https:\\\/\\\/nordiccab.lt\\\/#\\\/schema\\\/person\\\/1e06879215dcf15255113d53ae73289b\"},\"headline\":\"Epsteino buhalteris ir advokatas Atstov\u0173 r\u016bm\u0173 kolegijai sak\u0117, kad vyriausyb\u0117s tyr\u0117jai niekada j\u0173 nekalbino\",\"datePublished\":\"2026-03-25T04:58:02+00:00\",\"mainEntityOfPage\":{\"@id\":\"https:\\\/\\\/nordiccab.lt\\\/index.php\\\/2026\\\/03\\\/25\\\/epsteino-buhalteris-ir-advokatas-atstovu-rumu-kolegijai-sake-kad-vyriausybes-tyrejai-niekada-ju-nekalbino\\\/\"},\"wordCount\":533,\"commentCount\":0,\"image\":{\"@id\":\"https:\\\/\\\/nordiccab.lt\\\/index.php\\\/2026\\\/03\\\/25\\\/epsteino-buhalteris-ir-advokatas-atstovu-rumu-kolegijai-sake-kad-vyriausybes-tyrejai-niekada-ju-nekalbino\\\/#primaryimage\"},\"thumbnailUrl\":\"https:\\\/\\\/nordiccab.lt\\\/wp-content\\\/uploads\\\/2026\\\/03\\\/Epsteino-buhalteris-ir-advokatas-Atstovu-rumu-kolegijai-sake-kad-vyriausybes.jpg\",\"articleSection\":[\"PASAULIO NAUJIENOS\"],\"inLanguage\":\"lt-LT\",\"potentialAction\":[{\"@type\":\"CommentAction\",\"name\":\"Comment\",\"target\":[\"https:\\\/\\\/nordiccab.lt\\\/index.php\\\/2026\\\/03\\\/25\\\/epsteino-buhalteris-ir-advokatas-atstovu-rumu-kolegijai-sake-kad-vyriausybes-tyrejai-niekada-ju-nekalbino\\\/#respond\"]}]},{\"@type\":\"WebPage\",\"@id\":\"https:\\\/\\\/nordiccab.lt\\\/index.php\\\/2026\\\/03\\\/25\\\/epsteino-buhalteris-ir-advokatas-atstovu-rumu-kolegijai-sake-kad-vyriausybes-tyrejai-niekada-ju-nekalbino\\\/\",\"url\":\"https:\\\/\\\/nordiccab.lt\\\/index.php\\\/2026\\\/03\\\/25\\\/epsteino-buhalteris-ir-advokatas-atstovu-rumu-kolegijai-sake-kad-vyriausybes-tyrejai-niekada-ju-nekalbino\\\/\",\"name\":\"Epsteino buhalteris ir advokatas Atstov\u0173 r\u016bm\u0173 kolegijai sak\u0117, kad vyriausyb\u0117s tyr\u0117jai niekada j\u0173 nekalbino - NORDICCAB.LT\",\"isPartOf\":{\"@id\":\"https:\\\/\\\/nordiccab.lt\\\/#website\"},\"primaryImageOfPage\":{\"@id\":\"https:\\\/\\\/nordiccab.lt\\\/index.php\\\/2026\\\/03\\\/25\\\/epsteino-buhalteris-ir-advokatas-atstovu-rumu-kolegijai-sake-kad-vyriausybes-tyrejai-niekada-ju-nekalbino\\\/#primaryimage\"},\"image\":{\"@id\":\"https:\\\/\\\/nordiccab.lt\\\/index.php\\\/2026\\\/03\\\/25\\\/epsteino-buhalteris-ir-advokatas-atstovu-rumu-kolegijai-sake-kad-vyriausybes-tyrejai-niekada-ju-nekalbino\\\/#primaryimage\"},\"thumbnailUrl\":\"https:\\\/\\\/nordiccab.lt\\\/wp-content\\\/uploads\\\/2026\\\/03\\\/Epsteino-buhalteris-ir-advokatas-Atstovu-rumu-kolegijai-sake-kad-vyriausybes.jpg\",\"datePublished\":\"2026-03-25T04:58:02+00:00\",\"author\":{\"@id\":\"https:\\\/\\\/nordiccab.lt\\\/#\\\/schema\\\/person\\\/1e06879215dcf15255113d53ae73289b\"},\"breadcrumb\":{\"@id\":\"https:\\\/\\\/nordiccab.lt\\\/index.php\\\/2026\\\/03\\\/25\\\/epsteino-buhalteris-ir-advokatas-atstovu-rumu-kolegijai-sake-kad-vyriausybes-tyrejai-niekada-ju-nekalbino\\\/#breadcrumb\"},\"inLanguage\":\"lt-LT\",\"potentialAction\":[{\"@type\":\"ReadAction\",\"target\":[\"https:\\\/\\\/nordiccab.lt\\\/index.php\\\/2026\\\/03\\\/25\\\/epsteino-buhalteris-ir-advokatas-atstovu-rumu-kolegijai-sake-kad-vyriausybes-tyrejai-niekada-ju-nekalbino\\\/\"]}]},{\"@type\":\"ImageObject\",\"inLanguage\":\"lt-LT\",\"@id\":\"https:\\\/\\\/nordiccab.lt\\\/index.php\\\/2026\\\/03\\\/25\\\/epsteino-buhalteris-ir-advokatas-atstovu-rumu-kolegijai-sake-kad-vyriausybes-tyrejai-niekada-ju-nekalbino\\\/#primaryimage\",\"url\":\"https:\\\/\\\/nordiccab.lt\\\/wp-content\\\/uploads\\\/2026\\\/03\\\/Epsteino-buhalteris-ir-advokatas-Atstovu-rumu-kolegijai-sake-kad-vyriausybes.jpg\",\"contentUrl\":\"https:\\\/\\\/nordiccab.lt\\\/wp-content\\\/uploads\\\/2026\\\/03\\\/Epsteino-buhalteris-ir-advokatas-Atstovu-rumu-kolegijai-sake-kad-vyriausybes.jpg\",\"width\":1200,\"height\":630},{\"@type\":\"BreadcrumbList\",\"@id\":\"https:\\\/\\\/nordiccab.lt\\\/index.php\\\/2026\\\/03\\\/25\\\/epsteino-buhalteris-ir-advokatas-atstovu-rumu-kolegijai-sake-kad-vyriausybes-tyrejai-niekada-ju-nekalbino\\\/#breadcrumb\",\"itemListElement\":[{\"@type\":\"ListItem\",\"position\":1,\"name\":\"Home\",\"item\":\"https:\\\/\\\/nordiccab.lt\\\/\"},{\"@type\":\"ListItem\",\"position\":2,\"name\":\"Epsteino buhalteris ir advokatas Atstov\u0173 r\u016bm\u0173 kolegijai sak\u0117, kad vyriausyb\u0117s tyr\u0117jai niekada j\u0173 nekalbino\"}]},{\"@type\":\"WebSite\",\"@id\":\"https:\\\/\\\/nordiccab.lt\\\/#website\",\"url\":\"https:\\\/\\\/nordiccab.lt\\\/\",\"name\":\"NORDICCAB.LT\",\"description\":\"Pasaulio naujienos, technologijos, automobiliai\",\"potentialAction\":[{\"@type\":\"SearchAction\",\"target\":{\"@type\":\"EntryPoint\",\"urlTemplate\":\"https:\\\/\\\/nordiccab.lt\\\/?s={search_term_string}\"},\"query-input\":{\"@type\":\"PropertyValueSpecification\",\"valueRequired\":true,\"valueName\":\"search_term_string\"}}],\"inLanguage\":\"lt-LT\"},{\"@type\":\"Person\",\"@id\":\"https:\\\/\\\/nordiccab.lt\\\/#\\\/schema\\\/person\\\/1e06879215dcf15255113d53ae73289b\",\"name\":\"admin\",\"image\":{\"@type\":\"ImageObject\",\"inLanguage\":\"lt-LT\",\"@id\":\"https:\\\/\\\/secure.gravatar.com\\\/avatar\\\/f37349f777250847d2fca2ada474f5a6aadffa79d5284e8ad354a5c410a691ec?s=96&d=mm&r=g\",\"url\":\"https:\\\/\\\/secure.gravatar.com\\\/avatar\\\/f37349f777250847d2fca2ada474f5a6aadffa79d5284e8ad354a5c410a691ec?s=96&d=mm&r=g\",\"contentUrl\":\"https:\\\/\\\/secure.gravatar.com\\\/avatar\\\/f37349f777250847d2fca2ada474f5a6aadffa79d5284e8ad354a5c410a691ec?s=96&d=mm&r=g\",\"caption\":\"admin\"},\"sameAs\":[\"https:\\\/\\\/nordiccab.lt\"],\"url\":\"https:\\\/\\\/nordiccab.lt\\\/author\\\/admin\\\/\"}]}<\/script>\n<!-- \/ Yoast SEO plugin. -->","yoast_head_json":{"title":"Epsteino buhalteris ir advokatas Atstov\u0173 r\u016bm\u0173 kolegijai sak\u0117, kad vyriausyb\u0117s tyr\u0117jai niekada j\u0173 nekalbino - NORDICCAB.LT","robots":{"index":"index","follow":"follow","max-snippet":"max-snippet:-1","max-image-preview":"max-image-preview:large","max-video-preview":"max-video-preview:-1"},"canonical":"https:\/\/nordiccab.lt\/index.php\/2026\/03\/25\/epsteino-buhalteris-ir-advokatas-atstovu-rumu-kolegijai-sake-kad-vyriausybes-tyrejai-niekada-ju-nekalbino\/","og_locale":"lt_LT","og_type":"article","og_title":"Epsteino buhalteris ir advokatas Atstov\u0173 r\u016bm\u0173 kolegijai sak\u0117, kad vyriausyb\u0117s tyr\u0117jai niekada j\u0173 nekalbino - NORDICCAB.LT","og_description":"Buhalteris ir Jeffrey Epsteino advokatas Atstov\u0173 r\u016bm\u0173 prie\u017ei\u016bros komitetui sak\u0117, kad vyriausyb\u0117s tyr\u0117jai niekada j\u0173 neapklaus\u0117 apie velion\u012f seksualin\u012f nusikalt\u0117l\u012f&hellip;","og_url":"https:\/\/nordiccab.lt\/index.php\/2026\/03\/25\/epsteino-buhalteris-ir-advokatas-atstovu-rumu-kolegijai-sake-kad-vyriausybes-tyrejai-niekada-ju-nekalbino\/","og_site_name":"NORDICCAB.LT","article_published_time":"2026-03-25T04:58:02+00:00","og_image":[{"url":"https:\/\/media-cldnry.s-nbcnews.com\/image\/upload\/t_focal-760x428,f_auto,q_auto:best\/mpx\/2704722219\/2026_03\/1774041225577_now_hallie_epstein_lawyer_260319_S3_1920x1080-7vh98w.jpg","type":"","width":"","height":""}],"author":"admin","twitter_card":"summary_large_image","twitter_misc":{"Written by":"admin","Est. reading time":"3 minut\u0117s"},"schema":{"@context":"https:\/\/schema.org","@graph":[{"@type":"Article","@id":"https:\/\/nordiccab.lt\/index.php\/2026\/03\/25\/epsteino-buhalteris-ir-advokatas-atstovu-rumu-kolegijai-sake-kad-vyriausybes-tyrejai-niekada-ju-nekalbino\/#article","isPartOf":{"@id":"https:\/\/nordiccab.lt\/index.php\/2026\/03\/25\/epsteino-buhalteris-ir-advokatas-atstovu-rumu-kolegijai-sake-kad-vyriausybes-tyrejai-niekada-ju-nekalbino\/"},"author":{"name":"admin","@id":"https:\/\/nordiccab.lt\/#\/schema\/person\/1e06879215dcf15255113d53ae73289b"},"headline":"Epsteino buhalteris ir advokatas Atstov\u0173 r\u016bm\u0173 kolegijai sak\u0117, kad vyriausyb\u0117s tyr\u0117jai niekada j\u0173 nekalbino","datePublished":"2026-03-25T04:58:02+00:00","mainEntityOfPage":{"@id":"https:\/\/nordiccab.lt\/index.php\/2026\/03\/25\/epsteino-buhalteris-ir-advokatas-atstovu-rumu-kolegijai-sake-kad-vyriausybes-tyrejai-niekada-ju-nekalbino\/"},"wordCount":533,"commentCount":0,"image":{"@id":"https:\/\/nordiccab.lt\/index.php\/2026\/03\/25\/epsteino-buhalteris-ir-advokatas-atstovu-rumu-kolegijai-sake-kad-vyriausybes-tyrejai-niekada-ju-nekalbino\/#primaryimage"},"thumbnailUrl":"https:\/\/nordiccab.lt\/wp-content\/uploads\/2026\/03\/Epsteino-buhalteris-ir-advokatas-Atstovu-rumu-kolegijai-sake-kad-vyriausybes.jpg","articleSection":["PASAULIO NAUJIENOS"],"inLanguage":"lt-LT","potentialAction":[{"@type":"CommentAction","name":"Comment","target":["https:\/\/nordiccab.lt\/index.php\/2026\/03\/25\/epsteino-buhalteris-ir-advokatas-atstovu-rumu-kolegijai-sake-kad-vyriausybes-tyrejai-niekada-ju-nekalbino\/#respond"]}]},{"@type":"WebPage","@id":"https:\/\/nordiccab.lt\/index.php\/2026\/03\/25\/epsteino-buhalteris-ir-advokatas-atstovu-rumu-kolegijai-sake-kad-vyriausybes-tyrejai-niekada-ju-nekalbino\/","url":"https:\/\/nordiccab.lt\/index.php\/2026\/03\/25\/epsteino-buhalteris-ir-advokatas-atstovu-rumu-kolegijai-sake-kad-vyriausybes-tyrejai-niekada-ju-nekalbino\/","name":"Epsteino buhalteris ir advokatas Atstov\u0173 r\u016bm\u0173 kolegijai sak\u0117, kad vyriausyb\u0117s tyr\u0117jai niekada j\u0173 nekalbino - NORDICCAB.LT","isPartOf":{"@id":"https:\/\/nordiccab.lt\/#website"},"primaryImageOfPage":{"@id":"https:\/\/nordiccab.lt\/index.php\/2026\/03\/25\/epsteino-buhalteris-ir-advokatas-atstovu-rumu-kolegijai-sake-kad-vyriausybes-tyrejai-niekada-ju-nekalbino\/#primaryimage"},"image":{"@id":"https:\/\/nordiccab.lt\/index.php\/2026\/03\/25\/epsteino-buhalteris-ir-advokatas-atstovu-rumu-kolegijai-sake-kad-vyriausybes-tyrejai-niekada-ju-nekalbino\/#primaryimage"},"thumbnailUrl":"https:\/\/nordiccab.lt\/wp-content\/uploads\/2026\/03\/Epsteino-buhalteris-ir-advokatas-Atstovu-rumu-kolegijai-sake-kad-vyriausybes.jpg","datePublished":"2026-03-25T04:58:02+00:00","author":{"@id":"https:\/\/nordiccab.lt\/#\/schema\/person\/1e06879215dcf15255113d53ae73289b"},"breadcrumb":{"@id":"https:\/\/nordiccab.lt\/index.php\/2026\/03\/25\/epsteino-buhalteris-ir-advokatas-atstovu-rumu-kolegijai-sake-kad-vyriausybes-tyrejai-niekada-ju-nekalbino\/#breadcrumb"},"inLanguage":"lt-LT","potentialAction":[{"@type":"ReadAction","target":["https:\/\/nordiccab.lt\/index.php\/2026\/03\/25\/epsteino-buhalteris-ir-advokatas-atstovu-rumu-kolegijai-sake-kad-vyriausybes-tyrejai-niekada-ju-nekalbino\/"]}]},{"@type":"ImageObject","inLanguage":"lt-LT","@id":"https:\/\/nordiccab.lt\/index.php\/2026\/03\/25\/epsteino-buhalteris-ir-advokatas-atstovu-rumu-kolegijai-sake-kad-vyriausybes-tyrejai-niekada-ju-nekalbino\/#primaryimage","url":"https:\/\/nordiccab.lt\/wp-content\/uploads\/2026\/03\/Epsteino-buhalteris-ir-advokatas-Atstovu-rumu-kolegijai-sake-kad-vyriausybes.jpg","contentUrl":"https:\/\/nordiccab.lt\/wp-content\/uploads\/2026\/03\/Epsteino-buhalteris-ir-advokatas-Atstovu-rumu-kolegijai-sake-kad-vyriausybes.jpg","width":1200,"height":630},{"@type":"BreadcrumbList","@id":"https:\/\/nordiccab.lt\/index.php\/2026\/03\/25\/epsteino-buhalteris-ir-advokatas-atstovu-rumu-kolegijai-sake-kad-vyriausybes-tyrejai-niekada-ju-nekalbino\/#breadcrumb","itemListElement":[{"@type":"ListItem","position":1,"name":"Home","item":"https:\/\/nordiccab.lt\/"},{"@type":"ListItem","position":2,"name":"Epsteino buhalteris ir advokatas Atstov\u0173 r\u016bm\u0173 kolegijai sak\u0117, kad vyriausyb\u0117s tyr\u0117jai niekada j\u0173 nekalbino"}]},{"@type":"WebSite","@id":"https:\/\/nordiccab.lt\/#website","url":"https:\/\/nordiccab.lt\/","name":"NORDICCAB.LT","description":"Pasaulio naujienos, technologijos, automobiliai","potentialAction":[{"@type":"SearchAction","target":{"@type":"EntryPoint","urlTemplate":"https:\/\/nordiccab.lt\/?s={search_term_string}"},"query-input":{"@type":"PropertyValueSpecification","valueRequired":true,"valueName":"search_term_string"}}],"inLanguage":"lt-LT"},{"@type":"Person","@id":"https:\/\/nordiccab.lt\/#\/schema\/person\/1e06879215dcf15255113d53ae73289b","name":"admin","image":{"@type":"ImageObject","inLanguage":"lt-LT","@id":"https:\/\/secure.gravatar.com\/avatar\/f37349f777250847d2fca2ada474f5a6aadffa79d5284e8ad354a5c410a691ec?s=96&d=mm&r=g","url":"https:\/\/secure.gravatar.com\/avatar\/f37349f777250847d2fca2ada474f5a6aadffa79d5284e8ad354a5c410a691ec?s=96&d=mm&r=g","contentUrl":"https:\/\/secure.gravatar.com\/avatar\/f37349f777250847d2fca2ada474f5a6aadffa79d5284e8ad354a5c410a691ec?s=96&d=mm&r=g","caption":"admin"},"sameAs":["https:\/\/nordiccab.lt"],"url":"https:\/\/nordiccab.lt\/author\/admin\/"}]}},"_links":{"self":[{"href":"https:\/\/nordiccab.lt\/index.php\/wp-json\/wp\/v2\/posts\/1647","targetHints":{"allow":["GET"]}}],"collection":[{"href":"https:\/\/nordiccab.lt\/index.php\/wp-json\/wp\/v2\/posts"}],"about":[{"href":"https:\/\/nordiccab.lt\/index.php\/wp-json\/wp\/v2\/types\/post"}],"author":[{"embeddable":true,"href":"https:\/\/nordiccab.lt\/index.php\/wp-json\/wp\/v2\/users\/1"}],"replies":[{"embeddable":true,"href":"https:\/\/nordiccab.lt\/index.php\/wp-json\/wp\/v2\/comments?post=1647"}],"version-history":[{"count":0,"href":"https:\/\/nordiccab.lt\/index.php\/wp-json\/wp\/v2\/posts\/1647\/revisions"}],"wp:featuredmedia":[{"embeddable":true,"href":"https:\/\/nordiccab.lt\/index.php\/wp-json\/wp\/v2\/media\/1648"}],"wp:attachment":[{"href":"https:\/\/nordiccab.lt\/index.php\/wp-json\/wp\/v2\/media?parent=1647"}],"wp:term":[{"taxonomy":"category","embeddable":true,"href":"https:\/\/nordiccab.lt\/index.php\/wp-json\/wp\/v2\/categories?post=1647"},{"taxonomy":"post_tag","embeddable":true,"href":"https:\/\/nordiccab.lt\/index.php\/wp-json\/wp\/v2\/tags?post=1647"}],"curies":[{"name":"wp","href":"https:\/\/api.w.org\/{rel}","templated":true}]}}