{"id":1612,"date":"2026-03-17T04:12:34","date_gmt":"2026-03-17T04:12:34","guid":{"rendered":"https:\/\/nordiccab.lt\/index.php\/2026\/03\/17\/trumpas-sako-kad-del-irano-karo-jav-nori-atideti-kelione-i-kinija-mazdaug-menesiu\/"},"modified":"2026-03-17T04:12:34","modified_gmt":"2026-03-17T04:12:34","slug":"trumpas-sako-kad-del-irano-karo-jav-nori-atideti-kelione-i-kinija-mazdaug-menesiu","status":"publish","type":"post","link":"https:\/\/nordiccab.lt\/index.php\/2026\/03\/17\/trumpas-sako-kad-del-irano-karo-jav-nori-atideti-kelione-i-kinija-mazdaug-menesiu\/","title":{"rendered":"Trumpas sako, kad d\u0117l Irano karo JAV nori atid\u0117ti kelion\u0119 \u012f Kinij\u0105 \u201ema\u017edaug m\u0117nesiu\u201c."},"content":{"rendered":"<p><\/p>\n<div xmlns:default=\"http:\/\/www.w3.org\/2000\/svg\">\n<p id=\"anchor-6a78ed\" class=\"body-graf\">Prezidentas Donaldas Trumpas pirmadien\u012f parei\u0161k\u0117, kad JAV papra\u0161\u0117 atid\u0117ti jo kelion\u0119 \u012f Kinij\u0105 \u201ema\u017edaug m\u0117nesiui\u201c, remdamasis karu Irane.<\/p>\n<p id=\"anchor-268de4\" class=\"body-graf\">Trumpas \u017eurnalistams Ovaliame kabinete sak\u0117 ne\u017einantis, ar vis dar planuoja m\u0117nesio pabaigoje vykti \u012f Pekin\u0105 susitikti su Kinijos prezidentu Xi Jinpingu, kaip buvo planuota anks\u010diau.<\/p>\n<p id=\"anchor-398952\" class=\"body-graf\">&#8222;A\u0161 labai nor\u0117\u010diau, bet d\u0117l \u200b\u200bkaro noriu b\u016bti \u010dia. Turiu b\u016bti \u010dia, jau\u010diu. Taigi mes papra\u0161\u0117me atid\u0117ti tai m\u0117nesiui ar daugiau&#8221;, &#8211; sak\u0117 Trumpas.<\/p>\n<p id=\"anchor-581c57\" class=\"body-graf\">&#8222;Tai labai paprasta. Pas mus vyksta karas. Manau, svarbu, kad b\u016b\u010diau \u010dia, tod\u0117l gali b\u016bti, kad \u0161iek tiek delsime, o ne daug&#8221;, &#8211; prid\u016br\u0117 jis.<\/p>\n<p id=\"anchor-a286ea\" class=\"body-graf\">Kinijos ambasada Va\u0161ingtone i\u0161 karto neatsak\u0117 \u012f pra\u0161ym\u0105 pakomentuoti D. Trumpo komentarus.<\/p>\n<p id=\"anchor-05b42d\" class=\"body-graf\">Trumpo administracija prad\u0117jo kelti abejoni\u0173 d\u0117l \u0161ios kelion\u0117s anks\u010diau t\u0105 pa\u010di\u0105 dien\u0105, kai i\u017edo sekretorius Scottas Bessentas parei\u0161k\u0117, kad ji gali ne\u012fvykti taip, kaip planuota. Bessent teig\u0117, kad bet koks delsimas nebuvo taktika, kuria siekiama spausti Pekin\u0105 \u012fsitraukti \u012f Horm\u016bzo s\u0105siaur\u012f.<\/p>\n<p id=\"anchor-6c94ca\" class=\"body-graf\">Atrod\u0117, kad Bessent tur\u0117jo omenyje \u201eThe Financial Times\u201c straipsn\u012f, kuriame teigiama, kad D. Trumpas viename interviu sak\u0117 norintis, kad Kinija pad\u0117t\u0173 v\u0117l atverti Horm\u016bzo s\u0105siaur\u012f, ir kad jis nor\u0117jo tai su\u017einoti prie\u0161 planuojam\u0105 vir\u0161\u016bni\u0173 susitikim\u0105.<\/p>\n<p id=\"anchor-16dafa\" class=\"body-graf\">Horm\u016bzo s\u0105siauris \u2013 pagrindinis prekybos kelias, kuriuo teka apie penktadalis pasaulio naftos \u2013 i\u0161 esm\u0117s u\u017edarytas, kai po karo prad\u017eios buvo u\u017epulti keli laivai. Iranas pagrasino smogti laivams mar\u0161rute, besiribojan\u010diame su jo pakrante, sukeldamas sumai\u0161t\u012f pasaulio rinkose.<\/p>\n<p id=\"anchor-448d4b\" class=\"body-graf\">Trumpas, pra\u0117jusi\u0105 savait\u0119 sak\u0119s, kad JAV sunaikino 28 laivus, galin\u010dius statyti min\u0173, nori, kad kitos \u0161alys pad\u0117t\u0173 atnaujinti laivybos kanal\u0105. Duodamas interviu telefonu televizijai NBC News \u0161e\u0161tadien\u012f Trumpas sak\u0117, kad kelios \u0161alys pad\u0117s apsaugoti s\u0105siaur\u012f, o \u012fra\u0161e \u201eTruth Social\u201c jis i\u0161vardijo Kinij\u0105, Pranc\u016bzij\u0105, Japonij\u0105, Piet\u0173 Kor\u0117j\u0105, JK ir \u201ekitas\u201c tarp \u0161ali\u0173, kurios, jo tik\u0117josi, suteiks savo pagalb\u0105.<\/p>\n<section class=\"inline-video inline-video--in-body\" data-testid=\"inline-video\" id=\"anchor-84238e\">\n<div class=\"inline-video__background\">\n<div class=\"inline-video__player\">\n<div class=\"styles_gridStackWrapper__Z_AMc styles_videoContainer___xc7B video-container paused\" data-testid=\"gamma-video-player\">\n<div class=\"styles_gridStackWrapper__Z_AMc videoSlate styles_videoSlate__IvkAP\"><picture class=\"\" data-testid=\"picture\" data-flavor=\"focal\"><source media=\"(min-width: 1240px)\" srcset=\"https:\/\/media-cldnry.s-nbcnews.com\/image\/upload\/t_focal-860x484,f_auto,q_auto:best\/mpx\/2704722219\/2026_03\/1773701716340_nn_ggu_trump_strait_of_hormuz_260316_1920x1080-hflapz.jpg\"\/><source media=\"(min-width: 758px)\" srcset=\"https:\/\/media-cldnry.s-nbcnews.com\/image\/upload\/t_focal-1000x563,f_auto,q_auto:best\/mpx\/2704722219\/2026_03\/1773701716340_nn_ggu_trump_strait_of_hormuz_260316_1920x1080-hflapz.jpg\"\/><source media=\"(min-width: 320px)\" srcset=\"https:\/\/media-cldnry.s-nbcnews.com\/image\/upload\/t_focal-760x428,f_auto,q_auto:best\/mpx\/2704722219\/2026_03\/1773701716340_nn_ggu_trump_strait_of_hormuz_260316_1920x1080-hflapz.jpg\"\/><\/picture><\/div>\n<\/div>\n<\/div>\n<\/div>\n<\/section>\n<p id=\"anchor-c87253\" class=\"body-graf\">Energetikos sekretorius Chrisas Wrightas sekmadien\u012f NBC News laidai \u201eMeet the Press\u201c sak\u0117, kad tikisi, kad Kinija bus \u201ekonstruktyvi partner\u0117\u201c. Ta\u010diau Kinijos ambasados \u200b\u200bVa\u0161ingtone atstovas CNN sak\u0117, kad Kinija nori, kad karo veiksmai b\u016bt\u0173 nutraukti, neatsi\u017evelgdama \u012f D. Trumpo pra\u0161ym\u0105.<\/p>\n<p id=\"anchor-50d068\" class=\"body-graf\">Kinija, did\u017eiausia pasaulyje energijos importuotoja, kuri Iran\u0105 laiko s\u0105jungininku, pasmerk\u0117 JAV ir Izraelio sm\u016bgius Iranui, teigdama, kad jie \u201epa\u017eeid\u017eia tarptautin\u0119 teis\u0119\u201c ir gyn\u0117 Irano suverenitet\u0105.<\/p>\n<p id=\"anchor-cb6bab\" class=\"endmark body-graf\">Ma\u017edaug pus\u0119 savo naftos Kinija gauna i\u0161 Artim\u0173j\u0173 Ryt\u0173, o tai rei\u0161kia, kad u\u017eblokuotas s\u0105siauris gali rimtai paveikti jos ekonomik\u0105. Pra\u0117jusi\u0105 savait\u0119 naujien\u0173 agent\u016bra \u201eAssociated Press\u201c prane\u0161\u0117, kad per s\u0105siaur\u012f plaukiantys laivai prad\u0117jo identifikuoti es\u0105 susij\u0119 su Kinija, kad i\u0161vengt\u0173 atak\u0173. Bessent taip pat sak\u0117, kad kai kurie laivai, \u012fskaitant Kinijos laivus, s\u0117kmingai \u012fveikia s\u0105siaur\u012f.<\/p>\n<\/div>\n<p><a href=\"https:\/\/www.nbcnews.com\/politics\/trump-administration\/us-wants-delay-china-trip-xi-jinping-meeting-month-due-iran-war-rcna263792\" target=\"_blank\" rel=\"noopener\"> Nuoroda \u012f informacijos \u0161altin\u012f <\/a><\/p>\n","protected":false},"excerpt":{"rendered":"<p>Prezidentas Donaldas Trumpas pirmadien\u012f parei\u0161k\u0117, kad JAV papra\u0161\u0117 atid\u0117ti jo kelion\u0119 \u012f Kinij\u0105 \u201ema\u017edaug m\u0117nesiui\u201c, remdamasis karu Irane. Trumpas \u017eurnalistams&hellip;<\/p>\n","protected":false},"author":1,"featured_media":1613,"comment_status":"open","ping_status":"open","sticky":false,"template":"","format":"standard","meta":{"footnotes":""},"categories":[4],"tags":[],"class_list":["post-1612","post","type-post","status-publish","format-standard","has-post-thumbnail","hentry","category-pasaulio-naujienos"],"yoast_head":"<!-- This site is optimized with the Yoast SEO plugin v27.5 - https:\/\/yoast.com\/product\/yoast-seo-wordpress\/ -->\n<title>Trumpas sako, kad d\u0117l Irano karo JAV nori atid\u0117ti kelion\u0119 \u012f Kinij\u0105 \u201ema\u017edaug m\u0117nesiu\u201c. - NORDICCAB.LT<\/title>\n<meta name=\"robots\" content=\"index, follow, max-snippet:-1, max-image-preview:large, max-video-preview:-1\" \/>\n<link rel=\"canonical\" href=\"https:\/\/nordiccab.lt\/index.php\/2026\/03\/17\/trumpas-sako-kad-del-irano-karo-jav-nori-atideti-kelione-i-kinija-mazdaug-menesiu\/\" \/>\n<meta property=\"og:locale\" content=\"lt_LT\" \/>\n<meta property=\"og:type\" content=\"article\" \/>\n<meta property=\"og:title\" content=\"Trumpas sako, kad d\u0117l Irano karo JAV nori atid\u0117ti kelion\u0119 \u012f Kinij\u0105 \u201ema\u017edaug m\u0117nesiu\u201c. - NORDICCAB.LT\" \/>\n<meta property=\"og:description\" content=\"Prezidentas Donaldas Trumpas pirmadien\u012f parei\u0161k\u0117, kad JAV papra\u0161\u0117 atid\u0117ti jo kelion\u0119 \u012f Kinij\u0105 \u201ema\u017edaug m\u0117nesiui\u201c, remdamasis karu Irane. Trumpas \u017eurnalistams&hellip;\" \/>\n<meta property=\"og:url\" content=\"https:\/\/nordiccab.lt\/index.php\/2026\/03\/17\/trumpas-sako-kad-del-irano-karo-jav-nori-atideti-kelione-i-kinija-mazdaug-menesiu\/\" \/>\n<meta property=\"og:site_name\" content=\"NORDICCAB.LT\" \/>\n<meta property=\"article:published_time\" content=\"2026-03-17T04:12:34+00:00\" \/>\n<meta property=\"og:image\" content=\"https:\/\/media-cldnry.s-nbcnews.com\/image\/upload\/t_focal-760x428,f_auto,q_auto:best\/mpx\/2704722219\/2026_03\/1773701716340_nn_ggu_trump_strait_of_hormuz_260316_1920x1080-hflapz.jpg\" \/>\n<meta name=\"author\" content=\"admin\" \/>\n<meta name=\"twitter:card\" content=\"summary_large_image\" \/>\n<meta name=\"twitter:label1\" content=\"Written by\" \/>\n\t<meta name=\"twitter:data1\" content=\"admin\" \/>\n\t<meta name=\"twitter:label2\" content=\"Est. reading time\" \/>\n\t<meta name=\"twitter:data2\" content=\"2 minut\u0117s\" \/>\n<script type=\"application\/ld+json\" class=\"yoast-schema-graph\">{\"@context\":\"https:\\\/\\\/schema.org\",\"@graph\":[{\"@type\":\"Article\",\"@id\":\"https:\\\/\\\/nordiccab.lt\\\/index.php\\\/2026\\\/03\\\/17\\\/trumpas-sako-kad-del-irano-karo-jav-nori-atideti-kelione-i-kinija-mazdaug-menesiu\\\/#article\",\"isPartOf\":{\"@id\":\"https:\\\/\\\/nordiccab.lt\\\/index.php\\\/2026\\\/03\\\/17\\\/trumpas-sako-kad-del-irano-karo-jav-nori-atideti-kelione-i-kinija-mazdaug-menesiu\\\/\"},\"author\":{\"name\":\"admin\",\"@id\":\"https:\\\/\\\/nordiccab.lt\\\/#\\\/schema\\\/person\\\/1e06879215dcf15255113d53ae73289b\"},\"headline\":\"Trumpas sako, kad d\u0117l Irano karo JAV nori atid\u0117ti kelion\u0119 \u012f Kinij\u0105 \u201ema\u017edaug m\u0117nesiu\u201c.\",\"datePublished\":\"2026-03-17T04:12:34+00:00\",\"mainEntityOfPage\":{\"@id\":\"https:\\\/\\\/nordiccab.lt\\\/index.php\\\/2026\\\/03\\\/17\\\/trumpas-sako-kad-del-irano-karo-jav-nori-atideti-kelione-i-kinija-mazdaug-menesiu\\\/\"},\"wordCount\":487,\"commentCount\":0,\"image\":{\"@id\":\"https:\\\/\\\/nordiccab.lt\\\/index.php\\\/2026\\\/03\\\/17\\\/trumpas-sako-kad-del-irano-karo-jav-nori-atideti-kelione-i-kinija-mazdaug-menesiu\\\/#primaryimage\"},\"thumbnailUrl\":\"https:\\\/\\\/nordiccab.lt\\\/wp-content\\\/uploads\\\/2026\\\/03\\\/Trumpas-sako-kad-del-Irano-karo-JAV-nori-atideti-kelione.jpg\",\"articleSection\":[\"PASAULIO NAUJIENOS\"],\"inLanguage\":\"lt-LT\",\"potentialAction\":[{\"@type\":\"CommentAction\",\"name\":\"Comment\",\"target\":[\"https:\\\/\\\/nordiccab.lt\\\/index.php\\\/2026\\\/03\\\/17\\\/trumpas-sako-kad-del-irano-karo-jav-nori-atideti-kelione-i-kinija-mazdaug-menesiu\\\/#respond\"]}]},{\"@type\":\"WebPage\",\"@id\":\"https:\\\/\\\/nordiccab.lt\\\/index.php\\\/2026\\\/03\\\/17\\\/trumpas-sako-kad-del-irano-karo-jav-nori-atideti-kelione-i-kinija-mazdaug-menesiu\\\/\",\"url\":\"https:\\\/\\\/nordiccab.lt\\\/index.php\\\/2026\\\/03\\\/17\\\/trumpas-sako-kad-del-irano-karo-jav-nori-atideti-kelione-i-kinija-mazdaug-menesiu\\\/\",\"name\":\"Trumpas sako, kad d\u0117l Irano karo JAV nori atid\u0117ti kelion\u0119 \u012f Kinij\u0105 \u201ema\u017edaug m\u0117nesiu\u201c. - NORDICCAB.LT\",\"isPartOf\":{\"@id\":\"https:\\\/\\\/nordiccab.lt\\\/#website\"},\"primaryImageOfPage\":{\"@id\":\"https:\\\/\\\/nordiccab.lt\\\/index.php\\\/2026\\\/03\\\/17\\\/trumpas-sako-kad-del-irano-karo-jav-nori-atideti-kelione-i-kinija-mazdaug-menesiu\\\/#primaryimage\"},\"image\":{\"@id\":\"https:\\\/\\\/nordiccab.lt\\\/index.php\\\/2026\\\/03\\\/17\\\/trumpas-sako-kad-del-irano-karo-jav-nori-atideti-kelione-i-kinija-mazdaug-menesiu\\\/#primaryimage\"},\"thumbnailUrl\":\"https:\\\/\\\/nordiccab.lt\\\/wp-content\\\/uploads\\\/2026\\\/03\\\/Trumpas-sako-kad-del-Irano-karo-JAV-nori-atideti-kelione.jpg\",\"datePublished\":\"2026-03-17T04:12:34+00:00\",\"author\":{\"@id\":\"https:\\\/\\\/nordiccab.lt\\\/#\\\/schema\\\/person\\\/1e06879215dcf15255113d53ae73289b\"},\"breadcrumb\":{\"@id\":\"https:\\\/\\\/nordiccab.lt\\\/index.php\\\/2026\\\/03\\\/17\\\/trumpas-sako-kad-del-irano-karo-jav-nori-atideti-kelione-i-kinija-mazdaug-menesiu\\\/#breadcrumb\"},\"inLanguage\":\"lt-LT\",\"potentialAction\":[{\"@type\":\"ReadAction\",\"target\":[\"https:\\\/\\\/nordiccab.lt\\\/index.php\\\/2026\\\/03\\\/17\\\/trumpas-sako-kad-del-irano-karo-jav-nori-atideti-kelione-i-kinija-mazdaug-menesiu\\\/\"]}]},{\"@type\":\"ImageObject\",\"inLanguage\":\"lt-LT\",\"@id\":\"https:\\\/\\\/nordiccab.lt\\\/index.php\\\/2026\\\/03\\\/17\\\/trumpas-sako-kad-del-irano-karo-jav-nori-atideti-kelione-i-kinija-mazdaug-menesiu\\\/#primaryimage\",\"url\":\"https:\\\/\\\/nordiccab.lt\\\/wp-content\\\/uploads\\\/2026\\\/03\\\/Trumpas-sako-kad-del-Irano-karo-JAV-nori-atideti-kelione.jpg\",\"contentUrl\":\"https:\\\/\\\/nordiccab.lt\\\/wp-content\\\/uploads\\\/2026\\\/03\\\/Trumpas-sako-kad-del-Irano-karo-JAV-nori-atideti-kelione.jpg\",\"width\":1200,\"height\":630},{\"@type\":\"BreadcrumbList\",\"@id\":\"https:\\\/\\\/nordiccab.lt\\\/index.php\\\/2026\\\/03\\\/17\\\/trumpas-sako-kad-del-irano-karo-jav-nori-atideti-kelione-i-kinija-mazdaug-menesiu\\\/#breadcrumb\",\"itemListElement\":[{\"@type\":\"ListItem\",\"position\":1,\"name\":\"Home\",\"item\":\"https:\\\/\\\/nordiccab.lt\\\/\"},{\"@type\":\"ListItem\",\"position\":2,\"name\":\"Trumpas sako, kad d\u0117l Irano karo JAV nori atid\u0117ti kelion\u0119 \u012f Kinij\u0105 \u201ema\u017edaug m\u0117nesiu\u201c.\"}]},{\"@type\":\"WebSite\",\"@id\":\"https:\\\/\\\/nordiccab.lt\\\/#website\",\"url\":\"https:\\\/\\\/nordiccab.lt\\\/\",\"name\":\"NORDICCAB.LT\",\"description\":\"Pasaulio naujienos, technologijos, automobiliai\",\"potentialAction\":[{\"@type\":\"SearchAction\",\"target\":{\"@type\":\"EntryPoint\",\"urlTemplate\":\"https:\\\/\\\/nordiccab.lt\\\/?s={search_term_string}\"},\"query-input\":{\"@type\":\"PropertyValueSpecification\",\"valueRequired\":true,\"valueName\":\"search_term_string\"}}],\"inLanguage\":\"lt-LT\"},{\"@type\":\"Person\",\"@id\":\"https:\\\/\\\/nordiccab.lt\\\/#\\\/schema\\\/person\\\/1e06879215dcf15255113d53ae73289b\",\"name\":\"admin\",\"image\":{\"@type\":\"ImageObject\",\"inLanguage\":\"lt-LT\",\"@id\":\"https:\\\/\\\/secure.gravatar.com\\\/avatar\\\/f37349f777250847d2fca2ada474f5a6aadffa79d5284e8ad354a5c410a691ec?s=96&d=mm&r=g\",\"url\":\"https:\\\/\\\/secure.gravatar.com\\\/avatar\\\/f37349f777250847d2fca2ada474f5a6aadffa79d5284e8ad354a5c410a691ec?s=96&d=mm&r=g\",\"contentUrl\":\"https:\\\/\\\/secure.gravatar.com\\\/avatar\\\/f37349f777250847d2fca2ada474f5a6aadffa79d5284e8ad354a5c410a691ec?s=96&d=mm&r=g\",\"caption\":\"admin\"},\"sameAs\":[\"https:\\\/\\\/nordiccab.lt\"],\"url\":\"https:\\\/\\\/nordiccab.lt\\\/author\\\/admin\\\/\"}]}<\/script>\n<!-- \/ Yoast SEO plugin. -->","yoast_head_json":{"title":"Trumpas sako, kad d\u0117l Irano karo JAV nori atid\u0117ti kelion\u0119 \u012f Kinij\u0105 \u201ema\u017edaug m\u0117nesiu\u201c. - NORDICCAB.LT","robots":{"index":"index","follow":"follow","max-snippet":"max-snippet:-1","max-image-preview":"max-image-preview:large","max-video-preview":"max-video-preview:-1"},"canonical":"https:\/\/nordiccab.lt\/index.php\/2026\/03\/17\/trumpas-sako-kad-del-irano-karo-jav-nori-atideti-kelione-i-kinija-mazdaug-menesiu\/","og_locale":"lt_LT","og_type":"article","og_title":"Trumpas sako, kad d\u0117l Irano karo JAV nori atid\u0117ti kelion\u0119 \u012f Kinij\u0105 \u201ema\u017edaug m\u0117nesiu\u201c. - NORDICCAB.LT","og_description":"Prezidentas Donaldas Trumpas pirmadien\u012f parei\u0161k\u0117, kad JAV papra\u0161\u0117 atid\u0117ti jo kelion\u0119 \u012f Kinij\u0105 \u201ema\u017edaug m\u0117nesiui\u201c, remdamasis karu Irane. Trumpas \u017eurnalistams&hellip;","og_url":"https:\/\/nordiccab.lt\/index.php\/2026\/03\/17\/trumpas-sako-kad-del-irano-karo-jav-nori-atideti-kelione-i-kinija-mazdaug-menesiu\/","og_site_name":"NORDICCAB.LT","article_published_time":"2026-03-17T04:12:34+00:00","og_image":[{"url":"https:\/\/media-cldnry.s-nbcnews.com\/image\/upload\/t_focal-760x428,f_auto,q_auto:best\/mpx\/2704722219\/2026_03\/1773701716340_nn_ggu_trump_strait_of_hormuz_260316_1920x1080-hflapz.jpg","type":"","width":"","height":""}],"author":"admin","twitter_card":"summary_large_image","twitter_misc":{"Written by":"admin","Est. reading time":"2 minut\u0117s"},"schema":{"@context":"https:\/\/schema.org","@graph":[{"@type":"Article","@id":"https:\/\/nordiccab.lt\/index.php\/2026\/03\/17\/trumpas-sako-kad-del-irano-karo-jav-nori-atideti-kelione-i-kinija-mazdaug-menesiu\/#article","isPartOf":{"@id":"https:\/\/nordiccab.lt\/index.php\/2026\/03\/17\/trumpas-sako-kad-del-irano-karo-jav-nori-atideti-kelione-i-kinija-mazdaug-menesiu\/"},"author":{"name":"admin","@id":"https:\/\/nordiccab.lt\/#\/schema\/person\/1e06879215dcf15255113d53ae73289b"},"headline":"Trumpas sako, kad d\u0117l Irano karo JAV nori atid\u0117ti kelion\u0119 \u012f Kinij\u0105 \u201ema\u017edaug m\u0117nesiu\u201c.","datePublished":"2026-03-17T04:12:34+00:00","mainEntityOfPage":{"@id":"https:\/\/nordiccab.lt\/index.php\/2026\/03\/17\/trumpas-sako-kad-del-irano-karo-jav-nori-atideti-kelione-i-kinija-mazdaug-menesiu\/"},"wordCount":487,"commentCount":0,"image":{"@id":"https:\/\/nordiccab.lt\/index.php\/2026\/03\/17\/trumpas-sako-kad-del-irano-karo-jav-nori-atideti-kelione-i-kinija-mazdaug-menesiu\/#primaryimage"},"thumbnailUrl":"https:\/\/nordiccab.lt\/wp-content\/uploads\/2026\/03\/Trumpas-sako-kad-del-Irano-karo-JAV-nori-atideti-kelione.jpg","articleSection":["PASAULIO NAUJIENOS"],"inLanguage":"lt-LT","potentialAction":[{"@type":"CommentAction","name":"Comment","target":["https:\/\/nordiccab.lt\/index.php\/2026\/03\/17\/trumpas-sako-kad-del-irano-karo-jav-nori-atideti-kelione-i-kinija-mazdaug-menesiu\/#respond"]}]},{"@type":"WebPage","@id":"https:\/\/nordiccab.lt\/index.php\/2026\/03\/17\/trumpas-sako-kad-del-irano-karo-jav-nori-atideti-kelione-i-kinija-mazdaug-menesiu\/","url":"https:\/\/nordiccab.lt\/index.php\/2026\/03\/17\/trumpas-sako-kad-del-irano-karo-jav-nori-atideti-kelione-i-kinija-mazdaug-menesiu\/","name":"Trumpas sako, kad d\u0117l Irano karo JAV nori atid\u0117ti kelion\u0119 \u012f Kinij\u0105 \u201ema\u017edaug m\u0117nesiu\u201c. - NORDICCAB.LT","isPartOf":{"@id":"https:\/\/nordiccab.lt\/#website"},"primaryImageOfPage":{"@id":"https:\/\/nordiccab.lt\/index.php\/2026\/03\/17\/trumpas-sako-kad-del-irano-karo-jav-nori-atideti-kelione-i-kinija-mazdaug-menesiu\/#primaryimage"},"image":{"@id":"https:\/\/nordiccab.lt\/index.php\/2026\/03\/17\/trumpas-sako-kad-del-irano-karo-jav-nori-atideti-kelione-i-kinija-mazdaug-menesiu\/#primaryimage"},"thumbnailUrl":"https:\/\/nordiccab.lt\/wp-content\/uploads\/2026\/03\/Trumpas-sako-kad-del-Irano-karo-JAV-nori-atideti-kelione.jpg","datePublished":"2026-03-17T04:12:34+00:00","author":{"@id":"https:\/\/nordiccab.lt\/#\/schema\/person\/1e06879215dcf15255113d53ae73289b"},"breadcrumb":{"@id":"https:\/\/nordiccab.lt\/index.php\/2026\/03\/17\/trumpas-sako-kad-del-irano-karo-jav-nori-atideti-kelione-i-kinija-mazdaug-menesiu\/#breadcrumb"},"inLanguage":"lt-LT","potentialAction":[{"@type":"ReadAction","target":["https:\/\/nordiccab.lt\/index.php\/2026\/03\/17\/trumpas-sako-kad-del-irano-karo-jav-nori-atideti-kelione-i-kinija-mazdaug-menesiu\/"]}]},{"@type":"ImageObject","inLanguage":"lt-LT","@id":"https:\/\/nordiccab.lt\/index.php\/2026\/03\/17\/trumpas-sako-kad-del-irano-karo-jav-nori-atideti-kelione-i-kinija-mazdaug-menesiu\/#primaryimage","url":"https:\/\/nordiccab.lt\/wp-content\/uploads\/2026\/03\/Trumpas-sako-kad-del-Irano-karo-JAV-nori-atideti-kelione.jpg","contentUrl":"https:\/\/nordiccab.lt\/wp-content\/uploads\/2026\/03\/Trumpas-sako-kad-del-Irano-karo-JAV-nori-atideti-kelione.jpg","width":1200,"height":630},{"@type":"BreadcrumbList","@id":"https:\/\/nordiccab.lt\/index.php\/2026\/03\/17\/trumpas-sako-kad-del-irano-karo-jav-nori-atideti-kelione-i-kinija-mazdaug-menesiu\/#breadcrumb","itemListElement":[{"@type":"ListItem","position":1,"name":"Home","item":"https:\/\/nordiccab.lt\/"},{"@type":"ListItem","position":2,"name":"Trumpas sako, kad d\u0117l Irano karo JAV nori atid\u0117ti kelion\u0119 \u012f Kinij\u0105 \u201ema\u017edaug m\u0117nesiu\u201c."}]},{"@type":"WebSite","@id":"https:\/\/nordiccab.lt\/#website","url":"https:\/\/nordiccab.lt\/","name":"NORDICCAB.LT","description":"Pasaulio naujienos, technologijos, automobiliai","potentialAction":[{"@type":"SearchAction","target":{"@type":"EntryPoint","urlTemplate":"https:\/\/nordiccab.lt\/?s={search_term_string}"},"query-input":{"@type":"PropertyValueSpecification","valueRequired":true,"valueName":"search_term_string"}}],"inLanguage":"lt-LT"},{"@type":"Person","@id":"https:\/\/nordiccab.lt\/#\/schema\/person\/1e06879215dcf15255113d53ae73289b","name":"admin","image":{"@type":"ImageObject","inLanguage":"lt-LT","@id":"https:\/\/secure.gravatar.com\/avatar\/f37349f777250847d2fca2ada474f5a6aadffa79d5284e8ad354a5c410a691ec?s=96&d=mm&r=g","url":"https:\/\/secure.gravatar.com\/avatar\/f37349f777250847d2fca2ada474f5a6aadffa79d5284e8ad354a5c410a691ec?s=96&d=mm&r=g","contentUrl":"https:\/\/secure.gravatar.com\/avatar\/f37349f777250847d2fca2ada474f5a6aadffa79d5284e8ad354a5c410a691ec?s=96&d=mm&r=g","caption":"admin"},"sameAs":["https:\/\/nordiccab.lt"],"url":"https:\/\/nordiccab.lt\/author\/admin\/"}]}},"_links":{"self":[{"href":"https:\/\/nordiccab.lt\/index.php\/wp-json\/wp\/v2\/posts\/1612","targetHints":{"allow":["GET"]}}],"collection":[{"href":"https:\/\/nordiccab.lt\/index.php\/wp-json\/wp\/v2\/posts"}],"about":[{"href":"https:\/\/nordiccab.lt\/index.php\/wp-json\/wp\/v2\/types\/post"}],"author":[{"embeddable":true,"href":"https:\/\/nordiccab.lt\/index.php\/wp-json\/wp\/v2\/users\/1"}],"replies":[{"embeddable":true,"href":"https:\/\/nordiccab.lt\/index.php\/wp-json\/wp\/v2\/comments?post=1612"}],"version-history":[{"count":0,"href":"https:\/\/nordiccab.lt\/index.php\/wp-json\/wp\/v2\/posts\/1612\/revisions"}],"wp:featuredmedia":[{"embeddable":true,"href":"https:\/\/nordiccab.lt\/index.php\/wp-json\/wp\/v2\/media\/1613"}],"wp:attachment":[{"href":"https:\/\/nordiccab.lt\/index.php\/wp-json\/wp\/v2\/media?parent=1612"}],"wp:term":[{"taxonomy":"category","embeddable":true,"href":"https:\/\/nordiccab.lt\/index.php\/wp-json\/wp\/v2\/categories?post=1612"},{"taxonomy":"post_tag","embeddable":true,"href":"https:\/\/nordiccab.lt\/index.php\/wp-json\/wp\/v2\/tags?post=1612"}],"curies":[{"name":"wp","href":"https:\/\/api.w.org\/{rel}","templated":true}]}}