{"id":1604,"date":"2026-03-15T04:10:27","date_gmt":"2026-03-15T04:10:27","guid":{"rendered":"https:\/\/nordiccab.lt\/index.php\/2026\/03\/15\/trumpas-sako-kad-iranas-yra-pasirenges-deretis-del-paliaubu-bet-nera-pasirenges-sudaryti-susitarimo\/"},"modified":"2026-03-15T04:10:27","modified_gmt":"2026-03-15T04:10:27","slug":"trumpas-sako-kad-iranas-yra-pasirenges-deretis-del-paliaubu-bet-nera-pasirenges-sudaryti-susitarimo","status":"publish","type":"post","link":"https:\/\/nordiccab.lt\/index.php\/2026\/03\/15\/trumpas-sako-kad-iranas-yra-pasirenges-deretis-del-paliaubu-bet-nera-pasirenges-sudaryti-susitarimo\/","title":{"rendered":"Trumpas sako, kad Iranas yra pasireng\u0119s der\u0117tis d\u0117l paliaub\u0173, bet n\u0117ra pasireng\u0119s sudaryti susitarimo"},"content":{"rendered":"<p><\/p>\n<div>\n<p id=\"anchor-8e52e3\" class=\"body-graf\">Prezidentas Donaldas Trumpas \u0161e\u0161tadien\u012f parei\u0161k\u0117, kad n\u0117ra pasireng\u0119s sudaryti susitarimo d\u0117l karo su Iranu u\u017ebaigimo, nepaisant \u0161alies noro tai padaryti, \u201enes s\u0105lygos dar n\u0117ra pakankamai geros\u201c, ta\u010diau atsisak\u0117 pasakyti, kokios tos s\u0105lygos bus.<\/p>\n<p id=\"anchor-c5f755\" class=\"body-graf\">Plataus masto, beveik 30 minu\u010di\u0173 trukm\u0117s interviu telefonu NBC News prezidentas taip pat sak\u0117, kad kartu su kitomis \u0161alimis kuria plan\u0105, kaip apsaugoti Horm\u016bzo s\u0105siaur\u012f kilus pasaulin\u0117ms naftos kainoms, ir atmet\u0117 amerikie\u010di\u0173 susir\u016bpinim\u0105 d\u0117l duj\u0173 kain\u0173 augimo po to, kai prie\u0161 dvi savaites JAV ir Izraelis prad\u0117jo bendr\u0105 karin\u0119 operacij\u0105.<\/p>\n<p id=\"anchor-6fb445\" class=\"body-graf\">Prezidentas taip pat suabejojo, ar naujasis Irano auk\u0161\u010diausiasis lyderis \u201enet gyvas\u201c.<\/p>\n<p id=\"anchor-e0294d\" class=\"body-graf\">Trumpas sak\u0117 es\u0105s \u201enustebintas\u201c, kad Iranas, reaguodamas \u012f JAV ir Izraelio operacij\u0105, nusprend\u0117 atakuoti kitas Artim\u0173j\u0173 Ryt\u0173 \u0161alis, o JAV antskryd\u017eiai Chargo saloje \u0161e\u0161tadien\u012f \u201evisi\u0161kai nugriov\u0117\u201c did\u017ei\u0105j\u0105 salos dal\u012f, bet \u201egalime smogti dar kelet\u0105 kart\u0173 savo malonumui\u201c.<\/p>\n<p id=\"anchor-4f8fe4\" class=\"body-graf\">Jis taip pat kritikavo Ukrainos prezident\u0105 Volodymyr\u0105 Zelensk\u012f, sakydamas, kad su juo \u201edaug sunkiau susitarti\u201c nei su Rusijos prezidentu Vladimiru Putinu d\u0117l pastang\u0173 u\u017ebaigti kar\u0105 Ukrainoje. D.Trumpo komentarai po pasaulini\u0173 lyderi\u0173 kritikos po to, kai JAV su\u0161velnino sankcijas Rusijos naftai, siekdamos su\u0161velninti kylan\u010dias pasaulines naftos kainas.<\/p>\n<div id=\"ez-toc-container\" class=\"ez-toc-v2_0_82_2 counter-hierarchy ez-toc-counter ez-toc-grey ez-toc-container-direction\">\n<div class=\"ez-toc-title-container\">\n<p class=\"ez-toc-title\" style=\"cursor:inherit\">Turinys:<\/p>\n<span class=\"ez-toc-title-toggle\"><a href=\"#\" class=\"ez-toc-pull-right ez-toc-btn ez-toc-btn-xs ez-toc-btn-default ez-toc-toggle\" aria-label=\"Toggle Table of Content\"><span class=\"ez-toc-js-icon-con\"><span class=\"\"><span class=\"eztoc-hide\" style=\"display:none;\">Toggle<\/span><span class=\"ez-toc-icon-toggle-span\"><svg style=\"fill: #999;color:#999\" xmlns=\"http:\/\/www.w3.org\/2000\/svg\" class=\"list-377408\" width=\"20px\" height=\"20px\" viewBox=\"0 0 24 24\" fill=\"none\"><path d=\"M6 6H4v2h2V6zm14 0H8v2h12V6zM4 11h2v2H4v-2zm16 0H8v2h12v-2zM4 16h2v2H4v-2zm16 0H8v2h12v-2z\" fill=\"currentColor\"><\/path><\/svg><svg style=\"fill: #999;color:#999\" class=\"arrow-unsorted-368013\" xmlns=\"http:\/\/www.w3.org\/2000\/svg\" width=\"10px\" height=\"10px\" viewBox=\"0 0 24 24\" version=\"1.2\" baseProfile=\"tiny\"><path d=\"M18.2 9.3l-6.2-6.3-6.2 6.3c-.2.2-.3.4-.3.7s.1.5.3.7c.2.2.4.3.7.3h11c.3 0 .5-.1.7-.3.2-.2.3-.5.3-.7s-.1-.5-.3-.7zM5.8 14.7l6.2 6.3 6.2-6.3c.2-.2.3-.5.3-.7s-.1-.5-.3-.7c-.2-.2-.4-.3-.7-.3h-11c-.3 0-.5.1-.7.3-.2.2-.3.5-.3.7s.1.5.3.7z\"\/><\/svg><\/span><\/span><\/span><\/a><\/span><\/div>\n<nav><ul class='ez-toc-list ez-toc-list-level-1 ' ><li class='ez-toc-page-1 ez-toc-heading-level-2'><a class=\"ez-toc-link ez-toc-heading-1\" href=\"https:\/\/nordiccab.lt\/index.php\/2026\/03\/15\/trumpas-sako-kad-iranas-yra-pasirenges-deretis-del-paliaubu-bet-nera-pasirenges-sudaryti-susitarimo\/#Trumpas_sako_kad_nera_pasirenges_sudaryti_susitarimo_su_Iranu\" >Trumpas sako, kad n\u0117ra pasireng\u0119s sudaryti susitarimo su Iranu<\/a><\/li><li class='ez-toc-page-1 ez-toc-heading-level-2'><a class=\"ez-toc-link ez-toc-heading-2\" href=\"https:\/\/nordiccab.lt\/index.php\/2026\/03\/15\/trumpas-sako-kad-iranas-yra-pasirenges-deretis-del-paliaubu-bet-nera-pasirenges-sudaryti-susitarimo\/#Hormuzo_sasiaurio_apsauga\" >Horm\u016bzo s\u0105siaurio apsauga<\/a><\/li><li class='ez-toc-page-1 ez-toc-heading-level-2'><a class=\"ez-toc-link ez-toc-heading-3\" href=\"https:\/\/nordiccab.lt\/index.php\/2026\/03\/15\/trumpas-sako-kad-iranas-yra-pasirenges-deretis-del-paliaubu-bet-nera-pasirenges-sudaryti-susitarimo\/#Trumpas_abejoja_ar_naujasis_Irano_auksciausiasis_lyderis_%E2%80%9Enet_gyvas%E2%80%9C\" >Trumpas abejoja, ar naujasis Irano auk\u0161\u010diausiasis lyderis \u201enet gyvas\u201c<\/a><\/li><li class='ez-toc-page-1 ez-toc-heading-level-2'><a class=\"ez-toc-link ez-toc-heading-4\" href=\"https:\/\/nordiccab.lt\/index.php\/2026\/03\/15\/trumpas-sako-kad-iranas-yra-pasirenges-deretis-del-paliaubu-bet-nera-pasirenges-sudaryti-susitarimo\/#Trumpas_%E2%80%9Enustebino%E2%80%9C_kad_Iranas_nusitaike_i_kitas_Artimuju_Rytu_salis\" >Trumpas \u201enustebino\u201c, kad Iranas nusitaik\u0117 \u012f kitas Artim\u0173j\u0173 Ryt\u0173 \u0161alis<\/a><\/li><li class='ez-toc-page-1 ez-toc-heading-level-2'><a class=\"ez-toc-link ez-toc-heading-5\" href=\"https:\/\/nordiccab.lt\/index.php\/2026\/03\/15\/trumpas-sako-kad-iranas-yra-pasirenges-deretis-del-paliaubu-bet-nera-pasirenges-sudaryti-susitarimo\/#Trumpas_%E2%80%9Enesusirupines%E2%80%9C_del_auganciu_duju_kainu\" >Trumpas \u201enesusir\u016bpin\u0119s\u201c d\u0117l augan\u010di\u0173 duj\u0173 kain\u0173<\/a><\/li><li class='ez-toc-page-1 ez-toc-heading-level-2'><a class=\"ez-toc-link ez-toc-heading-6\" href=\"https:\/\/nordiccab.lt\/index.php\/2026\/03\/15\/trumpas-sako-kad-iranas-yra-pasirenges-deretis-del-paliaubu-bet-nera-pasirenges-sudaryti-susitarimo\/#Trumpas_sako_kad_Rusija_%E2%80%9Egalbut%E2%80%9C_dalijasi_informacija_su_Iranu\" >Trumpas sako, kad Rusija \u201egalb\u016bt\u201c dalijasi informacija su Iranu<\/a><\/li><\/ul><\/nav><\/div>\n<h2 id=\"anchor-dfb629\" class=\"body-heading\"><span class=\"ez-toc-section\" id=\"Trumpas_sako_kad_nera_pasirenges_sudaryti_susitarimo_su_Iranu\"><\/span><strong>Trumpas sako, kad n\u0117ra pasireng\u0119s sudaryti susitarimo su Iranu<\/strong><span class=\"ez-toc-section-end\"><\/span><\/h2>\n<p id=\"anchor-bff44a\" class=\"body-graf\">Pokalbio metu D. Trumpas sak\u0117, kad \u0161iuo metu nenori sudaryti susitarimo d\u0117l karo su Iranu u\u017ebaigimo.<\/p>\n<p id=\"anchor-3aade7\" class=\"body-graf\">\u201eIranas nori sudaryti susitarim\u0105, o a\u0161 nenoriu jo sudaryti, nes s\u0105lygos dar n\u0117ra pakankamai geros\u201c, \u2013 sak\u0117 jis ir prid\u016br\u0117, kad bet kokios s\u0105lygos tur\u0117s b\u016bti \u201elabai tvirtos\u201c.<\/p>\n<p id=\"anchor-372cef\" class=\"body-graf\">Paklaustas, kokios b\u016bt\u0173 galimo susitarimo d\u0117l karo pabaigos s\u0105lygos, prezidentas atsak\u0117: \u201eNenoriu jums to sakyti\u201c. Ta\u010diau jis sutiko, kad Irano \u012fsipareigojimas visi\u0161kai atsisakyti bet koki\u0173 branduolini\u0173 ambicij\u0173 b\u016bt\u0173 jo dalis.<\/p>\n<p id=\"anchor-8fa1e8\" class=\"body-graf\">Trumpo komentarai pasirod\u0117 po to, kai \u201eReuters\u201c prane\u0161\u0117, kad Trumpo administracija atmet\u0117 pastangas paspartinti derybas d\u0117l karo u\u017ebaigimo.<\/p>\n<p id=\"anchor-3069de\" class=\"body-graf\">Jis taip pat ap\u017evelg\u0117, kaip gal\u0117t\u0173 atrodyti likusi JAV karin\u0117 operacija Irane. Jis prasid\u0117jo pra\u0117jus\u012f m\u0117nes\u012f, kai Izraelio ir JAV paj\u0117gos prad\u0117jo bendrus sm\u016bgius \u0161iai tautai, o Iranas atsak\u0117 smogdamas Izraeliui ir JAV taikiniams gretimose \u0161alyse. Nuo konflikto prad\u017eios \u017euvo 13 aktyvi\u0173 JAV kari\u0173, \u012fskaitant \u0161e\u0161is JAV \u012fgulos narius, kurie \u017euvo penktadien\u012f po to, kai j\u0173 karinis degal\u0173 papildymo l\u0117ktuvas sudu\u017eo Irake.<\/p>\n<p id=\"anchor-8b0bc1\" class=\"body-graf\">Trumpo administracijos pareig\u016bnai per pastar\u0105sias dvi savaites siunt\u0117 prie\u0161taringus prane\u0161imus apie JAV karinius tikslus Irane ir kiek ilgai gali t\u0119stis konfliktas, o Trumpas kartais sakydavo, kad tai gali u\u017etrukti m\u0117nes\u012f ar ilgiau, o kartais sakydavo, kad \u201emes gerokai lenkiam grafik\u0105\u201c, o \u201eprakti\u0161kai nebeliko \u012f k\u0105 nukreipti\u201c.<\/p>\n<p id=\"anchor-b6766b\" class=\"body-graf\">\u0160e\u0161tadien\u012f prezidentas sak\u0117, kad &#8222;vienintel\u0117 j\u0173 turima galia, kuri\u0105 galima gana greitai u\u017edaryti, yra galia numesti min\u0105 arba i\u0161\u0161auti palyginti trumpo nuotolio raket\u0105. Ta\u010diau kai baigsime sutvarkyti kranto linij\u0105, jie taip pat netur\u0117s tokios galios&#8221;.<\/p>\n<p id=\"anchor-01a666\" class=\"body-graf\">V\u0117liau jis prid\u016br\u0117: &#8222;Mes i\u0161mu\u0161\u0117me daugum\u0105 j\u0173 raket\u0173. Mes i\u0161mu\u0161\u0117me daugum\u0105 j\u0173 bepilo\u010di\u0173 orlaivi\u0173. I\u0161 esm\u0117s i\u0161mu\u0161\u0117me j\u0173 raket\u0173 ir bepilo\u010di\u0173 orlaivi\u0173 gamyb\u0105. Per dvi dienas tai bus visi\u0161kai sunaikinta.&#8221;<\/p>\n<h2 id=\"anchor-afbac2\" class=\"body-heading\"><span class=\"ez-toc-section\" id=\"Hormuzo_sasiaurio_apsauga\"><\/span><strong>Horm\u016bzo s\u0105siaurio apsauga<\/strong><span class=\"ez-toc-section-end\"><\/span><\/h2>\n<p id=\"anchor-68977b\" class=\"body-graf\">Trumpas \u0161e\u0161tadien\u012f parei\u0161k\u0117, kad pra\u0161o \u201edaugelio \u0161ali\u0173, nukent\u0117jusi\u0173 nuo Irano pl\u0117\u0161imo\u201c, pad\u0117ti apsaugoti Horm\u016bzo s\u0105siaur\u012f \u2013 pagrindin\u012f naftos tanklaivi\u0173 tak\u0105 \u2013 pasaulinei naftos kainoms kilus karo metu.<\/p>\n<p id=\"anchor-8e9127\" class=\"body-graf\">Tuo tarpu Irano lyderiai pa\u017ead\u0117jo i\u0161laikyti s\u0105siaur\u012f u\u017edaryt\u0105 ir nuo konflikto prad\u017eios ragino dar didinti naftos kainas.<\/p>\n<p id=\"anchor-4e8171\" class=\"body-graf\">Prezidentas sak\u0117, kad kelios \u0161alys \u012fsipareigojo pad\u0117ti apsaugoti s\u0105siaur\u012f, bet atsisak\u0117 \u012fvardinti n\u0117 vienos i\u0161 j\u0173.<\/p>\n<p id=\"anchor-61e0c6\" class=\"body-graf\">\u201eJie ne tik \u012fsipareigojo, bet ir mano, kad tai puiki id\u0117ja\u201c, \u2013 sak\u0117 jis.<\/p>\n<p id=\"anchor-ad3c68\" class=\"body-graf\">\u0160e\u0161tadienio ryt\u0105 paskelbtame \u201eTruth Social\u201c \u012fra\u0161e Trumpas ra\u0161\u0117: \u201eDaugelis \u0161ali\u0173, ypa\u010d t\u0173, kurias paveik\u0117 Irano bandymas u\u017edaryti Horm\u016bzo s\u0105siaur\u012f, kartu su Jungtin\u0117mis Amerikos Valstijomis si\u0173s karo laivus, kad s\u0105siauris b\u016bt\u0173 atviras ir saugus\u201c, \u2013 prid\u016br\u0117: \u201eTikim\u0117s, kad Kinija, Pranc\u016bzija, Japonija, Piet\u0173 Kor\u0117ja, JK ir kiti si\u0173s \u0161i\u0105 dirbtin\u0119 zon\u0105, kuri yra paveikta.<\/p>\n<p id=\"anchor-1937ac\" class=\"body-graf\">Pokalbio metu D. Trumpas sak\u0117, kad neai\u0161ku, ar Iranas \u012f s\u0105siaur\u012f numet\u0117 minas.<\/p>\n<p id=\"anchor-3b9e9a\" class=\"body-graf\">\u201eMes labai stipriai \u0161luosime s\u0105siaur\u012f ir tikime, kad prie m\u016bs\u0173 prisijungs kitos \u0161alys, kurioms yra \u0161iek tiek trukdoma, o kai kuriais atvejais ir sunku gauti naftos\u201c, \u2013 prid\u016br\u0117 jis.<\/p>\n<p id=\"anchor-10e419\" class=\"body-graf\">Prezidentas atmet\u0117 klausim\u0105, ar JAV karinis j\u016br\u0173 laivynas prad\u0117s lyd\u0117ti laivus per s\u0105siaur\u012f, sakydamas: \u201eNenoriu jums nieko apie tai pasakyti\u201c, bet prid\u016br\u0117, kad \u201etai \u012fmanoma\u201c.<\/p>\n<p id=\"anchor-a80213\" class=\"body-graf\">Prezidentas taip pat patvirtino, kad JAV paj\u0117gos sureng\u0117 sm\u016bgius Chargo saloje, strategin\u0117je saloje prie Irano krant\u0173, kurioje yra naftos terminalas, atsakingas u\u017e did\u017ei\u0105j\u0105 \u0161alies naftos eksporto dal\u012f.<\/p>\n<p id=\"anchor-e74484\" class=\"body-graf\">JAV centrin\u0117 vadovyb\u0117 \u0161e\u0161tadienio ryt\u0105 prane\u0161\u0117 surengusi \u201etikslius sm\u016bgius\u201c \u012f 90 karini\u0173 taikini\u0173, \u201ei\u0161saugodama naftos infrastrukt\u016br\u0105\u201c, ta\u010diau v\u0117liau \u0161e\u0161tadien\u012f Trumpas parei\u0161k\u0117, kad \u201emes visi\u0161kai sugriov\u0117me Chargo sal\u0105, bet galime smogti \u012f j\u0105 dar kelis kartus d\u0117l pramogos\u201c.<\/p>\n<p id=\"anchor-8ea586\" class=\"body-graf\">\u201eMes j\u012f visi\u0161kai sugriov\u0117me\u201c, \u2013 prid\u016br\u0117 prezidentas. \u201eI\u0161skyrus, kaip \u017einote, a\u0161 nedariau nieko, kas b\u016bt\u0173 susij\u0119 su energijos linijomis, nes atstatymas u\u017etrukt\u0173 met\u0173 metus.<\/p>\n<h2 id=\"anchor-6aee75\" class=\"body-heading\"><span class=\"ez-toc-section\" id=\"Trumpas_abejoja_ar_naujasis_Irano_auksciausiasis_lyderis_%E2%80%9Enet_gyvas%E2%80%9C\"><\/span><strong>Trumpas abejoja, ar naujasis Irano auk\u0161\u010diausiasis lyderis \u201enet gyvas\u201c<\/strong><span class=\"ez-toc-section-end\"><\/span><\/h2>\n<p id=\"anchor-c3255a\" class=\"body-graf\">Prezidentas \u0161e\u0161tadien\u012f suabejojo, ar naujasis Irano auk\u0161\u010diausiasis lyderis Mojtaba Khamenei yra gyvas po to, kai Khamenei ketvirtadien\u012f nepasirod\u0117 prie\u0161 kameras ir paskelb\u0117 savo pirm\u0105j\u012f parei\u0161kim\u0105 kaip Irano lyderis.<\/p>\n<p id=\"anchor-cb1ed3\" class=\"body-graf\">Ra\u0161ytiniame parei\u0161kime Khamenei, nu\u017eudyto pirmtako ajatolos Ali Khamenei s\u016bnus, pa\u017ead\u0117jo toliau blokuoti Horm\u016bzo s\u0105siaur\u012f ir pulti JAV s\u0105jungininkus regione.<\/p>\n<p id=\"anchor-9bbd0e\" class=\"body-graf\">&#8222;Ne\u017einau, ar jis i\u0161vis gyvas. Iki \u0161iol niekas negal\u0117jo jo parodyti&#8221;, &#8211; \u0161e\u0161tadien\u012f telefonu sak\u0117 Trumpas.<\/p>\n<p id=\"anchor-e0d589\" class=\"body-graf\">\u201eGird\u017eiu, kad jis n\u0117ra gyvas, o jei yra, jis tur\u0117t\u0173 padaryti k\u0105 nors labai protingo savo \u0161aliai, ir tai yra pasidavimas\u201c, \u2013 prid\u016br\u0117 Trumpas, bet \u017eini\u0105 apie jo mirt\u012f pavadino \u201egandu\u201c.<\/p>\n<p id=\"anchor-d7c54d\" class=\"body-graf\">Gynybos sekretorius Pete&#8217;as Hegsethas penktadien\u012f sak\u0117, kad jaunesnysis Khamenei buvo \u201esu\u017eeistas ir grei\u010diausiai subjaurotas\u201c, ir pavadino savo ra\u0161ytin\u012f parei\u0161kim\u0105 \u201esilpnu\u201c.<\/p>\n<p id=\"anchor-829ce8\" class=\"body-graf\">&#8222;Iranas turi daug kamer\u0173 ir daug diktofon\u0173. Kam ra\u0161ytinis parei\u0161kimas? Manau, \u017einote kod\u0117l. Jo t\u0117vas: mir\u0117; jis i\u0161sigand\u0119s, su\u017eeistas, jis b\u0117ga ir jam tr\u016bksta teis\u0117tumo&#8221;, &#8211; prid\u016br\u0117 Hegsethas.<\/p>\n<p id=\"anchor-eef094\" class=\"body-graf\">Khamenei buvo paskirtas naujuoju auk\u0161\u010diausiuoju lyderiu anks\u010diau \u0161i\u0105 savait\u0119 po to, kai per pirmuosius JAV ir Izraelio sm\u016bgius Iranui prie\u0161 savait\u0119 \u017euvo jo t\u0117vas.<\/p>\n<p id=\"anchor-505f3c\" class=\"body-graf\">Trumpas atsisak\u0117 pasakyti, ar yra vienas konkretus Irano lyderis, kur\u012f jis nor\u0117t\u0173 perimti kaip auk\u0161\u010diausiasis lyderis, vietoj to sak\u0117: \u201eGyvename \u017emoni\u0173, kurie b\u016bt\u0173 puik\u016bs lyderiai \u0161alies atei\u010diai\u201c.<\/p>\n<p id=\"anchor-2cd6cc\" class=\"body-graf\">Paklaustas, ar palaiko ry\u0161ius su kuo nors i\u0161 potenciali\u0173 lyderi\u0173, prezidentas atsak\u0117: \u201eNenoriu to sakyti. Nenoriu jiems kelti pavojaus\u201c.<\/p>\n<h2 id=\"anchor-6edee5\" class=\"body-heading\"><span class=\"ez-toc-section\" id=\"Trumpas_%E2%80%9Enustebino%E2%80%9C_kad_Iranas_nusitaike_i_kitas_Artimuju_Rytu_salis\"><\/span><strong>Trumpas \u201enustebino\u201c, kad Iranas nusitaik\u0117 \u012f kitas Artim\u0173j\u0173 Ryt\u0173 \u0161alis<\/strong><span class=\"ez-toc-section-end\"><\/span><\/h2>\n<p id=\"anchor-397b86\" class=\"body-graf\">Prezidentas \u0161e\u0161tadien\u012f parei\u0161k\u0117, kad JAV s\u0105jungininkai Artimuosiuose Rytuose, \u012fskaitant Jungtinius Arab\u0173 Emyratus, Katar\u0105 ir Saudo Arabij\u0105, \u201ebuvo siaubingi\u201c ir \u201e\u012f juos buvo \u0161audoma be reikalo\u201c.<\/p>\n<p id=\"anchor-3f8abc\" class=\"body-graf\">\u201eBuvau labai nustebintas\u201c, \u2013 sak\u0117 Trumpas apie Irano taikym\u0105si \u012f kitas Artim\u0173j\u0173 Ryt\u0173 \u0161alis ir prid\u016br\u0117, kad tai \u201edid\u017eiausia mano staigmena i\u0161 viso \u0161io reikalo\u201c.<\/p>\n<p id=\"anchor-c5e34d\" class=\"body-graf\">Remiantis \u201eNBC News\u201c analize, Iranas \u0161aud\u0117 bepilo\u010diai orlaiviais \u012f Artim\u0173j\u0173 Ryt\u0173 \u0161alis, \u012fskaitant tas, kurias mini Trumpas, taip pat Bahrein\u0105 ir Kuveit\u0105, ir taik\u0117si \u012f naftos infrastrukt\u016br\u0105, logistikos centrus ir vyriausyb\u0117s centrus.<\/p>\n<p id=\"anchor-a76be8\" class=\"body-graf\">JAV neskelbia duomen\u0173 apie bepilo\u010di\u0173 orlaivi\u0173, su kuriais susiduria ar perima, skai\u010di\u0173, ta\u010diau JAE duomenys rodo, kad kovo 10 d. \u012f \u0161al\u012f buvo i\u0161\u0161auti 1 475 nepilotuojami orlaiviai.<\/p>\n<p id=\"anchor-96bc8c\" class=\"body-graf\">\u0160e\u0161tadienio ryt\u0105 Irako pareig\u016bnai prane\u0161\u0117, kad Irano sm\u016bgis pataik\u0117 \u012f sraigtasparni\u0173 nusileidimo aik\u0161tel\u0119 JAV ambasados \u200b\u200bkomplekse Bagdade. Be to, \u0161e\u0161tadien\u012f, po JAV sm\u016bgi\u0173 Chargo saloje, Iranas pagrasino sunaikinti naftos ir duj\u0173 infrastrukt\u016br\u0105 visame regione, jei JAV smogs naftos infrastrukt\u016brai saloje.<\/p>\n<h2 id=\"anchor-b4e916\" class=\"body-heading\"><span class=\"ez-toc-section\" id=\"Trumpas_%E2%80%9Enesusirupines%E2%80%9C_del_auganciu_duju_kainu\"><\/span><strong>Trumpas \u201enesusir\u016bpin\u0119s\u201c d\u0117l augan\u010di\u0173 duj\u0173 kain\u0173<\/strong><span class=\"ez-toc-section-end\"><\/span><\/h2>\n<p id=\"anchor-030874\" class=\"body-graf\">D.Trumpas, 2024 metais ne kart\u0105 u\u017esipuol\u0119s tuometin\u012f prezident\u0105 Joe Biden\u0105 d\u0117l auk\u0161t\u0173 duj\u0173 kain\u0173, \u0161e\u0161tadien\u012f atmet\u0117 susir\u016bpinim\u0105, ar kylan\u010dios duj\u0173 kainos JAV gali pakenkti respublikonams per art\u0117jan\u010dius vidurio kadencijos rinkimus.<\/p>\n<p id=\"anchor-510e9b\" class=\"body-graf\">\u201eManau, kad jos nukris, nei buvo anks\u010diau, o a\u0161 jas tur\u0117jau rekordi\u0161kai \u017eemoje \u017eem\u0117je\u201c, \u2013 apie duj\u0173 kainas sak\u0117 D. Trumpas, \u017ead\u0117damas, kad netrukus pasibaigus karui Irane jos nukris.<\/p>\n<p id=\"anchor-ceaaa0\" class=\"body-graf\">Kovo 1 d., kit\u0105 dien\u0105 po to, kai JAV ir Izraelis prad\u0117jo atakuoti Iran\u0105, dujos vidutini\u0161kai JAV kainavo 2,94 USD u\u017e galon\u0105, vienam \u201eGasBuddy\u201c. \u0160e\u0161tadien\u012f vidutin\u0117 kaina buvo 3,66 USD.<\/p>\n<p id=\"anchor-013aeb\" class=\"body-graf\">&#8222;Yra tiek daug naftos, duj\u0173 &#8211; ten tiek daug, bet \u017einote, jie \u0161iek tiek u\u017esikim\u0161\u0119. Labai greitai bus atkim\u0161ti&#8221;, &#8211; prid\u016br\u0117 prezidentas.<\/p>\n<p id=\"anchor-025fb5\" class=\"body-graf\">Tiesiogiai paklaustas, ar duj\u0173 kainos gali tur\u0117ti \u012ftakos vidutiniam laikotarpiui, D. Trumpas atsak\u0117: \u201eA\u0161 visi\u0161kai nesijaudinu.<\/p>\n<p id=\"anchor-7c38ec\" class=\"body-graf\">\u201eVienintelis dalykas, kur\u012f noriu padaryti, yra u\u017etikrinti, kad Iranas daugiau niekada negal\u0117t\u0173 tapti Artim\u0173j\u0173 Ryt\u0173 priekabiautoju\u201c, \u2013 prid\u016br\u0117 jis.<\/p>\n<h2 id=\"anchor-9387d0\" class=\"body-heading\"><span class=\"ez-toc-section\" id=\"Trumpas_sako_kad_Rusija_%E2%80%9Egalbut%E2%80%9C_dalijasi_informacija_su_Iranu\"><\/span><strong>Trumpas sako, kad Rusija \u201egalb\u016bt\u201c dalijasi informacija su Iranu<\/strong><span class=\"ez-toc-section-end\"><\/span><\/h2>\n<p id=\"anchor-28c9ac\" class=\"body-graf\">Paklaustas apie savo sprendim\u0105 laikinai panaikinti kai kurias sankcijas Rusijos naftai, augant pasaulin\u0117ms naftos kainoms, prezidentas sak\u0117: \u201eNoriu, kad pasaulis tur\u0117t\u0173 naftos.<\/p>\n<p id=\"anchor-dae77d\" class=\"body-graf\">Jis prid\u016br\u0117, kad sankcijos, kurios buvo \u012fvestos Rusijai \u012fsiver\u017eus \u012f Ukrain\u0105 2022 m.<strong> <\/strong>\u201egr\u012f\u0161, kai tik kriz\u0117 pasibaigs\u201c.<\/p>\n<p id=\"anchor-7a3a3e\" class=\"body-graf\">\u0160e\u0161tadien\u012f, paklaustas apie kai kuri\u0173 u\u017esienio lyderi\u0173 kritik\u0105 d\u0117l sankcij\u0173 panaikinimo, Trumpas tiesiogiai neatsak\u0117, o pykd\u0117 Ukrainos prezident\u0105 ir telefonu pasak\u0117: \u201eEsu nusteb\u0119s, kad Zelenskis nenori susitarti. Pasakyk Zelenskiui, kad susitart\u0173, nes Putinas nori susitarti\u201c.<\/p>\n<p id=\"anchor-c7cb42\" class=\"body-graf\">\u201eSu Zelenskiu susitarti daug sunkiau\u201c, \u2013 prid\u016br\u0117 JAV prezidentas.<\/p>\n<p id=\"anchor-7af99e\" class=\"body-graf\">Zelenskyy anks\u010diau \u0161\u012f m\u0117nes\u012f pasi\u016bl\u0117 pad\u0117ti JAV paj\u0117goms ir j\u0173 s\u0105jungininkams Artimuosiuose Rytuose perimti Irano bepilo\u010dius orlaivius, naudodamasis Ukrainos kariuomen\u0117s patirtimi numu\u0161ant Rusijos dronus.<\/p>\n<p id=\"anchor-41af4c\" class=\"body-graf\">Ta\u010diau \u0161e\u0161tadien\u012f Trumpas pasak\u0117, kad \u201emums nereikia pagalbos\u201c, ir prid\u016br\u0117, kad \u201epaskutinis asmuo, i\u0161 kurio mums reikia pagalbos, yra Zelenskis\u201c.<\/p>\n<p id=\"anchor-c2fdc8\" class=\"body-graf\">Prezidentas atsisak\u0117 komentuoti, ar JAV pri\u0117m\u0117 Ukrainos pagalb\u0105 bepilo\u010di\u0173 orlaivi\u0173 per\u0117mimo technologij\u0173 srityje.<\/p>\n<p id=\"anchor-48c75f\" class=\"body-graf\">Penktadien\u012f X paskelbtame \u012fra\u0161e Zelenskyy ra\u0161\u0117: \u201eArtim\u0173j\u0173 Ryt\u0173 \u0161alys susisiek\u0117 su mumis, pra\u0161ydamos pasidalyti savo patirtimi per masinius sm\u016bgius perimant Irano \u201eshahed\u201c bepilo\u010dius orlaivius. \u0160tai kod\u0117l mes jau i\u0161siunt\u0117me ekspert\u0173 grupes \u012f tris \u0161alis.<\/p>\n<p id=\"anchor-01ddfc\" class=\"body-graf\">Anks\u010diau \u0161e\u0161tadien\u012f vienas Irano politikas sak\u0117, kad Ukraina yra \u201eteis\u0117tas ir teis\u0117tas taikinys\u201c Iranui, nes Ukraina pasi\u016bl\u0117 pagalb\u0105 ginantis nuo Irano bepilo\u010di\u0173 orlaivi\u0173.<\/p>\n<p id=\"anchor-59c5e6\" class=\"body-graf\">Papra\u0161ytas atsakyti \u012f prane\u0161imus, kad Rusija dalijasi \u017evalgybos informacija su Iranu apie JAV paj\u0117g\u0173 buvimo viet\u0105, Trumpas sak\u0117: \u201eRusija galb\u016bt teikia informacij\u0105, o galb\u016bt ne\u201c.<\/p>\n<p id=\"anchor-2cf489\" class=\"endmark body-graf\">Jis prid\u016br\u0117, kad JAV \u201etai daro prie\u0161 juos\u201c, nes \u201emes suteikiame \u0161iek tiek informacijos Ukrainai ir bandome sudaryti taik\u0105 tarp dviej\u0173 taut\u0173\u201c.<\/p>\n<\/div>\n<p><a href=\"https:\/\/www.nbcnews.com\/politics\/donald-trump\/iran-negotiate-ceasefire-deal-trump-kharg-hormuz-oil-rcna263474\" target=\"_blank\" rel=\"noopener\"> Nuoroda \u012f informacijos \u0161altin\u012f <\/a><\/p>\n","protected":false},"excerpt":{"rendered":"<p>Prezidentas Donaldas Trumpas \u0161e\u0161tadien\u012f parei\u0161k\u0117, kad n\u0117ra pasireng\u0119s sudaryti susitarimo d\u0117l karo su Iranu u\u017ebaigimo, nepaisant \u0161alies noro tai padaryti,&hellip;<\/p>\n","protected":false},"author":1,"featured_media":1605,"comment_status":"open","ping_status":"open","sticky":false,"template":"","format":"standard","meta":{"footnotes":""},"categories":[4],"tags":[],"class_list":["post-1604","post","type-post","status-publish","format-standard","has-post-thumbnail","hentry","category-pasaulio-naujienos"],"yoast_head":"<!-- This site is optimized with the Yoast SEO plugin v27.5 - https:\/\/yoast.com\/product\/yoast-seo-wordpress\/ -->\n<title>Trumpas sako, kad Iranas yra pasireng\u0119s der\u0117tis d\u0117l paliaub\u0173, bet n\u0117ra pasireng\u0119s sudaryti susitarimo - NORDICCAB.LT<\/title>\n<meta name=\"robots\" content=\"index, follow, max-snippet:-1, max-image-preview:large, max-video-preview:-1\" \/>\n<link rel=\"canonical\" href=\"https:\/\/nordiccab.lt\/index.php\/2026\/03\/15\/trumpas-sako-kad-iranas-yra-pasirenges-deretis-del-paliaubu-bet-nera-pasirenges-sudaryti-susitarimo\/\" \/>\n<meta property=\"og:locale\" content=\"lt_LT\" \/>\n<meta property=\"og:type\" content=\"article\" \/>\n<meta property=\"og:title\" content=\"Trumpas sako, kad Iranas yra pasireng\u0119s der\u0117tis d\u0117l paliaub\u0173, bet n\u0117ra pasireng\u0119s sudaryti susitarimo - NORDICCAB.LT\" \/>\n<meta property=\"og:description\" content=\"Prezidentas Donaldas Trumpas \u0161e\u0161tadien\u012f parei\u0161k\u0117, kad n\u0117ra pasireng\u0119s sudaryti susitarimo d\u0117l karo su Iranu u\u017ebaigimo, nepaisant \u0161alies noro tai padaryti,&hellip;\" \/>\n<meta property=\"og:url\" content=\"https:\/\/nordiccab.lt\/index.php\/2026\/03\/15\/trumpas-sako-kad-iranas-yra-pasirenges-deretis-del-paliaubu-bet-nera-pasirenges-sudaryti-susitarimo\/\" \/>\n<meta property=\"og:site_name\" content=\"NORDICCAB.LT\" \/>\n<meta property=\"article:published_time\" content=\"2026-03-15T04:10:27+00:00\" \/>\n<meta property=\"og:image\" content=\"https:\/\/media-cldnry.s-nbcnews.com\/image\/upload\/t_fit_1500w\/rockcms\/2026-03\/260314-trump-ch-1313-53d2d1.jpg\" \/>\n<meta name=\"author\" content=\"admin\" \/>\n<meta name=\"twitter:card\" content=\"summary_large_image\" \/>\n<meta name=\"twitter:label1\" content=\"Written by\" \/>\n\t<meta name=\"twitter:data1\" content=\"admin\" \/>\n\t<meta name=\"twitter:label2\" content=\"Est. reading time\" \/>\n\t<meta name=\"twitter:data2\" content=\"9 minut\u0117s\" \/>\n<script type=\"application\/ld+json\" class=\"yoast-schema-graph\">{\"@context\":\"https:\\\/\\\/schema.org\",\"@graph\":[{\"@type\":\"Article\",\"@id\":\"https:\\\/\\\/nordiccab.lt\\\/index.php\\\/2026\\\/03\\\/15\\\/trumpas-sako-kad-iranas-yra-pasirenges-deretis-del-paliaubu-bet-nera-pasirenges-sudaryti-susitarimo\\\/#article\",\"isPartOf\":{\"@id\":\"https:\\\/\\\/nordiccab.lt\\\/index.php\\\/2026\\\/03\\\/15\\\/trumpas-sako-kad-iranas-yra-pasirenges-deretis-del-paliaubu-bet-nera-pasirenges-sudaryti-susitarimo\\\/\"},\"author\":{\"name\":\"admin\",\"@id\":\"https:\\\/\\\/nordiccab.lt\\\/#\\\/schema\\\/person\\\/1e06879215dcf15255113d53ae73289b\"},\"headline\":\"Trumpas sako, kad Iranas yra pasireng\u0119s der\u0117tis d\u0117l paliaub\u0173, bet n\u0117ra pasireng\u0119s sudaryti susitarimo\",\"datePublished\":\"2026-03-15T04:10:27+00:00\",\"mainEntityOfPage\":{\"@id\":\"https:\\\/\\\/nordiccab.lt\\\/index.php\\\/2026\\\/03\\\/15\\\/trumpas-sako-kad-iranas-yra-pasirenges-deretis-del-paliaubu-bet-nera-pasirenges-sudaryti-susitarimo\\\/\"},\"wordCount\":1807,\"commentCount\":0,\"image\":{\"@id\":\"https:\\\/\\\/nordiccab.lt\\\/index.php\\\/2026\\\/03\\\/15\\\/trumpas-sako-kad-iranas-yra-pasirenges-deretis-del-paliaubu-bet-nera-pasirenges-sudaryti-susitarimo\\\/#primaryimage\"},\"thumbnailUrl\":\"https:\\\/\\\/nordiccab.lt\\\/wp-content\\\/uploads\\\/2026\\\/03\\\/Trumpas-sako-kad-Iranas-yra-pasirenges-deretis-del-paliaubu-bet.jpg\",\"articleSection\":[\"PASAULIO NAUJIENOS\"],\"inLanguage\":\"lt-LT\",\"potentialAction\":[{\"@type\":\"CommentAction\",\"name\":\"Comment\",\"target\":[\"https:\\\/\\\/nordiccab.lt\\\/index.php\\\/2026\\\/03\\\/15\\\/trumpas-sako-kad-iranas-yra-pasirenges-deretis-del-paliaubu-bet-nera-pasirenges-sudaryti-susitarimo\\\/#respond\"]}]},{\"@type\":\"WebPage\",\"@id\":\"https:\\\/\\\/nordiccab.lt\\\/index.php\\\/2026\\\/03\\\/15\\\/trumpas-sako-kad-iranas-yra-pasirenges-deretis-del-paliaubu-bet-nera-pasirenges-sudaryti-susitarimo\\\/\",\"url\":\"https:\\\/\\\/nordiccab.lt\\\/index.php\\\/2026\\\/03\\\/15\\\/trumpas-sako-kad-iranas-yra-pasirenges-deretis-del-paliaubu-bet-nera-pasirenges-sudaryti-susitarimo\\\/\",\"name\":\"Trumpas sako, kad Iranas yra pasireng\u0119s der\u0117tis d\u0117l paliaub\u0173, bet n\u0117ra pasireng\u0119s sudaryti susitarimo - NORDICCAB.LT\",\"isPartOf\":{\"@id\":\"https:\\\/\\\/nordiccab.lt\\\/#website\"},\"primaryImageOfPage\":{\"@id\":\"https:\\\/\\\/nordiccab.lt\\\/index.php\\\/2026\\\/03\\\/15\\\/trumpas-sako-kad-iranas-yra-pasirenges-deretis-del-paliaubu-bet-nera-pasirenges-sudaryti-susitarimo\\\/#primaryimage\"},\"image\":{\"@id\":\"https:\\\/\\\/nordiccab.lt\\\/index.php\\\/2026\\\/03\\\/15\\\/trumpas-sako-kad-iranas-yra-pasirenges-deretis-del-paliaubu-bet-nera-pasirenges-sudaryti-susitarimo\\\/#primaryimage\"},\"thumbnailUrl\":\"https:\\\/\\\/nordiccab.lt\\\/wp-content\\\/uploads\\\/2026\\\/03\\\/Trumpas-sako-kad-Iranas-yra-pasirenges-deretis-del-paliaubu-bet.jpg\",\"datePublished\":\"2026-03-15T04:10:27+00:00\",\"author\":{\"@id\":\"https:\\\/\\\/nordiccab.lt\\\/#\\\/schema\\\/person\\\/1e06879215dcf15255113d53ae73289b\"},\"breadcrumb\":{\"@id\":\"https:\\\/\\\/nordiccab.lt\\\/index.php\\\/2026\\\/03\\\/15\\\/trumpas-sako-kad-iranas-yra-pasirenges-deretis-del-paliaubu-bet-nera-pasirenges-sudaryti-susitarimo\\\/#breadcrumb\"},\"inLanguage\":\"lt-LT\",\"potentialAction\":[{\"@type\":\"ReadAction\",\"target\":[\"https:\\\/\\\/nordiccab.lt\\\/index.php\\\/2026\\\/03\\\/15\\\/trumpas-sako-kad-iranas-yra-pasirenges-deretis-del-paliaubu-bet-nera-pasirenges-sudaryti-susitarimo\\\/\"]}]},{\"@type\":\"ImageObject\",\"inLanguage\":\"lt-LT\",\"@id\":\"https:\\\/\\\/nordiccab.lt\\\/index.php\\\/2026\\\/03\\\/15\\\/trumpas-sako-kad-iranas-yra-pasirenges-deretis-del-paliaubu-bet-nera-pasirenges-sudaryti-susitarimo\\\/#primaryimage\",\"url\":\"https:\\\/\\\/nordiccab.lt\\\/wp-content\\\/uploads\\\/2026\\\/03\\\/Trumpas-sako-kad-Iranas-yra-pasirenges-deretis-del-paliaubu-bet.jpg\",\"contentUrl\":\"https:\\\/\\\/nordiccab.lt\\\/wp-content\\\/uploads\\\/2026\\\/03\\\/Trumpas-sako-kad-Iranas-yra-pasirenges-deretis-del-paliaubu-bet.jpg\",\"width\":1200,\"height\":630},{\"@type\":\"BreadcrumbList\",\"@id\":\"https:\\\/\\\/nordiccab.lt\\\/index.php\\\/2026\\\/03\\\/15\\\/trumpas-sako-kad-iranas-yra-pasirenges-deretis-del-paliaubu-bet-nera-pasirenges-sudaryti-susitarimo\\\/#breadcrumb\",\"itemListElement\":[{\"@type\":\"ListItem\",\"position\":1,\"name\":\"Home\",\"item\":\"https:\\\/\\\/nordiccab.lt\\\/\"},{\"@type\":\"ListItem\",\"position\":2,\"name\":\"Trumpas sako, kad Iranas yra pasireng\u0119s der\u0117tis d\u0117l paliaub\u0173, bet n\u0117ra pasireng\u0119s sudaryti susitarimo\"}]},{\"@type\":\"WebSite\",\"@id\":\"https:\\\/\\\/nordiccab.lt\\\/#website\",\"url\":\"https:\\\/\\\/nordiccab.lt\\\/\",\"name\":\"NORDICCAB.LT\",\"description\":\"Pasaulio naujienos, technologijos, automobiliai\",\"potentialAction\":[{\"@type\":\"SearchAction\",\"target\":{\"@type\":\"EntryPoint\",\"urlTemplate\":\"https:\\\/\\\/nordiccab.lt\\\/?s={search_term_string}\"},\"query-input\":{\"@type\":\"PropertyValueSpecification\",\"valueRequired\":true,\"valueName\":\"search_term_string\"}}],\"inLanguage\":\"lt-LT\"},{\"@type\":\"Person\",\"@id\":\"https:\\\/\\\/nordiccab.lt\\\/#\\\/schema\\\/person\\\/1e06879215dcf15255113d53ae73289b\",\"name\":\"admin\",\"image\":{\"@type\":\"ImageObject\",\"inLanguage\":\"lt-LT\",\"@id\":\"https:\\\/\\\/secure.gravatar.com\\\/avatar\\\/f37349f777250847d2fca2ada474f5a6aadffa79d5284e8ad354a5c410a691ec?s=96&d=mm&r=g\",\"url\":\"https:\\\/\\\/secure.gravatar.com\\\/avatar\\\/f37349f777250847d2fca2ada474f5a6aadffa79d5284e8ad354a5c410a691ec?s=96&d=mm&r=g\",\"contentUrl\":\"https:\\\/\\\/secure.gravatar.com\\\/avatar\\\/f37349f777250847d2fca2ada474f5a6aadffa79d5284e8ad354a5c410a691ec?s=96&d=mm&r=g\",\"caption\":\"admin\"},\"sameAs\":[\"https:\\\/\\\/nordiccab.lt\"],\"url\":\"https:\\\/\\\/nordiccab.lt\\\/author\\\/admin\\\/\"}]}<\/script>\n<!-- \/ Yoast SEO plugin. -->","yoast_head_json":{"title":"Trumpas sako, kad Iranas yra pasireng\u0119s der\u0117tis d\u0117l paliaub\u0173, bet n\u0117ra pasireng\u0119s sudaryti susitarimo - NORDICCAB.LT","robots":{"index":"index","follow":"follow","max-snippet":"max-snippet:-1","max-image-preview":"max-image-preview:large","max-video-preview":"max-video-preview:-1"},"canonical":"https:\/\/nordiccab.lt\/index.php\/2026\/03\/15\/trumpas-sako-kad-iranas-yra-pasirenges-deretis-del-paliaubu-bet-nera-pasirenges-sudaryti-susitarimo\/","og_locale":"lt_LT","og_type":"article","og_title":"Trumpas sako, kad Iranas yra pasireng\u0119s der\u0117tis d\u0117l paliaub\u0173, bet n\u0117ra pasireng\u0119s sudaryti susitarimo - NORDICCAB.LT","og_description":"Prezidentas Donaldas Trumpas \u0161e\u0161tadien\u012f parei\u0161k\u0117, kad n\u0117ra pasireng\u0119s sudaryti susitarimo d\u0117l karo su Iranu u\u017ebaigimo, nepaisant \u0161alies noro tai padaryti,&hellip;","og_url":"https:\/\/nordiccab.lt\/index.php\/2026\/03\/15\/trumpas-sako-kad-iranas-yra-pasirenges-deretis-del-paliaubu-bet-nera-pasirenges-sudaryti-susitarimo\/","og_site_name":"NORDICCAB.LT","article_published_time":"2026-03-15T04:10:27+00:00","og_image":[{"url":"https:\/\/media-cldnry.s-nbcnews.com\/image\/upload\/t_fit_1500w\/rockcms\/2026-03\/260314-trump-ch-1313-53d2d1.jpg","type":"","width":"","height":""}],"author":"admin","twitter_card":"summary_large_image","twitter_misc":{"Written by":"admin","Est. reading time":"9 minut\u0117s"},"schema":{"@context":"https:\/\/schema.org","@graph":[{"@type":"Article","@id":"https:\/\/nordiccab.lt\/index.php\/2026\/03\/15\/trumpas-sako-kad-iranas-yra-pasirenges-deretis-del-paliaubu-bet-nera-pasirenges-sudaryti-susitarimo\/#article","isPartOf":{"@id":"https:\/\/nordiccab.lt\/index.php\/2026\/03\/15\/trumpas-sako-kad-iranas-yra-pasirenges-deretis-del-paliaubu-bet-nera-pasirenges-sudaryti-susitarimo\/"},"author":{"name":"admin","@id":"https:\/\/nordiccab.lt\/#\/schema\/person\/1e06879215dcf15255113d53ae73289b"},"headline":"Trumpas sako, kad Iranas yra pasireng\u0119s der\u0117tis d\u0117l paliaub\u0173, bet n\u0117ra pasireng\u0119s sudaryti susitarimo","datePublished":"2026-03-15T04:10:27+00:00","mainEntityOfPage":{"@id":"https:\/\/nordiccab.lt\/index.php\/2026\/03\/15\/trumpas-sako-kad-iranas-yra-pasirenges-deretis-del-paliaubu-bet-nera-pasirenges-sudaryti-susitarimo\/"},"wordCount":1807,"commentCount":0,"image":{"@id":"https:\/\/nordiccab.lt\/index.php\/2026\/03\/15\/trumpas-sako-kad-iranas-yra-pasirenges-deretis-del-paliaubu-bet-nera-pasirenges-sudaryti-susitarimo\/#primaryimage"},"thumbnailUrl":"https:\/\/nordiccab.lt\/wp-content\/uploads\/2026\/03\/Trumpas-sako-kad-Iranas-yra-pasirenges-deretis-del-paliaubu-bet.jpg","articleSection":["PASAULIO NAUJIENOS"],"inLanguage":"lt-LT","potentialAction":[{"@type":"CommentAction","name":"Comment","target":["https:\/\/nordiccab.lt\/index.php\/2026\/03\/15\/trumpas-sako-kad-iranas-yra-pasirenges-deretis-del-paliaubu-bet-nera-pasirenges-sudaryti-susitarimo\/#respond"]}]},{"@type":"WebPage","@id":"https:\/\/nordiccab.lt\/index.php\/2026\/03\/15\/trumpas-sako-kad-iranas-yra-pasirenges-deretis-del-paliaubu-bet-nera-pasirenges-sudaryti-susitarimo\/","url":"https:\/\/nordiccab.lt\/index.php\/2026\/03\/15\/trumpas-sako-kad-iranas-yra-pasirenges-deretis-del-paliaubu-bet-nera-pasirenges-sudaryti-susitarimo\/","name":"Trumpas sako, kad Iranas yra pasireng\u0119s der\u0117tis d\u0117l paliaub\u0173, bet n\u0117ra pasireng\u0119s sudaryti susitarimo - NORDICCAB.LT","isPartOf":{"@id":"https:\/\/nordiccab.lt\/#website"},"primaryImageOfPage":{"@id":"https:\/\/nordiccab.lt\/index.php\/2026\/03\/15\/trumpas-sako-kad-iranas-yra-pasirenges-deretis-del-paliaubu-bet-nera-pasirenges-sudaryti-susitarimo\/#primaryimage"},"image":{"@id":"https:\/\/nordiccab.lt\/index.php\/2026\/03\/15\/trumpas-sako-kad-iranas-yra-pasirenges-deretis-del-paliaubu-bet-nera-pasirenges-sudaryti-susitarimo\/#primaryimage"},"thumbnailUrl":"https:\/\/nordiccab.lt\/wp-content\/uploads\/2026\/03\/Trumpas-sako-kad-Iranas-yra-pasirenges-deretis-del-paliaubu-bet.jpg","datePublished":"2026-03-15T04:10:27+00:00","author":{"@id":"https:\/\/nordiccab.lt\/#\/schema\/person\/1e06879215dcf15255113d53ae73289b"},"breadcrumb":{"@id":"https:\/\/nordiccab.lt\/index.php\/2026\/03\/15\/trumpas-sako-kad-iranas-yra-pasirenges-deretis-del-paliaubu-bet-nera-pasirenges-sudaryti-susitarimo\/#breadcrumb"},"inLanguage":"lt-LT","potentialAction":[{"@type":"ReadAction","target":["https:\/\/nordiccab.lt\/index.php\/2026\/03\/15\/trumpas-sako-kad-iranas-yra-pasirenges-deretis-del-paliaubu-bet-nera-pasirenges-sudaryti-susitarimo\/"]}]},{"@type":"ImageObject","inLanguage":"lt-LT","@id":"https:\/\/nordiccab.lt\/index.php\/2026\/03\/15\/trumpas-sako-kad-iranas-yra-pasirenges-deretis-del-paliaubu-bet-nera-pasirenges-sudaryti-susitarimo\/#primaryimage","url":"https:\/\/nordiccab.lt\/wp-content\/uploads\/2026\/03\/Trumpas-sako-kad-Iranas-yra-pasirenges-deretis-del-paliaubu-bet.jpg","contentUrl":"https:\/\/nordiccab.lt\/wp-content\/uploads\/2026\/03\/Trumpas-sako-kad-Iranas-yra-pasirenges-deretis-del-paliaubu-bet.jpg","width":1200,"height":630},{"@type":"BreadcrumbList","@id":"https:\/\/nordiccab.lt\/index.php\/2026\/03\/15\/trumpas-sako-kad-iranas-yra-pasirenges-deretis-del-paliaubu-bet-nera-pasirenges-sudaryti-susitarimo\/#breadcrumb","itemListElement":[{"@type":"ListItem","position":1,"name":"Home","item":"https:\/\/nordiccab.lt\/"},{"@type":"ListItem","position":2,"name":"Trumpas sako, kad Iranas yra pasireng\u0119s der\u0117tis d\u0117l paliaub\u0173, bet n\u0117ra pasireng\u0119s sudaryti susitarimo"}]},{"@type":"WebSite","@id":"https:\/\/nordiccab.lt\/#website","url":"https:\/\/nordiccab.lt\/","name":"NORDICCAB.LT","description":"Pasaulio naujienos, technologijos, automobiliai","potentialAction":[{"@type":"SearchAction","target":{"@type":"EntryPoint","urlTemplate":"https:\/\/nordiccab.lt\/?s={search_term_string}"},"query-input":{"@type":"PropertyValueSpecification","valueRequired":true,"valueName":"search_term_string"}}],"inLanguage":"lt-LT"},{"@type":"Person","@id":"https:\/\/nordiccab.lt\/#\/schema\/person\/1e06879215dcf15255113d53ae73289b","name":"admin","image":{"@type":"ImageObject","inLanguage":"lt-LT","@id":"https:\/\/secure.gravatar.com\/avatar\/f37349f777250847d2fca2ada474f5a6aadffa79d5284e8ad354a5c410a691ec?s=96&d=mm&r=g","url":"https:\/\/secure.gravatar.com\/avatar\/f37349f777250847d2fca2ada474f5a6aadffa79d5284e8ad354a5c410a691ec?s=96&d=mm&r=g","contentUrl":"https:\/\/secure.gravatar.com\/avatar\/f37349f777250847d2fca2ada474f5a6aadffa79d5284e8ad354a5c410a691ec?s=96&d=mm&r=g","caption":"admin"},"sameAs":["https:\/\/nordiccab.lt"],"url":"https:\/\/nordiccab.lt\/author\/admin\/"}]}},"_links":{"self":[{"href":"https:\/\/nordiccab.lt\/index.php\/wp-json\/wp\/v2\/posts\/1604","targetHints":{"allow":["GET"]}}],"collection":[{"href":"https:\/\/nordiccab.lt\/index.php\/wp-json\/wp\/v2\/posts"}],"about":[{"href":"https:\/\/nordiccab.lt\/index.php\/wp-json\/wp\/v2\/types\/post"}],"author":[{"embeddable":true,"href":"https:\/\/nordiccab.lt\/index.php\/wp-json\/wp\/v2\/users\/1"}],"replies":[{"embeddable":true,"href":"https:\/\/nordiccab.lt\/index.php\/wp-json\/wp\/v2\/comments?post=1604"}],"version-history":[{"count":0,"href":"https:\/\/nordiccab.lt\/index.php\/wp-json\/wp\/v2\/posts\/1604\/revisions"}],"wp:featuredmedia":[{"embeddable":true,"href":"https:\/\/nordiccab.lt\/index.php\/wp-json\/wp\/v2\/media\/1605"}],"wp:attachment":[{"href":"https:\/\/nordiccab.lt\/index.php\/wp-json\/wp\/v2\/media?parent=1604"}],"wp:term":[{"taxonomy":"category","embeddable":true,"href":"https:\/\/nordiccab.lt\/index.php\/wp-json\/wp\/v2\/categories?post=1604"},{"taxonomy":"post_tag","embeddable":true,"href":"https:\/\/nordiccab.lt\/index.php\/wp-json\/wp\/v2\/tags?post=1604"}],"curies":[{"name":"wp","href":"https:\/\/api.w.org\/{rel}","templated":true}]}}