{"id":1461,"date":"2026-02-09T02:24:36","date_gmt":"2026-02-09T02:24:36","guid":{"rendered":"https:\/\/nordiccab.lt\/index.php\/2026\/02\/09\/jav-dailiojo-ciuozimo-medalio-viltis-nusileido-vienam-ciuozejui-ilia-malinin-buvo-auksine\/"},"modified":"2026-02-09T02:24:36","modified_gmt":"2026-02-09T02:24:36","slug":"jav-dailiojo-ciuozimo-medalio-viltis-nusileido-vienam-ciuozejui-ilia-malinin-buvo-auksine","status":"publish","type":"post","link":"https:\/\/nordiccab.lt\/index.php\/2026\/02\/09\/jav-dailiojo-ciuozimo-medalio-viltis-nusileido-vienam-ciuozejui-ilia-malinin-buvo-auksine\/","title":{"rendered":"JAV dailiojo \u010diuo\u017eimo medalio viltis nusileido vienam \u010diuo\u017e\u0117jui. Ilia Malinin buvo auksin\u0117."},"content":{"rendered":"<p><\/p>\n<div>\n<p id=\"anchor-0899b8\" class=\"body-graf\">MILANAS \u2013 Dvi dienos ir 11 \u010diuo\u017e\u0117j\u0173 iki dailiojo \u010diuo\u017eimo komandinio renginio, JAV viltys gauti aukso medal\u012f priklauso nuo vieno finalinio \u010diuo\u017e\u0117jo.<\/p>\n<p id=\"anchor-66759c\" class=\"body-graf\"><em><strong>Sekite naujienas tiesiogiai<\/strong><\/em><\/p>\n<p id=\"anchor-d5beab\" class=\"body-graf\">Ilia Malinin, kuriam buvo tik 21 metai, jau buvo peln\u0119s pasaulio \u010dempionat\u0105 ir i\u0161ugd\u0119s sugeb\u0117jim\u0105 atlikti triukus, kuri\u0173 jokiam kitam \u017emogui istorijoje nebuvo pavyk\u0119, suklup\u0119s, kuris pritrauk\u0117 aiktel\u0117jim\u0105, tada met\u0117 at\u0161okim\u0105 atgal \u2013 antr\u0105 kart\u0105 per tiek nakt\u0173, o olimpini\u0173 \u017eaidyni\u0173 istorijoje \u2013 suk\u0117l\u0119s riksmus.<\/p>\n<p id=\"anchor-2a8665\" class=\"body-graf\">Tada jis tur\u0117jo laukti paskutinio Japonijos atvyk\u0117lio rutinos.<\/p>\n<section id=\"anchor-b93fbe\" class=\"embed-widget embedWidget embed-widget--scroll-table embed-widget--medium\" data-testid=\"embed-widget\">\n<p><iframe loading=\"lazy\" src=\"https:\/\/embed.nbcolympics.com\/olysmr\/xac4M5xZBFmi.html?integration=nbcnews&amp;autoplay=false\" class=\"nbcSports\" allowfullscreen=\"\"><\/iframe><\/p>\n<\/section>\n<p id=\"anchor-88a17f\" class=\"body-graf\">Tai buvo kankinantis, nervus erzinantis teatras, kuris baig\u0117si tuo, kad i\u0161 kadaise siaubingos Milano ledo \u010diuo\u017eimo arenos buvo i\u0161siurbtas visas oras, nes galutinis Shun Sato rezultatas buvo perskaitytas per stadiono vie\u0161\u0173j\u0173 adres\u0173 sistem\u0105. Kai jis gerokai nukrito iki Malinino rezultato, septyni JAV sportininkai, dalyvav\u0119 komandin\u0117je rungtyje, apsikabino vienas kit\u0105 vos per p\u0117das nuo ledo.<\/p>\n<p id=\"anchor-f0e4c0\" class=\"body-graf\">Galutinis rezultatas buvo JAV 69, Japonija 68. Italija u\u017esitikrino bronz\u0105 su 60 ta\u0161k\u0173.<\/p>\n<p id=\"anchor-65a83d\" class=\"body-graf\">Malininas peln\u0117 savo pirm\u0105j\u012f olimpin\u012f medal\u012f karjeroje.<\/p>\n<p id=\"anchor-f295c6\" class=\"body-graf\">\u201eA\u0161 sakiau: \u201eGerai, a\u0161 esu lemiamas veiksnys\u201c, \u2013 po medali\u0173 teikimo ceremonijos sak\u0117 Malininas. \u201e\u017dinai, a\u0161 turiu daryti tai, k\u0105 turiu\u201c.<\/p>\n<section id=\"anchor-76343d\" class=\"embed-widget embedWidget embed-widget--scroll-table embed-widget--medium\" data-testid=\"embed-widget\"\/>\n<p id=\"anchor-5fec24\" class=\"body-graf\">Tai buvo pirmasis medalis, i\u0161dalytas dailiojo \u010diuo\u017eimo var\u017eybose \u0161iose \u017eaidyn\u0117se, ir buvo antrosios i\u0161 eil\u0117s olimpin\u0117s \u017eaidyn\u0117s, kuriose JAV laim\u0117jo \u0161\u012f rengin\u012f. Nor\u0117dami tai padaryti, JAV tur\u0117jo i\u0161tverti dviej\u0173 dien\u0173 rengin\u012f, kuriame buvo sujungti keturi\u0173 skirting\u0173 disciplin\u0173 rezultatai per \u0161e\u0161tadienio atrankos etapus ir dar keturios var\u017eybos sekmadienio finale.<\/p>\n<p id=\"anchor-0ad151\" class=\"body-graf\">JAV daugumoje rengini\u0173 naudojo tas pa\u010dias komandas \u2013 Madison Chock ir Evan Bates dalyvavo ir ritmo, ir laisvo \u0161okio \u0161okyje; Ellie Kam ir Danny O&#8217;Shea var\u017e\u0117si abiejose porinio \u010diuo\u017eimo dienose; ir Malininas tvark\u0117 vyr\u0173 vienvietes. Vienintel\u0117 i\u0161imtis buvo moter\u0173 vienvietis \u010diuo\u017eimas, kuriame Alysa Liu buvo naudojamas \u0161e\u0161tadien\u012f, o Amber Glenn \u010diuo\u017e\u0117 sekmadien\u012f.<\/p>\n<section id=\"anchor-43e094\" class=\"embed-widget embedWidget embed-widget--scroll-table embed-widget--medium\" data-testid=\"embed-widget\">\n<p><iframe loading=\"lazy\" src=\"https:\/\/embed.nbcolympics.com\/olysmr\/01t2syR2C_GE.html?integration=nbcnews&amp;autoplay=false\" class=\"nbcSports\" allowfullscreen=\"\"><\/iframe><\/p>\n<\/section>\n<p id=\"anchor-fadb40\" class=\"body-graf\">Tris kartus vie\u0161pataujanti JAV \u010dempion\u0117 Glenn sak\u0117, kad jau\u010diasi \u201ekalta\u201c, kad sekmadien\u012f, u\u017e\u0117musi tre\u010di\u0105 viet\u0105, prie\u0161paskutin\u0117se var\u017eybose prarado JAV lyderio pozicij\u0105 ir kad ji jaut\u0117si i\u0161sekusi treniruot\u0117se ir nepa\u017e\u012fstama komandinio renginio formato.<\/p>\n<p id=\"anchor-3a8210\" class=\"body-graf\">Visa tai paliko JAV ir Japonij\u0105 lygiosiomis pirm\u0105sias vietas (59 ta\u0161kus) ir pateko \u012f paskutin\u0119 sekmadienio disciplin\u0105, kuri prasid\u0117jo po 22 val. vietos laiku. Jei Malininas, Fairfax, Vird\u017einijos valstija, gim\u0119s tokiam etapui \u2013 jo t\u0117vai \u010diuo\u017e\u0117 2002 m. Solt Leik Si\u010dio olimpin\u0117se \u017eaidyn\u0117se \u2013 nervinosi, tai nepasirod\u0117, kai jis atsistojo ant pa\u010di\u016b\u017e\u0173 ir spaud\u0117 kum\u0161t\u012f pakeliui \u012f led\u0105 per pristatym\u0105 prie\u0161 \u010diuo\u017eykl\u0105. Jis atseg\u0117 Team USA striuk\u0119, kad atskleist\u0173 blizgant\u012f juod\u0105 vir\u0161\u0173. Japonijos dalyvis Sato buvo sant\u016bresnis.<\/p>\n<p id=\"anchor-4fc806\" class=\"body-graf\">\u201eTikrai negalvojau, ar galiu \u012fveikti Ilij\u0105, ar ne, \u2013 per vert\u0117j\u0105 sak\u0117 Sato, \u2013 bet tikrai nor\u0117jau tai padaryti.<\/p>\n<p id=\"anchor-50038a\" class=\"body-graf\">Malininas gali b\u016bti did\u017eiausia dailiojo \u010diuo\u017eimo \u017evaig\u017ed\u0117, ta\u010diau jis n\u0117ra nenugalimas. Net nepaisant \u0161io atmu\u0161imo, jo \u012fprastas \u0161e\u0161tadienis buvo pakankamai geras tik antram u\u017e japon\u0105 Yuma Kagiyama.<\/p>\n<p id=\"anchor-71e44b\" class=\"body-graf\">Malininas sekmadien\u012f taip pat nebuvo tobulas. Jis tur\u0117jo pad\u0117ti abiem rankomis ant ledo, kad atsitvirtint\u0173 po dreban\u010dio kritimo, ta\u010diau greitai savo rutinos sud\u0117tingum\u0105 padidino daugiau nei konkurentai gal\u0117jo prilygti atsisukdami atgal ant ledo centro. Jis i\u0161\u0117jo i\u0161 rutinos, \u0161aukdamas gerb\u0117jams. Jo rezultatas 200,03 nesunkiai i\u0161ved\u0117 j\u012f \u012f pirm\u0105 viet\u0105, daugiau nei 20 ta\u0161k\u0173 lenkiantis antroje vietoje esant\u012f Italijos \u010diuo\u017e\u0117j\u0105. Ir tai nustat\u0117 kartel\u0119 tam, k\u0105 Japonija tur\u0117jo i\u0161valyti aukso medaliui.<\/p>\n<p id=\"anchor-a8af27\" class=\"endmark body-graf\">Sato \u012fmet\u0117 194,86.<\/p>\n<\/div>\n<div>\n<div class=\"expanded-byline-contributors articleBylineContainer\">\n<div class=\"expanded-byline article-expanded-byline\" data-activity-map=\"expanded-byline-article-bottom\">\n<div class=\"byline-thumbnail byline-thumbnail--has-image expanded-byline__thumbnail\" data-testid=\"byline-thumbnail\"><picture data-testid=\"picture\" data-flavor=\"focal\" data-original-height=\"48\" data-original-width=\"48\"><source media=\"(min-width: 320px)\" srcset=\"https:\/\/media-cldnry.s-nbcnews.com\/image\/upload\/t_focal-60x60,f_avif,q_auto:eco,dpr_2\/newscms\/2025_36\/3702986\/250903-andrew-greif.jpg 2x, https:\/\/media-cldnry.s-nbcnews.com\/image\/upload\/t_focal-60x60,f_auto,q_auto:best\/newscms\/2025_36\/3702986\/250903-andrew-greif.jpg 1x\"\/><\/picture><\/div>\n<div class=\"expanded-byline__bio-wrapper expanded-byline__bio \">\n<p class=\"byline-bio expanded-byline__bio \">Andrew Greifas yra \u201eNBC News Digital\u201c sporto reporteris. <\/p>\n<\/div>\n<\/div>\n<p>Associated Press<!-- --> <!-- -->prisid\u0117jo<!-- -->.<\/p>\n<\/div>\n<\/div>\n<p><a href=\"https:\/\/www.nbcnews.com\/sports\/olympics\/ilia-malinin-team-usa-figure-skating-gold-rcna258045\" target=\"_blank\" rel=\"noopener\"> Nuoroda \u012f informacijos \u0161altin\u012f <\/a><\/p>\n","protected":false},"excerpt":{"rendered":"<p>MILANAS \u2013 Dvi dienos ir 11 \u010diuo\u017e\u0117j\u0173 iki dailiojo \u010diuo\u017eimo komandinio renginio, JAV viltys gauti aukso medal\u012f priklauso nuo vieno&hellip;<\/p>\n","protected":false},"author":1,"featured_media":1462,"comment_status":"open","ping_status":"open","sticky":false,"template":"","format":"standard","meta":{"footnotes":""},"categories":[4],"tags":[],"class_list":["post-1461","post","type-post","status-publish","format-standard","has-post-thumbnail","hentry","category-pasaulio-naujienos"],"yoast_head":"<!-- This site is optimized with the Yoast SEO plugin v27.5 - https:\/\/yoast.com\/product\/yoast-seo-wordpress\/ -->\n<title>JAV dailiojo \u010diuo\u017eimo medalio viltis nusileido vienam \u010diuo\u017e\u0117jui. Ilia Malinin buvo auksin\u0117. - NORDICCAB.LT<\/title>\n<meta name=\"robots\" content=\"index, follow, max-snippet:-1, max-image-preview:large, max-video-preview:-1\" \/>\n<link rel=\"canonical\" href=\"https:\/\/nordiccab.lt\/index.php\/2026\/02\/09\/jav-dailiojo-ciuozimo-medalio-viltis-nusileido-vienam-ciuozejui-ilia-malinin-buvo-auksine\/\" \/>\n<meta property=\"og:locale\" content=\"lt_LT\" \/>\n<meta property=\"og:type\" content=\"article\" \/>\n<meta property=\"og:title\" content=\"JAV dailiojo \u010diuo\u017eimo medalio viltis nusileido vienam \u010diuo\u017e\u0117jui. Ilia Malinin buvo auksin\u0117. - NORDICCAB.LT\" \/>\n<meta property=\"og:description\" content=\"MILANAS \u2013 Dvi dienos ir 11 \u010diuo\u017e\u0117j\u0173 iki dailiojo \u010diuo\u017eimo komandinio renginio, JAV viltys gauti aukso medal\u012f priklauso nuo vieno&hellip;\" \/>\n<meta property=\"og:url\" content=\"https:\/\/nordiccab.lt\/index.php\/2026\/02\/09\/jav-dailiojo-ciuozimo-medalio-viltis-nusileido-vienam-ciuozejui-ilia-malinin-buvo-auksine\/\" \/>\n<meta property=\"og:site_name\" content=\"NORDICCAB.LT\" \/>\n<meta property=\"article:published_time\" content=\"2026-02-09T02:24:36+00:00\" \/>\n<meta property=\"og:image\" content=\"https:\/\/media-cldnry.s-nbcnews.com\/image\/upload\/t_focal-60x60,f_auto,q_auto:best\/newscms\/2025_36\/3702986\/250903-andrew-greif.jpg\" \/>\n<meta name=\"author\" content=\"admin\" \/>\n<meta name=\"twitter:card\" content=\"summary_large_image\" \/>\n<meta name=\"twitter:label1\" content=\"Written by\" \/>\n\t<meta name=\"twitter:data1\" content=\"admin\" \/>\n\t<meta name=\"twitter:label2\" content=\"Est. reading time\" \/>\n\t<meta name=\"twitter:data2\" content=\"3 minut\u0117s\" \/>\n<script type=\"application\/ld+json\" class=\"yoast-schema-graph\">{\"@context\":\"https:\\\/\\\/schema.org\",\"@graph\":[{\"@type\":\"Article\",\"@id\":\"https:\\\/\\\/nordiccab.lt\\\/index.php\\\/2026\\\/02\\\/09\\\/jav-dailiojo-ciuozimo-medalio-viltis-nusileido-vienam-ciuozejui-ilia-malinin-buvo-auksine\\\/#article\",\"isPartOf\":{\"@id\":\"https:\\\/\\\/nordiccab.lt\\\/index.php\\\/2026\\\/02\\\/09\\\/jav-dailiojo-ciuozimo-medalio-viltis-nusileido-vienam-ciuozejui-ilia-malinin-buvo-auksine\\\/\"},\"author\":{\"name\":\"admin\",\"@id\":\"https:\\\/\\\/nordiccab.lt\\\/#\\\/schema\\\/person\\\/1e06879215dcf15255113d53ae73289b\"},\"headline\":\"JAV dailiojo \u010diuo\u017eimo medalio viltis nusileido vienam \u010diuo\u017e\u0117jui. Ilia Malinin buvo auksin\u0117.\",\"datePublished\":\"2026-02-09T02:24:36+00:00\",\"mainEntityOfPage\":{\"@id\":\"https:\\\/\\\/nordiccab.lt\\\/index.php\\\/2026\\\/02\\\/09\\\/jav-dailiojo-ciuozimo-medalio-viltis-nusileido-vienam-ciuozejui-ilia-malinin-buvo-auksine\\\/\"},\"wordCount\":596,\"commentCount\":0,\"image\":{\"@id\":\"https:\\\/\\\/nordiccab.lt\\\/index.php\\\/2026\\\/02\\\/09\\\/jav-dailiojo-ciuozimo-medalio-viltis-nusileido-vienam-ciuozejui-ilia-malinin-buvo-auksine\\\/#primaryimage\"},\"thumbnailUrl\":\"https:\\\/\\\/nordiccab.lt\\\/wp-content\\\/uploads\\\/2026\\\/02\\\/JAV-dailiojo-ciuozimo-medalio-viltis-nusileido-vienam-ciuozejui-Ilia-Malinin.jpg\",\"articleSection\":[\"PASAULIO NAUJIENOS\"],\"inLanguage\":\"lt-LT\",\"potentialAction\":[{\"@type\":\"CommentAction\",\"name\":\"Comment\",\"target\":[\"https:\\\/\\\/nordiccab.lt\\\/index.php\\\/2026\\\/02\\\/09\\\/jav-dailiojo-ciuozimo-medalio-viltis-nusileido-vienam-ciuozejui-ilia-malinin-buvo-auksine\\\/#respond\"]}]},{\"@type\":\"WebPage\",\"@id\":\"https:\\\/\\\/nordiccab.lt\\\/index.php\\\/2026\\\/02\\\/09\\\/jav-dailiojo-ciuozimo-medalio-viltis-nusileido-vienam-ciuozejui-ilia-malinin-buvo-auksine\\\/\",\"url\":\"https:\\\/\\\/nordiccab.lt\\\/index.php\\\/2026\\\/02\\\/09\\\/jav-dailiojo-ciuozimo-medalio-viltis-nusileido-vienam-ciuozejui-ilia-malinin-buvo-auksine\\\/\",\"name\":\"JAV dailiojo \u010diuo\u017eimo medalio viltis nusileido vienam \u010diuo\u017e\u0117jui. Ilia Malinin buvo auksin\u0117. - NORDICCAB.LT\",\"isPartOf\":{\"@id\":\"https:\\\/\\\/nordiccab.lt\\\/#website\"},\"primaryImageOfPage\":{\"@id\":\"https:\\\/\\\/nordiccab.lt\\\/index.php\\\/2026\\\/02\\\/09\\\/jav-dailiojo-ciuozimo-medalio-viltis-nusileido-vienam-ciuozejui-ilia-malinin-buvo-auksine\\\/#primaryimage\"},\"image\":{\"@id\":\"https:\\\/\\\/nordiccab.lt\\\/index.php\\\/2026\\\/02\\\/09\\\/jav-dailiojo-ciuozimo-medalio-viltis-nusileido-vienam-ciuozejui-ilia-malinin-buvo-auksine\\\/#primaryimage\"},\"thumbnailUrl\":\"https:\\\/\\\/nordiccab.lt\\\/wp-content\\\/uploads\\\/2026\\\/02\\\/JAV-dailiojo-ciuozimo-medalio-viltis-nusileido-vienam-ciuozejui-Ilia-Malinin.jpg\",\"datePublished\":\"2026-02-09T02:24:36+00:00\",\"author\":{\"@id\":\"https:\\\/\\\/nordiccab.lt\\\/#\\\/schema\\\/person\\\/1e06879215dcf15255113d53ae73289b\"},\"breadcrumb\":{\"@id\":\"https:\\\/\\\/nordiccab.lt\\\/index.php\\\/2026\\\/02\\\/09\\\/jav-dailiojo-ciuozimo-medalio-viltis-nusileido-vienam-ciuozejui-ilia-malinin-buvo-auksine\\\/#breadcrumb\"},\"inLanguage\":\"lt-LT\",\"potentialAction\":[{\"@type\":\"ReadAction\",\"target\":[\"https:\\\/\\\/nordiccab.lt\\\/index.php\\\/2026\\\/02\\\/09\\\/jav-dailiojo-ciuozimo-medalio-viltis-nusileido-vienam-ciuozejui-ilia-malinin-buvo-auksine\\\/\"]}]},{\"@type\":\"ImageObject\",\"inLanguage\":\"lt-LT\",\"@id\":\"https:\\\/\\\/nordiccab.lt\\\/index.php\\\/2026\\\/02\\\/09\\\/jav-dailiojo-ciuozimo-medalio-viltis-nusileido-vienam-ciuozejui-ilia-malinin-buvo-auksine\\\/#primaryimage\",\"url\":\"https:\\\/\\\/nordiccab.lt\\\/wp-content\\\/uploads\\\/2026\\\/02\\\/JAV-dailiojo-ciuozimo-medalio-viltis-nusileido-vienam-ciuozejui-Ilia-Malinin.jpg\",\"contentUrl\":\"https:\\\/\\\/nordiccab.lt\\\/wp-content\\\/uploads\\\/2026\\\/02\\\/JAV-dailiojo-ciuozimo-medalio-viltis-nusileido-vienam-ciuozejui-Ilia-Malinin.jpg\",\"width\":1200,\"height\":630},{\"@type\":\"BreadcrumbList\",\"@id\":\"https:\\\/\\\/nordiccab.lt\\\/index.php\\\/2026\\\/02\\\/09\\\/jav-dailiojo-ciuozimo-medalio-viltis-nusileido-vienam-ciuozejui-ilia-malinin-buvo-auksine\\\/#breadcrumb\",\"itemListElement\":[{\"@type\":\"ListItem\",\"position\":1,\"name\":\"Home\",\"item\":\"https:\\\/\\\/nordiccab.lt\\\/\"},{\"@type\":\"ListItem\",\"position\":2,\"name\":\"JAV dailiojo \u010diuo\u017eimo medalio viltis nusileido vienam \u010diuo\u017e\u0117jui. Ilia Malinin buvo auksin\u0117.\"}]},{\"@type\":\"WebSite\",\"@id\":\"https:\\\/\\\/nordiccab.lt\\\/#website\",\"url\":\"https:\\\/\\\/nordiccab.lt\\\/\",\"name\":\"NORDICCAB.LT\",\"description\":\"Pasaulio naujienos, technologijos, automobiliai\",\"potentialAction\":[{\"@type\":\"SearchAction\",\"target\":{\"@type\":\"EntryPoint\",\"urlTemplate\":\"https:\\\/\\\/nordiccab.lt\\\/?s={search_term_string}\"},\"query-input\":{\"@type\":\"PropertyValueSpecification\",\"valueRequired\":true,\"valueName\":\"search_term_string\"}}],\"inLanguage\":\"lt-LT\"},{\"@type\":\"Person\",\"@id\":\"https:\\\/\\\/nordiccab.lt\\\/#\\\/schema\\\/person\\\/1e06879215dcf15255113d53ae73289b\",\"name\":\"admin\",\"image\":{\"@type\":\"ImageObject\",\"inLanguage\":\"lt-LT\",\"@id\":\"https:\\\/\\\/secure.gravatar.com\\\/avatar\\\/f37349f777250847d2fca2ada474f5a6aadffa79d5284e8ad354a5c410a691ec?s=96&d=mm&r=g\",\"url\":\"https:\\\/\\\/secure.gravatar.com\\\/avatar\\\/f37349f777250847d2fca2ada474f5a6aadffa79d5284e8ad354a5c410a691ec?s=96&d=mm&r=g\",\"contentUrl\":\"https:\\\/\\\/secure.gravatar.com\\\/avatar\\\/f37349f777250847d2fca2ada474f5a6aadffa79d5284e8ad354a5c410a691ec?s=96&d=mm&r=g\",\"caption\":\"admin\"},\"sameAs\":[\"https:\\\/\\\/nordiccab.lt\"],\"url\":\"https:\\\/\\\/nordiccab.lt\\\/author\\\/admin\\\/\"}]}<\/script>\n<!-- \/ Yoast SEO plugin. -->","yoast_head_json":{"title":"JAV dailiojo \u010diuo\u017eimo medalio viltis nusileido vienam \u010diuo\u017e\u0117jui. Ilia Malinin buvo auksin\u0117. - NORDICCAB.LT","robots":{"index":"index","follow":"follow","max-snippet":"max-snippet:-1","max-image-preview":"max-image-preview:large","max-video-preview":"max-video-preview:-1"},"canonical":"https:\/\/nordiccab.lt\/index.php\/2026\/02\/09\/jav-dailiojo-ciuozimo-medalio-viltis-nusileido-vienam-ciuozejui-ilia-malinin-buvo-auksine\/","og_locale":"lt_LT","og_type":"article","og_title":"JAV dailiojo \u010diuo\u017eimo medalio viltis nusileido vienam \u010diuo\u017e\u0117jui. Ilia Malinin buvo auksin\u0117. - NORDICCAB.LT","og_description":"MILANAS \u2013 Dvi dienos ir 11 \u010diuo\u017e\u0117j\u0173 iki dailiojo \u010diuo\u017eimo komandinio renginio, JAV viltys gauti aukso medal\u012f priklauso nuo vieno&hellip;","og_url":"https:\/\/nordiccab.lt\/index.php\/2026\/02\/09\/jav-dailiojo-ciuozimo-medalio-viltis-nusileido-vienam-ciuozejui-ilia-malinin-buvo-auksine\/","og_site_name":"NORDICCAB.LT","article_published_time":"2026-02-09T02:24:36+00:00","og_image":[{"url":"https:\/\/media-cldnry.s-nbcnews.com\/image\/upload\/t_focal-60x60,f_auto,q_auto:best\/newscms\/2025_36\/3702986\/250903-andrew-greif.jpg","type":"","width":"","height":""}],"author":"admin","twitter_card":"summary_large_image","twitter_misc":{"Written by":"admin","Est. reading time":"3 minut\u0117s"},"schema":{"@context":"https:\/\/schema.org","@graph":[{"@type":"Article","@id":"https:\/\/nordiccab.lt\/index.php\/2026\/02\/09\/jav-dailiojo-ciuozimo-medalio-viltis-nusileido-vienam-ciuozejui-ilia-malinin-buvo-auksine\/#article","isPartOf":{"@id":"https:\/\/nordiccab.lt\/index.php\/2026\/02\/09\/jav-dailiojo-ciuozimo-medalio-viltis-nusileido-vienam-ciuozejui-ilia-malinin-buvo-auksine\/"},"author":{"name":"admin","@id":"https:\/\/nordiccab.lt\/#\/schema\/person\/1e06879215dcf15255113d53ae73289b"},"headline":"JAV dailiojo \u010diuo\u017eimo medalio viltis nusileido vienam \u010diuo\u017e\u0117jui. Ilia Malinin buvo auksin\u0117.","datePublished":"2026-02-09T02:24:36+00:00","mainEntityOfPage":{"@id":"https:\/\/nordiccab.lt\/index.php\/2026\/02\/09\/jav-dailiojo-ciuozimo-medalio-viltis-nusileido-vienam-ciuozejui-ilia-malinin-buvo-auksine\/"},"wordCount":596,"commentCount":0,"image":{"@id":"https:\/\/nordiccab.lt\/index.php\/2026\/02\/09\/jav-dailiojo-ciuozimo-medalio-viltis-nusileido-vienam-ciuozejui-ilia-malinin-buvo-auksine\/#primaryimage"},"thumbnailUrl":"https:\/\/nordiccab.lt\/wp-content\/uploads\/2026\/02\/JAV-dailiojo-ciuozimo-medalio-viltis-nusileido-vienam-ciuozejui-Ilia-Malinin.jpg","articleSection":["PASAULIO NAUJIENOS"],"inLanguage":"lt-LT","potentialAction":[{"@type":"CommentAction","name":"Comment","target":["https:\/\/nordiccab.lt\/index.php\/2026\/02\/09\/jav-dailiojo-ciuozimo-medalio-viltis-nusileido-vienam-ciuozejui-ilia-malinin-buvo-auksine\/#respond"]}]},{"@type":"WebPage","@id":"https:\/\/nordiccab.lt\/index.php\/2026\/02\/09\/jav-dailiojo-ciuozimo-medalio-viltis-nusileido-vienam-ciuozejui-ilia-malinin-buvo-auksine\/","url":"https:\/\/nordiccab.lt\/index.php\/2026\/02\/09\/jav-dailiojo-ciuozimo-medalio-viltis-nusileido-vienam-ciuozejui-ilia-malinin-buvo-auksine\/","name":"JAV dailiojo \u010diuo\u017eimo medalio viltis nusileido vienam \u010diuo\u017e\u0117jui. Ilia Malinin buvo auksin\u0117. - NORDICCAB.LT","isPartOf":{"@id":"https:\/\/nordiccab.lt\/#website"},"primaryImageOfPage":{"@id":"https:\/\/nordiccab.lt\/index.php\/2026\/02\/09\/jav-dailiojo-ciuozimo-medalio-viltis-nusileido-vienam-ciuozejui-ilia-malinin-buvo-auksine\/#primaryimage"},"image":{"@id":"https:\/\/nordiccab.lt\/index.php\/2026\/02\/09\/jav-dailiojo-ciuozimo-medalio-viltis-nusileido-vienam-ciuozejui-ilia-malinin-buvo-auksine\/#primaryimage"},"thumbnailUrl":"https:\/\/nordiccab.lt\/wp-content\/uploads\/2026\/02\/JAV-dailiojo-ciuozimo-medalio-viltis-nusileido-vienam-ciuozejui-Ilia-Malinin.jpg","datePublished":"2026-02-09T02:24:36+00:00","author":{"@id":"https:\/\/nordiccab.lt\/#\/schema\/person\/1e06879215dcf15255113d53ae73289b"},"breadcrumb":{"@id":"https:\/\/nordiccab.lt\/index.php\/2026\/02\/09\/jav-dailiojo-ciuozimo-medalio-viltis-nusileido-vienam-ciuozejui-ilia-malinin-buvo-auksine\/#breadcrumb"},"inLanguage":"lt-LT","potentialAction":[{"@type":"ReadAction","target":["https:\/\/nordiccab.lt\/index.php\/2026\/02\/09\/jav-dailiojo-ciuozimo-medalio-viltis-nusileido-vienam-ciuozejui-ilia-malinin-buvo-auksine\/"]}]},{"@type":"ImageObject","inLanguage":"lt-LT","@id":"https:\/\/nordiccab.lt\/index.php\/2026\/02\/09\/jav-dailiojo-ciuozimo-medalio-viltis-nusileido-vienam-ciuozejui-ilia-malinin-buvo-auksine\/#primaryimage","url":"https:\/\/nordiccab.lt\/wp-content\/uploads\/2026\/02\/JAV-dailiojo-ciuozimo-medalio-viltis-nusileido-vienam-ciuozejui-Ilia-Malinin.jpg","contentUrl":"https:\/\/nordiccab.lt\/wp-content\/uploads\/2026\/02\/JAV-dailiojo-ciuozimo-medalio-viltis-nusileido-vienam-ciuozejui-Ilia-Malinin.jpg","width":1200,"height":630},{"@type":"BreadcrumbList","@id":"https:\/\/nordiccab.lt\/index.php\/2026\/02\/09\/jav-dailiojo-ciuozimo-medalio-viltis-nusileido-vienam-ciuozejui-ilia-malinin-buvo-auksine\/#breadcrumb","itemListElement":[{"@type":"ListItem","position":1,"name":"Home","item":"https:\/\/nordiccab.lt\/"},{"@type":"ListItem","position":2,"name":"JAV dailiojo \u010diuo\u017eimo medalio viltis nusileido vienam \u010diuo\u017e\u0117jui. Ilia Malinin buvo auksin\u0117."}]},{"@type":"WebSite","@id":"https:\/\/nordiccab.lt\/#website","url":"https:\/\/nordiccab.lt\/","name":"NORDICCAB.LT","description":"Pasaulio naujienos, technologijos, automobiliai","potentialAction":[{"@type":"SearchAction","target":{"@type":"EntryPoint","urlTemplate":"https:\/\/nordiccab.lt\/?s={search_term_string}"},"query-input":{"@type":"PropertyValueSpecification","valueRequired":true,"valueName":"search_term_string"}}],"inLanguage":"lt-LT"},{"@type":"Person","@id":"https:\/\/nordiccab.lt\/#\/schema\/person\/1e06879215dcf15255113d53ae73289b","name":"admin","image":{"@type":"ImageObject","inLanguage":"lt-LT","@id":"https:\/\/secure.gravatar.com\/avatar\/f37349f777250847d2fca2ada474f5a6aadffa79d5284e8ad354a5c410a691ec?s=96&d=mm&r=g","url":"https:\/\/secure.gravatar.com\/avatar\/f37349f777250847d2fca2ada474f5a6aadffa79d5284e8ad354a5c410a691ec?s=96&d=mm&r=g","contentUrl":"https:\/\/secure.gravatar.com\/avatar\/f37349f777250847d2fca2ada474f5a6aadffa79d5284e8ad354a5c410a691ec?s=96&d=mm&r=g","caption":"admin"},"sameAs":["https:\/\/nordiccab.lt"],"url":"https:\/\/nordiccab.lt\/author\/admin\/"}]}},"_links":{"self":[{"href":"https:\/\/nordiccab.lt\/index.php\/wp-json\/wp\/v2\/posts\/1461","targetHints":{"allow":["GET"]}}],"collection":[{"href":"https:\/\/nordiccab.lt\/index.php\/wp-json\/wp\/v2\/posts"}],"about":[{"href":"https:\/\/nordiccab.lt\/index.php\/wp-json\/wp\/v2\/types\/post"}],"author":[{"embeddable":true,"href":"https:\/\/nordiccab.lt\/index.php\/wp-json\/wp\/v2\/users\/1"}],"replies":[{"embeddable":true,"href":"https:\/\/nordiccab.lt\/index.php\/wp-json\/wp\/v2\/comments?post=1461"}],"version-history":[{"count":0,"href":"https:\/\/nordiccab.lt\/index.php\/wp-json\/wp\/v2\/posts\/1461\/revisions"}],"wp:featuredmedia":[{"embeddable":true,"href":"https:\/\/nordiccab.lt\/index.php\/wp-json\/wp\/v2\/media\/1462"}],"wp:attachment":[{"href":"https:\/\/nordiccab.lt\/index.php\/wp-json\/wp\/v2\/media?parent=1461"}],"wp:term":[{"taxonomy":"category","embeddable":true,"href":"https:\/\/nordiccab.lt\/index.php\/wp-json\/wp\/v2\/categories?post=1461"},{"taxonomy":"post_tag","embeddable":true,"href":"https:\/\/nordiccab.lt\/index.php\/wp-json\/wp\/v2\/tags?post=1461"}],"curies":[{"name":"wp","href":"https:\/\/api.w.org\/{rel}","templated":true}]}}