{"id":131,"date":"2025-05-29T16:04:34","date_gmt":"2025-05-29T16:04:34","guid":{"rendered":"https:\/\/nordiccab.lt\/index.php\/2025\/05\/29\/trumpo-administracija-sako-kad-ji-siekia-grazinti-gvatemalos-vyra-istremta-i-meksika\/"},"modified":"2025-05-29T16:04:34","modified_gmt":"2025-05-29T16:04:34","slug":"trumpo-administracija-sako-kad-ji-siekia-grazinti-gvatemalos-vyra-istremta-i-meksika","status":"publish","type":"post","link":"https:\/\/nordiccab.lt\/index.php\/2025\/05\/29\/trumpo-administracija-sako-kad-ji-siekia-grazinti-gvatemalos-vyra-istremta-i-meksika\/","title":{"rendered":"Trumpo administracija sako, kad ji siekia gr\u0105\u017einti Gvatemalos vyr\u0105, i\u0161tremt\u0105 \u012f Meksik\u0105"},"content":{"rendered":"<p> <br \/>\n<br \/><\/p>\n<div>\n<p class=\"body-graf\">D.Trumpo administracija tre\u010diadien\u012f teismo parai\u0161koje parei\u0161k\u0117, kad ji siekia sugr\u0105\u017einti Gvatemalos vyr\u0105, kuris buvo i\u0161tremtas \u012f Meksik\u0105, nepaisant jo baim\u0117s b\u016bti pakenks ten, pra\u0117jus kelioms dienoms po to, kai federalinis teis\u0117jas liep\u0117 administracijai palengvinti jo gr\u0105\u017einim\u0105.<\/p>\n<p class=\"body-graf\">Vyras, kuris yra g\u0117jus, buvo apsaugotas nuo to, kad tuo metu buvo gr\u0105\u017eintas \u012f savo gimt\u0105j\u0105 \u0161al\u012f pagal JAV imigracijos teis\u0117jo \u012fsakym\u0105. Ta\u010diau JAV pastat\u0117 j\u012f \u012f autobus\u0105 ir i\u0161siunt\u0117 j\u012f \u012f Meksik\u0105. Tai buvo pa\u0161alinimas, kur\u012f JAV apygardos teis\u0117jas Brianas Murphy nustat\u0117, kad \u201etr\u016bko jokio tinkamo proceso\u201c.<\/p>\n<p class=\"body-graf\">Nuo to laiko Meksika gr\u0105\u017eino j\u012f \u012f Gvatemal\u0105, kur jis slepiasi, remiantis teismo dokumentais.<\/p>\n<p class=\"body-graf\">Tre\u010diadien\u012f pateiktame teisme vyriausyb\u0117s teisininkai teig\u0117, kad buvo patvirtintas vadinamasis didel\u0117 vie\u0161osios naudos lygtinio paleidimo paketas ir lauk\u0117 papildomo T\u0117vyn\u0117s saugumo tyrim\u0173 patvirtinimo. Paskyrimas leid\u017eia \u017emon\u0117ms, kurie negali patekti \u012f JAV, tai daryti laikinai, da\u017enai d\u0117l prie\u017eas\u010di\u0173, susijusi\u0173 su teis\u0117sauga ar teisminiu procesu.<\/p>\n<p class=\"body-graf\">Phoenix lauko Imigracijos ir muitin\u0117s vykdymo ar ICE pareig\u016bnai savaitgal\u012f kalb\u0117josi su vyro advokatais ir stengiasi sugr\u0105\u017einti j\u012f \u012f JAV ant ledo u\u017esakomo l\u0117ktuvo, sakoma teismo parai\u0161koje.<\/p>\n<p class=\"body-graf\">Ankstesnis teismo procesas nustat\u0117, kad vyras, kur\u012f nustat\u0117 OCG inicialai, rizikavo persekiojimu ar kankinimu, jei jis buvo gr\u0105\u017eintas \u012f Gvatemal\u0105. Ta\u010diau jis taip pat bijojo gr\u012f\u017eti \u012f Meksik\u0105, kur, jo teigimu, buvo i\u0161prievartautas ir i\u0161spaustas ie\u0161kodamas prieglobs\u010dio JAV, remiantis teismo dokumentais.<\/p>\n<p class=\"body-graf\">T\u0117vyn\u0117s saugumo departamento sekretoriaus pad\u0117j\u0117jas Tricia McLaughlin, kuris Murphy pavadino \u201efederalinio aktyvisto teis\u0117ju\u201c, sak\u0117, kad OCG buvo neteis\u0117tai \u0161alyje, \u201ebuvo suteiktas i\u0161skai\u010diuoti i\u0161ve\u017eim\u0105 \u012f Gvatemal\u0105\u201c ir vietoj to buvo i\u0161si\u0173stas \u012f Meksik\u0105, kuri, jos teigimu, buvo \u201esaugus tre\u010diasis pasirinkimas jam, laukiant jo pristabdymo reikalavimo\u201c.<\/p>\n<p class=\"body-graf\">Pra\u0117jus\u012f penktadien\u012f Murphy \u012fsakymas papildo daugyb\u0119 federalini\u0173 teism\u0173 i\u0161vad\u0173 prie\u0161 naujausius D.Trumpo administracijos deportacijas. Tarp j\u0173 buvo kiti deportacijos \u012f tre\u010di\u0105sias \u0161alis ir klaiding\u0105 Kilmaro Abrego Garcia, Salvadoro, kuris ma\u017edaug 14 met\u0173 gyveno Merilande, deportacij\u0105, dirbo ir augino \u0161eim\u0105.<\/p>\n<p class=\"body-graf\">Pra\u0117jus\u012f penktadien\u012f Murphy \u012fsakymas papildo daugyb\u0119 federalini\u0173 teism\u0173 i\u0161vad\u0173 prie\u0161 naujausius D.Trumpo administracijos deportacijas. Tarp j\u0173 buvo kiti deportacijos \u012f tre\u010di\u0105sias \u0161alis ir klaiding\u0105 Kilmaro Abrego Garcia, Salvadoro, kuris ma\u017edaug 14 met\u0173 gyveno Merilande, deportacij\u0105, dirbo ir augino \u0161eim\u0105.<\/p>\n<p class=\"endmark body-graf\">JAV Auk\u0161\u010diausiasis teismas \u012fpareigojo D.Trumpo administracij\u0105 palengvinti Abrego Garcia sugr\u012f\u017eim\u0105 \u012f JAV i\u0161 garsiojo Salvadoro kal\u0117jimo, atmesdamas Balt\u0173j\u0173 r\u016bm\u0173 teigin\u012f, kad jis negal\u0117jo jo atgauti po klaidingai i\u0161tremtos. Tiek Baltieji r\u016bmai, tiek Salvadoro prezidentas teig\u0117, kad jie yra bej\u0117giai j\u012f gr\u0105\u017einti.<\/p>\n<\/div>\n<p><br \/>\n<br \/><a href=\"https:\/\/www.nbcnews.com\/news\/latino\/trump-administration-says-s-working-return-guatemalan-man-deported-mex-rcna209714\" target=\"_blank\" rel=\"noopener\">Source link <\/a><\/p>\n","protected":false},"excerpt":{"rendered":"<p>D.Trumpo administracija tre\u010diadien\u012f teismo parai\u0161koje parei\u0161k\u0117, kad ji siekia sugr\u0105\u017einti Gvatemalos vyr\u0105, kuris buvo i\u0161tremtas \u012f Meksik\u0105, nepaisant jo baim\u0117s&hellip;<\/p>\n","protected":false},"author":1,"featured_media":132,"comment_status":"open","ping_status":"open","sticky":false,"template":"","format":"standard","meta":{"footnotes":""},"categories":[4],"tags":[],"class_list":["post-131","post","type-post","status-publish","format-standard","has-post-thumbnail","hentry","category-pasaulio-naujienos"],"yoast_head":"<!-- This site is optimized with the Yoast SEO plugin v27.5 - https:\/\/yoast.com\/product\/yoast-seo-wordpress\/ -->\n<title>Trumpo administracija sako, kad ji siekia gr\u0105\u017einti Gvatemalos vyr\u0105, i\u0161tremt\u0105 \u012f Meksik\u0105 - NORDICCAB.LT<\/title>\n<meta name=\"robots\" content=\"index, follow, max-snippet:-1, max-image-preview:large, max-video-preview:-1\" \/>\n<link rel=\"canonical\" href=\"https:\/\/nordiccab.lt\/index.php\/2025\/05\/29\/trumpo-administracija-sako-kad-ji-siekia-grazinti-gvatemalos-vyra-istremta-i-meksika\/\" \/>\n<meta property=\"og:locale\" content=\"lt_LT\" \/>\n<meta property=\"og:type\" content=\"article\" \/>\n<meta property=\"og:title\" content=\"Trumpo administracija sako, kad ji siekia gr\u0105\u017einti Gvatemalos vyr\u0105, i\u0161tremt\u0105 \u012f Meksik\u0105 - NORDICCAB.LT\" \/>\n<meta property=\"og:description\" content=\"D.Trumpo administracija tre\u010diadien\u012f teismo parai\u0161koje parei\u0161k\u0117, kad ji siekia sugr\u0105\u017einti Gvatemalos vyr\u0105, kuris buvo i\u0161tremtas \u012f Meksik\u0105, nepaisant jo baim\u0117s&hellip;\" \/>\n<meta property=\"og:url\" content=\"https:\/\/nordiccab.lt\/index.php\/2025\/05\/29\/trumpo-administracija-sako-kad-ji-siekia-grazinti-gvatemalos-vyra-istremta-i-meksika\/\" \/>\n<meta property=\"og:site_name\" content=\"NORDICCAB.LT\" \/>\n<meta property=\"article:published_time\" content=\"2025-05-29T16:04:34+00:00\" \/>\n<meta property=\"og:image\" content=\"https:\/\/media-cldnry.s-nbcnews.com\/image\/upload\/t_fit_1500w\/rockcms\/2025-04\/250424-ice-agent-ch-0916-f8729f.jpg\" \/>\n<meta name=\"author\" content=\"admin\" \/>\n<meta name=\"twitter:card\" content=\"summary_large_image\" \/>\n<meta name=\"twitter:label1\" content=\"Written by\" \/>\n\t<meta name=\"twitter:data1\" content=\"admin\" \/>\n\t<meta name=\"twitter:label2\" content=\"Est. reading time\" \/>\n\t<meta name=\"twitter:data2\" content=\"2 minut\u0117s\" \/>\n<script type=\"application\/ld+json\" class=\"yoast-schema-graph\">{\"@context\":\"https:\\\/\\\/schema.org\",\"@graph\":[{\"@type\":\"Article\",\"@id\":\"https:\\\/\\\/nordiccab.lt\\\/index.php\\\/2025\\\/05\\\/29\\\/trumpo-administracija-sako-kad-ji-siekia-grazinti-gvatemalos-vyra-istremta-i-meksika\\\/#article\",\"isPartOf\":{\"@id\":\"https:\\\/\\\/nordiccab.lt\\\/index.php\\\/2025\\\/05\\\/29\\\/trumpo-administracija-sako-kad-ji-siekia-grazinti-gvatemalos-vyra-istremta-i-meksika\\\/\"},\"author\":{\"name\":\"admin\",\"@id\":\"https:\\\/\\\/nordiccab.lt\\\/#\\\/schema\\\/person\\\/1e06879215dcf15255113d53ae73289b\"},\"headline\":\"Trumpo administracija sako, kad ji siekia gr\u0105\u017einti Gvatemalos vyr\u0105, i\u0161tremt\u0105 \u012f Meksik\u0105\",\"datePublished\":\"2025-05-29T16:04:34+00:00\",\"mainEntityOfPage\":{\"@id\":\"https:\\\/\\\/nordiccab.lt\\\/index.php\\\/2025\\\/05\\\/29\\\/trumpo-administracija-sako-kad-ji-siekia-grazinti-gvatemalos-vyra-istremta-i-meksika\\\/\"},\"wordCount\":456,\"commentCount\":0,\"image\":{\"@id\":\"https:\\\/\\\/nordiccab.lt\\\/index.php\\\/2025\\\/05\\\/29\\\/trumpo-administracija-sako-kad-ji-siekia-grazinti-gvatemalos-vyra-istremta-i-meksika\\\/#primaryimage\"},\"thumbnailUrl\":\"https:\\\/\\\/nordiccab.lt\\\/wp-content\\\/uploads\\\/2025\\\/05\\\/Trumpo-administracija-sako-kad-ji-siekia-grazinti-Gvatemalos-vyra-istremta.jpg\",\"articleSection\":[\"PASAULIO NAUJIENOS\"],\"inLanguage\":\"lt-LT\",\"potentialAction\":[{\"@type\":\"CommentAction\",\"name\":\"Comment\",\"target\":[\"https:\\\/\\\/nordiccab.lt\\\/index.php\\\/2025\\\/05\\\/29\\\/trumpo-administracija-sako-kad-ji-siekia-grazinti-gvatemalos-vyra-istremta-i-meksika\\\/#respond\"]}]},{\"@type\":\"WebPage\",\"@id\":\"https:\\\/\\\/nordiccab.lt\\\/index.php\\\/2025\\\/05\\\/29\\\/trumpo-administracija-sako-kad-ji-siekia-grazinti-gvatemalos-vyra-istremta-i-meksika\\\/\",\"url\":\"https:\\\/\\\/nordiccab.lt\\\/index.php\\\/2025\\\/05\\\/29\\\/trumpo-administracija-sako-kad-ji-siekia-grazinti-gvatemalos-vyra-istremta-i-meksika\\\/\",\"name\":\"Trumpo administracija sako, kad ji siekia gr\u0105\u017einti Gvatemalos vyr\u0105, i\u0161tremt\u0105 \u012f Meksik\u0105 - NORDICCAB.LT\",\"isPartOf\":{\"@id\":\"https:\\\/\\\/nordiccab.lt\\\/#website\"},\"primaryImageOfPage\":{\"@id\":\"https:\\\/\\\/nordiccab.lt\\\/index.php\\\/2025\\\/05\\\/29\\\/trumpo-administracija-sako-kad-ji-siekia-grazinti-gvatemalos-vyra-istremta-i-meksika\\\/#primaryimage\"},\"image\":{\"@id\":\"https:\\\/\\\/nordiccab.lt\\\/index.php\\\/2025\\\/05\\\/29\\\/trumpo-administracija-sako-kad-ji-siekia-grazinti-gvatemalos-vyra-istremta-i-meksika\\\/#primaryimage\"},\"thumbnailUrl\":\"https:\\\/\\\/nordiccab.lt\\\/wp-content\\\/uploads\\\/2025\\\/05\\\/Trumpo-administracija-sako-kad-ji-siekia-grazinti-Gvatemalos-vyra-istremta.jpg\",\"datePublished\":\"2025-05-29T16:04:34+00:00\",\"author\":{\"@id\":\"https:\\\/\\\/nordiccab.lt\\\/#\\\/schema\\\/person\\\/1e06879215dcf15255113d53ae73289b\"},\"breadcrumb\":{\"@id\":\"https:\\\/\\\/nordiccab.lt\\\/index.php\\\/2025\\\/05\\\/29\\\/trumpo-administracija-sako-kad-ji-siekia-grazinti-gvatemalos-vyra-istremta-i-meksika\\\/#breadcrumb\"},\"inLanguage\":\"lt-LT\",\"potentialAction\":[{\"@type\":\"ReadAction\",\"target\":[\"https:\\\/\\\/nordiccab.lt\\\/index.php\\\/2025\\\/05\\\/29\\\/trumpo-administracija-sako-kad-ji-siekia-grazinti-gvatemalos-vyra-istremta-i-meksika\\\/\"]}]},{\"@type\":\"ImageObject\",\"inLanguage\":\"lt-LT\",\"@id\":\"https:\\\/\\\/nordiccab.lt\\\/index.php\\\/2025\\\/05\\\/29\\\/trumpo-administracija-sako-kad-ji-siekia-grazinti-gvatemalos-vyra-istremta-i-meksika\\\/#primaryimage\",\"url\":\"https:\\\/\\\/nordiccab.lt\\\/wp-content\\\/uploads\\\/2025\\\/05\\\/Trumpo-administracija-sako-kad-ji-siekia-grazinti-Gvatemalos-vyra-istremta.jpg\",\"contentUrl\":\"https:\\\/\\\/nordiccab.lt\\\/wp-content\\\/uploads\\\/2025\\\/05\\\/Trumpo-administracija-sako-kad-ji-siekia-grazinti-Gvatemalos-vyra-istremta.jpg\",\"width\":1200,\"height\":630},{\"@type\":\"BreadcrumbList\",\"@id\":\"https:\\\/\\\/nordiccab.lt\\\/index.php\\\/2025\\\/05\\\/29\\\/trumpo-administracija-sako-kad-ji-siekia-grazinti-gvatemalos-vyra-istremta-i-meksika\\\/#breadcrumb\",\"itemListElement\":[{\"@type\":\"ListItem\",\"position\":1,\"name\":\"Home\",\"item\":\"https:\\\/\\\/nordiccab.lt\\\/\"},{\"@type\":\"ListItem\",\"position\":2,\"name\":\"Trumpo administracija sako, kad ji siekia gr\u0105\u017einti Gvatemalos vyr\u0105, i\u0161tremt\u0105 \u012f Meksik\u0105\"}]},{\"@type\":\"WebSite\",\"@id\":\"https:\\\/\\\/nordiccab.lt\\\/#website\",\"url\":\"https:\\\/\\\/nordiccab.lt\\\/\",\"name\":\"NORDICCAB.LT\",\"description\":\"Pasaulio naujienos, technologijos, automobiliai\",\"potentialAction\":[{\"@type\":\"SearchAction\",\"target\":{\"@type\":\"EntryPoint\",\"urlTemplate\":\"https:\\\/\\\/nordiccab.lt\\\/?s={search_term_string}\"},\"query-input\":{\"@type\":\"PropertyValueSpecification\",\"valueRequired\":true,\"valueName\":\"search_term_string\"}}],\"inLanguage\":\"lt-LT\"},{\"@type\":\"Person\",\"@id\":\"https:\\\/\\\/nordiccab.lt\\\/#\\\/schema\\\/person\\\/1e06879215dcf15255113d53ae73289b\",\"name\":\"admin\",\"image\":{\"@type\":\"ImageObject\",\"inLanguage\":\"lt-LT\",\"@id\":\"https:\\\/\\\/secure.gravatar.com\\\/avatar\\\/f37349f777250847d2fca2ada474f5a6aadffa79d5284e8ad354a5c410a691ec?s=96&d=mm&r=g\",\"url\":\"https:\\\/\\\/secure.gravatar.com\\\/avatar\\\/f37349f777250847d2fca2ada474f5a6aadffa79d5284e8ad354a5c410a691ec?s=96&d=mm&r=g\",\"contentUrl\":\"https:\\\/\\\/secure.gravatar.com\\\/avatar\\\/f37349f777250847d2fca2ada474f5a6aadffa79d5284e8ad354a5c410a691ec?s=96&d=mm&r=g\",\"caption\":\"admin\"},\"sameAs\":[\"https:\\\/\\\/nordiccab.lt\"],\"url\":\"https:\\\/\\\/nordiccab.lt\\\/author\\\/admin\\\/\"}]}<\/script>\n<!-- \/ Yoast SEO plugin. -->","yoast_head_json":{"title":"Trumpo administracija sako, kad ji siekia gr\u0105\u017einti Gvatemalos vyr\u0105, i\u0161tremt\u0105 \u012f Meksik\u0105 - NORDICCAB.LT","robots":{"index":"index","follow":"follow","max-snippet":"max-snippet:-1","max-image-preview":"max-image-preview:large","max-video-preview":"max-video-preview:-1"},"canonical":"https:\/\/nordiccab.lt\/index.php\/2025\/05\/29\/trumpo-administracija-sako-kad-ji-siekia-grazinti-gvatemalos-vyra-istremta-i-meksika\/","og_locale":"lt_LT","og_type":"article","og_title":"Trumpo administracija sako, kad ji siekia gr\u0105\u017einti Gvatemalos vyr\u0105, i\u0161tremt\u0105 \u012f Meksik\u0105 - NORDICCAB.LT","og_description":"D.Trumpo administracija tre\u010diadien\u012f teismo parai\u0161koje parei\u0161k\u0117, kad ji siekia sugr\u0105\u017einti Gvatemalos vyr\u0105, kuris buvo i\u0161tremtas \u012f Meksik\u0105, nepaisant jo baim\u0117s&hellip;","og_url":"https:\/\/nordiccab.lt\/index.php\/2025\/05\/29\/trumpo-administracija-sako-kad-ji-siekia-grazinti-gvatemalos-vyra-istremta-i-meksika\/","og_site_name":"NORDICCAB.LT","article_published_time":"2025-05-29T16:04:34+00:00","og_image":[{"url":"https:\/\/media-cldnry.s-nbcnews.com\/image\/upload\/t_fit_1500w\/rockcms\/2025-04\/250424-ice-agent-ch-0916-f8729f.jpg","type":"","width":"","height":""}],"author":"admin","twitter_card":"summary_large_image","twitter_misc":{"Written by":"admin","Est. reading time":"2 minut\u0117s"},"schema":{"@context":"https:\/\/schema.org","@graph":[{"@type":"Article","@id":"https:\/\/nordiccab.lt\/index.php\/2025\/05\/29\/trumpo-administracija-sako-kad-ji-siekia-grazinti-gvatemalos-vyra-istremta-i-meksika\/#article","isPartOf":{"@id":"https:\/\/nordiccab.lt\/index.php\/2025\/05\/29\/trumpo-administracija-sako-kad-ji-siekia-grazinti-gvatemalos-vyra-istremta-i-meksika\/"},"author":{"name":"admin","@id":"https:\/\/nordiccab.lt\/#\/schema\/person\/1e06879215dcf15255113d53ae73289b"},"headline":"Trumpo administracija sako, kad ji siekia gr\u0105\u017einti Gvatemalos vyr\u0105, i\u0161tremt\u0105 \u012f Meksik\u0105","datePublished":"2025-05-29T16:04:34+00:00","mainEntityOfPage":{"@id":"https:\/\/nordiccab.lt\/index.php\/2025\/05\/29\/trumpo-administracija-sako-kad-ji-siekia-grazinti-gvatemalos-vyra-istremta-i-meksika\/"},"wordCount":456,"commentCount":0,"image":{"@id":"https:\/\/nordiccab.lt\/index.php\/2025\/05\/29\/trumpo-administracija-sako-kad-ji-siekia-grazinti-gvatemalos-vyra-istremta-i-meksika\/#primaryimage"},"thumbnailUrl":"https:\/\/nordiccab.lt\/wp-content\/uploads\/2025\/05\/Trumpo-administracija-sako-kad-ji-siekia-grazinti-Gvatemalos-vyra-istremta.jpg","articleSection":["PASAULIO NAUJIENOS"],"inLanguage":"lt-LT","potentialAction":[{"@type":"CommentAction","name":"Comment","target":["https:\/\/nordiccab.lt\/index.php\/2025\/05\/29\/trumpo-administracija-sako-kad-ji-siekia-grazinti-gvatemalos-vyra-istremta-i-meksika\/#respond"]}]},{"@type":"WebPage","@id":"https:\/\/nordiccab.lt\/index.php\/2025\/05\/29\/trumpo-administracija-sako-kad-ji-siekia-grazinti-gvatemalos-vyra-istremta-i-meksika\/","url":"https:\/\/nordiccab.lt\/index.php\/2025\/05\/29\/trumpo-administracija-sako-kad-ji-siekia-grazinti-gvatemalos-vyra-istremta-i-meksika\/","name":"Trumpo administracija sako, kad ji siekia gr\u0105\u017einti Gvatemalos vyr\u0105, i\u0161tremt\u0105 \u012f Meksik\u0105 - NORDICCAB.LT","isPartOf":{"@id":"https:\/\/nordiccab.lt\/#website"},"primaryImageOfPage":{"@id":"https:\/\/nordiccab.lt\/index.php\/2025\/05\/29\/trumpo-administracija-sako-kad-ji-siekia-grazinti-gvatemalos-vyra-istremta-i-meksika\/#primaryimage"},"image":{"@id":"https:\/\/nordiccab.lt\/index.php\/2025\/05\/29\/trumpo-administracija-sako-kad-ji-siekia-grazinti-gvatemalos-vyra-istremta-i-meksika\/#primaryimage"},"thumbnailUrl":"https:\/\/nordiccab.lt\/wp-content\/uploads\/2025\/05\/Trumpo-administracija-sako-kad-ji-siekia-grazinti-Gvatemalos-vyra-istremta.jpg","datePublished":"2025-05-29T16:04:34+00:00","author":{"@id":"https:\/\/nordiccab.lt\/#\/schema\/person\/1e06879215dcf15255113d53ae73289b"},"breadcrumb":{"@id":"https:\/\/nordiccab.lt\/index.php\/2025\/05\/29\/trumpo-administracija-sako-kad-ji-siekia-grazinti-gvatemalos-vyra-istremta-i-meksika\/#breadcrumb"},"inLanguage":"lt-LT","potentialAction":[{"@type":"ReadAction","target":["https:\/\/nordiccab.lt\/index.php\/2025\/05\/29\/trumpo-administracija-sako-kad-ji-siekia-grazinti-gvatemalos-vyra-istremta-i-meksika\/"]}]},{"@type":"ImageObject","inLanguage":"lt-LT","@id":"https:\/\/nordiccab.lt\/index.php\/2025\/05\/29\/trumpo-administracija-sako-kad-ji-siekia-grazinti-gvatemalos-vyra-istremta-i-meksika\/#primaryimage","url":"https:\/\/nordiccab.lt\/wp-content\/uploads\/2025\/05\/Trumpo-administracija-sako-kad-ji-siekia-grazinti-Gvatemalos-vyra-istremta.jpg","contentUrl":"https:\/\/nordiccab.lt\/wp-content\/uploads\/2025\/05\/Trumpo-administracija-sako-kad-ji-siekia-grazinti-Gvatemalos-vyra-istremta.jpg","width":1200,"height":630},{"@type":"BreadcrumbList","@id":"https:\/\/nordiccab.lt\/index.php\/2025\/05\/29\/trumpo-administracija-sako-kad-ji-siekia-grazinti-gvatemalos-vyra-istremta-i-meksika\/#breadcrumb","itemListElement":[{"@type":"ListItem","position":1,"name":"Home","item":"https:\/\/nordiccab.lt\/"},{"@type":"ListItem","position":2,"name":"Trumpo administracija sako, kad ji siekia gr\u0105\u017einti Gvatemalos vyr\u0105, i\u0161tremt\u0105 \u012f Meksik\u0105"}]},{"@type":"WebSite","@id":"https:\/\/nordiccab.lt\/#website","url":"https:\/\/nordiccab.lt\/","name":"NORDICCAB.LT","description":"Pasaulio naujienos, technologijos, automobiliai","potentialAction":[{"@type":"SearchAction","target":{"@type":"EntryPoint","urlTemplate":"https:\/\/nordiccab.lt\/?s={search_term_string}"},"query-input":{"@type":"PropertyValueSpecification","valueRequired":true,"valueName":"search_term_string"}}],"inLanguage":"lt-LT"},{"@type":"Person","@id":"https:\/\/nordiccab.lt\/#\/schema\/person\/1e06879215dcf15255113d53ae73289b","name":"admin","image":{"@type":"ImageObject","inLanguage":"lt-LT","@id":"https:\/\/secure.gravatar.com\/avatar\/f37349f777250847d2fca2ada474f5a6aadffa79d5284e8ad354a5c410a691ec?s=96&d=mm&r=g","url":"https:\/\/secure.gravatar.com\/avatar\/f37349f777250847d2fca2ada474f5a6aadffa79d5284e8ad354a5c410a691ec?s=96&d=mm&r=g","contentUrl":"https:\/\/secure.gravatar.com\/avatar\/f37349f777250847d2fca2ada474f5a6aadffa79d5284e8ad354a5c410a691ec?s=96&d=mm&r=g","caption":"admin"},"sameAs":["https:\/\/nordiccab.lt"],"url":"https:\/\/nordiccab.lt\/author\/admin\/"}]}},"_links":{"self":[{"href":"https:\/\/nordiccab.lt\/index.php\/wp-json\/wp\/v2\/posts\/131","targetHints":{"allow":["GET"]}}],"collection":[{"href":"https:\/\/nordiccab.lt\/index.php\/wp-json\/wp\/v2\/posts"}],"about":[{"href":"https:\/\/nordiccab.lt\/index.php\/wp-json\/wp\/v2\/types\/post"}],"author":[{"embeddable":true,"href":"https:\/\/nordiccab.lt\/index.php\/wp-json\/wp\/v2\/users\/1"}],"replies":[{"embeddable":true,"href":"https:\/\/nordiccab.lt\/index.php\/wp-json\/wp\/v2\/comments?post=131"}],"version-history":[{"count":0,"href":"https:\/\/nordiccab.lt\/index.php\/wp-json\/wp\/v2\/posts\/131\/revisions"}],"wp:featuredmedia":[{"embeddable":true,"href":"https:\/\/nordiccab.lt\/index.php\/wp-json\/wp\/v2\/media\/132"}],"wp:attachment":[{"href":"https:\/\/nordiccab.lt\/index.php\/wp-json\/wp\/v2\/media?parent=131"}],"wp:term":[{"taxonomy":"category","embeddable":true,"href":"https:\/\/nordiccab.lt\/index.php\/wp-json\/wp\/v2\/categories?post=131"},{"taxonomy":"post_tag","embeddable":true,"href":"https:\/\/nordiccab.lt\/index.php\/wp-json\/wp\/v2\/tags?post=131"}],"curies":[{"name":"wp","href":"https:\/\/api.w.org\/{rel}","templated":true}]}}