{"id":1269,"date":"2025-12-28T23:49:59","date_gmt":"2025-12-28T23:49:59","guid":{"rendered":"https:\/\/nordiccab.lt\/index.php\/2025\/12\/28\/stai-didziausios-naujienos-kuriu-praleidote-si-savaitgali\/"},"modified":"2025-12-28T23:49:59","modified_gmt":"2025-12-28T23:49:59","slug":"stai-didziausios-naujienos-kuriu-praleidote-si-savaitgali","status":"publish","type":"post","link":"https:\/\/nordiccab.lt\/index.php\/2025\/12\/28\/stai-didziausios-naujienos-kuriu-praleidote-si-savaitgali\/","title":{"rendered":"\u0160tai did\u017eiausios naujienos, kuri\u0173 praleidote \u0161\u012f savaitgal\u012f"},"content":{"rendered":"<p><\/p>\n<div>\n<p id=\"anchor-70498f\" class=\"body-graf\">Prezidentas Donaldas Trumpas ir Ukrainos prezidentas Volodymyras Zelenskis sekmadien\u012f susitiko Floridoje ir<strong> nurod\u0117, kad yra arti galimo taikos susitarimo, kuriuo b\u016bt\u0173 u\u017ebaigtas Rusijos karas Ukrainoje<\/strong>.<\/p>\n<p id=\"anchor-108c88\" class=\"body-graf\">Po susitikimo surengtoje spaudos konferencijoje D. Trumpas ir Zelenskyy nusiteik\u0119 optimisti\u0161kai, pripa\u017eindami, kad i\u0161\u0161\u016bki\u0173 teb\u0117ra.<\/p>\n<p id=\"anchor-edb926\" class=\"body-graf\">&#8222;Galite sakyti, kad 95%, bet a\u0161 nem\u0117gstu sakyti procent\u0173. Tiesiog manau, kad mums sekasi labai gerai&#8221;, &#8211; sak\u0117 Trumpas. &#8222;Yra viena ar dvi labai sud\u0117tingos problemos, labai sunkios problemos, bet manau, kad mums sekasi labai gerai. \u0160iandien padar\u0117me didel\u0119 pa\u017eang\u0105.&#8221;<\/p>\n<p id=\"anchor-1e9985\" class=\"body-graf\">Zelenskis pakartojo jausmus.<\/p>\n<p id=\"anchor-f2ddfd\" class=\"body-graf\">\u201eTur\u0117jome tikrai puiki\u0105 diskusij\u0105\u201c, \u2013 sak\u0117 jis \u017eurnalistams. \u201eAptar\u0117me visus taikos sistemos aspektus.<\/p>\n<p id=\"anchor-84617e\" class=\"body-graf\">Jis prid\u016br\u0117, kad 90% susitarimui pritarta, sakydamas, kad JAV, Europos ir Ukrainos saugumo garantijos yra \u201ebeveik sutartos\u201c.<\/p>\n<p id=\"anchor-3c14c8\" class=\"body-graf\">Kalbant apie galimo susitarimo u\u017ebaigimo termin\u0105, Trumpas teig\u0117, kad geriausias scenarijus bus \u201epo keli\u0173 savai\u010di\u0173\u201c.<\/p>\n<p id=\"anchor-5ef2f2\" class=\"body-graf\">Likus kelioms valandoms iki susitikimo su Zelenskiu, Trumpas socialiniame tinkle \u201eTruth Social\u201c sak\u0117, kad sekmadienio ryt\u0105 kalb\u0117josi su Rusijos prezidentu Vladimiru Putinu, kur\u012f apib\u016bdino kaip \u201eger\u0105 ir labai produktyv\u0173 telefono skambut\u012f\u201c.<\/p>\n<p id=\"anchor-716dcc\" class=\"body-graf\">Rusija savo puolime buvo nenumaldoma. Susitikimas vyksta pra\u0117jus vos daugiau nei dienai po jo prad\u017eios <strong>masin\u0117 raket\u0173 ataka prie\u0161 Ukrainos sostin\u0119<\/strong>Kijevo mero teigimu, \u017euvo ma\u017eiausiai vienas \u017emogus ir buvo su\u017eeista dar ma\u017eiausiai 20 \u017emoni\u0173.<\/p>\n<div id=\"ez-toc-container\" class=\"ez-toc-v2_0_82_2 counter-hierarchy ez-toc-counter ez-toc-grey ez-toc-container-direction\">\n<div class=\"ez-toc-title-container\">\n<p class=\"ez-toc-title\" style=\"cursor:inherit\">Turinys:<\/p>\n<span class=\"ez-toc-title-toggle\"><a href=\"#\" class=\"ez-toc-pull-right ez-toc-btn ez-toc-btn-xs ez-toc-btn-default ez-toc-toggle\" aria-label=\"Toggle Table of Content\"><span class=\"ez-toc-js-icon-con\"><span class=\"\"><span class=\"eztoc-hide\" style=\"display:none;\">Toggle<\/span><span class=\"ez-toc-icon-toggle-span\"><svg style=\"fill: #999;color:#999\" xmlns=\"http:\/\/www.w3.org\/2000\/svg\" class=\"list-377408\" width=\"20px\" height=\"20px\" viewBox=\"0 0 24 24\" fill=\"none\"><path d=\"M6 6H4v2h2V6zm14 0H8v2h12V6zM4 11h2v2H4v-2zm16 0H8v2h12v-2zM4 16h2v2H4v-2zm16 0H8v2h12v-2z\" fill=\"currentColor\"><\/path><\/svg><svg style=\"fill: #999;color:#999\" class=\"arrow-unsorted-368013\" xmlns=\"http:\/\/www.w3.org\/2000\/svg\" width=\"10px\" height=\"10px\" viewBox=\"0 0 24 24\" version=\"1.2\" baseProfile=\"tiny\"><path d=\"M18.2 9.3l-6.2-6.3-6.2 6.3c-.2.2-.3.4-.3.7s.1.5.3.7c.2.2.4.3.7.3h11c.3 0 .5-.1.7-.3.2-.2.3-.5.3-.7s-.1-.5-.3-.7zM5.8 14.7l6.2 6.3 6.2-6.3c.2-.2.3-.5.3-.7s-.1-.5-.3-.7c-.2-.2-.4-.3-.7-.3h-11c-.3 0-.5.1-.7.3-.2.2-.3.5-.3.7s.1.5.3.7z\"\/><\/svg><\/span><\/span><\/span><\/a><\/span><\/div>\n<nav><ul class='ez-toc-list ez-toc-list-level-1 ' ><li class='ez-toc-page-1 ez-toc-heading-level-2'><a class=\"ez-toc-link ez-toc-heading-1\" href=\"https:\/\/nordiccab.lt\/index.php\/2025\/12\/28\/stai-didziausios-naujienos-kuriu-praleidote-si-savaitgali\/#Brigitte_Bardot_prancuzu_aktore_ir_gyvunu_teisiu_aktyviste_mire_sulaukusi_91_metu\" >Brigitte Bardot, pranc\u016bz\u0173 aktor\u0117 ir gyv\u016bn\u0173 teisi\u0173 aktyvist\u0117, mir\u0117 sulaukusi 91 met\u0173<\/a><\/li><li class='ez-toc-page-1 ez-toc-heading-level-2'><a class=\"ez-toc-link ez-toc-heading-2\" href=\"https:\/\/nordiccab.lt\/index.php\/2025\/12\/28\/stai-didziausios-naujienos-kuriu-praleidote-si-savaitgali\/#Politika_trumpai\" >Politika trumpai<\/a><\/li><li class='ez-toc-page-1 ez-toc-heading-level-2'><a class=\"ez-toc-link ez-toc-heading-3\" href=\"https:\/\/nordiccab.lt\/index.php\/2025\/12\/28\/stai-didziausios-naujienos-kuriu-praleidote-si-savaitgali\/#2026-ieji_bus_metai_kai_NASA_astronautai_vel_skris_aplink_Menuli_%E2%80%93_jei_viskas_vyks_pagal_plana\" >2026-ieji bus metai, kai NASA astronautai v\u0117l skris aplink M\u0117nul\u012f \u2013 jei viskas vyks pagal plan\u0105<\/a><\/li><li class='ez-toc-page-1 ez-toc-heading-level-2'><a class=\"ez-toc-link ez-toc-heading-4\" href=\"https:\/\/nordiccab.lt\/index.php\/2025\/12\/28\/stai-didziausios-naujienos-kuriu-praleidote-si-savaitgali\/#Palisades_gaisras_sunaikino_senjoru_bendruomenes_taciau_daugelis_yra_pasiryze_grizti\" >Palisades gaisras sunaikino senjor\u0173 bendruomenes, ta\u010diau daugelis yra pasiry\u017e\u0119 gr\u012f\u017eti<\/a><\/li><li class='ez-toc-page-1 ez-toc-heading-level-2'><a class=\"ez-toc-link ez-toc-heading-5\" href=\"https:\/\/nordiccab.lt\/index.php\/2025\/12\/28\/stai-didziausios-naujienos-kuriu-praleidote-si-savaitgali\/#Isidemetina_citata\" >\u012esid\u0117m\u0117tina citata<\/a><\/li><li class='ez-toc-page-1 ez-toc-heading-level-2'><a class=\"ez-toc-link ez-toc-heading-6\" href=\"https:\/\/nordiccab.lt\/index.php\/2025\/12\/28\/stai-didziausios-naujienos-kuriu-praleidote-si-savaitgali\/#Jei_praleidote\" >Jei praleidote<\/a><\/li><\/ul><\/nav><\/div>\n<h2 id=\"anchor-c3c550\" class=\"body-heading\"><span class=\"ez-toc-section\" id=\"Brigitte_Bardot_prancuzu_aktore_ir_gyvunu_teisiu_aktyviste_mire_sulaukusi_91_metu\"><\/span>Brigitte Bardot, pranc\u016bz\u0173 aktor\u0117 ir gyv\u016bn\u0173 teisi\u0173 aktyvist\u0117, mir\u0117 sulaukusi 91 met\u0173<span class=\"ez-toc-section-end\"><\/span><\/h2>\n<figure class=\"styles_inlineImage__FvnTh styles_medium__MEKii styles_noCaption__qtPhQ\" id=\"anchor-0099b1\"><picture class=\"styles_image__i32F7\" data-testid=\"picture\" data-flavor=\"fit\" data-original-height=\"1000\" data-original-width=\"1500\"><source media=\"(min-width: 1000px)\" srcset=\"https:\/\/media-cldnry.s-nbcnews.com\/image\/upload\/t_fit-560w,f_auto,q_auto:best\/rockcms\/2025-12\/251228-gif-brigitte-bardot-vl-221p-860abf.gif\"\/><source media=\"(min-width: 320px)\" srcset=\"https:\/\/media-cldnry.s-nbcnews.com\/image\/upload\/t_fit-760w,f_auto,q_auto:best\/rockcms\/2025-12\/251228-gif-brigitte-bardot-vl-221p-860abf.gif\"\/><\/picture><figcaption class=\"caption styles_caption__TCewG\" data-testid=\"caption\"><span class=\"caption__source\" data-testid=\"caption__source\">Getty Images failas<\/span><\/figcaption><\/figure>\n<p id=\"anchor-1dcf9a\" class=\"body-graf\">Ekrano sirena Brigitte Bardot, kurios atvaizdai <strong>laisvos dvasios i\u0161mon\u0117s padar\u0117 j\u0105 tarptautiniu sekso simboliu ir Pranc\u016bzijos pasidid\u017eiavimu<\/strong> ir kuri 1973 m. atsisuko nuo kino \u017evaig\u017ed\u0117s ir tapo gyv\u016bn\u0173 teisi\u0173 aktyviste, mir\u0117, prane\u0161a Pranc\u016bzijos \u017einiasklaida ir \u201eThe Associated Press\u201c.<\/p>\n<p id=\"anchor-a83c25\" class=\"body-graf\">Jai buvo 91 metai.<\/p>\n<p id=\"anchor-3a20cc\" class=\"body-graf\">Pranc\u016bzijos prezidentas Emmanuelis Macronas sak\u0117, kad Bardot \u201e\u012fk\u016bnijo laisv\u0105 gyvenim\u0105\u201c ir gyveno \u201epranc\u016bzi\u0161kai\u201c. Jordanas Bardella i\u0161 kra\u0161tutini\u0173 de\u0161ini\u0173j\u0173 Nacionalinio susib\u016brimo partijos, kuri\u0105 Bardot vie\u0161ai palaik\u0117 v\u0117lesniais savo gyvenimo metais, pavadino j\u0105 \u201eaistinga patriote\u201c, atstovaujan\u010dia \u201ei\u0161tisai Pranc\u016bzijos istorijos erai\u201c.<\/p>\n<p id=\"anchor-435a8f\" class=\"body-graf\">Bardot fondas pagerb\u0117 jos palikim\u0105 gyv\u016bn\u0173 teisi\u0173 srityje: nuo kelioni\u0173 iki Arkties ledo ly\u010di\u0173 pad\u0117ti ruoni\u0173 jaunikliams iki lobizmo d\u0117l gyv\u016bn\u0173 gerov\u0117s teis\u0117s akt\u0173 ir nuteisimo u\u017e prievart\u0105 prie\u0161 gyv\u016bnus.<\/p>\n<h2 id=\"anchor-9b37f4\" class=\"body-heading\"><span class=\"ez-toc-section\" id=\"Politika_trumpai\"><\/span>Politika trumpai <span class=\"ez-toc-section-end\"><\/span><\/h2>\n<ul id=\"anchor-9c2207\" class=\"break-above body-ul body-list-el\">\n<li><strong>Jaun\u0173 vyr\u0173 kova: <\/strong>U\u017ekariauti \u0161irdis ir protus <strong>jauni vyrai buvo politikos centre <\/strong>per pastaruosius metus, ir jis stipr\u0117ja prie\u0161 2026 m. vidurio kadencij\u0105.<\/li>\n<li><strong>Art\u0117ja:<\/strong> \u012enirtingi prie\u0161taringi pirminiai rinkimai kitais metais bus ankstyvieji m\u016b\u0161io laukai kovojant d\u0117l \u200b\u200babiej\u0173 \u0161ali\u0173 ateities. <strong>\u0160tai pagrindin\u0117s temos, kurias reikia \u017ei\u016br\u0117ti<\/strong>.<\/li>\n<li><strong>Senato likimas:<\/strong> Demokratai vis dar susiduria su auk\u0161tyn kojomis siekdami perimti Senato kontrol\u0119, ta\u010diau mato keli\u0105, kai Trumpas vertina prastus ekonomikos reitingus ir nerimauja d\u0117l sveikatos prie\u017ei\u016bros. <strong>Tai yra 10 lenktyni\u0173, kurios lems j\u0117g\u0173 pusiausvyr\u0105<\/strong>.<\/li>\n<li><strong>Tik\u0117jimas ir politika: <\/strong>Zohrano Mamdani i\u0161rinkimas kitu Niujorko meru daugeliui musulmon\u0173 niujorkie\u010di\u0173 tapo didesniu nei istorinis \u012fvykis \u2013 tai retas atvejis. <strong>miesto musulmon\u0173 bendruomen\u0117s matomumo ir vienyb\u0117s akimirka<\/strong>.<\/li>\n<\/ul>\n<h2 id=\"anchor-49d9b9\" class=\"body-heading\"><span class=\"ez-toc-section\" id=\"2026-ieji_bus_metai_kai_NASA_astronautai_vel_skris_aplink_Menuli_%E2%80%93_jei_viskas_vyks_pagal_plana\"><\/span>2026-ieji bus metai, kai NASA astronautai v\u0117l skris aplink M\u0117nul\u012f \u2013 jei viskas vyks pagal plan\u0105<span class=\"ez-toc-section-end\"><\/span><\/h2>\n<figure class=\"styles_inlineImage__FvnTh styles_medium__MEKii\" id=\"anchor-114233\"><picture class=\"styles_image__i32F7\" data-testid=\"picture\" data-flavor=\"fit\" data-original-height=\"1667\" data-original-width=\"2500\"><source media=\"(min-width: 1000px)\" srcset=\"https:\/\/media-cldnry.s-nbcnews.com\/image\/upload\/t_fit-560w,f_avif,q_auto:eco,dpr_2\/rockcms\/2025-12\/251224-Artemis-II-gk-179dcb.jpg 2x, https:\/\/media-cldnry.s-nbcnews.com\/image\/upload\/t_fit-560w,f_auto,q_auto:best\/rockcms\/2025-12\/251224-Artemis-II-gk-179dcb.jpg 1x\"\/><source media=\"(min-width: 320px)\" srcset=\"https:\/\/media-cldnry.s-nbcnews.com\/image\/upload\/t_fit-760w,f_avif,q_auto:eco,dpr_2\/rockcms\/2025-12\/251224-Artemis-II-gk-179dcb.jpg 2x, https:\/\/media-cldnry.s-nbcnews.com\/image\/upload\/t_fit-760w,f_auto,q_auto:best\/rockcms\/2025-12\/251224-Artemis-II-gk-179dcb.jpg 1x\"\/><img decoding=\"async\" loading=\"lazy\" src=\"https:\/\/media-cldnry.s-nbcnews.com\/image\/upload\/t_fit-760w,f_auto,q_auto:best\/rockcms\/2025-12\/251224-Artemis-II-gk-179dcb.jpg\" alt=\"Artemid\u0117s II \u012fgula\" height=\"1667\" width=\"2500\"\/><\/picture><figcaption class=\"caption styles_caption__TCewG\" data-testid=\"caption\"><span class=\"caption__container\" data-testid=\"caption__container\">Gruod\u017eio 20 d. Kened\u017eio kosmoso centre Kanaveralo ky\u0161ulyje, Fla., \u201eArtemis II\u201c astronautai sustoja per demonstracin\u012f bandym\u0105.<\/span><span class=\"caption__source\" data-testid=\"caption__source\">Greggas Newtonas \/ AFP per \u201eGetty Images\u201c.<\/span><\/figcaption><\/figure>\n<p id=\"anchor-331ec9\" class=\"body-graf\">Jei viskas vyks pagal NASA planus, 2026-ieji pagaliau bus metai, kai astronautai v\u0117l paleis \u012f M\u0117nul\u012f.<\/p>\n<p id=\"anchor-648750\" class=\"body-graf\">Per kelis m\u0117nesius keturi astronautai pasiruo\u0161\u0119 <strong>skristi aplink m\u0117nul\u012f <\/strong>ma\u017edaug 10 dien\u0173 trukm\u0117s misijoje \u2013 artimiausi \u017emon\u0117s bus patek\u0119 per daugiau nei pus\u0119 am\u017eiaus.<\/p>\n<p id=\"anchor-49162f\" class=\"body-graf\">Skrydis, \u017einomas kaip Artemis II, kuris gal\u0117t\u0173 prasid\u0117ti jau vasario m\u0117nes\u012f, b\u016bt\u0173 ilgai lauktas \u0161uolis \u012f Amerikos gr\u012f\u017eimo \u012f m\u0117nul\u012f program\u0105. \u0160i misija skirta prad\u0117ti nauj\u0105 kosmoso tyrin\u0117jim\u0173 er\u0105, siekiant ilgainiui sukurti bazes ilgalaikiam buvimui M\u0117nulyje, kol astronautai kada nors i\u0161vyks \u012f Mars\u0105.<\/p>\n<h2 id=\"anchor-783f6a\" class=\"body-heading\"><span class=\"ez-toc-section\" id=\"Palisades_gaisras_sunaikino_senjoru_bendruomenes_taciau_daugelis_yra_pasiryze_grizti\"><\/span>Palisades gaisras sunaikino senjor\u0173 bendruomenes, ta\u010diau daugelis yra pasiry\u017e\u0119 gr\u012f\u017eti<span class=\"ez-toc-section-end\"><\/span><\/h2>\n<figure class=\"styles_inlineImage__FvnTh styles_medium__MEKii\" id=\"anchor-12848e\"><picture class=\"styles_image__i32F7\" data-testid=\"picture\" data-flavor=\"fit\" data-original-height=\"1333\" data-original-width=\"2000\"><source media=\"(min-width: 1000px)\" srcset=\"https:\/\/media-cldnry.s-nbcnews.com\/image\/upload\/t_fit-560w,f_avif,q_auto:eco,dpr_2\/rockcms\/2025-12\/251228-camp-fire-california-vl-927a-b3a4de.jpg 2x, https:\/\/media-cldnry.s-nbcnews.com\/image\/upload\/t_fit-560w,f_auto,q_auto:best\/rockcms\/2025-12\/251228-camp-fire-california-vl-927a-b3a4de.jpg 1x\"\/><source media=\"(min-width: 320px)\" srcset=\"https:\/\/media-cldnry.s-nbcnews.com\/image\/upload\/t_fit-760w,f_avif,q_auto:eco,dpr_2\/rockcms\/2025-12\/251228-camp-fire-california-vl-927a-b3a4de.jpg 2x, https:\/\/media-cldnry.s-nbcnews.com\/image\/upload\/t_fit-760w,f_auto,q_auto:best\/rockcms\/2025-12\/251228-camp-fire-california-vl-927a-b3a4de.jpg 1x\"\/><img decoding=\"async\" loading=\"lazy\" src=\"https:\/\/media-cldnry.s-nbcnews.com\/image\/upload\/t_fit-760w,f_auto,q_auto:best\/rockcms\/2025-12\/251228-camp-fire-california-vl-927a-b3a4de.jpg\" alt=\"Ugniagesiui su \u017earna art\u0117jant ugniagesiui, gaisras plinta ant mi\u0161ke esan\u010dio namo\" height=\"1333\" width=\"2000\"\/><\/picture><figcaption class=\"caption styles_caption__TCewG\" data-testid=\"caption\"><span class=\"caption__container\" data-testid=\"caption__container\">Cal Fire ugniagesys traukia \u017earn\u0105 link degan\u010dio namo, kai 2018 m. lapkri\u010dio 9 d. Camp Fire juda Magalijoje, Kalifornijoje.<\/span><span class=\"caption__source\" data-testid=\"caption__source\">Justin Sullivan \/ Getty Images failas<\/span><\/figcaption><\/figure>\n<p id=\"anchor-7ccbd2\" class=\"body-graf\">\u201ePacific Palisades\u201c atrod\u0117 kaip puiki vieta prad\u0117ti i\u0161 naujo, kai Victoria Escalante prarado visk\u0105, k\u0105 tur\u0117jo siaubingame 2018 m. \u201eCamp Fire\u201c \u0161iaur\u0117s centrin\u0117je Kalifornijoje. Nuostabus kaimas buvo b\u016btent tai, ko ji nor\u0117jo i\u0161\u0117jus \u012f pensij\u0105: \u0161eima, bendruomen\u0117 ir saugumo jausmas. <\/p>\n<p id=\"anchor-6df0ab\" class=\"body-graf\">Escalante niekada ne\u012fsivaizdavo, kad \u017ei\u016br\u0117s kit\u0105 <strong>kaimynyst\u0117je ji vadino namo pasukti \u012f pelen\u0105<\/strong>.<\/p>\n<p id=\"anchor-87283e\" class=\"body-graf\">Palisades gaisras buvo vienas i\u0161 dviej\u0173 pragar\u0173, sausio m\u0117nes\u012f nusine\u0161usi\u0173 did\u017eiules Los And\u017eelo apygardos dalis. Tarp labiausiai nukent\u0117jusi\u0173 viet\u0173 buvo pagalbin\u0117s gyvenamosios patalpos ir pensinink\u0173 bendruomen\u0117s, kuriose vyresni suaugusieji planavo praleisti paskutinius metus. \u0160imtai pacient\u0173 ir gyventoj\u0173 buvo atskirti nuo b\u016btin\u0173j\u0173 paslaug\u0173.<\/p>\n<p id=\"anchor-15f66e\" class=\"body-graf\">Ramiojo vandenyno Palisades nudegimo rando atstatymas buvo l\u0117tas. Ta\u010diau pra\u0117jus beveik metams po tragedijos, senjor\u0173 bendruomen\u0117s teigia, kad gr\u012f\u017eimas \u012f savo namus suteik\u0117 jiems galimyb\u0119 i\u0161 naujo pajusti galimyb\u0119. <\/p>\n<p id=\"anchor-c471e1\" class=\"body-graf\">\u201eTikiu, kad v\u0117l bus gerai\u201c, \u2013 sak\u0117 Escalante. <\/p>\n<h2 id=\"anchor-ab0096\" class=\"body-heading\"><span class=\"ez-toc-section\" id=\"Isidemetina_citata\"><\/span>\u012esid\u0117m\u0117tina citata<span class=\"ez-toc-section-end\"><\/span><\/h2>\n<section class=\"blockquote\" id=\"anchor-40d18b\">\n<blockquote class=\"blockquote__quote\" cite=\"Saeed Al-Aar, founder of the Sulala Animal Rescue\">\n<p>Negalite \u017ei\u016br\u0117ti \u012f b\u016btyb\u0119, kuri jumis pasitiki, ir valgyti jos akivaizdoje nesidalindami.<\/p>\n<p><small class=\"blockquote__source\"><span>Saeedas Al-Aaras, Sulala gyv\u016bn\u0173 gelb\u0117jimo organizacijos \u012fk\u016br\u0117jas<\/span><\/small><\/p><\/blockquote>\n<\/section>\n<p id=\"anchor-7cd7d9\" class=\"body-graf\">I\u0161 palapin\u0117s i\u0161liko kukli prieglauda <strong>paskutinis vilties \u0161vyturys su\u017eeistoms ir alkan\u0173 gyv\u016bn\u0173 populiacijai karo nusiaubtoje Gazos ruo\u017ee<\/strong>net kai jos darbuotojai ir savanoriai susiduria su ne\u012fmanomomis s\u0105lygomis. Konflikto metu tr\u016bko veterinarini\u0173 atsarg\u0173, tod\u0117l gelb\u0117jimo projektas r\u0117m\u0117si pasibaigusio galiojimo vaistais, \u017emon\u0117ms skirtais vaistais ir savo maistu, kad kat\u0117s ir \u0161unys i\u0161likt\u0173 gyvi. <\/p>\n<h2 id=\"anchor-48adbb\" class=\"body-heading\"><span class=\"ez-toc-section\" id=\"Jei_praleidote\"><\/span>Jei praleidote <span class=\"ez-toc-section-end\"><\/span><\/h2>\n<ul id=\"anchor-049395\" class=\"endmark break-above body-ul body-list-el\">\n<li>Nuostabus <strong>400 000 USD vert\u0117s omar\u0173 siunta buvo pavogta<\/strong> Kaip teigia omar\u0173 kompanijos prezidentas, jis buvo nukreiptas \u012f Costco parduotuves.<\/li>\n<li>J\u0105 surado paaugl\u0117s, kuri, anot deputat\u0173, buvo pagrobta Kal\u0117d\u0173 dien\u0105, t\u0117vas <strong>naudodamas savo telefono t\u0117v\u0173 kontrol\u0119<\/strong>teigia Teksaso vald\u017eia.<\/li>\n<li>Oklahomos vyras buvo apkaltintas pirmojo laipsnio \u017emog\u017eudyste, kaltinamas nu\u0161ov\u0119s \u012f moter\u012f u\u017e keli\u0173 kvartal\u0173 nuo savo nam\u0173 <strong>kol jis \u0161aud\u0117 \u012f taikin\u012f savo kieme<\/strong>.<\/li>\n<li>San Francisco 49ers ir Chicago Bears kovos d\u0117l geriausios NFC komandos \u201eSunday Night Football\u201c. <strong>Mes apimame visus veiksmus<\/strong>.<\/li>\n<li>Ma\u017eiausiai vienas \u017emogus \u017euvo, o kitas sunkiai su\u017eeistas <strong>nukritus dviem sraigtasparniams<\/strong> Hammontone, Naujajame D\u017eersyje.<\/li>\n<li>Galinga audr\u0173 sistema ir toliau trukdo kelionei, <strong>52 milijonams \u017emoni\u0173 buvo paskelbti \u012fsp\u0117jimai apie \u017eiemos orus<\/strong> nuo \u0161iaurini\u0173 lygum\u0173 iki Naujosios Anglijos.<\/li>\n<\/ul>\n<\/div>\n<p><a href=\"https:\/\/www.nbcnews.com\/news\/us-news\/weekend-rundown-december-28-rcna251117\" target=\"_blank\" rel=\"noopener\"> Nuoroda \u012f informacijos \u0161altin\u012f <\/a><\/p>\n","protected":false},"excerpt":{"rendered":"<p>Prezidentas Donaldas Trumpas ir Ukrainos prezidentas Volodymyras Zelenskis sekmadien\u012f susitiko Floridoje ir nurod\u0117, kad yra arti galimo taikos susitarimo, kuriuo&hellip;<\/p>\n","protected":false},"author":1,"featured_media":1270,"comment_status":"open","ping_status":"open","sticky":false,"template":"","format":"standard","meta":{"footnotes":""},"categories":[4],"tags":[],"class_list":["post-1269","post","type-post","status-publish","format-standard","has-post-thumbnail","hentry","category-pasaulio-naujienos"],"yoast_head":"<!-- This site is optimized with the Yoast SEO plugin v27.5 - https:\/\/yoast.com\/product\/yoast-seo-wordpress\/ -->\n<title>\u0160tai did\u017eiausios naujienos, kuri\u0173 praleidote \u0161\u012f savaitgal\u012f - NORDICCAB.LT<\/title>\n<meta name=\"robots\" content=\"index, follow, max-snippet:-1, max-image-preview:large, max-video-preview:-1\" \/>\n<link rel=\"canonical\" href=\"https:\/\/nordiccab.lt\/index.php\/2025\/12\/28\/stai-didziausios-naujienos-kuriu-praleidote-si-savaitgali\/\" \/>\n<meta property=\"og:locale\" content=\"lt_LT\" \/>\n<meta property=\"og:type\" content=\"article\" \/>\n<meta property=\"og:title\" content=\"\u0160tai did\u017eiausios naujienos, kuri\u0173 praleidote \u0161\u012f savaitgal\u012f - NORDICCAB.LT\" \/>\n<meta property=\"og:description\" content=\"Prezidentas Donaldas Trumpas ir Ukrainos prezidentas Volodymyras Zelenskis sekmadien\u012f susitiko Floridoje ir nurod\u0117, kad yra arti galimo taikos susitarimo, kuriuo&hellip;\" \/>\n<meta property=\"og:url\" content=\"https:\/\/nordiccab.lt\/index.php\/2025\/12\/28\/stai-didziausios-naujienos-kuriu-praleidote-si-savaitgali\/\" \/>\n<meta property=\"og:site_name\" content=\"NORDICCAB.LT\" \/>\n<meta property=\"article:published_time\" content=\"2025-12-28T23:49:59+00:00\" \/>\n<meta property=\"og:image\" content=\"https:\/\/media-cldnry.s-nbcnews.com\/image\/upload\/t_fit-760w,f_auto,q_auto:best\/rockcms\/2025-12\/251228-gif-brigitte-bardot-vl-221p-860abf.gif\" \/>\n<meta name=\"author\" content=\"admin\" \/>\n<meta name=\"twitter:card\" content=\"summary_large_image\" \/>\n<meta name=\"twitter:label1\" content=\"Written by\" \/>\n\t<meta name=\"twitter:data1\" content=\"admin\" \/>\n\t<meta name=\"twitter:label2\" content=\"Est. reading time\" \/>\n\t<meta name=\"twitter:data2\" content=\"5 minut\u0117s\" \/>\n<script type=\"application\/ld+json\" class=\"yoast-schema-graph\">{\"@context\":\"https:\\\/\\\/schema.org\",\"@graph\":[{\"@type\":\"Article\",\"@id\":\"https:\\\/\\\/nordiccab.lt\\\/index.php\\\/2025\\\/12\\\/28\\\/stai-didziausios-naujienos-kuriu-praleidote-si-savaitgali\\\/#article\",\"isPartOf\":{\"@id\":\"https:\\\/\\\/nordiccab.lt\\\/index.php\\\/2025\\\/12\\\/28\\\/stai-didziausios-naujienos-kuriu-praleidote-si-savaitgali\\\/\"},\"author\":{\"name\":\"admin\",\"@id\":\"https:\\\/\\\/nordiccab.lt\\\/#\\\/schema\\\/person\\\/1e06879215dcf15255113d53ae73289b\"},\"headline\":\"\u0160tai did\u017eiausios naujienos, kuri\u0173 praleidote \u0161\u012f savaitgal\u012f\",\"datePublished\":\"2025-12-28T23:49:59+00:00\",\"mainEntityOfPage\":{\"@id\":\"https:\\\/\\\/nordiccab.lt\\\/index.php\\\/2025\\\/12\\\/28\\\/stai-didziausios-naujienos-kuriu-praleidote-si-savaitgali\\\/\"},\"wordCount\":1049,\"commentCount\":0,\"image\":{\"@id\":\"https:\\\/\\\/nordiccab.lt\\\/index.php\\\/2025\\\/12\\\/28\\\/stai-didziausios-naujienos-kuriu-praleidote-si-savaitgali\\\/#primaryimage\"},\"thumbnailUrl\":\"https:\\\/\\\/nordiccab.lt\\\/wp-content\\\/uploads\\\/2025\\\/12\\\/Stai-didziausios-naujienos-kuriu-praleidote-si-savaitgali.jpg\",\"articleSection\":[\"PASAULIO NAUJIENOS\"],\"inLanguage\":\"lt-LT\",\"potentialAction\":[{\"@type\":\"CommentAction\",\"name\":\"Comment\",\"target\":[\"https:\\\/\\\/nordiccab.lt\\\/index.php\\\/2025\\\/12\\\/28\\\/stai-didziausios-naujienos-kuriu-praleidote-si-savaitgali\\\/#respond\"]}]},{\"@type\":\"WebPage\",\"@id\":\"https:\\\/\\\/nordiccab.lt\\\/index.php\\\/2025\\\/12\\\/28\\\/stai-didziausios-naujienos-kuriu-praleidote-si-savaitgali\\\/\",\"url\":\"https:\\\/\\\/nordiccab.lt\\\/index.php\\\/2025\\\/12\\\/28\\\/stai-didziausios-naujienos-kuriu-praleidote-si-savaitgali\\\/\",\"name\":\"\u0160tai did\u017eiausios naujienos, kuri\u0173 praleidote \u0161\u012f savaitgal\u012f - NORDICCAB.LT\",\"isPartOf\":{\"@id\":\"https:\\\/\\\/nordiccab.lt\\\/#website\"},\"primaryImageOfPage\":{\"@id\":\"https:\\\/\\\/nordiccab.lt\\\/index.php\\\/2025\\\/12\\\/28\\\/stai-didziausios-naujienos-kuriu-praleidote-si-savaitgali\\\/#primaryimage\"},\"image\":{\"@id\":\"https:\\\/\\\/nordiccab.lt\\\/index.php\\\/2025\\\/12\\\/28\\\/stai-didziausios-naujienos-kuriu-praleidote-si-savaitgali\\\/#primaryimage\"},\"thumbnailUrl\":\"https:\\\/\\\/nordiccab.lt\\\/wp-content\\\/uploads\\\/2025\\\/12\\\/Stai-didziausios-naujienos-kuriu-praleidote-si-savaitgali.jpg\",\"datePublished\":\"2025-12-28T23:49:59+00:00\",\"author\":{\"@id\":\"https:\\\/\\\/nordiccab.lt\\\/#\\\/schema\\\/person\\\/1e06879215dcf15255113d53ae73289b\"},\"breadcrumb\":{\"@id\":\"https:\\\/\\\/nordiccab.lt\\\/index.php\\\/2025\\\/12\\\/28\\\/stai-didziausios-naujienos-kuriu-praleidote-si-savaitgali\\\/#breadcrumb\"},\"inLanguage\":\"lt-LT\",\"potentialAction\":[{\"@type\":\"ReadAction\",\"target\":[\"https:\\\/\\\/nordiccab.lt\\\/index.php\\\/2025\\\/12\\\/28\\\/stai-didziausios-naujienos-kuriu-praleidote-si-savaitgali\\\/\"]}]},{\"@type\":\"ImageObject\",\"inLanguage\":\"lt-LT\",\"@id\":\"https:\\\/\\\/nordiccab.lt\\\/index.php\\\/2025\\\/12\\\/28\\\/stai-didziausios-naujienos-kuriu-praleidote-si-savaitgali\\\/#primaryimage\",\"url\":\"https:\\\/\\\/nordiccab.lt\\\/wp-content\\\/uploads\\\/2025\\\/12\\\/Stai-didziausios-naujienos-kuriu-praleidote-si-savaitgali.jpg\",\"contentUrl\":\"https:\\\/\\\/nordiccab.lt\\\/wp-content\\\/uploads\\\/2025\\\/12\\\/Stai-didziausios-naujienos-kuriu-praleidote-si-savaitgali.jpg\",\"width\":1200,\"height\":630},{\"@type\":\"BreadcrumbList\",\"@id\":\"https:\\\/\\\/nordiccab.lt\\\/index.php\\\/2025\\\/12\\\/28\\\/stai-didziausios-naujienos-kuriu-praleidote-si-savaitgali\\\/#breadcrumb\",\"itemListElement\":[{\"@type\":\"ListItem\",\"position\":1,\"name\":\"Home\",\"item\":\"https:\\\/\\\/nordiccab.lt\\\/\"},{\"@type\":\"ListItem\",\"position\":2,\"name\":\"\u0160tai did\u017eiausios naujienos, kuri\u0173 praleidote \u0161\u012f savaitgal\u012f\"}]},{\"@type\":\"WebSite\",\"@id\":\"https:\\\/\\\/nordiccab.lt\\\/#website\",\"url\":\"https:\\\/\\\/nordiccab.lt\\\/\",\"name\":\"NORDICCAB.LT\",\"description\":\"Pasaulio naujienos, technologijos, automobiliai\",\"potentialAction\":[{\"@type\":\"SearchAction\",\"target\":{\"@type\":\"EntryPoint\",\"urlTemplate\":\"https:\\\/\\\/nordiccab.lt\\\/?s={search_term_string}\"},\"query-input\":{\"@type\":\"PropertyValueSpecification\",\"valueRequired\":true,\"valueName\":\"search_term_string\"}}],\"inLanguage\":\"lt-LT\"},{\"@type\":\"Person\",\"@id\":\"https:\\\/\\\/nordiccab.lt\\\/#\\\/schema\\\/person\\\/1e06879215dcf15255113d53ae73289b\",\"name\":\"admin\",\"image\":{\"@type\":\"ImageObject\",\"inLanguage\":\"lt-LT\",\"@id\":\"https:\\\/\\\/secure.gravatar.com\\\/avatar\\\/f37349f777250847d2fca2ada474f5a6aadffa79d5284e8ad354a5c410a691ec?s=96&d=mm&r=g\",\"url\":\"https:\\\/\\\/secure.gravatar.com\\\/avatar\\\/f37349f777250847d2fca2ada474f5a6aadffa79d5284e8ad354a5c410a691ec?s=96&d=mm&r=g\",\"contentUrl\":\"https:\\\/\\\/secure.gravatar.com\\\/avatar\\\/f37349f777250847d2fca2ada474f5a6aadffa79d5284e8ad354a5c410a691ec?s=96&d=mm&r=g\",\"caption\":\"admin\"},\"sameAs\":[\"https:\\\/\\\/nordiccab.lt\"],\"url\":\"https:\\\/\\\/nordiccab.lt\\\/author\\\/admin\\\/\"}]}<\/script>\n<!-- \/ Yoast SEO plugin. -->","yoast_head_json":{"title":"\u0160tai did\u017eiausios naujienos, kuri\u0173 praleidote \u0161\u012f savaitgal\u012f - NORDICCAB.LT","robots":{"index":"index","follow":"follow","max-snippet":"max-snippet:-1","max-image-preview":"max-image-preview:large","max-video-preview":"max-video-preview:-1"},"canonical":"https:\/\/nordiccab.lt\/index.php\/2025\/12\/28\/stai-didziausios-naujienos-kuriu-praleidote-si-savaitgali\/","og_locale":"lt_LT","og_type":"article","og_title":"\u0160tai did\u017eiausios naujienos, kuri\u0173 praleidote \u0161\u012f savaitgal\u012f - NORDICCAB.LT","og_description":"Prezidentas Donaldas Trumpas ir Ukrainos prezidentas Volodymyras Zelenskis sekmadien\u012f susitiko Floridoje ir nurod\u0117, kad yra arti galimo taikos susitarimo, kuriuo&hellip;","og_url":"https:\/\/nordiccab.lt\/index.php\/2025\/12\/28\/stai-didziausios-naujienos-kuriu-praleidote-si-savaitgali\/","og_site_name":"NORDICCAB.LT","article_published_time":"2025-12-28T23:49:59+00:00","og_image":[{"url":"https:\/\/media-cldnry.s-nbcnews.com\/image\/upload\/t_fit-760w,f_auto,q_auto:best\/rockcms\/2025-12\/251228-gif-brigitte-bardot-vl-221p-860abf.gif","type":"","width":"","height":""}],"author":"admin","twitter_card":"summary_large_image","twitter_misc":{"Written by":"admin","Est. reading time":"5 minut\u0117s"},"schema":{"@context":"https:\/\/schema.org","@graph":[{"@type":"Article","@id":"https:\/\/nordiccab.lt\/index.php\/2025\/12\/28\/stai-didziausios-naujienos-kuriu-praleidote-si-savaitgali\/#article","isPartOf":{"@id":"https:\/\/nordiccab.lt\/index.php\/2025\/12\/28\/stai-didziausios-naujienos-kuriu-praleidote-si-savaitgali\/"},"author":{"name":"admin","@id":"https:\/\/nordiccab.lt\/#\/schema\/person\/1e06879215dcf15255113d53ae73289b"},"headline":"\u0160tai did\u017eiausios naujienos, kuri\u0173 praleidote \u0161\u012f savaitgal\u012f","datePublished":"2025-12-28T23:49:59+00:00","mainEntityOfPage":{"@id":"https:\/\/nordiccab.lt\/index.php\/2025\/12\/28\/stai-didziausios-naujienos-kuriu-praleidote-si-savaitgali\/"},"wordCount":1049,"commentCount":0,"image":{"@id":"https:\/\/nordiccab.lt\/index.php\/2025\/12\/28\/stai-didziausios-naujienos-kuriu-praleidote-si-savaitgali\/#primaryimage"},"thumbnailUrl":"https:\/\/nordiccab.lt\/wp-content\/uploads\/2025\/12\/Stai-didziausios-naujienos-kuriu-praleidote-si-savaitgali.jpg","articleSection":["PASAULIO NAUJIENOS"],"inLanguage":"lt-LT","potentialAction":[{"@type":"CommentAction","name":"Comment","target":["https:\/\/nordiccab.lt\/index.php\/2025\/12\/28\/stai-didziausios-naujienos-kuriu-praleidote-si-savaitgali\/#respond"]}]},{"@type":"WebPage","@id":"https:\/\/nordiccab.lt\/index.php\/2025\/12\/28\/stai-didziausios-naujienos-kuriu-praleidote-si-savaitgali\/","url":"https:\/\/nordiccab.lt\/index.php\/2025\/12\/28\/stai-didziausios-naujienos-kuriu-praleidote-si-savaitgali\/","name":"\u0160tai did\u017eiausios naujienos, kuri\u0173 praleidote \u0161\u012f savaitgal\u012f - NORDICCAB.LT","isPartOf":{"@id":"https:\/\/nordiccab.lt\/#website"},"primaryImageOfPage":{"@id":"https:\/\/nordiccab.lt\/index.php\/2025\/12\/28\/stai-didziausios-naujienos-kuriu-praleidote-si-savaitgali\/#primaryimage"},"image":{"@id":"https:\/\/nordiccab.lt\/index.php\/2025\/12\/28\/stai-didziausios-naujienos-kuriu-praleidote-si-savaitgali\/#primaryimage"},"thumbnailUrl":"https:\/\/nordiccab.lt\/wp-content\/uploads\/2025\/12\/Stai-didziausios-naujienos-kuriu-praleidote-si-savaitgali.jpg","datePublished":"2025-12-28T23:49:59+00:00","author":{"@id":"https:\/\/nordiccab.lt\/#\/schema\/person\/1e06879215dcf15255113d53ae73289b"},"breadcrumb":{"@id":"https:\/\/nordiccab.lt\/index.php\/2025\/12\/28\/stai-didziausios-naujienos-kuriu-praleidote-si-savaitgali\/#breadcrumb"},"inLanguage":"lt-LT","potentialAction":[{"@type":"ReadAction","target":["https:\/\/nordiccab.lt\/index.php\/2025\/12\/28\/stai-didziausios-naujienos-kuriu-praleidote-si-savaitgali\/"]}]},{"@type":"ImageObject","inLanguage":"lt-LT","@id":"https:\/\/nordiccab.lt\/index.php\/2025\/12\/28\/stai-didziausios-naujienos-kuriu-praleidote-si-savaitgali\/#primaryimage","url":"https:\/\/nordiccab.lt\/wp-content\/uploads\/2025\/12\/Stai-didziausios-naujienos-kuriu-praleidote-si-savaitgali.jpg","contentUrl":"https:\/\/nordiccab.lt\/wp-content\/uploads\/2025\/12\/Stai-didziausios-naujienos-kuriu-praleidote-si-savaitgali.jpg","width":1200,"height":630},{"@type":"BreadcrumbList","@id":"https:\/\/nordiccab.lt\/index.php\/2025\/12\/28\/stai-didziausios-naujienos-kuriu-praleidote-si-savaitgali\/#breadcrumb","itemListElement":[{"@type":"ListItem","position":1,"name":"Home","item":"https:\/\/nordiccab.lt\/"},{"@type":"ListItem","position":2,"name":"\u0160tai did\u017eiausios naujienos, kuri\u0173 praleidote \u0161\u012f savaitgal\u012f"}]},{"@type":"WebSite","@id":"https:\/\/nordiccab.lt\/#website","url":"https:\/\/nordiccab.lt\/","name":"NORDICCAB.LT","description":"Pasaulio naujienos, technologijos, automobiliai","potentialAction":[{"@type":"SearchAction","target":{"@type":"EntryPoint","urlTemplate":"https:\/\/nordiccab.lt\/?s={search_term_string}"},"query-input":{"@type":"PropertyValueSpecification","valueRequired":true,"valueName":"search_term_string"}}],"inLanguage":"lt-LT"},{"@type":"Person","@id":"https:\/\/nordiccab.lt\/#\/schema\/person\/1e06879215dcf15255113d53ae73289b","name":"admin","image":{"@type":"ImageObject","inLanguage":"lt-LT","@id":"https:\/\/secure.gravatar.com\/avatar\/f37349f777250847d2fca2ada474f5a6aadffa79d5284e8ad354a5c410a691ec?s=96&d=mm&r=g","url":"https:\/\/secure.gravatar.com\/avatar\/f37349f777250847d2fca2ada474f5a6aadffa79d5284e8ad354a5c410a691ec?s=96&d=mm&r=g","contentUrl":"https:\/\/secure.gravatar.com\/avatar\/f37349f777250847d2fca2ada474f5a6aadffa79d5284e8ad354a5c410a691ec?s=96&d=mm&r=g","caption":"admin"},"sameAs":["https:\/\/nordiccab.lt"],"url":"https:\/\/nordiccab.lt\/author\/admin\/"}]}},"_links":{"self":[{"href":"https:\/\/nordiccab.lt\/index.php\/wp-json\/wp\/v2\/posts\/1269","targetHints":{"allow":["GET"]}}],"collection":[{"href":"https:\/\/nordiccab.lt\/index.php\/wp-json\/wp\/v2\/posts"}],"about":[{"href":"https:\/\/nordiccab.lt\/index.php\/wp-json\/wp\/v2\/types\/post"}],"author":[{"embeddable":true,"href":"https:\/\/nordiccab.lt\/index.php\/wp-json\/wp\/v2\/users\/1"}],"replies":[{"embeddable":true,"href":"https:\/\/nordiccab.lt\/index.php\/wp-json\/wp\/v2\/comments?post=1269"}],"version-history":[{"count":0,"href":"https:\/\/nordiccab.lt\/index.php\/wp-json\/wp\/v2\/posts\/1269\/revisions"}],"wp:featuredmedia":[{"embeddable":true,"href":"https:\/\/nordiccab.lt\/index.php\/wp-json\/wp\/v2\/media\/1270"}],"wp:attachment":[{"href":"https:\/\/nordiccab.lt\/index.php\/wp-json\/wp\/v2\/media?parent=1269"}],"wp:term":[{"taxonomy":"category","embeddable":true,"href":"https:\/\/nordiccab.lt\/index.php\/wp-json\/wp\/v2\/categories?post=1269"},{"taxonomy":"post_tag","embeddable":true,"href":"https:\/\/nordiccab.lt\/index.php\/wp-json\/wp\/v2\/tags?post=1269"}],"curies":[{"name":"wp","href":"https:\/\/api.w.org\/{rel}","templated":true}]}}