{"id":1152,"date":"2025-12-17T22:55:22","date_gmt":"2025-12-17T22:55:22","guid":{"rendered":"https:\/\/nordiccab.lt\/index.php\/2025\/12\/17\/ftb-direktoriaus-pavaduotojas-danas-bongino-sako-kad-jis-paliks-savo-posta-sausi\/"},"modified":"2025-12-17T22:55:22","modified_gmt":"2025-12-17T22:55:22","slug":"ftb-direktoriaus-pavaduotojas-danas-bongino-sako-kad-jis-paliks-savo-posta-sausi","status":"publish","type":"post","link":"https:\/\/nordiccab.lt\/index.php\/2025\/12\/17\/ftb-direktoriaus-pavaduotojas-danas-bongino-sako-kad-jis-paliks-savo-posta-sausi\/","title":{"rendered":"FTB direktoriaus pavaduotojas Danas Bongino sako, kad jis paliks savo post\u0105 saus\u012f"},"content":{"rendered":"<p><\/p>\n<div>\n<p id=\"anchor-544c0f\" class=\"body-graf\">Danas Bongino, buv\u0119s konservatorius podcasteris, tap\u0119s 2-uoju FTB pareig\u016bnu, vadovaujant D. Trumpo administracijai, tre\u010diadien\u012f paskelb\u0117, kad kit\u0105 m\u0117nes\u012f paliks biur\u0105.<\/p>\n<p id=\"anchor-c2cfc3\" class=\"body-graf\">&#8222;Sausio m\u0117nes\u012f paliksiu savo pareigas FTB. Noriu pad\u0117koti prezidentui Trumpui, AG Bondi ir direktoriui Pateliui u\u017e galimyb\u0119 tikslingai tarnauti. Svarbiausia, kad noriu pad\u0117koti jums, mano kolegos amerikie\u010diai, u\u017e privilegij\u0105 jums tarnauti&#8221;, \u2013 ra\u0161\u0117 jis X.<\/p>\n<p id=\"anchor-ea73ee\" class=\"body-graf\">Trumpas, atrodo, patvirtino Bongino pasitraukim\u0105 anks\u010diau tre\u010diadien\u012f, kai \u017eurnalistas paklaus\u0117 apie Bongino ateit\u012f biuro direktoriaus pavaduotojo poste.<\/p>\n<p id=\"anchor-f93bdb\" class=\"body-graf\">&#8222;Danas atliko puik\u0173 darb\u0105. Manau, kad jis nori gr\u012f\u017eti \u012f savo \u0161ou&#8221;, &#8211; sak\u0117 D. Trumpas.<\/p>\n<p id=\"anchor-f65ac7\" class=\"body-graf\">Prezidentas vasario m\u0117nes\u012f \u012f \u0161\u012f post\u0105 pasikviet\u0117 Bongino, buvus\u012f slaptosios tarnybos agent\u0105 ir NYPD pareig\u016bn\u0105.<\/p>\n<p id=\"anchor-969307\" class=\"body-graf\">NBC News anks\u010diau prane\u0161\u0117, kad Bongino svarst\u0117 galimyb\u0119 atsistatydinti liep\u0105, kai FTB ir Teisingumo departamentas paskelb\u0117 bendr\u0105 atmintin\u0119, kurioje teigiama, kad jie baig\u0117 \u201ei\u0161sami\u0105\u201c tyrimo byl\u0173, susijusi\u0173 su velioniu seksualiniu nusikalt\u0117liu Jeffrey Epsteinu, per\u017ei\u016br\u0105 ir kad jokie kiti asmenys \u0161ioje byloje nebus apkaltinti, o agent\u016bros daugiau informacijos neskleis.<\/p>\n<p id=\"anchor-c2e801\" class=\"body-graf\">\u0160altiniai NBC News tuo metu sak\u0117, kad Bongino \u012fsiv\u0117l\u0117 \u012f kar\u0161t\u0105 gin\u010d\u0105 su generaline prokurore Pam Bondi po to, kai buvo paskelbtas memorandumas, kuris suk\u0117l\u0117 kai kuri\u0173 D. Trumpo \u0161alinink\u0173 pasipiktinim\u0105.<\/p>\n<p id=\"anchor-c4b274\" class=\"body-graf\">Prie\u0161 prisijungdamas prie administracijos, Bongino sureng\u0117 podcast&#8217;\u0105, kuriame teig\u0117, kad Epsteino failai buvo masi\u0161kai sl\u0117pti.<\/p>\n<p id=\"anchor-23b8b6\" class=\"body-graf\">Generalinio prokuroro pavaduotojas Toddas Blanche&#8217;as atmet\u0117 tuo metu pasirod\u017eiusius prane\u0161imus, kad Bongino ir FTB direktorius Kashas Patelis buvo nusimin\u0119s d\u0117l atmintin\u0117s, \u012fra\u0161e X para\u0161\u0117: \u201eVisi mes pritar\u0117me memorandumo turiniui ir atmintin\u0117je pateiktoms i\u0161vadoms. Bet kurio \u017emogaus pasi\u016blymas, kad tarp FTB ir memoOJ vadovyb\u0117s buvo bet kokios dienos \u0161viesa, yra klaidinga.<\/p>\n<p id=\"anchor-706628\" class=\"body-graf\">Bongino negr\u012f\u017eo \u012f darb\u0105 bent vien\u0105 dien\u0105 po gin\u010do su Bondi, bet galiausiai liko.<\/p>\n<p id=\"anchor-12750b\" class=\"body-graf\">Baltieji r\u016bmai rugpj\u016bt\u012f paskelb\u0117, kad Andrew Bailey, tuometinis Mis\u016brio valstijos generalinis prokuroras, buvo paskirtas FTB \u201evienu direktoriaus pavaduotoju\u201c.<\/p>\n<p id=\"anchor-e5bfb0\" class=\"body-graf\">Anks\u010diau \u0161\u012f m\u0117nes\u012f Bondi \u012fvertino Bongino u\u017e jo darb\u0105 padedant nustatyti \u012ftariam\u0105j\u012f ir pareik\u0161ti jam kaltinimus ilgai trukusiame tyrime d\u0117l vamzdini\u0173 bomb\u0173, kurios buvo rastos netoli Demokrat\u0173 nacionalinio komiteto b\u016bstin\u0117s ir Respublikon\u0173 nacionalinio komiteto b\u016bstin\u0117s 2021 m. sausio 6 d. ryte, t\u0105 dien\u0105, kai Trampui palanki minia \u012fsiver\u017e\u0117 \u012f JAV Kapitoliij\u0173.<\/p>\n<p id=\"anchor-d2e97a\" class=\"body-graf\">&#8222;\u0160i byla nusl\u016bgo. Ji ten s\u0117d\u0117jo ketverius metus ir rinko dulkes. Niekas nieko nepadar\u0117, kad tai i\u0161spr\u0119st\u0173, ir kai \u012f\u0117jo Kashas Patelis ir Danas Bongino, Danas man pasak\u0117, Danas pasak\u0117 mums visiems: &#8222;A\u0161 i\u0161spr\u0119siu \u0161i\u0105 byl\u0105&#8221;, &#8211; sak\u0117 Bondi &#8222;Fox &#038; Friends&#8221;. \u201eJis paskyr\u0117 nauj\u0105 komand\u0105\u201c ir jie i\u0161sprend\u0117 atvej\u012f, sak\u0117 ji, pavadindama tai \u201epuikiu policijos darbu\u201c.<\/p>\n<p id=\"anchor-c24054\" class=\"body-graf\">\u012etariamasis Brianas Cole&#8217;as jaunesnysis savo kalt\u0117s nepripa\u017eino.<\/p>\n<p id=\"anchor-d8d6a4\" class=\"body-graf\">Bongino sak\u0117 t\u0105 dien\u0105, kai Cole&#8217;as buvo apkaltintas, kad buvo pasiry\u017e\u0119s susekti atsaking\u0105 asmen\u012f.<\/p>\n<p id=\"anchor-1debd0\" class=\"body-graf\">\u201eJ\u016bs neketinate \u012feiti \u012f m\u016bs\u0173 sostin\u0119, pad\u0117ti du sprogstamuosius u\u017etaisus ir i\u0161eiti saul\u0117lyd\u017eio metu\u201c, \u2013 sak\u0117 Bongino. \u201eNe\u012fvyks \u2013 mes ketinome susekti \u0161\u012f \u017emog\u0173 iki pat \u017dem\u0117s galo. Jis niekaip negal\u0117jo pab\u0117gti.<\/p>\n<p id=\"anchor-6bae6f\" class=\"body-graf\">2024 m. savo podcast&#8217;o epizode Bongino teig\u0117, kad vamzd\u017eio bomba buvo \u201evidinis darbas\u201c, siekiant sustabdyti Trump\u0105.<\/p>\n<p id=\"anchor-bcee80\" class=\"endmark body-graf\">&#8222;Tai buvo s\u0105ranka. A\u0161 neturiu joki\u0173 abejoni\u0173&#8221;, &#8211; sak\u0117 jis pernai.<\/p>\n<\/div>\n<p><a href=\"https:\/\/www.nbcnews.com\/politics\/trump-administration\/fbi-deputy-director-dan-bongino-leave-post-january-rcna249789\" target=\"_blank\" rel=\"noopener\"> Nuoroda \u012f informacijos \u0161altin\u012f <\/a><\/p>\n","protected":false},"excerpt":{"rendered":"<p>Danas Bongino, buv\u0119s konservatorius podcasteris, tap\u0119s 2-uoju FTB pareig\u016bnu, vadovaujant D. Trumpo administracijai, tre\u010diadien\u012f paskelb\u0117, kad kit\u0105 m\u0117nes\u012f paliks biur\u0105.&hellip;<\/p>\n","protected":false},"author":1,"featured_media":1153,"comment_status":"open","ping_status":"open","sticky":false,"template":"","format":"standard","meta":{"footnotes":""},"categories":[4],"tags":[],"class_list":["post-1152","post","type-post","status-publish","format-standard","has-post-thumbnail","hentry","category-pasaulio-naujienos"],"yoast_head":"<!-- This site is optimized with the Yoast SEO plugin v27.5 - https:\/\/yoast.com\/product\/yoast-seo-wordpress\/ -->\n<title>FTB direktoriaus pavaduotojas Danas Bongino sako, kad jis paliks savo post\u0105 saus\u012f - NORDICCAB.LT<\/title>\n<meta name=\"robots\" content=\"index, follow, max-snippet:-1, max-image-preview:large, max-video-preview:-1\" \/>\n<link rel=\"canonical\" href=\"https:\/\/nordiccab.lt\/index.php\/2025\/12\/17\/ftb-direktoriaus-pavaduotojas-danas-bongino-sako-kad-jis-paliks-savo-posta-sausi\/\" \/>\n<meta property=\"og:locale\" content=\"lt_LT\" \/>\n<meta property=\"og:type\" content=\"article\" \/>\n<meta property=\"og:title\" content=\"FTB direktoriaus pavaduotojas Danas Bongino sako, kad jis paliks savo post\u0105 saus\u012f - NORDICCAB.LT\" \/>\n<meta property=\"og:description\" content=\"Danas Bongino, buv\u0119s konservatorius podcasteris, tap\u0119s 2-uoju FTB pareig\u016bnu, vadovaujant D. Trumpo administracijai, tre\u010diadien\u012f paskelb\u0117, kad kit\u0105 m\u0117nes\u012f paliks biur\u0105.&hellip;\" \/>\n<meta property=\"og:url\" content=\"https:\/\/nordiccab.lt\/index.php\/2025\/12\/17\/ftb-direktoriaus-pavaduotojas-danas-bongino-sako-kad-jis-paliks-savo-posta-sausi\/\" \/>\n<meta property=\"og:site_name\" content=\"NORDICCAB.LT\" \/>\n<meta property=\"article:published_time\" content=\"2025-12-17T22:55:22+00:00\" \/>\n<meta property=\"og:image\" content=\"https:\/\/media-cldnry.s-nbcnews.com\/image\/upload\/t_fit_1500w\/rockcms\/2025-12\/251217-dan-bongino-vl-431p-94d4e3.jpg\" \/>\n<meta name=\"author\" content=\"admin\" \/>\n<meta name=\"twitter:card\" content=\"summary_large_image\" \/>\n<meta name=\"twitter:label1\" content=\"Written by\" \/>\n\t<meta name=\"twitter:data1\" content=\"admin\" \/>\n\t<meta name=\"twitter:label2\" content=\"Est. reading time\" \/>\n\t<meta name=\"twitter:data2\" content=\"3 minut\u0117s\" \/>\n<script type=\"application\/ld+json\" class=\"yoast-schema-graph\">{\"@context\":\"https:\\\/\\\/schema.org\",\"@graph\":[{\"@type\":\"Article\",\"@id\":\"https:\\\/\\\/nordiccab.lt\\\/index.php\\\/2025\\\/12\\\/17\\\/ftb-direktoriaus-pavaduotojas-danas-bongino-sako-kad-jis-paliks-savo-posta-sausi\\\/#article\",\"isPartOf\":{\"@id\":\"https:\\\/\\\/nordiccab.lt\\\/index.php\\\/2025\\\/12\\\/17\\\/ftb-direktoriaus-pavaduotojas-danas-bongino-sako-kad-jis-paliks-savo-posta-sausi\\\/\"},\"author\":{\"name\":\"admin\",\"@id\":\"https:\\\/\\\/nordiccab.lt\\\/#\\\/schema\\\/person\\\/1e06879215dcf15255113d53ae73289b\"},\"headline\":\"FTB direktoriaus pavaduotojas Danas Bongino sako, kad jis paliks savo post\u0105 saus\u012f\",\"datePublished\":\"2025-12-17T22:55:22+00:00\",\"mainEntityOfPage\":{\"@id\":\"https:\\\/\\\/nordiccab.lt\\\/index.php\\\/2025\\\/12\\\/17\\\/ftb-direktoriaus-pavaduotojas-danas-bongino-sako-kad-jis-paliks-savo-posta-sausi\\\/\"},\"wordCount\":544,\"commentCount\":0,\"image\":{\"@id\":\"https:\\\/\\\/nordiccab.lt\\\/index.php\\\/2025\\\/12\\\/17\\\/ftb-direktoriaus-pavaduotojas-danas-bongino-sako-kad-jis-paliks-savo-posta-sausi\\\/#primaryimage\"},\"thumbnailUrl\":\"https:\\\/\\\/nordiccab.lt\\\/wp-content\\\/uploads\\\/2025\\\/12\\\/FTB-direktoriaus-pavaduotojas-Danas-Bongino-sako-kad-jis-paliks-savo.jpg\",\"articleSection\":[\"PASAULIO NAUJIENOS\"],\"inLanguage\":\"lt-LT\",\"potentialAction\":[{\"@type\":\"CommentAction\",\"name\":\"Comment\",\"target\":[\"https:\\\/\\\/nordiccab.lt\\\/index.php\\\/2025\\\/12\\\/17\\\/ftb-direktoriaus-pavaduotojas-danas-bongino-sako-kad-jis-paliks-savo-posta-sausi\\\/#respond\"]}]},{\"@type\":\"WebPage\",\"@id\":\"https:\\\/\\\/nordiccab.lt\\\/index.php\\\/2025\\\/12\\\/17\\\/ftb-direktoriaus-pavaduotojas-danas-bongino-sako-kad-jis-paliks-savo-posta-sausi\\\/\",\"url\":\"https:\\\/\\\/nordiccab.lt\\\/index.php\\\/2025\\\/12\\\/17\\\/ftb-direktoriaus-pavaduotojas-danas-bongino-sako-kad-jis-paliks-savo-posta-sausi\\\/\",\"name\":\"FTB direktoriaus pavaduotojas Danas Bongino sako, kad jis paliks savo post\u0105 saus\u012f - NORDICCAB.LT\",\"isPartOf\":{\"@id\":\"https:\\\/\\\/nordiccab.lt\\\/#website\"},\"primaryImageOfPage\":{\"@id\":\"https:\\\/\\\/nordiccab.lt\\\/index.php\\\/2025\\\/12\\\/17\\\/ftb-direktoriaus-pavaduotojas-danas-bongino-sako-kad-jis-paliks-savo-posta-sausi\\\/#primaryimage\"},\"image\":{\"@id\":\"https:\\\/\\\/nordiccab.lt\\\/index.php\\\/2025\\\/12\\\/17\\\/ftb-direktoriaus-pavaduotojas-danas-bongino-sako-kad-jis-paliks-savo-posta-sausi\\\/#primaryimage\"},\"thumbnailUrl\":\"https:\\\/\\\/nordiccab.lt\\\/wp-content\\\/uploads\\\/2025\\\/12\\\/FTB-direktoriaus-pavaduotojas-Danas-Bongino-sako-kad-jis-paliks-savo.jpg\",\"datePublished\":\"2025-12-17T22:55:22+00:00\",\"author\":{\"@id\":\"https:\\\/\\\/nordiccab.lt\\\/#\\\/schema\\\/person\\\/1e06879215dcf15255113d53ae73289b\"},\"breadcrumb\":{\"@id\":\"https:\\\/\\\/nordiccab.lt\\\/index.php\\\/2025\\\/12\\\/17\\\/ftb-direktoriaus-pavaduotojas-danas-bongino-sako-kad-jis-paliks-savo-posta-sausi\\\/#breadcrumb\"},\"inLanguage\":\"lt-LT\",\"potentialAction\":[{\"@type\":\"ReadAction\",\"target\":[\"https:\\\/\\\/nordiccab.lt\\\/index.php\\\/2025\\\/12\\\/17\\\/ftb-direktoriaus-pavaduotojas-danas-bongino-sako-kad-jis-paliks-savo-posta-sausi\\\/\"]}]},{\"@type\":\"ImageObject\",\"inLanguage\":\"lt-LT\",\"@id\":\"https:\\\/\\\/nordiccab.lt\\\/index.php\\\/2025\\\/12\\\/17\\\/ftb-direktoriaus-pavaduotojas-danas-bongino-sako-kad-jis-paliks-savo-posta-sausi\\\/#primaryimage\",\"url\":\"https:\\\/\\\/nordiccab.lt\\\/wp-content\\\/uploads\\\/2025\\\/12\\\/FTB-direktoriaus-pavaduotojas-Danas-Bongino-sako-kad-jis-paliks-savo.jpg\",\"contentUrl\":\"https:\\\/\\\/nordiccab.lt\\\/wp-content\\\/uploads\\\/2025\\\/12\\\/FTB-direktoriaus-pavaduotojas-Danas-Bongino-sako-kad-jis-paliks-savo.jpg\",\"width\":1200,\"height\":630},{\"@type\":\"BreadcrumbList\",\"@id\":\"https:\\\/\\\/nordiccab.lt\\\/index.php\\\/2025\\\/12\\\/17\\\/ftb-direktoriaus-pavaduotojas-danas-bongino-sako-kad-jis-paliks-savo-posta-sausi\\\/#breadcrumb\",\"itemListElement\":[{\"@type\":\"ListItem\",\"position\":1,\"name\":\"Home\",\"item\":\"https:\\\/\\\/nordiccab.lt\\\/\"},{\"@type\":\"ListItem\",\"position\":2,\"name\":\"FTB direktoriaus pavaduotojas Danas Bongino sako, kad jis paliks savo post\u0105 saus\u012f\"}]},{\"@type\":\"WebSite\",\"@id\":\"https:\\\/\\\/nordiccab.lt\\\/#website\",\"url\":\"https:\\\/\\\/nordiccab.lt\\\/\",\"name\":\"NORDICCAB.LT\",\"description\":\"Pasaulio naujienos, technologijos, automobiliai\",\"potentialAction\":[{\"@type\":\"SearchAction\",\"target\":{\"@type\":\"EntryPoint\",\"urlTemplate\":\"https:\\\/\\\/nordiccab.lt\\\/?s={search_term_string}\"},\"query-input\":{\"@type\":\"PropertyValueSpecification\",\"valueRequired\":true,\"valueName\":\"search_term_string\"}}],\"inLanguage\":\"lt-LT\"},{\"@type\":\"Person\",\"@id\":\"https:\\\/\\\/nordiccab.lt\\\/#\\\/schema\\\/person\\\/1e06879215dcf15255113d53ae73289b\",\"name\":\"admin\",\"image\":{\"@type\":\"ImageObject\",\"inLanguage\":\"lt-LT\",\"@id\":\"https:\\\/\\\/secure.gravatar.com\\\/avatar\\\/f37349f777250847d2fca2ada474f5a6aadffa79d5284e8ad354a5c410a691ec?s=96&d=mm&r=g\",\"url\":\"https:\\\/\\\/secure.gravatar.com\\\/avatar\\\/f37349f777250847d2fca2ada474f5a6aadffa79d5284e8ad354a5c410a691ec?s=96&d=mm&r=g\",\"contentUrl\":\"https:\\\/\\\/secure.gravatar.com\\\/avatar\\\/f37349f777250847d2fca2ada474f5a6aadffa79d5284e8ad354a5c410a691ec?s=96&d=mm&r=g\",\"caption\":\"admin\"},\"sameAs\":[\"https:\\\/\\\/nordiccab.lt\"],\"url\":\"https:\\\/\\\/nordiccab.lt\\\/author\\\/admin\\\/\"}]}<\/script>\n<!-- \/ Yoast SEO plugin. -->","yoast_head_json":{"title":"FTB direktoriaus pavaduotojas Danas Bongino sako, kad jis paliks savo post\u0105 saus\u012f - NORDICCAB.LT","robots":{"index":"index","follow":"follow","max-snippet":"max-snippet:-1","max-image-preview":"max-image-preview:large","max-video-preview":"max-video-preview:-1"},"canonical":"https:\/\/nordiccab.lt\/index.php\/2025\/12\/17\/ftb-direktoriaus-pavaduotojas-danas-bongino-sako-kad-jis-paliks-savo-posta-sausi\/","og_locale":"lt_LT","og_type":"article","og_title":"FTB direktoriaus pavaduotojas Danas Bongino sako, kad jis paliks savo post\u0105 saus\u012f - NORDICCAB.LT","og_description":"Danas Bongino, buv\u0119s konservatorius podcasteris, tap\u0119s 2-uoju FTB pareig\u016bnu, vadovaujant D. Trumpo administracijai, tre\u010diadien\u012f paskelb\u0117, kad kit\u0105 m\u0117nes\u012f paliks biur\u0105.&hellip;","og_url":"https:\/\/nordiccab.lt\/index.php\/2025\/12\/17\/ftb-direktoriaus-pavaduotojas-danas-bongino-sako-kad-jis-paliks-savo-posta-sausi\/","og_site_name":"NORDICCAB.LT","article_published_time":"2025-12-17T22:55:22+00:00","og_image":[{"url":"https:\/\/media-cldnry.s-nbcnews.com\/image\/upload\/t_fit_1500w\/rockcms\/2025-12\/251217-dan-bongino-vl-431p-94d4e3.jpg","type":"","width":"","height":""}],"author":"admin","twitter_card":"summary_large_image","twitter_misc":{"Written by":"admin","Est. reading time":"3 minut\u0117s"},"schema":{"@context":"https:\/\/schema.org","@graph":[{"@type":"Article","@id":"https:\/\/nordiccab.lt\/index.php\/2025\/12\/17\/ftb-direktoriaus-pavaduotojas-danas-bongino-sako-kad-jis-paliks-savo-posta-sausi\/#article","isPartOf":{"@id":"https:\/\/nordiccab.lt\/index.php\/2025\/12\/17\/ftb-direktoriaus-pavaduotojas-danas-bongino-sako-kad-jis-paliks-savo-posta-sausi\/"},"author":{"name":"admin","@id":"https:\/\/nordiccab.lt\/#\/schema\/person\/1e06879215dcf15255113d53ae73289b"},"headline":"FTB direktoriaus pavaduotojas Danas Bongino sako, kad jis paliks savo post\u0105 saus\u012f","datePublished":"2025-12-17T22:55:22+00:00","mainEntityOfPage":{"@id":"https:\/\/nordiccab.lt\/index.php\/2025\/12\/17\/ftb-direktoriaus-pavaduotojas-danas-bongino-sako-kad-jis-paliks-savo-posta-sausi\/"},"wordCount":544,"commentCount":0,"image":{"@id":"https:\/\/nordiccab.lt\/index.php\/2025\/12\/17\/ftb-direktoriaus-pavaduotojas-danas-bongino-sako-kad-jis-paliks-savo-posta-sausi\/#primaryimage"},"thumbnailUrl":"https:\/\/nordiccab.lt\/wp-content\/uploads\/2025\/12\/FTB-direktoriaus-pavaduotojas-Danas-Bongino-sako-kad-jis-paliks-savo.jpg","articleSection":["PASAULIO NAUJIENOS"],"inLanguage":"lt-LT","potentialAction":[{"@type":"CommentAction","name":"Comment","target":["https:\/\/nordiccab.lt\/index.php\/2025\/12\/17\/ftb-direktoriaus-pavaduotojas-danas-bongino-sako-kad-jis-paliks-savo-posta-sausi\/#respond"]}]},{"@type":"WebPage","@id":"https:\/\/nordiccab.lt\/index.php\/2025\/12\/17\/ftb-direktoriaus-pavaduotojas-danas-bongino-sako-kad-jis-paliks-savo-posta-sausi\/","url":"https:\/\/nordiccab.lt\/index.php\/2025\/12\/17\/ftb-direktoriaus-pavaduotojas-danas-bongino-sako-kad-jis-paliks-savo-posta-sausi\/","name":"FTB direktoriaus pavaduotojas Danas Bongino sako, kad jis paliks savo post\u0105 saus\u012f - NORDICCAB.LT","isPartOf":{"@id":"https:\/\/nordiccab.lt\/#website"},"primaryImageOfPage":{"@id":"https:\/\/nordiccab.lt\/index.php\/2025\/12\/17\/ftb-direktoriaus-pavaduotojas-danas-bongino-sako-kad-jis-paliks-savo-posta-sausi\/#primaryimage"},"image":{"@id":"https:\/\/nordiccab.lt\/index.php\/2025\/12\/17\/ftb-direktoriaus-pavaduotojas-danas-bongino-sako-kad-jis-paliks-savo-posta-sausi\/#primaryimage"},"thumbnailUrl":"https:\/\/nordiccab.lt\/wp-content\/uploads\/2025\/12\/FTB-direktoriaus-pavaduotojas-Danas-Bongino-sako-kad-jis-paliks-savo.jpg","datePublished":"2025-12-17T22:55:22+00:00","author":{"@id":"https:\/\/nordiccab.lt\/#\/schema\/person\/1e06879215dcf15255113d53ae73289b"},"breadcrumb":{"@id":"https:\/\/nordiccab.lt\/index.php\/2025\/12\/17\/ftb-direktoriaus-pavaduotojas-danas-bongino-sako-kad-jis-paliks-savo-posta-sausi\/#breadcrumb"},"inLanguage":"lt-LT","potentialAction":[{"@type":"ReadAction","target":["https:\/\/nordiccab.lt\/index.php\/2025\/12\/17\/ftb-direktoriaus-pavaduotojas-danas-bongino-sako-kad-jis-paliks-savo-posta-sausi\/"]}]},{"@type":"ImageObject","inLanguage":"lt-LT","@id":"https:\/\/nordiccab.lt\/index.php\/2025\/12\/17\/ftb-direktoriaus-pavaduotojas-danas-bongino-sako-kad-jis-paliks-savo-posta-sausi\/#primaryimage","url":"https:\/\/nordiccab.lt\/wp-content\/uploads\/2025\/12\/FTB-direktoriaus-pavaduotojas-Danas-Bongino-sako-kad-jis-paliks-savo.jpg","contentUrl":"https:\/\/nordiccab.lt\/wp-content\/uploads\/2025\/12\/FTB-direktoriaus-pavaduotojas-Danas-Bongino-sako-kad-jis-paliks-savo.jpg","width":1200,"height":630},{"@type":"BreadcrumbList","@id":"https:\/\/nordiccab.lt\/index.php\/2025\/12\/17\/ftb-direktoriaus-pavaduotojas-danas-bongino-sako-kad-jis-paliks-savo-posta-sausi\/#breadcrumb","itemListElement":[{"@type":"ListItem","position":1,"name":"Home","item":"https:\/\/nordiccab.lt\/"},{"@type":"ListItem","position":2,"name":"FTB direktoriaus pavaduotojas Danas Bongino sako, kad jis paliks savo post\u0105 saus\u012f"}]},{"@type":"WebSite","@id":"https:\/\/nordiccab.lt\/#website","url":"https:\/\/nordiccab.lt\/","name":"NORDICCAB.LT","description":"Pasaulio naujienos, technologijos, automobiliai","potentialAction":[{"@type":"SearchAction","target":{"@type":"EntryPoint","urlTemplate":"https:\/\/nordiccab.lt\/?s={search_term_string}"},"query-input":{"@type":"PropertyValueSpecification","valueRequired":true,"valueName":"search_term_string"}}],"inLanguage":"lt-LT"},{"@type":"Person","@id":"https:\/\/nordiccab.lt\/#\/schema\/person\/1e06879215dcf15255113d53ae73289b","name":"admin","image":{"@type":"ImageObject","inLanguage":"lt-LT","@id":"https:\/\/secure.gravatar.com\/avatar\/f37349f777250847d2fca2ada474f5a6aadffa79d5284e8ad354a5c410a691ec?s=96&d=mm&r=g","url":"https:\/\/secure.gravatar.com\/avatar\/f37349f777250847d2fca2ada474f5a6aadffa79d5284e8ad354a5c410a691ec?s=96&d=mm&r=g","contentUrl":"https:\/\/secure.gravatar.com\/avatar\/f37349f777250847d2fca2ada474f5a6aadffa79d5284e8ad354a5c410a691ec?s=96&d=mm&r=g","caption":"admin"},"sameAs":["https:\/\/nordiccab.lt"],"url":"https:\/\/nordiccab.lt\/author\/admin\/"}]}},"_links":{"self":[{"href":"https:\/\/nordiccab.lt\/index.php\/wp-json\/wp\/v2\/posts\/1152","targetHints":{"allow":["GET"]}}],"collection":[{"href":"https:\/\/nordiccab.lt\/index.php\/wp-json\/wp\/v2\/posts"}],"about":[{"href":"https:\/\/nordiccab.lt\/index.php\/wp-json\/wp\/v2\/types\/post"}],"author":[{"embeddable":true,"href":"https:\/\/nordiccab.lt\/index.php\/wp-json\/wp\/v2\/users\/1"}],"replies":[{"embeddable":true,"href":"https:\/\/nordiccab.lt\/index.php\/wp-json\/wp\/v2\/comments?post=1152"}],"version-history":[{"count":0,"href":"https:\/\/nordiccab.lt\/index.php\/wp-json\/wp\/v2\/posts\/1152\/revisions"}],"wp:featuredmedia":[{"embeddable":true,"href":"https:\/\/nordiccab.lt\/index.php\/wp-json\/wp\/v2\/media\/1153"}],"wp:attachment":[{"href":"https:\/\/nordiccab.lt\/index.php\/wp-json\/wp\/v2\/media?parent=1152"}],"wp:term":[{"taxonomy":"category","embeddable":true,"href":"https:\/\/nordiccab.lt\/index.php\/wp-json\/wp\/v2\/categories?post=1152"},{"taxonomy":"post_tag","embeddable":true,"href":"https:\/\/nordiccab.lt\/index.php\/wp-json\/wp\/v2\/tags?post=1152"}],"curies":[{"name":"wp","href":"https:\/\/api.w.org\/{rel}","templated":true}]}}