{"id":107,"date":"2025-05-26T15:37:39","date_gmt":"2025-05-26T15:37:39","guid":{"rendered":"https:\/\/nordiccab.lt\/index.php\/2025\/05\/26\/baltijos-salys-planuojancios-pradeti-motyvuoti-nato-salis-hagos-virsuniu-susitikime\/"},"modified":"2025-05-26T15:37:39","modified_gmt":"2025-05-26T15:37:39","slug":"baltijos-salys-planuojancios-pradeti-motyvuoti-nato-salis-hagos-virsuniu-susitikime","status":"publish","type":"post","link":"https:\/\/nordiccab.lt\/index.php\/2025\/05\/26\/baltijos-salys-planuojancios-pradeti-motyvuoti-nato-salis-hagos-virsuniu-susitikime\/","title":{"rendered":"Baltijos \u0161alys, planuojan\u010dios prad\u0117ti motyvuoti NATO \u0161alis Hagos vir\u0161\u016bni\u0173 susitikime"},"content":{"rendered":"<p> <br \/>\n<\/p>\n<div>\n<p>TALINNAS &#8211; Estijos, Latvijos ir Lietuvos gynybos ministrai, penktadien\u012f susitik\u0119 \u201e\u00e4mari\u201c oro baz\u0117je, sutiko, kad trys \u0161alys prad\u0117s kreiptis d\u0117l Europos l\u0117\u0161\u0173, kad sustiprint\u0173 savo gynybos galimybes, ir kad j\u0173 gynybos poreikiai turi b\u016bti ai\u0161kiai pateikiami Hagos vir\u0161\u016bni\u0173 susitikime bir\u017eelio 24\u201325 d.<\/p>\n<p>Estijos gynybos ministras Hanno Pevkur teig\u0117, kad trys Baltijos \u0161alys turi pana\u0161\u0173 po\u017ei\u016br\u012f \u012f gynyb\u0105 ir bendras supratimas, kad Rusija yra nuolatin\u0117 gr\u0117sm\u0117, kuri nei\u0161nyks savaime. Baltijos \u0161alys eina \u012f NATO vir\u0161\u016bni\u0173 susitikim\u0105 su bendra \u017einia, kad tikslas turi b\u016bti 5 proc. Gynybos i\u0161laid\u0173 lygis kuo grei\u010diau pasiekti. Estija pasieks \u0161\u012f lyg\u012f jau kitais metais.<\/p>\n<p>Latvijos gynybos ministras Andrisas Spr\u016bdas taip pat pabr\u0117\u017e\u0117, kad trys \u0161alys turi pana\u0161\u0173 supratim\u0105 ir m\u0105stym\u0105 ir bendradarbiaudama gali pasiekti reali\u0173 rezultat\u0173. Latvija taip pat juda link 5 procent\u0173 gynybos i\u0161laid\u0173 tikslo.<\/p>\n<p>\u201eKalbant apie galimybes, mes einame \u012f priek\u012f su gana ai\u0161kia darbotvarke ir turime pana\u0161\u0173 supratim\u0105 apie po\u017ei\u016br\u012f &#8211; pradedant nuo oro gynybos ir amunicijos, pasibaigusio auk\u0161tosiomis technologijomis\u201c, &#8211; prid\u016br\u0117 SPRUDS.<\/p>\n<p>Jis pa\u017eym\u0117jo, kad Baltijos \u0161alys rodo bendradarbiavimo pavyzd\u012f, o NATO yra labai svarbi Latvijai.<\/p>\n<p>\u201eEuropa turi padidinti savo finansin\u012f ind\u0117l\u012f ir mes skatiname savo Europos partnerius tai padaryti\u201c, &#8211; prid\u016br\u0117 ministras.<\/p>\n<p>Lietuvos gynybos ministras Dvil\u0117 \u0160akalienas pabr\u0117\u017e\u0117, kad Baltijos \u0161alys tapo s\u0105jungininkais, suprantan\u010diais, kad gynybos i\u0161laidos yra kritin\u0117 problema be galimybi\u0173. Lietuvos gynybos biud\u017eetas \u0161iais metais jau sudaro 4 procentus BVP ir planuojama per ateinan\u010dius penkerius metus pasiekti nuo 5 iki 6 procent\u0173. Ji pa\u017eym\u0117jo, kad Lietuvos parlamentas aptaria mokes\u010di\u0173 reform\u0105, kuri per dvejus metus tur\u0117t\u0173 prid\u0117ti 900 milijon\u0173 eur\u0173 gynybos galimyb\u0117ms.<\/p>\n<p>\u201eMums svarbu, kad gynybos i\u0161laid\u0173 klausimas neb\u016bt\u0173 atmestas \u012f Hag\u0105 ir kad dalykai, kurie i\u0161 tikr\u0173j\u0173 n\u0117ra susij\u0119 su gynyba, n\u0117ra \u012ftraukti \u012f biud\u017eet\u0105 &#8211; tik norint parodyti gra\u017eius skai\u010dius\u201c, &#8211; prid\u016br\u0117 ji.<\/p>\n<p>Pevkur taip pat pabr\u0117\u017e\u0117 bendr\u0173 projekt\u0173, kuriuos trij\u0173 \u0161ali\u0173 \u012fgyvendina kartu, svarb\u0105 &#8211; tokias kaip Baltijos gynybos zonos ir Baltijos gynybos koled\u017eo \u012fsteigimas. Be to, pasak Pevkur, planuojama prad\u0117ti kartu kreiptis d\u0117l Europos fond\u0173 l\u0117\u0161\u0173.<\/p>\n<p>\u201eMes papra\u0161\u0117me savo gynybos vadov\u0173 greitai susitikti ir pateikti politin\u012f lygmen\u012f d\u0117l galimybi\u0173, kurias gal\u0117tume kartu \u012fsigyti padedami Europos l\u0117\u0161\u0173\u201c, &#8211; teig\u0117 Pevkur.<\/p>\n<p>Jis prid\u016br\u0117, kad taip pat t\u0119sis Baltijos gynybos zonos \u012fk\u016brimas, kuriam taip pat planuojama papra\u0161yti finansavimo i\u0161 Europos.<\/p>\n<p>Taip pat buvo aptartos \u201eShadow Fleet\u201c ir Baltijos j\u016br\u0173 infrastrukt\u016bros klausimai.<\/p>\n<p>\u201eMes \u017ei\u016brime \u012f tai, k\u0105 daugiau galime padaryti Europos lygiu, nes tai ne tik Baltijos valstybi\u0173 problema, bet ir r\u016bpestis visiems\u201c, &#8211; teig\u0117 Pevkur.<\/p>\n<\/div>\n<p><br \/>\n<br \/><a href=\"http:\/\/www.baltictimes.com\/baltic_states_planning_to_start_motivating_nato_countries_at_the_hague_summit\/\" target=\"_blank\" rel=\"noopener\">Source link <\/a><\/p>\n","protected":false},"excerpt":{"rendered":"<p>TALINNAS &#8211; Estijos, Latvijos ir Lietuvos gynybos ministrai, penktadien\u012f susitik\u0119 \u201e\u00e4mari\u201c oro baz\u0117je, sutiko, kad trys \u0161alys prad\u0117s kreiptis d\u0117l&hellip;<\/p>\n","protected":false},"author":1,"featured_media":0,"comment_status":"open","ping_status":"open","sticky":false,"template":"","format":"standard","meta":{"footnotes":""},"categories":[5],"tags":[],"class_list":["post-107","post","type-post","status-publish","format-standard","hentry","category-europos-naujienos"],"yoast_head":"<!-- This site is optimized with the Yoast SEO plugin v27.5 - https:\/\/yoast.com\/product\/yoast-seo-wordpress\/ -->\n<title>Baltijos \u0161alys, planuojan\u010dios prad\u0117ti motyvuoti NATO \u0161alis Hagos vir\u0161\u016bni\u0173 susitikime - NORDICCAB.LT<\/title>\n<meta name=\"robots\" content=\"index, follow, max-snippet:-1, max-image-preview:large, max-video-preview:-1\" \/>\n<link rel=\"canonical\" href=\"https:\/\/nordiccab.lt\/index.php\/2025\/05\/26\/baltijos-salys-planuojancios-pradeti-motyvuoti-nato-salis-hagos-virsuniu-susitikime\/\" \/>\n<meta property=\"og:locale\" content=\"lt_LT\" \/>\n<meta property=\"og:type\" content=\"article\" \/>\n<meta property=\"og:title\" content=\"Baltijos \u0161alys, planuojan\u010dios prad\u0117ti motyvuoti NATO \u0161alis Hagos vir\u0161\u016bni\u0173 susitikime - NORDICCAB.LT\" \/>\n<meta property=\"og:description\" content=\"TALINNAS &#8211; Estijos, Latvijos ir Lietuvos gynybos ministrai, penktadien\u012f susitik\u0119 \u201e\u00e4mari\u201c oro baz\u0117je, sutiko, kad trys \u0161alys prad\u0117s kreiptis d\u0117l&hellip;\" \/>\n<meta property=\"og:url\" content=\"https:\/\/nordiccab.lt\/index.php\/2025\/05\/26\/baltijos-salys-planuojancios-pradeti-motyvuoti-nato-salis-hagos-virsuniu-susitikime\/\" \/>\n<meta property=\"og:site_name\" content=\"NORDICCAB.LT\" \/>\n<meta property=\"article:published_time\" content=\"2025-05-26T15:37:39+00:00\" \/>\n<meta name=\"author\" content=\"admin\" \/>\n<meta name=\"twitter:card\" content=\"summary_large_image\" \/>\n<meta name=\"twitter:label1\" content=\"Written by\" \/>\n\t<meta name=\"twitter:data1\" content=\"admin\" \/>\n\t<meta name=\"twitter:label2\" content=\"Est. reading time\" \/>\n\t<meta name=\"twitter:data2\" content=\"2 minut\u0117s\" \/>\n<script type=\"application\/ld+json\" class=\"yoast-schema-graph\">{\"@context\":\"https:\\\/\\\/schema.org\",\"@graph\":[{\"@type\":\"Article\",\"@id\":\"https:\\\/\\\/nordiccab.lt\\\/index.php\\\/2025\\\/05\\\/26\\\/baltijos-salys-planuojancios-pradeti-motyvuoti-nato-salis-hagos-virsuniu-susitikime\\\/#article\",\"isPartOf\":{\"@id\":\"https:\\\/\\\/nordiccab.lt\\\/index.php\\\/2025\\\/05\\\/26\\\/baltijos-salys-planuojancios-pradeti-motyvuoti-nato-salis-hagos-virsuniu-susitikime\\\/\"},\"author\":{\"name\":\"admin\",\"@id\":\"https:\\\/\\\/nordiccab.lt\\\/#\\\/schema\\\/person\\\/1e06879215dcf15255113d53ae73289b\"},\"headline\":\"Baltijos \u0161alys, planuojan\u010dios prad\u0117ti motyvuoti NATO \u0161alis Hagos vir\u0161\u016bni\u0173 susitikime\",\"datePublished\":\"2025-05-26T15:37:39+00:00\",\"mainEntityOfPage\":{\"@id\":\"https:\\\/\\\/nordiccab.lt\\\/index.php\\\/2025\\\/05\\\/26\\\/baltijos-salys-planuojancios-pradeti-motyvuoti-nato-salis-hagos-virsuniu-susitikime\\\/\"},\"wordCount\":459,\"commentCount\":0,\"articleSection\":[\"EUROPOS NAUJIENOS\"],\"inLanguage\":\"lt-LT\",\"potentialAction\":[{\"@type\":\"CommentAction\",\"name\":\"Comment\",\"target\":[\"https:\\\/\\\/nordiccab.lt\\\/index.php\\\/2025\\\/05\\\/26\\\/baltijos-salys-planuojancios-pradeti-motyvuoti-nato-salis-hagos-virsuniu-susitikime\\\/#respond\"]}]},{\"@type\":\"WebPage\",\"@id\":\"https:\\\/\\\/nordiccab.lt\\\/index.php\\\/2025\\\/05\\\/26\\\/baltijos-salys-planuojancios-pradeti-motyvuoti-nato-salis-hagos-virsuniu-susitikime\\\/\",\"url\":\"https:\\\/\\\/nordiccab.lt\\\/index.php\\\/2025\\\/05\\\/26\\\/baltijos-salys-planuojancios-pradeti-motyvuoti-nato-salis-hagos-virsuniu-susitikime\\\/\",\"name\":\"Baltijos \u0161alys, planuojan\u010dios prad\u0117ti motyvuoti NATO \u0161alis Hagos vir\u0161\u016bni\u0173 susitikime - NORDICCAB.LT\",\"isPartOf\":{\"@id\":\"https:\\\/\\\/nordiccab.lt\\\/#website\"},\"datePublished\":\"2025-05-26T15:37:39+00:00\",\"author\":{\"@id\":\"https:\\\/\\\/nordiccab.lt\\\/#\\\/schema\\\/person\\\/1e06879215dcf15255113d53ae73289b\"},\"breadcrumb\":{\"@id\":\"https:\\\/\\\/nordiccab.lt\\\/index.php\\\/2025\\\/05\\\/26\\\/baltijos-salys-planuojancios-pradeti-motyvuoti-nato-salis-hagos-virsuniu-susitikime\\\/#breadcrumb\"},\"inLanguage\":\"lt-LT\",\"potentialAction\":[{\"@type\":\"ReadAction\",\"target\":[\"https:\\\/\\\/nordiccab.lt\\\/index.php\\\/2025\\\/05\\\/26\\\/baltijos-salys-planuojancios-pradeti-motyvuoti-nato-salis-hagos-virsuniu-susitikime\\\/\"]}]},{\"@type\":\"BreadcrumbList\",\"@id\":\"https:\\\/\\\/nordiccab.lt\\\/index.php\\\/2025\\\/05\\\/26\\\/baltijos-salys-planuojancios-pradeti-motyvuoti-nato-salis-hagos-virsuniu-susitikime\\\/#breadcrumb\",\"itemListElement\":[{\"@type\":\"ListItem\",\"position\":1,\"name\":\"Home\",\"item\":\"https:\\\/\\\/nordiccab.lt\\\/\"},{\"@type\":\"ListItem\",\"position\":2,\"name\":\"Baltijos \u0161alys, planuojan\u010dios prad\u0117ti motyvuoti NATO \u0161alis Hagos vir\u0161\u016bni\u0173 susitikime\"}]},{\"@type\":\"WebSite\",\"@id\":\"https:\\\/\\\/nordiccab.lt\\\/#website\",\"url\":\"https:\\\/\\\/nordiccab.lt\\\/\",\"name\":\"NORDICCAB.LT\",\"description\":\"Pasaulio naujienos, technologijos, automobiliai\",\"potentialAction\":[{\"@type\":\"SearchAction\",\"target\":{\"@type\":\"EntryPoint\",\"urlTemplate\":\"https:\\\/\\\/nordiccab.lt\\\/?s={search_term_string}\"},\"query-input\":{\"@type\":\"PropertyValueSpecification\",\"valueRequired\":true,\"valueName\":\"search_term_string\"}}],\"inLanguage\":\"lt-LT\"},{\"@type\":\"Person\",\"@id\":\"https:\\\/\\\/nordiccab.lt\\\/#\\\/schema\\\/person\\\/1e06879215dcf15255113d53ae73289b\",\"name\":\"admin\",\"image\":{\"@type\":\"ImageObject\",\"inLanguage\":\"lt-LT\",\"@id\":\"https:\\\/\\\/secure.gravatar.com\\\/avatar\\\/f37349f777250847d2fca2ada474f5a6aadffa79d5284e8ad354a5c410a691ec?s=96&d=mm&r=g\",\"url\":\"https:\\\/\\\/secure.gravatar.com\\\/avatar\\\/f37349f777250847d2fca2ada474f5a6aadffa79d5284e8ad354a5c410a691ec?s=96&d=mm&r=g\",\"contentUrl\":\"https:\\\/\\\/secure.gravatar.com\\\/avatar\\\/f37349f777250847d2fca2ada474f5a6aadffa79d5284e8ad354a5c410a691ec?s=96&d=mm&r=g\",\"caption\":\"admin\"},\"sameAs\":[\"https:\\\/\\\/nordiccab.lt\"],\"url\":\"https:\\\/\\\/nordiccab.lt\\\/author\\\/admin\\\/\"}]}<\/script>\n<!-- \/ Yoast SEO plugin. -->","yoast_head_json":{"title":"Baltijos \u0161alys, planuojan\u010dios prad\u0117ti motyvuoti NATO \u0161alis Hagos vir\u0161\u016bni\u0173 susitikime - NORDICCAB.LT","robots":{"index":"index","follow":"follow","max-snippet":"max-snippet:-1","max-image-preview":"max-image-preview:large","max-video-preview":"max-video-preview:-1"},"canonical":"https:\/\/nordiccab.lt\/index.php\/2025\/05\/26\/baltijos-salys-planuojancios-pradeti-motyvuoti-nato-salis-hagos-virsuniu-susitikime\/","og_locale":"lt_LT","og_type":"article","og_title":"Baltijos \u0161alys, planuojan\u010dios prad\u0117ti motyvuoti NATO \u0161alis Hagos vir\u0161\u016bni\u0173 susitikime - NORDICCAB.LT","og_description":"TALINNAS &#8211; Estijos, Latvijos ir Lietuvos gynybos ministrai, penktadien\u012f susitik\u0119 \u201e\u00e4mari\u201c oro baz\u0117je, sutiko, kad trys \u0161alys prad\u0117s kreiptis d\u0117l&hellip;","og_url":"https:\/\/nordiccab.lt\/index.php\/2025\/05\/26\/baltijos-salys-planuojancios-pradeti-motyvuoti-nato-salis-hagos-virsuniu-susitikime\/","og_site_name":"NORDICCAB.LT","article_published_time":"2025-05-26T15:37:39+00:00","author":"admin","twitter_card":"summary_large_image","twitter_misc":{"Written by":"admin","Est. reading time":"2 minut\u0117s"},"schema":{"@context":"https:\/\/schema.org","@graph":[{"@type":"Article","@id":"https:\/\/nordiccab.lt\/index.php\/2025\/05\/26\/baltijos-salys-planuojancios-pradeti-motyvuoti-nato-salis-hagos-virsuniu-susitikime\/#article","isPartOf":{"@id":"https:\/\/nordiccab.lt\/index.php\/2025\/05\/26\/baltijos-salys-planuojancios-pradeti-motyvuoti-nato-salis-hagos-virsuniu-susitikime\/"},"author":{"name":"admin","@id":"https:\/\/nordiccab.lt\/#\/schema\/person\/1e06879215dcf15255113d53ae73289b"},"headline":"Baltijos \u0161alys, planuojan\u010dios prad\u0117ti motyvuoti NATO \u0161alis Hagos vir\u0161\u016bni\u0173 susitikime","datePublished":"2025-05-26T15:37:39+00:00","mainEntityOfPage":{"@id":"https:\/\/nordiccab.lt\/index.php\/2025\/05\/26\/baltijos-salys-planuojancios-pradeti-motyvuoti-nato-salis-hagos-virsuniu-susitikime\/"},"wordCount":459,"commentCount":0,"articleSection":["EUROPOS NAUJIENOS"],"inLanguage":"lt-LT","potentialAction":[{"@type":"CommentAction","name":"Comment","target":["https:\/\/nordiccab.lt\/index.php\/2025\/05\/26\/baltijos-salys-planuojancios-pradeti-motyvuoti-nato-salis-hagos-virsuniu-susitikime\/#respond"]}]},{"@type":"WebPage","@id":"https:\/\/nordiccab.lt\/index.php\/2025\/05\/26\/baltijos-salys-planuojancios-pradeti-motyvuoti-nato-salis-hagos-virsuniu-susitikime\/","url":"https:\/\/nordiccab.lt\/index.php\/2025\/05\/26\/baltijos-salys-planuojancios-pradeti-motyvuoti-nato-salis-hagos-virsuniu-susitikime\/","name":"Baltijos \u0161alys, planuojan\u010dios prad\u0117ti motyvuoti NATO \u0161alis Hagos vir\u0161\u016bni\u0173 susitikime - NORDICCAB.LT","isPartOf":{"@id":"https:\/\/nordiccab.lt\/#website"},"datePublished":"2025-05-26T15:37:39+00:00","author":{"@id":"https:\/\/nordiccab.lt\/#\/schema\/person\/1e06879215dcf15255113d53ae73289b"},"breadcrumb":{"@id":"https:\/\/nordiccab.lt\/index.php\/2025\/05\/26\/baltijos-salys-planuojancios-pradeti-motyvuoti-nato-salis-hagos-virsuniu-susitikime\/#breadcrumb"},"inLanguage":"lt-LT","potentialAction":[{"@type":"ReadAction","target":["https:\/\/nordiccab.lt\/index.php\/2025\/05\/26\/baltijos-salys-planuojancios-pradeti-motyvuoti-nato-salis-hagos-virsuniu-susitikime\/"]}]},{"@type":"BreadcrumbList","@id":"https:\/\/nordiccab.lt\/index.php\/2025\/05\/26\/baltijos-salys-planuojancios-pradeti-motyvuoti-nato-salis-hagos-virsuniu-susitikime\/#breadcrumb","itemListElement":[{"@type":"ListItem","position":1,"name":"Home","item":"https:\/\/nordiccab.lt\/"},{"@type":"ListItem","position":2,"name":"Baltijos \u0161alys, planuojan\u010dios prad\u0117ti motyvuoti NATO \u0161alis Hagos vir\u0161\u016bni\u0173 susitikime"}]},{"@type":"WebSite","@id":"https:\/\/nordiccab.lt\/#website","url":"https:\/\/nordiccab.lt\/","name":"NORDICCAB.LT","description":"Pasaulio naujienos, technologijos, automobiliai","potentialAction":[{"@type":"SearchAction","target":{"@type":"EntryPoint","urlTemplate":"https:\/\/nordiccab.lt\/?s={search_term_string}"},"query-input":{"@type":"PropertyValueSpecification","valueRequired":true,"valueName":"search_term_string"}}],"inLanguage":"lt-LT"},{"@type":"Person","@id":"https:\/\/nordiccab.lt\/#\/schema\/person\/1e06879215dcf15255113d53ae73289b","name":"admin","image":{"@type":"ImageObject","inLanguage":"lt-LT","@id":"https:\/\/secure.gravatar.com\/avatar\/f37349f777250847d2fca2ada474f5a6aadffa79d5284e8ad354a5c410a691ec?s=96&d=mm&r=g","url":"https:\/\/secure.gravatar.com\/avatar\/f37349f777250847d2fca2ada474f5a6aadffa79d5284e8ad354a5c410a691ec?s=96&d=mm&r=g","contentUrl":"https:\/\/secure.gravatar.com\/avatar\/f37349f777250847d2fca2ada474f5a6aadffa79d5284e8ad354a5c410a691ec?s=96&d=mm&r=g","caption":"admin"},"sameAs":["https:\/\/nordiccab.lt"],"url":"https:\/\/nordiccab.lt\/author\/admin\/"}]}},"_links":{"self":[{"href":"https:\/\/nordiccab.lt\/index.php\/wp-json\/wp\/v2\/posts\/107","targetHints":{"allow":["GET"]}}],"collection":[{"href":"https:\/\/nordiccab.lt\/index.php\/wp-json\/wp\/v2\/posts"}],"about":[{"href":"https:\/\/nordiccab.lt\/index.php\/wp-json\/wp\/v2\/types\/post"}],"author":[{"embeddable":true,"href":"https:\/\/nordiccab.lt\/index.php\/wp-json\/wp\/v2\/users\/1"}],"replies":[{"embeddable":true,"href":"https:\/\/nordiccab.lt\/index.php\/wp-json\/wp\/v2\/comments?post=107"}],"version-history":[{"count":0,"href":"https:\/\/nordiccab.lt\/index.php\/wp-json\/wp\/v2\/posts\/107\/revisions"}],"wp:attachment":[{"href":"https:\/\/nordiccab.lt\/index.php\/wp-json\/wp\/v2\/media?parent=107"}],"wp:term":[{"taxonomy":"category","embeddable":true,"href":"https:\/\/nordiccab.lt\/index.php\/wp-json\/wp\/v2\/categories?post=107"},{"taxonomy":"post_tag","embeddable":true,"href":"https:\/\/nordiccab.lt\/index.php\/wp-json\/wp\/v2\/tags?post=107"}],"curies":[{"name":"wp","href":"https:\/\/api.w.org\/{rel}","templated":true}]}}