{"id":1055,"date":"2025-11-25T21:45:55","date_gmt":"2025-11-25T21:45:55","guid":{"rendered":"https:\/\/nordiccab.lt\/index.php\/2025\/11\/25\/manheteno-da-dar-karta-bandys-su-pedro-hernandezu-uz-etano-patzo-pagrobima-ir-nuzudyma-1979-m\/"},"modified":"2025-11-25T21:45:55","modified_gmt":"2025-11-25T21:45:55","slug":"manheteno-da-dar-karta-bandys-su-pedro-hernandezu-uz-etano-patzo-pagrobima-ir-nuzudyma-1979-m","status":"publish","type":"post","link":"https:\/\/nordiccab.lt\/index.php\/2025\/11\/25\/manheteno-da-dar-karta-bandys-su-pedro-hernandezu-uz-etano-patzo-pagrobima-ir-nuzudyma-1979-m\/","title":{"rendered":"Manheteno DA dar kart\u0105 bandys su Pedro Hernandezu u\u017e Etano Patzo pagrobim\u0105 ir nu\u017eudym\u0105 1979 m."},"content":{"rendered":"<p><\/p>\n<div xmlns:default=\"http:\/\/www.w3.org\/2000\/svg\">\n<p id=\"anchor-03a4f5\" class=\"body-graf\">Manheteno apygardos prokurat\u016bra antradien\u012f paskelb\u0117, kad dar kart\u0105 bandys teisti vyr\u0105, kuris anks\u010diau buvo nuteistas u\u017e 6 met\u0173 Etano Patzo nu\u017eudym\u0105 1979 m.<\/p>\n<p id=\"anchor-5b7d82\" class=\"body-graf\">64 met\u0173 Pedro Hernandezas 2017 metais buvo nuteistas u\u017e Etano pagrobim\u0105 ir nu\u017eudym\u0105 \u2013 nusikaltim\u0105, kuris sukr\u0117t\u0117 t\u0117v\u0173 \u0161irdis Niujorke ir visoje \u0161alyje ir de\u0161imtme\u010dius trukd\u0117 policijai.<\/p>\n<p id=\"anchor-0a3a96\" class=\"body-graf\">Hernandezas buvo nuteistas kal\u0117ti 25 metus iki gyvos galvos po to, kai prisipa\u017eino \u012fvilioj\u0119s vaik\u0105 \u012f Bodegos r\u016bs\u012f miesto SoHo rajone.<\/p>\n<section class=\"inline-video inline-video--in-body\" data-testid=\"inline-video\" id=\"anchor-d08c9a\">\n<div class=\"inline-video__background\">\n<div class=\"inline-video__player\">\n<div class=\"styles_gridStackWrapper__Z_AMc styles_videoContainer___xc7B video-container paused\" data-testid=\"gamma-video-player\">\n<div class=\"styles_gridStackWrapper__Z_AMc videoSlate styles_videoSlate__IvkAP\"><picture class=\"\" data-testid=\"picture\" data-flavor=\"focal\"><source media=\"(min-width: 1240px)\" srcset=\"https:\/\/media-cldnry.s-nbcnews.com\/image\/upload\/t_focal-860x484,f_auto,q_auto:best\/mpx\/2704722219\/2025_07\/1753138375336_nn_sgo_eitan_patz_case_update_250721_1920x1080-np3tzu.jpg\"\/><source media=\"(min-width: 758px)\" srcset=\"https:\/\/media-cldnry.s-nbcnews.com\/image\/upload\/t_focal-1000x563,f_auto,q_auto:best\/mpx\/2704722219\/2025_07\/1753138375336_nn_sgo_eitan_patz_case_update_250721_1920x1080-np3tzu.jpg\"\/><source media=\"(min-width: 320px)\" srcset=\"https:\/\/media-cldnry.s-nbcnews.com\/image\/upload\/t_focal-760x428,f_auto,q_auto:best\/mpx\/2704722219\/2025_07\/1753138375336_nn_sgo_eitan_patz_case_update_250721_1920x1080-np3tzu.jpg\"\/><\/picture><\/div>\n<\/div>\n<\/div>\n<\/div>\n<\/section>\n<p id=\"anchor-cef69e\" class=\"body-graf\">Ta\u010diau liep\u0105 Niujorko federalinis apeliacinis teismas panaikino \u0161\u012f apkaltinam\u0105j\u012f nuosprend\u012f ir nusprend\u0117, kad Hernandez turi gauti nauj\u0105 teism\u0105 arba b\u016bti paleistas i\u0161 su\u0117mimo. <\/p>\n<p id=\"anchor-b2b7dc\" class=\"body-graf\">Toks sprendimas buvo priimtas d\u0117l klaidingo Niujorko valstijos teis\u0117jo nurodymo, pirmininkaujan\u010dio jo bylai, atsakant \u012f prisiekusi\u0173j\u0173 pastab\u0105 d\u0117l \u012ftariamojo tariam\u0173 prisipa\u017einim\u0173.<\/p>\n<\/div>\n<div>\n<div class=\"articleDevelopingTag\" data-testid=\"article-developing-tag\">\n<p>Tai yra a<span class=\"articleDevelopingTag__content--red\"> besivystantis <\/span>istorija. Patikrinkite, ar n\u0117ra atnaujinim\u0173.<\/p>\n<\/div>\n<div class=\"expanded-byline-contributors articleBylineContainer\">\n<div class=\"expanded-byline article-expanded-byline\" data-activity-map=\"expanded-byline-article-bottom\">\n<div class=\"byline-thumbnail byline-thumbnail--has-image expanded-byline__thumbnail\" data-testid=\"byline-thumbnail\"><picture data-testid=\"picture\" data-flavor=\"focal\" data-original-height=\"48\" data-original-width=\"48\"><source media=\"(min-width: 320px)\" srcset=\"https:\/\/media-cldnry.s-nbcnews.com\/image\/upload\/t_focal-60x60,f_avif,q_auto:eco,dpr_2\/newscms\/2019_28\/2929116\/190613-corky_siemaszko-byline1016.jpg 2x, https:\/\/media-cldnry.s-nbcnews.com\/image\/upload\/t_focal-60x60,f_auto,q_auto:best\/newscms\/2019_28\/2929116\/190613-corky_siemaszko-byline1016.jpg 1x\"\/><img decoding=\"async\" loading=\"lazy\" src=\"https:\/\/media-cldnry.s-nbcnews.com\/image\/upload\/t_focal-60x60,f_auto,q_auto:best\/newscms\/2019_28\/2929116\/190613-corky_siemaszko-byline1016.jpg\" alt=\"\" height=\"48\" width=\"48\"\/><\/picture><\/div>\n<div class=\"expanded-byline__bio-wrapper expanded-byline__bio \">\n<p class=\"byline-bio expanded-byline__bio \">Corky Siemaszko yra \u201eNBC News Digital\u201c vyresnysis reporteris.<\/p>\n<\/div>\n<\/div>\n<\/div>\n<\/div>\n<p><a href=\"https:\/\/www.nbcnews.com\/news\/us-news\/manhattan-da-retry-pedro-hernandez-kidnapping-killing-etan-patz-1979-rcna245947\" target=\"_blank\" rel=\"noopener\"> Nuoroda \u012f informacijos \u0161altin\u012f <\/a><\/p>\n","protected":false},"excerpt":{"rendered":"<p>Manheteno apygardos prokurat\u016bra antradien\u012f paskelb\u0117, kad dar kart\u0105 bandys teisti vyr\u0105, kuris anks\u010diau buvo nuteistas u\u017e 6 met\u0173 Etano Patzo&hellip;<\/p>\n","protected":false},"author":1,"featured_media":1056,"comment_status":"open","ping_status":"open","sticky":false,"template":"","format":"standard","meta":{"footnotes":""},"categories":[4],"tags":[],"class_list":["post-1055","post","type-post","status-publish","format-standard","has-post-thumbnail","hentry","category-pasaulio-naujienos"],"yoast_head":"<!-- This site is optimized with the Yoast SEO plugin v27.5 - https:\/\/yoast.com\/product\/yoast-seo-wordpress\/ -->\n<title>Manheteno DA dar kart\u0105 bandys su Pedro Hernandezu u\u017e Etano Patzo pagrobim\u0105 ir nu\u017eudym\u0105 1979 m. - NORDICCAB.LT<\/title>\n<meta name=\"robots\" content=\"index, follow, max-snippet:-1, max-image-preview:large, max-video-preview:-1\" \/>\n<link rel=\"canonical\" href=\"https:\/\/nordiccab.lt\/index.php\/2025\/11\/25\/manheteno-da-dar-karta-bandys-su-pedro-hernandezu-uz-etano-patzo-pagrobima-ir-nuzudyma-1979-m\/\" \/>\n<meta property=\"og:locale\" content=\"lt_LT\" \/>\n<meta property=\"og:type\" content=\"article\" \/>\n<meta property=\"og:title\" content=\"Manheteno DA dar kart\u0105 bandys su Pedro Hernandezu u\u017e Etano Patzo pagrobim\u0105 ir nu\u017eudym\u0105 1979 m. - NORDICCAB.LT\" \/>\n<meta property=\"og:description\" content=\"Manheteno apygardos prokurat\u016bra antradien\u012f paskelb\u0117, kad dar kart\u0105 bandys teisti vyr\u0105, kuris anks\u010diau buvo nuteistas u\u017e 6 met\u0173 Etano Patzo&hellip;\" \/>\n<meta property=\"og:url\" content=\"https:\/\/nordiccab.lt\/index.php\/2025\/11\/25\/manheteno-da-dar-karta-bandys-su-pedro-hernandezu-uz-etano-patzo-pagrobima-ir-nuzudyma-1979-m\/\" \/>\n<meta property=\"og:site_name\" content=\"NORDICCAB.LT\" \/>\n<meta property=\"article:published_time\" content=\"2025-11-25T21:45:55+00:00\" \/>\n<meta property=\"og:image\" content=\"https:\/\/media-cldnry.s-nbcnews.com\/image\/upload\/t_focal-760x428,f_auto,q_auto:best\/mpx\/2704722219\/2025_07\/1753138375336_nn_sgo_eitan_patz_case_update_250721_1920x1080-np3tzu.jpg\" \/>\n<meta name=\"author\" content=\"admin\" \/>\n<meta name=\"twitter:card\" content=\"summary_large_image\" \/>\n<meta name=\"twitter:label1\" content=\"Written by\" \/>\n\t<meta name=\"twitter:data1\" content=\"admin\" \/>\n\t<meta name=\"twitter:label2\" content=\"Est. reading time\" \/>\n\t<meta name=\"twitter:data2\" content=\"1 minut\u0117\" \/>\n<script type=\"application\/ld+json\" class=\"yoast-schema-graph\">{\"@context\":\"https:\\\/\\\/schema.org\",\"@graph\":[{\"@type\":\"Article\",\"@id\":\"https:\\\/\\\/nordiccab.lt\\\/index.php\\\/2025\\\/11\\\/25\\\/manheteno-da-dar-karta-bandys-su-pedro-hernandezu-uz-etano-patzo-pagrobima-ir-nuzudyma-1979-m\\\/#article\",\"isPartOf\":{\"@id\":\"https:\\\/\\\/nordiccab.lt\\\/index.php\\\/2025\\\/11\\\/25\\\/manheteno-da-dar-karta-bandys-su-pedro-hernandezu-uz-etano-patzo-pagrobima-ir-nuzudyma-1979-m\\\/\"},\"author\":{\"name\":\"admin\",\"@id\":\"https:\\\/\\\/nordiccab.lt\\\/#\\\/schema\\\/person\\\/1e06879215dcf15255113d53ae73289b\"},\"headline\":\"Manheteno DA dar kart\u0105 bandys su Pedro Hernandezu u\u017e Etano Patzo pagrobim\u0105 ir nu\u017eudym\u0105 1979 m.\",\"datePublished\":\"2025-11-25T21:45:55+00:00\",\"mainEntityOfPage\":{\"@id\":\"https:\\\/\\\/nordiccab.lt\\\/index.php\\\/2025\\\/11\\\/25\\\/manheteno-da-dar-karta-bandys-su-pedro-hernandezu-uz-etano-patzo-pagrobima-ir-nuzudyma-1979-m\\\/\"},\"wordCount\":165,\"commentCount\":0,\"image\":{\"@id\":\"https:\\\/\\\/nordiccab.lt\\\/index.php\\\/2025\\\/11\\\/25\\\/manheteno-da-dar-karta-bandys-su-pedro-hernandezu-uz-etano-patzo-pagrobima-ir-nuzudyma-1979-m\\\/#primaryimage\"},\"thumbnailUrl\":\"https:\\\/\\\/nordiccab.lt\\\/wp-content\\\/uploads\\\/2025\\\/11\\\/Manheteno-DA-dar-karta-bandys-su-Pedro-Hernandezu-uz-Etano.jpg\",\"articleSection\":[\"PASAULIO NAUJIENOS\"],\"inLanguage\":\"lt-LT\",\"potentialAction\":[{\"@type\":\"CommentAction\",\"name\":\"Comment\",\"target\":[\"https:\\\/\\\/nordiccab.lt\\\/index.php\\\/2025\\\/11\\\/25\\\/manheteno-da-dar-karta-bandys-su-pedro-hernandezu-uz-etano-patzo-pagrobima-ir-nuzudyma-1979-m\\\/#respond\"]}]},{\"@type\":\"WebPage\",\"@id\":\"https:\\\/\\\/nordiccab.lt\\\/index.php\\\/2025\\\/11\\\/25\\\/manheteno-da-dar-karta-bandys-su-pedro-hernandezu-uz-etano-patzo-pagrobima-ir-nuzudyma-1979-m\\\/\",\"url\":\"https:\\\/\\\/nordiccab.lt\\\/index.php\\\/2025\\\/11\\\/25\\\/manheteno-da-dar-karta-bandys-su-pedro-hernandezu-uz-etano-patzo-pagrobima-ir-nuzudyma-1979-m\\\/\",\"name\":\"Manheteno DA dar kart\u0105 bandys su Pedro Hernandezu u\u017e Etano Patzo pagrobim\u0105 ir nu\u017eudym\u0105 1979 m. - NORDICCAB.LT\",\"isPartOf\":{\"@id\":\"https:\\\/\\\/nordiccab.lt\\\/#website\"},\"primaryImageOfPage\":{\"@id\":\"https:\\\/\\\/nordiccab.lt\\\/index.php\\\/2025\\\/11\\\/25\\\/manheteno-da-dar-karta-bandys-su-pedro-hernandezu-uz-etano-patzo-pagrobima-ir-nuzudyma-1979-m\\\/#primaryimage\"},\"image\":{\"@id\":\"https:\\\/\\\/nordiccab.lt\\\/index.php\\\/2025\\\/11\\\/25\\\/manheteno-da-dar-karta-bandys-su-pedro-hernandezu-uz-etano-patzo-pagrobima-ir-nuzudyma-1979-m\\\/#primaryimage\"},\"thumbnailUrl\":\"https:\\\/\\\/nordiccab.lt\\\/wp-content\\\/uploads\\\/2025\\\/11\\\/Manheteno-DA-dar-karta-bandys-su-Pedro-Hernandezu-uz-Etano.jpg\",\"datePublished\":\"2025-11-25T21:45:55+00:00\",\"author\":{\"@id\":\"https:\\\/\\\/nordiccab.lt\\\/#\\\/schema\\\/person\\\/1e06879215dcf15255113d53ae73289b\"},\"breadcrumb\":{\"@id\":\"https:\\\/\\\/nordiccab.lt\\\/index.php\\\/2025\\\/11\\\/25\\\/manheteno-da-dar-karta-bandys-su-pedro-hernandezu-uz-etano-patzo-pagrobima-ir-nuzudyma-1979-m\\\/#breadcrumb\"},\"inLanguage\":\"lt-LT\",\"potentialAction\":[{\"@type\":\"ReadAction\",\"target\":[\"https:\\\/\\\/nordiccab.lt\\\/index.php\\\/2025\\\/11\\\/25\\\/manheteno-da-dar-karta-bandys-su-pedro-hernandezu-uz-etano-patzo-pagrobima-ir-nuzudyma-1979-m\\\/\"]}]},{\"@type\":\"ImageObject\",\"inLanguage\":\"lt-LT\",\"@id\":\"https:\\\/\\\/nordiccab.lt\\\/index.php\\\/2025\\\/11\\\/25\\\/manheteno-da-dar-karta-bandys-su-pedro-hernandezu-uz-etano-patzo-pagrobima-ir-nuzudyma-1979-m\\\/#primaryimage\",\"url\":\"https:\\\/\\\/nordiccab.lt\\\/wp-content\\\/uploads\\\/2025\\\/11\\\/Manheteno-DA-dar-karta-bandys-su-Pedro-Hernandezu-uz-Etano.jpg\",\"contentUrl\":\"https:\\\/\\\/nordiccab.lt\\\/wp-content\\\/uploads\\\/2025\\\/11\\\/Manheteno-DA-dar-karta-bandys-su-Pedro-Hernandezu-uz-Etano.jpg\",\"width\":1200,\"height\":630},{\"@type\":\"BreadcrumbList\",\"@id\":\"https:\\\/\\\/nordiccab.lt\\\/index.php\\\/2025\\\/11\\\/25\\\/manheteno-da-dar-karta-bandys-su-pedro-hernandezu-uz-etano-patzo-pagrobima-ir-nuzudyma-1979-m\\\/#breadcrumb\",\"itemListElement\":[{\"@type\":\"ListItem\",\"position\":1,\"name\":\"Home\",\"item\":\"https:\\\/\\\/nordiccab.lt\\\/\"},{\"@type\":\"ListItem\",\"position\":2,\"name\":\"Manheteno DA dar kart\u0105 bandys su Pedro Hernandezu u\u017e Etano Patzo pagrobim\u0105 ir nu\u017eudym\u0105 1979 m.\"}]},{\"@type\":\"WebSite\",\"@id\":\"https:\\\/\\\/nordiccab.lt\\\/#website\",\"url\":\"https:\\\/\\\/nordiccab.lt\\\/\",\"name\":\"NORDICCAB.LT\",\"description\":\"Pasaulio naujienos, technologijos, automobiliai\",\"potentialAction\":[{\"@type\":\"SearchAction\",\"target\":{\"@type\":\"EntryPoint\",\"urlTemplate\":\"https:\\\/\\\/nordiccab.lt\\\/?s={search_term_string}\"},\"query-input\":{\"@type\":\"PropertyValueSpecification\",\"valueRequired\":true,\"valueName\":\"search_term_string\"}}],\"inLanguage\":\"lt-LT\"},{\"@type\":\"Person\",\"@id\":\"https:\\\/\\\/nordiccab.lt\\\/#\\\/schema\\\/person\\\/1e06879215dcf15255113d53ae73289b\",\"name\":\"admin\",\"image\":{\"@type\":\"ImageObject\",\"inLanguage\":\"lt-LT\",\"@id\":\"https:\\\/\\\/secure.gravatar.com\\\/avatar\\\/f37349f777250847d2fca2ada474f5a6aadffa79d5284e8ad354a5c410a691ec?s=96&d=mm&r=g\",\"url\":\"https:\\\/\\\/secure.gravatar.com\\\/avatar\\\/f37349f777250847d2fca2ada474f5a6aadffa79d5284e8ad354a5c410a691ec?s=96&d=mm&r=g\",\"contentUrl\":\"https:\\\/\\\/secure.gravatar.com\\\/avatar\\\/f37349f777250847d2fca2ada474f5a6aadffa79d5284e8ad354a5c410a691ec?s=96&d=mm&r=g\",\"caption\":\"admin\"},\"sameAs\":[\"https:\\\/\\\/nordiccab.lt\"],\"url\":\"https:\\\/\\\/nordiccab.lt\\\/author\\\/admin\\\/\"}]}<\/script>\n<!-- \/ Yoast SEO plugin. -->","yoast_head_json":{"title":"Manheteno DA dar kart\u0105 bandys su Pedro Hernandezu u\u017e Etano Patzo pagrobim\u0105 ir nu\u017eudym\u0105 1979 m. - NORDICCAB.LT","robots":{"index":"index","follow":"follow","max-snippet":"max-snippet:-1","max-image-preview":"max-image-preview:large","max-video-preview":"max-video-preview:-1"},"canonical":"https:\/\/nordiccab.lt\/index.php\/2025\/11\/25\/manheteno-da-dar-karta-bandys-su-pedro-hernandezu-uz-etano-patzo-pagrobima-ir-nuzudyma-1979-m\/","og_locale":"lt_LT","og_type":"article","og_title":"Manheteno DA dar kart\u0105 bandys su Pedro Hernandezu u\u017e Etano Patzo pagrobim\u0105 ir nu\u017eudym\u0105 1979 m. - NORDICCAB.LT","og_description":"Manheteno apygardos prokurat\u016bra antradien\u012f paskelb\u0117, kad dar kart\u0105 bandys teisti vyr\u0105, kuris anks\u010diau buvo nuteistas u\u017e 6 met\u0173 Etano Patzo&hellip;","og_url":"https:\/\/nordiccab.lt\/index.php\/2025\/11\/25\/manheteno-da-dar-karta-bandys-su-pedro-hernandezu-uz-etano-patzo-pagrobima-ir-nuzudyma-1979-m\/","og_site_name":"NORDICCAB.LT","article_published_time":"2025-11-25T21:45:55+00:00","og_image":[{"url":"https:\/\/media-cldnry.s-nbcnews.com\/image\/upload\/t_focal-760x428,f_auto,q_auto:best\/mpx\/2704722219\/2025_07\/1753138375336_nn_sgo_eitan_patz_case_update_250721_1920x1080-np3tzu.jpg","type":"","width":"","height":""}],"author":"admin","twitter_card":"summary_large_image","twitter_misc":{"Written by":"admin","Est. reading time":"1 minut\u0117"},"schema":{"@context":"https:\/\/schema.org","@graph":[{"@type":"Article","@id":"https:\/\/nordiccab.lt\/index.php\/2025\/11\/25\/manheteno-da-dar-karta-bandys-su-pedro-hernandezu-uz-etano-patzo-pagrobima-ir-nuzudyma-1979-m\/#article","isPartOf":{"@id":"https:\/\/nordiccab.lt\/index.php\/2025\/11\/25\/manheteno-da-dar-karta-bandys-su-pedro-hernandezu-uz-etano-patzo-pagrobima-ir-nuzudyma-1979-m\/"},"author":{"name":"admin","@id":"https:\/\/nordiccab.lt\/#\/schema\/person\/1e06879215dcf15255113d53ae73289b"},"headline":"Manheteno DA dar kart\u0105 bandys su Pedro Hernandezu u\u017e Etano Patzo pagrobim\u0105 ir nu\u017eudym\u0105 1979 m.","datePublished":"2025-11-25T21:45:55+00:00","mainEntityOfPage":{"@id":"https:\/\/nordiccab.lt\/index.php\/2025\/11\/25\/manheteno-da-dar-karta-bandys-su-pedro-hernandezu-uz-etano-patzo-pagrobima-ir-nuzudyma-1979-m\/"},"wordCount":165,"commentCount":0,"image":{"@id":"https:\/\/nordiccab.lt\/index.php\/2025\/11\/25\/manheteno-da-dar-karta-bandys-su-pedro-hernandezu-uz-etano-patzo-pagrobima-ir-nuzudyma-1979-m\/#primaryimage"},"thumbnailUrl":"https:\/\/nordiccab.lt\/wp-content\/uploads\/2025\/11\/Manheteno-DA-dar-karta-bandys-su-Pedro-Hernandezu-uz-Etano.jpg","articleSection":["PASAULIO NAUJIENOS"],"inLanguage":"lt-LT","potentialAction":[{"@type":"CommentAction","name":"Comment","target":["https:\/\/nordiccab.lt\/index.php\/2025\/11\/25\/manheteno-da-dar-karta-bandys-su-pedro-hernandezu-uz-etano-patzo-pagrobima-ir-nuzudyma-1979-m\/#respond"]}]},{"@type":"WebPage","@id":"https:\/\/nordiccab.lt\/index.php\/2025\/11\/25\/manheteno-da-dar-karta-bandys-su-pedro-hernandezu-uz-etano-patzo-pagrobima-ir-nuzudyma-1979-m\/","url":"https:\/\/nordiccab.lt\/index.php\/2025\/11\/25\/manheteno-da-dar-karta-bandys-su-pedro-hernandezu-uz-etano-patzo-pagrobima-ir-nuzudyma-1979-m\/","name":"Manheteno DA dar kart\u0105 bandys su Pedro Hernandezu u\u017e Etano Patzo pagrobim\u0105 ir nu\u017eudym\u0105 1979 m. - NORDICCAB.LT","isPartOf":{"@id":"https:\/\/nordiccab.lt\/#website"},"primaryImageOfPage":{"@id":"https:\/\/nordiccab.lt\/index.php\/2025\/11\/25\/manheteno-da-dar-karta-bandys-su-pedro-hernandezu-uz-etano-patzo-pagrobima-ir-nuzudyma-1979-m\/#primaryimage"},"image":{"@id":"https:\/\/nordiccab.lt\/index.php\/2025\/11\/25\/manheteno-da-dar-karta-bandys-su-pedro-hernandezu-uz-etano-patzo-pagrobima-ir-nuzudyma-1979-m\/#primaryimage"},"thumbnailUrl":"https:\/\/nordiccab.lt\/wp-content\/uploads\/2025\/11\/Manheteno-DA-dar-karta-bandys-su-Pedro-Hernandezu-uz-Etano.jpg","datePublished":"2025-11-25T21:45:55+00:00","author":{"@id":"https:\/\/nordiccab.lt\/#\/schema\/person\/1e06879215dcf15255113d53ae73289b"},"breadcrumb":{"@id":"https:\/\/nordiccab.lt\/index.php\/2025\/11\/25\/manheteno-da-dar-karta-bandys-su-pedro-hernandezu-uz-etano-patzo-pagrobima-ir-nuzudyma-1979-m\/#breadcrumb"},"inLanguage":"lt-LT","potentialAction":[{"@type":"ReadAction","target":["https:\/\/nordiccab.lt\/index.php\/2025\/11\/25\/manheteno-da-dar-karta-bandys-su-pedro-hernandezu-uz-etano-patzo-pagrobima-ir-nuzudyma-1979-m\/"]}]},{"@type":"ImageObject","inLanguage":"lt-LT","@id":"https:\/\/nordiccab.lt\/index.php\/2025\/11\/25\/manheteno-da-dar-karta-bandys-su-pedro-hernandezu-uz-etano-patzo-pagrobima-ir-nuzudyma-1979-m\/#primaryimage","url":"https:\/\/nordiccab.lt\/wp-content\/uploads\/2025\/11\/Manheteno-DA-dar-karta-bandys-su-Pedro-Hernandezu-uz-Etano.jpg","contentUrl":"https:\/\/nordiccab.lt\/wp-content\/uploads\/2025\/11\/Manheteno-DA-dar-karta-bandys-su-Pedro-Hernandezu-uz-Etano.jpg","width":1200,"height":630},{"@type":"BreadcrumbList","@id":"https:\/\/nordiccab.lt\/index.php\/2025\/11\/25\/manheteno-da-dar-karta-bandys-su-pedro-hernandezu-uz-etano-patzo-pagrobima-ir-nuzudyma-1979-m\/#breadcrumb","itemListElement":[{"@type":"ListItem","position":1,"name":"Home","item":"https:\/\/nordiccab.lt\/"},{"@type":"ListItem","position":2,"name":"Manheteno DA dar kart\u0105 bandys su Pedro Hernandezu u\u017e Etano Patzo pagrobim\u0105 ir nu\u017eudym\u0105 1979 m."}]},{"@type":"WebSite","@id":"https:\/\/nordiccab.lt\/#website","url":"https:\/\/nordiccab.lt\/","name":"NORDICCAB.LT","description":"Pasaulio naujienos, technologijos, automobiliai","potentialAction":[{"@type":"SearchAction","target":{"@type":"EntryPoint","urlTemplate":"https:\/\/nordiccab.lt\/?s={search_term_string}"},"query-input":{"@type":"PropertyValueSpecification","valueRequired":true,"valueName":"search_term_string"}}],"inLanguage":"lt-LT"},{"@type":"Person","@id":"https:\/\/nordiccab.lt\/#\/schema\/person\/1e06879215dcf15255113d53ae73289b","name":"admin","image":{"@type":"ImageObject","inLanguage":"lt-LT","@id":"https:\/\/secure.gravatar.com\/avatar\/f37349f777250847d2fca2ada474f5a6aadffa79d5284e8ad354a5c410a691ec?s=96&d=mm&r=g","url":"https:\/\/secure.gravatar.com\/avatar\/f37349f777250847d2fca2ada474f5a6aadffa79d5284e8ad354a5c410a691ec?s=96&d=mm&r=g","contentUrl":"https:\/\/secure.gravatar.com\/avatar\/f37349f777250847d2fca2ada474f5a6aadffa79d5284e8ad354a5c410a691ec?s=96&d=mm&r=g","caption":"admin"},"sameAs":["https:\/\/nordiccab.lt"],"url":"https:\/\/nordiccab.lt\/author\/admin\/"}]}},"_links":{"self":[{"href":"https:\/\/nordiccab.lt\/index.php\/wp-json\/wp\/v2\/posts\/1055","targetHints":{"allow":["GET"]}}],"collection":[{"href":"https:\/\/nordiccab.lt\/index.php\/wp-json\/wp\/v2\/posts"}],"about":[{"href":"https:\/\/nordiccab.lt\/index.php\/wp-json\/wp\/v2\/types\/post"}],"author":[{"embeddable":true,"href":"https:\/\/nordiccab.lt\/index.php\/wp-json\/wp\/v2\/users\/1"}],"replies":[{"embeddable":true,"href":"https:\/\/nordiccab.lt\/index.php\/wp-json\/wp\/v2\/comments?post=1055"}],"version-history":[{"count":0,"href":"https:\/\/nordiccab.lt\/index.php\/wp-json\/wp\/v2\/posts\/1055\/revisions"}],"wp:featuredmedia":[{"embeddable":true,"href":"https:\/\/nordiccab.lt\/index.php\/wp-json\/wp\/v2\/media\/1056"}],"wp:attachment":[{"href":"https:\/\/nordiccab.lt\/index.php\/wp-json\/wp\/v2\/media?parent=1055"}],"wp:term":[{"taxonomy":"category","embeddable":true,"href":"https:\/\/nordiccab.lt\/index.php\/wp-json\/wp\/v2\/categories?post=1055"},{"taxonomy":"post_tag","embeddable":true,"href":"https:\/\/nordiccab.lt\/index.php\/wp-json\/wp\/v2\/tags?post=1055"}],"curies":[{"name":"wp","href":"https:\/\/api.w.org\/{rel}","templated":true}]}}